{"id":12303,"date":"2022-12-26T18:58:51","date_gmt":"2022-12-26T18:58:51","guid":{"rendered":"https:\/\/www.valparaisocreativo.cl\/?p=12303"},"modified":"2022-12-26T18:58:54","modified_gmt":"2022-12-26T18:58:54","slug":"no-te-pierdas-veranito-musical","status":"publish","type":"post","link":"https:\/\/dev.antudigital.cl\/sites\/vc\/no-te-pierdas-veranito-musical\/","title":{"rendered":"No te pierdas \u00abVeranito musical\u00bb"},"content":{"rendered":"\n<p>Enero comienza en <a href=\"https:\/\/www.instagram.com\/casonacerroalegre\/\">Casona Cerro Alegre<\/a>, Valpara\u00edso, donde tendr\u00e1 lugar un hermoso taller:<\/p>\n\n\n\n<p>Veranito Musical para ni\u00f1os<\/p>\n\n\n\n<p>Del 2 al 7 de enero de 2023. Una escuela para coro, cuentos musicales, orquesta y m\u00e1s expresiones musicales desde Cerro Alegre.<\/p>\n\n\n\n<p>Contacto: + 56 981576805,<br>Mar\u00eda Blanca Mastrantonio<\/p>\n\n\n\n<p>M\u00e1s informaci\u00f3n, valores e inscripciones <a href=\"https:\/\/docs.google.com\/forms\/d\/e\/1FAIpQLSefiXGjhZJkDC6tpRI5RX9lIK0xCTplPLmXUCDOeZAv3Pn0nw\/viewform\">en el siguiente link<\/a><\/p>\n\n\n\n<figure class=\"wp-block-image size-full\"><img fetchpriority=\"high\" decoding=\"async\" width=\"596\" height=\"524\" src=\"https:\/\/www.valparaisocreativo.cl\/wp-content\/uploads\/2022\/12\/Captura-de-Pantalla-2022-12-26-a-las-15.56.20.png\" alt=\"\" class=\"wp-image-12304\" srcset=\"https:\/\/dev.antudigital.cl\/sites\/vc\/wp-content\/uploads\/2022\/12\/Captura-de-Pantalla-2022-12-26-a-las-15.56.20.png 596w, https:\/\/dev.antudigital.cl\/sites\/vc\/wp-content\/uploads\/2022\/12\/Captura-de-Pantalla-2022-12-26-a-las-15.56.20-300x264.png 300w, https:\/\/dev.antudigital.cl\/sites\/vc\/wp-content\/uploads\/2022\/12\/Captura-de-Pantalla-2022-12-26-a-las-15.56.20-480x422.png 480w\" sizes=\"(max-width: 596px) 100vw, 596px\" \/><\/figure>\n","protected":false},"excerpt":{"rendered":"<p>Enero comienza en Casona Cerro Alegre, Valpara\u00edso, donde tendr\u00e1 lugar un hermoso taller: Veranito Musical para ni\u00f1os Del 2 al 7 de enero de 2023. Una escuela para coro, cuentos musicales, orquesta y m\u00e1s expresiones musicales desde Cerro Alegre. Contacto: + 56 981576805,Mar\u00eda Blanca Mastrantonio M\u00e1s informaci\u00f3n, valores e inscripciones en el siguiente link<\/p>\n","protected":false},"author":1,"featured_media":12305,"comment_status":"open","ping_status":"closed","sticky":false,"template":"","format":"standard","meta":{"_acf_changed":false,"footnotes":""},"categories":[8],"tags":[],"class_list":["post-12303","post","type-post","status-publish","format-standard","has-post-thumbnail","hentry","category-noticia"],"acf":[],"yoast_head":"<!-- This site is optimized with the Yoast SEO plugin v27.1.1 - https:\/\/yoast.com\/product\/yoast-seo-wordpress\/ -->\n<title>No te pierdas &quot;Veranito musical&quot; - Valpara\u00ed\u00adso Creativo<\/title>\n<meta name=\"robots\" content=\"index, follow, max-snippet:-1, max-image-preview:large, max-video-preview:-1\" \/>\n<link rel=\"canonical\" href=\"https:\/\/dev.antudigital.cl\/sites\/vc\/no-te-pierdas-veranito-musical\/\" \/>\n<meta property=\"og:locale\" content=\"es_ES\" \/>\n<meta property=\"og:type\" content=\"article\" \/>\n<meta property=\"og:title\" content=\"No te pierdas &quot;Veranito musical&quot; - Valpara\u00ed\u00adso Creativo\" \/>\n<meta property=\"og:description\" content=\"Enero comienza en Casona Cerro Alegre, Valpara\u00edso, donde tendr\u00e1 lugar un hermoso taller: Veranito Musical para ni\u00f1os Del 2 al 7 de enero de 2023. Una escuela para coro, cuentos musicales, orquesta y m\u00e1s expresiones musicales desde Cerro Alegre. Contacto: + 56 981576805,Mar\u00eda Blanca Mastrantonio M\u00e1s informaci\u00f3n, valores e inscripciones en el siguiente link\" \/>\n<meta property=\"og:url\" content=\"https:\/\/dev.antudigital.cl\/sites\/vc\/no-te-pierdas-veranito-musical\/\" \/>\n<meta property=\"og:site_name\" content=\"Valpara\u00ed\u00adso Creativo\" \/>\n<meta property=\"article:published_time\" content=\"2022-12-26T18:58:51+00:00\" \/>\n<meta property=\"article:modified_time\" content=\"2022-12-26T18:58:54+00:00\" \/>\n<meta property=\"og:image\" content=\"https:\/\/dev.antudigital.cl\/sites\/vc\/wp-content\/uploads\/2022\/12\/Captura-de-Pantalla-2022-12-26-a-las-15.58.32.png\" \/>\n\t<meta property=\"og:image:width\" content=\"665\" \/>\n\t<meta property=\"og:image:height\" content=\"350\" \/>\n\t<meta property=\"og:image:type\" content=\"image\/png\" \/>\n<meta name=\"author\" content=\"Valpara\u00edso Creativo\" \/>\n<meta name=\"twitter:card\" content=\"summary_large_image\" \/>\n<meta name=\"twitter:label1\" content=\"Escrito por\" \/>\n\t<meta name=\"twitter:data1\" content=\"Valpara\u00edso Creativo\" \/>\n\t<meta name=\"twitter:label2\" content=\"Tiempo de lectura\" \/>\n\t<meta name=\"twitter:data2\" content=\"1 minuto\" \/>\n<script type=\"application\/ld+json\" class=\"yoast-schema-graph\">{\"@context\":\"https:\/\/schema.org\",\"@graph\":[{\"@type\":\"Article\",\"@id\":\"https:\/\/dev.antudigital.cl\/sites\/vc\/no-te-pierdas-veranito-musical\/#article\",\"isPartOf\":{\"@id\":\"https:\/\/dev.antudigital.cl\/sites\/vc\/no-te-pierdas-veranito-musical\/\"},\"author\":{\"name\":\"Valpara\u00edso Creativo\",\"@id\":\"https:\/\/dev.antudigital.cl\/sites\/vc\/#\/schema\/person\/c2b9da8dd545e27166fc5ab232837318\"},\"headline\":\"No te pierdas \u00abVeranito musical\u00bb\",\"datePublished\":\"2022-12-26T18:58:51+00:00\",\"dateModified\":\"2022-12-26T18:58:54+00:00\",\"mainEntityOfPage\":{\"@id\":\"https:\/\/dev.antudigital.cl\/sites\/vc\/no-te-pierdas-veranito-musical\/\"},\"wordCount\":60,\"commentCount\":0,\"image\":{\"@id\":\"https:\/\/dev.antudigital.cl\/sites\/vc\/no-te-pierdas-veranito-musical\/#primaryimage\"},\"thumbnailUrl\":\"https:\/\/dev.antudigital.cl\/sites\/vc\/wp-content\/uploads\/2022\/12\/Captura-de-Pantalla-2022-12-26-a-las-15.58.32.png\",\"articleSection\":[\"Noticia\"],\"inLanguage\":\"es\",\"potentialAction\":[{\"@type\":\"CommentAction\",\"name\":\"Comment\",\"target\":[\"https:\/\/dev.antudigital.cl\/sites\/vc\/no-te-pierdas-veranito-musical\/#respond\"]}]},{\"@type\":\"WebPage\",\"@id\":\"https:\/\/dev.antudigital.cl\/sites\/vc\/no-te-pierdas-veranito-musical\/\",\"url\":\"https:\/\/dev.antudigital.cl\/sites\/vc\/no-te-pierdas-veranito-musical\/\",\"name\":\"No te pierdas \\\"Veranito musical\\\" - Valpara\u00ed\u00adso Creativo\",\"isPartOf\":{\"@id\":\"https:\/\/dev.antudigital.cl\/sites\/vc\/#website\"},\"primaryImageOfPage\":{\"@id\":\"https:\/\/dev.antudigital.cl\/sites\/vc\/no-te-pierdas-veranito-musical\/#primaryimage\"},\"image\":{\"@id\":\"https:\/\/dev.antudigital.cl\/sites\/vc\/no-te-pierdas-veranito-musical\/#primaryimage\"},\"thumbnailUrl\":\"https:\/\/dev.antudigital.cl\/sites\/vc\/wp-content\/uploads\/2022\/12\/Captura-de-Pantalla-2022-12-26-a-las-15.58.32.png\",\"datePublished\":\"2022-12-26T18:58:51+00:00\",\"dateModified\":\"2022-12-26T18:58:54+00:00\",\"author\":{\"@id\":\"https:\/\/dev.antudigital.cl\/sites\/vc\/#\/schema\/person\/c2b9da8dd545e27166fc5ab232837318\"},\"breadcrumb\":{\"@id\":\"https:\/\/dev.antudigital.cl\/sites\/vc\/no-te-pierdas-veranito-musical\/#breadcrumb\"},\"inLanguage\":\"es\",\"potentialAction\":[{\"@type\":\"ReadAction\",\"target\":[\"https:\/\/dev.antudigital.cl\/sites\/vc\/no-te-pierdas-veranito-musical\/\"]}]},{\"@type\":\"ImageObject\",\"inLanguage\":\"es\",\"@id\":\"https:\/\/dev.antudigital.cl\/sites\/vc\/no-te-pierdas-veranito-musical\/#primaryimage\",\"url\":\"https:\/\/dev.antudigital.cl\/sites\/vc\/wp-content\/uploads\/2022\/12\/Captura-de-Pantalla-2022-12-26-a-las-15.58.32.png\",\"contentUrl\":\"https:\/\/dev.antudigital.cl\/sites\/vc\/wp-content\/uploads\/2022\/12\/Captura-de-Pantalla-2022-12-26-a-las-15.58.32.png\",\"width\":665,\"height\":350},{\"@type\":\"BreadcrumbList\",\"@id\":\"https:\/\/dev.antudigital.cl\/sites\/vc\/no-te-pierdas-veranito-musical\/#breadcrumb\",\"itemListElement\":[{\"@type\":\"ListItem\",\"position\":1,\"name\":\"Home\",\"item\":\"https:\/\/dev.antudigital.cl\/sites\/vc\/\"},{\"@type\":\"ListItem\",\"position\":2,\"name\":\"No te pierdas \u00abVeranito musical\u00bb\"}]},{\"@type\":\"WebSite\",\"@id\":\"https:\/\/dev.antudigital.cl\/sites\/vc\/#website\",\"url\":\"https:\/\/dev.antudigital.cl\/sites\/vc\/\",\"name\":\"Valpara\u00ed\u00adso Creativo\",\"description\":\"\",\"potentialAction\":[{\"@type\":\"SearchAction\",\"target\":{\"@type\":\"EntryPoint\",\"urlTemplate\":\"https:\/\/dev.antudigital.cl\/sites\/vc\/?s={search_term_string}\"},\"query-input\":{\"@type\":\"PropertyValueSpecification\",\"valueRequired\":true,\"valueName\":\"search_term_string\"}}],\"inLanguage\":\"es\"},{\"@type\":\"Person\",\"@id\":\"https:\/\/dev.antudigital.cl\/sites\/vc\/#\/schema\/person\/c2b9da8dd545e27166fc5ab232837318\",\"name\":\"Valpara\u00edso Creativo\",\"description\":\"Periodista de cultura en la Regi\u00f3n de Valpara\u00edso.\",\"url\":\"https:\/\/dev.antudigital.cl\/sites\/vc\/author\/valpoadmin\/\"}]}<\/script>\n<!-- \/ Yoast SEO plugin. -->","yoast_head_json":{"title":"No te pierdas \"Veranito musical\" - Valpara\u00ed\u00adso Creativo","robots":{"index":"index","follow":"follow","max-snippet":"max-snippet:-1","max-image-preview":"max-image-preview:large","max-video-preview":"max-video-preview:-1"},"canonical":"https:\/\/dev.antudigital.cl\/sites\/vc\/no-te-pierdas-veranito-musical\/","og_locale":"es_ES","og_type":"article","og_title":"No te pierdas \"Veranito musical\" - Valpara\u00ed\u00adso Creativo","og_description":"Enero comienza en Casona Cerro Alegre, Valpara\u00edso, donde tendr\u00e1 lugar un hermoso taller: Veranito Musical para ni\u00f1os Del 2 al 7 de enero de 2023. Una escuela para coro, cuentos musicales, orquesta y m\u00e1s expresiones musicales desde Cerro Alegre. Contacto: + 56 981576805,Mar\u00eda Blanca Mastrantonio M\u00e1s informaci\u00f3n, valores e inscripciones en el siguiente link","og_url":"https:\/\/dev.antudigital.cl\/sites\/vc\/no-te-pierdas-veranito-musical\/","og_site_name":"Valpara\u00ed\u00adso Creativo","article_published_time":"2022-12-26T18:58:51+00:00","article_modified_time":"2022-12-26T18:58:54+00:00","og_image":[{"width":665,"height":350,"url":"https:\/\/dev.antudigital.cl\/sites\/vc\/wp-content\/uploads\/2022\/12\/Captura-de-Pantalla-2022-12-26-a-las-15.58.32.png","type":"image\/png"}],"author":"Valpara\u00edso Creativo","twitter_card":"summary_large_image","twitter_misc":{"Escrito por":"Valpara\u00edso Creativo","Tiempo de lectura":"1 minuto"},"schema":{"@context":"https:\/\/schema.org","@graph":[{"@type":"Article","@id":"https:\/\/dev.antudigital.cl\/sites\/vc\/no-te-pierdas-veranito-musical\/#article","isPartOf":{"@id":"https:\/\/dev.antudigital.cl\/sites\/vc\/no-te-pierdas-veranito-musical\/"},"author":{"name":"Valpara\u00edso Creativo","@id":"https:\/\/dev.antudigital.cl\/sites\/vc\/#\/schema\/person\/c2b9da8dd545e27166fc5ab232837318"},"headline":"No te pierdas \u00abVeranito musical\u00bb","datePublished":"2022-12-26T18:58:51+00:00","dateModified":"2022-12-26T18:58:54+00:00","mainEntityOfPage":{"@id":"https:\/\/dev.antudigital.cl\/sites\/vc\/no-te-pierdas-veranito-musical\/"},"wordCount":60,"commentCount":0,"image":{"@id":"https:\/\/dev.antudigital.cl\/sites\/vc\/no-te-pierdas-veranito-musical\/#primaryimage"},"thumbnailUrl":"https:\/\/dev.antudigital.cl\/sites\/vc\/wp-content\/uploads\/2022\/12\/Captura-de-Pantalla-2022-12-26-a-las-15.58.32.png","articleSection":["Noticia"],"inLanguage":"es","potentialAction":[{"@type":"CommentAction","name":"Comment","target":["https:\/\/dev.antudigital.cl\/sites\/vc\/no-te-pierdas-veranito-musical\/#respond"]}]},{"@type":"WebPage","@id":"https:\/\/dev.antudigital.cl\/sites\/vc\/no-te-pierdas-veranito-musical\/","url":"https:\/\/dev.antudigital.cl\/sites\/vc\/no-te-pierdas-veranito-musical\/","name":"No te pierdas \"Veranito musical\" - Valpara\u00ed\u00adso Creativo","isPartOf":{"@id":"https:\/\/dev.antudigital.cl\/sites\/vc\/#website"},"primaryImageOfPage":{"@id":"https:\/\/dev.antudigital.cl\/sites\/vc\/no-te-pierdas-veranito-musical\/#primaryimage"},"image":{"@id":"https:\/\/dev.antudigital.cl\/sites\/vc\/no-te-pierdas-veranito-musical\/#primaryimage"},"thumbnailUrl":"https:\/\/dev.antudigital.cl\/sites\/vc\/wp-content\/uploads\/2022\/12\/Captura-de-Pantalla-2022-12-26-a-las-15.58.32.png","datePublished":"2022-12-26T18:58:51+00:00","dateModified":"2022-12-26T18:58:54+00:00","author":{"@id":"https:\/\/dev.antudigital.cl\/sites\/vc\/#\/schema\/person\/c2b9da8dd545e27166fc5ab232837318"},"breadcrumb":{"@id":"https:\/\/dev.antudigital.cl\/sites\/vc\/no-te-pierdas-veranito-musical\/#breadcrumb"},"inLanguage":"es","potentialAction":[{"@type":"ReadAction","target":["https:\/\/dev.antudigital.cl\/sites\/vc\/no-te-pierdas-veranito-musical\/"]}]},{"@type":"ImageObject","inLanguage":"es","@id":"https:\/\/dev.antudigital.cl\/sites\/vc\/no-te-pierdas-veranito-musical\/#primaryimage","url":"https:\/\/dev.antudigital.cl\/sites\/vc\/wp-content\/uploads\/2022\/12\/Captura-de-Pantalla-2022-12-26-a-las-15.58.32.png","contentUrl":"https:\/\/dev.antudigital.cl\/sites\/vc\/wp-content\/uploads\/2022\/12\/Captura-de-Pantalla-2022-12-26-a-las-15.58.32.png","width":665,"height":350},{"@type":"BreadcrumbList","@id":"https:\/\/dev.antudigital.cl\/sites\/vc\/no-te-pierdas-veranito-musical\/#breadcrumb","itemListElement":[{"@type":"ListItem","position":1,"name":"Home","item":"https:\/\/dev.antudigital.cl\/sites\/vc\/"},{"@type":"ListItem","position":2,"name":"No te pierdas \u00abVeranito musical\u00bb"}]},{"@type":"WebSite","@id":"https:\/\/dev.antudigital.cl\/sites\/vc\/#website","url":"https:\/\/dev.antudigital.cl\/sites\/vc\/","name":"Valpara\u00ed\u00adso Creativo","description":"","potentialAction":[{"@type":"SearchAction","target":{"@type":"EntryPoint","urlTemplate":"https:\/\/dev.antudigital.cl\/sites\/vc\/?s={search_term_string}"},"query-input":{"@type":"PropertyValueSpecification","valueRequired":true,"valueName":"search_term_string"}}],"inLanguage":"es"},{"@type":"Person","@id":"https:\/\/dev.antudigital.cl\/sites\/vc\/#\/schema\/person\/c2b9da8dd545e27166fc5ab232837318","name":"Valpara\u00edso Creativo","description":"Periodista de cultura en la Regi\u00f3n de Valpara\u00edso.","url":"https:\/\/dev.antudigital.cl\/sites\/vc\/author\/valpoadmin\/"}]}},"_links":{"self":[{"href":"https:\/\/dev.antudigital.cl\/sites\/vc\/wp-json\/wp\/v2\/posts\/12303","targetHints":{"allow":["GET"]}}],"collection":[{"href":"https:\/\/dev.antudigital.cl\/sites\/vc\/wp-json\/wp\/v2\/posts"}],"about":[{"href":"https:\/\/dev.antudigital.cl\/sites\/vc\/wp-json\/wp\/v2\/types\/post"}],"author":[{"embeddable":true,"href":"https:\/\/dev.antudigital.cl\/sites\/vc\/wp-json\/wp\/v2\/users\/1"}],"replies":[{"embeddable":true,"href":"https:\/\/dev.antudigital.cl\/sites\/vc\/wp-json\/wp\/v2\/comments?post=12303"}],"version-history":[{"count":1,"href":"https:\/\/dev.antudigital.cl\/sites\/vc\/wp-json\/wp\/v2\/posts\/12303\/revisions"}],"predecessor-version":[{"id":12306,"href":"https:\/\/dev.antudigital.cl\/sites\/vc\/wp-json\/wp\/v2\/posts\/12303\/revisions\/12306"}],"wp:featuredmedia":[{"embeddable":true,"href":"https:\/\/dev.antudigital.cl\/sites\/vc\/wp-json\/wp\/v2\/media\/12305"}],"wp:attachment":[{"href":"https:\/\/dev.antudigital.cl\/sites\/vc\/wp-json\/wp\/v2\/media?parent=12303"}],"wp:term":[{"taxonomy":"category","embeddable":true,"href":"https:\/\/dev.antudigital.cl\/sites\/vc\/wp-json\/wp\/v2\/categories?post=12303"},{"taxonomy":"post_tag","embeddable":true,"href":"https:\/\/dev.antudigital.cl\/sites\/vc\/wp-json\/wp\/v2\/tags?post=12303"}],"curies":[{"name":"wp","href":"https:\/\/api.w.org\/{rel}","templated":true}]}}