{"id":12311,"date":"2022-12-26T19:08:36","date_gmt":"2022-12-26T19:08:36","guid":{"rendered":"https:\/\/www.valparaisocreativo.cl\/?p=12311"},"modified":"2022-12-26T19:08:40","modified_gmt":"2022-12-26T19:08:40","slug":"quedan-los-ultimos-cupos-de-los-talleres-de-verano-en-baj-valpo","status":"publish","type":"post","link":"https:\/\/dev.antudigital.cl\/sites\/vc\/quedan-los-ultimos-cupos-de-los-talleres-de-verano-en-baj-valpo\/","title":{"rendered":"Quedan los \u00faltimos cupos de los talleres de verano en BAJ Valpo"},"content":{"rendered":"\n<p>\u00a1Balmaceda Arte Joven Valpara\u00edso extendi\u00f3 el plazo de inscripci\u00f3n! Revisa sus talleres de verano disponibles &#x1f9d0;\u00a0<a href=\"https:\/\/www.instagram.com\/explore\/tags\/m%C3%BAsica\/\">#M\u00fasica<\/a><a href=\"https:\/\/www.instagram.com\/explore\/tags\/teatro\/\">#Teatro<\/a>\u00a0y\u00a0<a href=\"https:\/\/www.instagram.com\/explore\/tags\/fotograf%C3%ADa\/\">#Fotograf\u00eda<\/a>. Son los siguienteS:<\/p>\n\n\n\n<p>&#x1f4da;&#x2702;&#xfe0f; Taller pr\u00e1ctico de cuadernos: refugios de memoria<br>A partir de im\u00e1genes, collage, textos y archivo, aprender\u00e1s a realizar un cuaderno personalizado que te permita canalizar diversas expresiones como resultado de una revisi\u00f3n de los par\u00e1metros que definan a este objeto simb\u00f3lico. (<a href=\"https:\/\/www.instagram.com\/lesliemirandaz\/\">@lesliemirandaz<\/a>)<\/p>\n\n\n\n<p>&#x1f4bf;&#x1f3a7; Un beat desde cero con tu celu<br>Te invitamos a realizar beats con los recursos m\u00e1s comunes. Con un tel\u00e9fono celular crearemos desde cero marcando tu propio estilo musical. (<a href=\"https:\/\/www.instagram.com\/alrroma\/\">@alrroma<\/a>)<\/p>\n\n\n\n<p>&#x270d;&#xfe0f;&#x1f3ad; Palabras en sacrificio: laboratorio \u00edntimo de escritura esc\u00e9nica<br>Se explorar\u00e1n tem\u00e1ticas de g\u00e9nero tomando como eje fundamental el relato biogr\u00e1fico para cruzarlo con referentes externos, tanto te\u00f3ricos como art\u00edsticos, y as\u00ed generar una ficci\u00f3n que se traduzca en escritura y montaje. (<a href=\"https:\/\/www.instagram.com\/carinadelavictoria\/\">@carinadelavictoria<\/a>)<\/p>\n\n\n\n<p>&#x1f31e;\u00bfA cu\u00e1l te inscribir\u00e1s? No esperes m\u00e1s y disfruta el verano junto a nuestra programaci\u00f3n art\u00edstica <br>&#x1f4cd;Te esperamos hasta el 29 de dic. en nuestra sede\u00a0<a href=\"https:\/\/www.instagram.com\/explore\/tags\/bajvalpo\/\">#BAJValpo<\/a>\u00a0(Santa Isabel 739, cerro Alegre, Valpara\u00edso). De 15:00 a 18:00 horas<\/p>\n\n\n\n<figure class=\"wp-block-image size-full\"><img fetchpriority=\"high\" decoding=\"async\" width=\"595\" height=\"595\" src=\"https:\/\/www.valparaisocreativo.cl\/wp-content\/uploads\/2022\/12\/Captura-de-Pantalla-2022-12-26-a-las-16.06.40.png\" alt=\"\" class=\"wp-image-12313\" srcset=\"https:\/\/dev.antudigital.cl\/sites\/vc\/wp-content\/uploads\/2022\/12\/Captura-de-Pantalla-2022-12-26-a-las-16.06.40.png 595w, https:\/\/dev.antudigital.cl\/sites\/vc\/wp-content\/uploads\/2022\/12\/Captura-de-Pantalla-2022-12-26-a-las-16.06.40-300x300.png 300w, https:\/\/dev.antudigital.cl\/sites\/vc\/wp-content\/uploads\/2022\/12\/Captura-de-Pantalla-2022-12-26-a-las-16.06.40-150x150.png 150w, https:\/\/dev.antudigital.cl\/sites\/vc\/wp-content\/uploads\/2022\/12\/Captura-de-Pantalla-2022-12-26-a-las-16.06.40-480x480.png 480w\" sizes=\"(max-width: 595px) 100vw, 595px\" \/><\/figure>\n","protected":false},"excerpt":{"rendered":"<p>\u00a1Balmaceda Arte Joven Valpara\u00edso extendi\u00f3 el plazo de inscripci\u00f3n! Revisa sus talleres de verano disponibles &#x1f9d0;\u00a0#M\u00fasica#Teatro\u00a0y\u00a0#Fotograf\u00eda. Son los siguienteS: &#x1f4da;&#x2702;&#xfe0f; Taller pr\u00e1ctico de cuadernos: refugios de memoriaA partir de im\u00e1genes, collage, textos y archivo, aprender\u00e1s a realizar un cuaderno personalizado que te permita canalizar diversas expresiones como resultado de una revisi\u00f3n de los par\u00e1metros que [&hellip;]<\/p>\n","protected":false},"author":1,"featured_media":12312,"comment_status":"open","ping_status":"closed","sticky":false,"template":"","format":"standard","meta":{"_acf_changed":false,"footnotes":""},"categories":[8],"tags":[],"class_list":["post-12311","post","type-post","status-publish","format-standard","has-post-thumbnail","hentry","category-noticia"],"acf":[],"yoast_head":"<!-- This site is optimized with the Yoast SEO plugin v27.1.1 - https:\/\/yoast.com\/product\/yoast-seo-wordpress\/ -->\n<title>Quedan los \u00faltimos cupos de los talleres de verano en BAJ Valpo - Valpara\u00ed\u00adso Creativo<\/title>\n<meta name=\"robots\" content=\"index, follow, max-snippet:-1, max-image-preview:large, max-video-preview:-1\" \/>\n<link rel=\"canonical\" href=\"https:\/\/dev.antudigital.cl\/sites\/vc\/quedan-los-ultimos-cupos-de-los-talleres-de-verano-en-baj-valpo\/\" \/>\n<meta property=\"og:locale\" content=\"es_ES\" \/>\n<meta property=\"og:type\" content=\"article\" \/>\n<meta property=\"og:title\" content=\"Quedan los \u00faltimos cupos de los talleres de verano en BAJ Valpo - Valpara\u00ed\u00adso Creativo\" \/>\n<meta property=\"og:description\" content=\"\u00a1Balmaceda Arte Joven Valpara\u00edso extendi\u00f3 el plazo de inscripci\u00f3n! Revisa sus talleres de verano disponibles &#x1f9d0;\u00a0#M\u00fasica#Teatro\u00a0y\u00a0#Fotograf\u00eda. Son los siguienteS: &#x1f4da;&#x2702;&#xfe0f; Taller pr\u00e1ctico de cuadernos: refugios de memoriaA partir de im\u00e1genes, collage, textos y archivo, aprender\u00e1s a realizar un cuaderno personalizado que te permita canalizar diversas expresiones como resultado de una revisi\u00f3n de los par\u00e1metros que [&hellip;]\" \/>\n<meta property=\"og:url\" content=\"https:\/\/dev.antudigital.cl\/sites\/vc\/quedan-los-ultimos-cupos-de-los-talleres-de-verano-en-baj-valpo\/\" \/>\n<meta property=\"og:site_name\" content=\"Valpara\u00ed\u00adso Creativo\" \/>\n<meta property=\"article:published_time\" content=\"2022-12-26T19:08:36+00:00\" \/>\n<meta property=\"article:modified_time\" content=\"2022-12-26T19:08:40+00:00\" \/>\n<meta property=\"og:image\" content=\"https:\/\/dev.antudigital.cl\/sites\/vc\/wp-content\/uploads\/2022\/12\/Captura-de-Pantalla-2022-12-26-a-las-16.06.54.png\" \/>\n\t<meta property=\"og:image:width\" content=\"592\" \/>\n\t<meta property=\"og:image:height\" content=\"282\" \/>\n\t<meta property=\"og:image:type\" content=\"image\/png\" \/>\n<meta name=\"author\" content=\"Valpara\u00edso Creativo\" \/>\n<meta name=\"twitter:card\" content=\"summary_large_image\" \/>\n<meta name=\"twitter:label1\" content=\"Escrito por\" \/>\n\t<meta name=\"twitter:data1\" content=\"Valpara\u00edso Creativo\" \/>\n\t<meta name=\"twitter:label2\" content=\"Tiempo de lectura\" \/>\n\t<meta name=\"twitter:data2\" content=\"2 minutos\" \/>\n<script type=\"application\/ld+json\" class=\"yoast-schema-graph\">{\"@context\":\"https:\/\/schema.org\",\"@graph\":[{\"@type\":\"Article\",\"@id\":\"https:\/\/dev.antudigital.cl\/sites\/vc\/quedan-los-ultimos-cupos-de-los-talleres-de-verano-en-baj-valpo\/#article\",\"isPartOf\":{\"@id\":\"https:\/\/dev.antudigital.cl\/sites\/vc\/quedan-los-ultimos-cupos-de-los-talleres-de-verano-en-baj-valpo\/\"},\"author\":{\"name\":\"Valpara\u00edso Creativo\",\"@id\":\"https:\/\/dev.antudigital.cl\/sites\/vc\/#\/schema\/person\/c2b9da8dd545e27166fc5ab232837318\"},\"headline\":\"Quedan los \u00faltimos cupos de los talleres de verano en BAJ Valpo\",\"datePublished\":\"2022-12-26T19:08:36+00:00\",\"dateModified\":\"2022-12-26T19:08:40+00:00\",\"mainEntityOfPage\":{\"@id\":\"https:\/\/dev.antudigital.cl\/sites\/vc\/quedan-los-ultimos-cupos-de-los-talleres-de-verano-en-baj-valpo\/\"},\"wordCount\":233,\"commentCount\":0,\"image\":{\"@id\":\"https:\/\/dev.antudigital.cl\/sites\/vc\/quedan-los-ultimos-cupos-de-los-talleres-de-verano-en-baj-valpo\/#primaryimage\"},\"thumbnailUrl\":\"https:\/\/dev.antudigital.cl\/sites\/vc\/wp-content\/uploads\/2022\/12\/Captura-de-Pantalla-2022-12-26-a-las-16.06.54.png\",\"articleSection\":[\"Noticia\"],\"inLanguage\":\"es\",\"potentialAction\":[{\"@type\":\"CommentAction\",\"name\":\"Comment\",\"target\":[\"https:\/\/dev.antudigital.cl\/sites\/vc\/quedan-los-ultimos-cupos-de-los-talleres-de-verano-en-baj-valpo\/#respond\"]}]},{\"@type\":\"WebPage\",\"@id\":\"https:\/\/dev.antudigital.cl\/sites\/vc\/quedan-los-ultimos-cupos-de-los-talleres-de-verano-en-baj-valpo\/\",\"url\":\"https:\/\/dev.antudigital.cl\/sites\/vc\/quedan-los-ultimos-cupos-de-los-talleres-de-verano-en-baj-valpo\/\",\"name\":\"Quedan los \u00faltimos cupos de los talleres de verano en BAJ Valpo - Valpara\u00ed\u00adso Creativo\",\"isPartOf\":{\"@id\":\"https:\/\/dev.antudigital.cl\/sites\/vc\/#website\"},\"primaryImageOfPage\":{\"@id\":\"https:\/\/dev.antudigital.cl\/sites\/vc\/quedan-los-ultimos-cupos-de-los-talleres-de-verano-en-baj-valpo\/#primaryimage\"},\"image\":{\"@id\":\"https:\/\/dev.antudigital.cl\/sites\/vc\/quedan-los-ultimos-cupos-de-los-talleres-de-verano-en-baj-valpo\/#primaryimage\"},\"thumbnailUrl\":\"https:\/\/dev.antudigital.cl\/sites\/vc\/wp-content\/uploads\/2022\/12\/Captura-de-Pantalla-2022-12-26-a-las-16.06.54.png\",\"datePublished\":\"2022-12-26T19:08:36+00:00\",\"dateModified\":\"2022-12-26T19:08:40+00:00\",\"author\":{\"@id\":\"https:\/\/dev.antudigital.cl\/sites\/vc\/#\/schema\/person\/c2b9da8dd545e27166fc5ab232837318\"},\"breadcrumb\":{\"@id\":\"https:\/\/dev.antudigital.cl\/sites\/vc\/quedan-los-ultimos-cupos-de-los-talleres-de-verano-en-baj-valpo\/#breadcrumb\"},\"inLanguage\":\"es\",\"potentialAction\":[{\"@type\":\"ReadAction\",\"target\":[\"https:\/\/dev.antudigital.cl\/sites\/vc\/quedan-los-ultimos-cupos-de-los-talleres-de-verano-en-baj-valpo\/\"]}]},{\"@type\":\"ImageObject\",\"inLanguage\":\"es\",\"@id\":\"https:\/\/dev.antudigital.cl\/sites\/vc\/quedan-los-ultimos-cupos-de-los-talleres-de-verano-en-baj-valpo\/#primaryimage\",\"url\":\"https:\/\/dev.antudigital.cl\/sites\/vc\/wp-content\/uploads\/2022\/12\/Captura-de-Pantalla-2022-12-26-a-las-16.06.54.png\",\"contentUrl\":\"https:\/\/dev.antudigital.cl\/sites\/vc\/wp-content\/uploads\/2022\/12\/Captura-de-Pantalla-2022-12-26-a-las-16.06.54.png\",\"width\":592,\"height\":282},{\"@type\":\"BreadcrumbList\",\"@id\":\"https:\/\/dev.antudigital.cl\/sites\/vc\/quedan-los-ultimos-cupos-de-los-talleres-de-verano-en-baj-valpo\/#breadcrumb\",\"itemListElement\":[{\"@type\":\"ListItem\",\"position\":1,\"name\":\"Home\",\"item\":\"https:\/\/dev.antudigital.cl\/sites\/vc\/\"},{\"@type\":\"ListItem\",\"position\":2,\"name\":\"Quedan los \u00faltimos cupos de los talleres de verano en BAJ Valpo\"}]},{\"@type\":\"WebSite\",\"@id\":\"https:\/\/dev.antudigital.cl\/sites\/vc\/#website\",\"url\":\"https:\/\/dev.antudigital.cl\/sites\/vc\/\",\"name\":\"Valpara\u00ed\u00adso Creativo\",\"description\":\"\",\"potentialAction\":[{\"@type\":\"SearchAction\",\"target\":{\"@type\":\"EntryPoint\",\"urlTemplate\":\"https:\/\/dev.antudigital.cl\/sites\/vc\/?s={search_term_string}\"},\"query-input\":{\"@type\":\"PropertyValueSpecification\",\"valueRequired\":true,\"valueName\":\"search_term_string\"}}],\"inLanguage\":\"es\"},{\"@type\":\"Person\",\"@id\":\"https:\/\/dev.antudigital.cl\/sites\/vc\/#\/schema\/person\/c2b9da8dd545e27166fc5ab232837318\",\"name\":\"Valpara\u00edso Creativo\",\"description\":\"Periodista de cultura en la Regi\u00f3n de Valpara\u00edso.\",\"url\":\"https:\/\/dev.antudigital.cl\/sites\/vc\/author\/valpoadmin\/\"}]}<\/script>\n<!-- \/ Yoast SEO plugin. -->","yoast_head_json":{"title":"Quedan los \u00faltimos cupos de los talleres de verano en BAJ Valpo - Valpara\u00ed\u00adso Creativo","robots":{"index":"index","follow":"follow","max-snippet":"max-snippet:-1","max-image-preview":"max-image-preview:large","max-video-preview":"max-video-preview:-1"},"canonical":"https:\/\/dev.antudigital.cl\/sites\/vc\/quedan-los-ultimos-cupos-de-los-talleres-de-verano-en-baj-valpo\/","og_locale":"es_ES","og_type":"article","og_title":"Quedan los \u00faltimos cupos de los talleres de verano en BAJ Valpo - Valpara\u00ed\u00adso Creativo","og_description":"\u00a1Balmaceda Arte Joven Valpara\u00edso extendi\u00f3 el plazo de inscripci\u00f3n! Revisa sus talleres de verano disponibles &#x1f9d0;\u00a0#M\u00fasica#Teatro\u00a0y\u00a0#Fotograf\u00eda. Son los siguienteS: &#x1f4da;&#x2702;&#xfe0f; Taller pr\u00e1ctico de cuadernos: refugios de memoriaA partir de im\u00e1genes, collage, textos y archivo, aprender\u00e1s a realizar un cuaderno personalizado que te permita canalizar diversas expresiones como resultado de una revisi\u00f3n de los par\u00e1metros que [&hellip;]","og_url":"https:\/\/dev.antudigital.cl\/sites\/vc\/quedan-los-ultimos-cupos-de-los-talleres-de-verano-en-baj-valpo\/","og_site_name":"Valpara\u00ed\u00adso Creativo","article_published_time":"2022-12-26T19:08:36+00:00","article_modified_time":"2022-12-26T19:08:40+00:00","og_image":[{"width":592,"height":282,"url":"https:\/\/dev.antudigital.cl\/sites\/vc\/wp-content\/uploads\/2022\/12\/Captura-de-Pantalla-2022-12-26-a-las-16.06.54.png","type":"image\/png"}],"author":"Valpara\u00edso Creativo","twitter_card":"summary_large_image","twitter_misc":{"Escrito por":"Valpara\u00edso Creativo","Tiempo de lectura":"2 minutos"},"schema":{"@context":"https:\/\/schema.org","@graph":[{"@type":"Article","@id":"https:\/\/dev.antudigital.cl\/sites\/vc\/quedan-los-ultimos-cupos-de-los-talleres-de-verano-en-baj-valpo\/#article","isPartOf":{"@id":"https:\/\/dev.antudigital.cl\/sites\/vc\/quedan-los-ultimos-cupos-de-los-talleres-de-verano-en-baj-valpo\/"},"author":{"name":"Valpara\u00edso Creativo","@id":"https:\/\/dev.antudigital.cl\/sites\/vc\/#\/schema\/person\/c2b9da8dd545e27166fc5ab232837318"},"headline":"Quedan los \u00faltimos cupos de los talleres de verano en BAJ Valpo","datePublished":"2022-12-26T19:08:36+00:00","dateModified":"2022-12-26T19:08:40+00:00","mainEntityOfPage":{"@id":"https:\/\/dev.antudigital.cl\/sites\/vc\/quedan-los-ultimos-cupos-de-los-talleres-de-verano-en-baj-valpo\/"},"wordCount":233,"commentCount":0,"image":{"@id":"https:\/\/dev.antudigital.cl\/sites\/vc\/quedan-los-ultimos-cupos-de-los-talleres-de-verano-en-baj-valpo\/#primaryimage"},"thumbnailUrl":"https:\/\/dev.antudigital.cl\/sites\/vc\/wp-content\/uploads\/2022\/12\/Captura-de-Pantalla-2022-12-26-a-las-16.06.54.png","articleSection":["Noticia"],"inLanguage":"es","potentialAction":[{"@type":"CommentAction","name":"Comment","target":["https:\/\/dev.antudigital.cl\/sites\/vc\/quedan-los-ultimos-cupos-de-los-talleres-de-verano-en-baj-valpo\/#respond"]}]},{"@type":"WebPage","@id":"https:\/\/dev.antudigital.cl\/sites\/vc\/quedan-los-ultimos-cupos-de-los-talleres-de-verano-en-baj-valpo\/","url":"https:\/\/dev.antudigital.cl\/sites\/vc\/quedan-los-ultimos-cupos-de-los-talleres-de-verano-en-baj-valpo\/","name":"Quedan los \u00faltimos cupos de los talleres de verano en BAJ Valpo - Valpara\u00ed\u00adso Creativo","isPartOf":{"@id":"https:\/\/dev.antudigital.cl\/sites\/vc\/#website"},"primaryImageOfPage":{"@id":"https:\/\/dev.antudigital.cl\/sites\/vc\/quedan-los-ultimos-cupos-de-los-talleres-de-verano-en-baj-valpo\/#primaryimage"},"image":{"@id":"https:\/\/dev.antudigital.cl\/sites\/vc\/quedan-los-ultimos-cupos-de-los-talleres-de-verano-en-baj-valpo\/#primaryimage"},"thumbnailUrl":"https:\/\/dev.antudigital.cl\/sites\/vc\/wp-content\/uploads\/2022\/12\/Captura-de-Pantalla-2022-12-26-a-las-16.06.54.png","datePublished":"2022-12-26T19:08:36+00:00","dateModified":"2022-12-26T19:08:40+00:00","author":{"@id":"https:\/\/dev.antudigital.cl\/sites\/vc\/#\/schema\/person\/c2b9da8dd545e27166fc5ab232837318"},"breadcrumb":{"@id":"https:\/\/dev.antudigital.cl\/sites\/vc\/quedan-los-ultimos-cupos-de-los-talleres-de-verano-en-baj-valpo\/#breadcrumb"},"inLanguage":"es","potentialAction":[{"@type":"ReadAction","target":["https:\/\/dev.antudigital.cl\/sites\/vc\/quedan-los-ultimos-cupos-de-los-talleres-de-verano-en-baj-valpo\/"]}]},{"@type":"ImageObject","inLanguage":"es","@id":"https:\/\/dev.antudigital.cl\/sites\/vc\/quedan-los-ultimos-cupos-de-los-talleres-de-verano-en-baj-valpo\/#primaryimage","url":"https:\/\/dev.antudigital.cl\/sites\/vc\/wp-content\/uploads\/2022\/12\/Captura-de-Pantalla-2022-12-26-a-las-16.06.54.png","contentUrl":"https:\/\/dev.antudigital.cl\/sites\/vc\/wp-content\/uploads\/2022\/12\/Captura-de-Pantalla-2022-12-26-a-las-16.06.54.png","width":592,"height":282},{"@type":"BreadcrumbList","@id":"https:\/\/dev.antudigital.cl\/sites\/vc\/quedan-los-ultimos-cupos-de-los-talleres-de-verano-en-baj-valpo\/#breadcrumb","itemListElement":[{"@type":"ListItem","position":1,"name":"Home","item":"https:\/\/dev.antudigital.cl\/sites\/vc\/"},{"@type":"ListItem","position":2,"name":"Quedan los \u00faltimos cupos de los talleres de verano en BAJ Valpo"}]},{"@type":"WebSite","@id":"https:\/\/dev.antudigital.cl\/sites\/vc\/#website","url":"https:\/\/dev.antudigital.cl\/sites\/vc\/","name":"Valpara\u00ed\u00adso Creativo","description":"","potentialAction":[{"@type":"SearchAction","target":{"@type":"EntryPoint","urlTemplate":"https:\/\/dev.antudigital.cl\/sites\/vc\/?s={search_term_string}"},"query-input":{"@type":"PropertyValueSpecification","valueRequired":true,"valueName":"search_term_string"}}],"inLanguage":"es"},{"@type":"Person","@id":"https:\/\/dev.antudigital.cl\/sites\/vc\/#\/schema\/person\/c2b9da8dd545e27166fc5ab232837318","name":"Valpara\u00edso Creativo","description":"Periodista de cultura en la Regi\u00f3n de Valpara\u00edso.","url":"https:\/\/dev.antudigital.cl\/sites\/vc\/author\/valpoadmin\/"}]}},"_links":{"self":[{"href":"https:\/\/dev.antudigital.cl\/sites\/vc\/wp-json\/wp\/v2\/posts\/12311","targetHints":{"allow":["GET"]}}],"collection":[{"href":"https:\/\/dev.antudigital.cl\/sites\/vc\/wp-json\/wp\/v2\/posts"}],"about":[{"href":"https:\/\/dev.antudigital.cl\/sites\/vc\/wp-json\/wp\/v2\/types\/post"}],"author":[{"embeddable":true,"href":"https:\/\/dev.antudigital.cl\/sites\/vc\/wp-json\/wp\/v2\/users\/1"}],"replies":[{"embeddable":true,"href":"https:\/\/dev.antudigital.cl\/sites\/vc\/wp-json\/wp\/v2\/comments?post=12311"}],"version-history":[{"count":1,"href":"https:\/\/dev.antudigital.cl\/sites\/vc\/wp-json\/wp\/v2\/posts\/12311\/revisions"}],"predecessor-version":[{"id":12314,"href":"https:\/\/dev.antudigital.cl\/sites\/vc\/wp-json\/wp\/v2\/posts\/12311\/revisions\/12314"}],"wp:featuredmedia":[{"embeddable":true,"href":"https:\/\/dev.antudigital.cl\/sites\/vc\/wp-json\/wp\/v2\/media\/12312"}],"wp:attachment":[{"href":"https:\/\/dev.antudigital.cl\/sites\/vc\/wp-json\/wp\/v2\/media?parent=12311"}],"wp:term":[{"taxonomy":"category","embeddable":true,"href":"https:\/\/dev.antudigital.cl\/sites\/vc\/wp-json\/wp\/v2\/categories?post=12311"},{"taxonomy":"post_tag","embeddable":true,"href":"https:\/\/dev.antudigital.cl\/sites\/vc\/wp-json\/wp\/v2\/tags?post=12311"}],"curies":[{"name":"wp","href":"https:\/\/api.w.org\/{rel}","templated":true}]}}