{"id":12349,"date":"2023-01-02T19:33:10","date_gmt":"2023-01-02T19:33:10","guid":{"rendered":"https:\/\/www.valparaisocreativo.cl\/?p=12349"},"modified":"2023-01-02T19:33:14","modified_gmt":"2023-01-02T19:33:14","slug":"estreno-con-quien-mirar","status":"publish","type":"post","link":"https:\/\/dev.antudigital.cl\/sites\/vc\/estreno-con-quien-mirar\/","title":{"rendered":"Estreno \u00ab\u00bfCon qui\u00e9n mirar?\u00bb"},"content":{"rendered":"\n<p>Casa Espacio Buenos Aires 824, con la colaboraci\u00f3n de Insomnia Teatro Condell, te invita al lanzamiento de la serie documental <em>\u00bfCon qui\u00e9n mirar?<\/em>, una pieza audiovisual de <strong>La M\u00e1quina Sensible Producciones<\/strong> de seis cap\u00edtulos que aborda la fotograf\u00eda desde su oficio, alcance expresivo y relaci\u00f3n con la realidad.\u00a0\u00a0<br>&#x2714;&#xfe0f;Seis artistas de la escena fotogr\u00e1fica contempor\u00e1nea chilena nos acercan a la fotograf\u00eda a trav\u00e9s de una conversaci\u00f3n en movimiento donde la voz e ideas sumergen al espectador en sus historias y experiencias con el acto fotogr\u00e1fico. <strong>Elde Gelos, Carolina Ag\u00fcero, Carlos Silva, Julia Toro, Catalina de la Cruz y Ra\u00fal Goycoolea <\/strong>protagonizan esta serie documental dirigida por Rodrigo G\u00f3mez Rovira que se presenta al p\u00fablico el viernes 6, 13 y 20 de enero de 2023 en la sala de cine Insomnia de 19:00 a 20:30 horas (Condell 1585, Valpara\u00edso).\u00a0<\/p>\n\n\n\n<p><br>&#x2714;&#xfe0f;La entrada es gratuita. En cada jornada se exhibir\u00e1n dos cap\u00edtulos con espacio para un di\u00e1logo abierto con los autores. \u00a1Finalizamos con un vino de honor!<\/p>\n\n\n\n<p><br>&#x25fe;&#xfe0f;6 de enero: Carolina Ag\u00fcero y Carlos Silva\u00a0<br>&#x25fe;&#xfe0f;13 de enero: Julia Toro y Ra\u00fal Goycoolea<br>&#x25fe;&#xfe0f;20 de enero: Catalina de la Cruz y Elde Gelos\u00a0<\/p>\n\n\n\n<p><br>\u00a1Te esperamos!<\/p>\n\n\n\n<figure class=\"wp-block-image size-full\"><img fetchpriority=\"high\" decoding=\"async\" width=\"474\" height=\"594\" src=\"https:\/\/www.valparaisocreativo.cl\/wp-content\/uploads\/2023\/01\/Captura-de-Pantalla-2023-01-02-a-las-16.20.28.png\" alt=\"\" class=\"wp-image-12341\" srcset=\"https:\/\/dev.antudigital.cl\/sites\/vc\/wp-content\/uploads\/2023\/01\/Captura-de-Pantalla-2023-01-02-a-las-16.20.28.png 474w, https:\/\/dev.antudigital.cl\/sites\/vc\/wp-content\/uploads\/2023\/01\/Captura-de-Pantalla-2023-01-02-a-las-16.20.28-239x300.png 239w\" sizes=\"(max-width: 474px) 100vw, 474px\" \/><\/figure>\n","protected":false},"excerpt":{"rendered":"<p>Casa Espacio Buenos Aires 824, con la colaboraci\u00f3n de Insomnia Teatro Condell, te invita al lanzamiento de la serie documental \u00bfCon qui\u00e9n mirar?, una pieza audiovisual de La M\u00e1quina Sensible Producciones de seis cap\u00edtulos que aborda la fotograf\u00eda desde su oficio, alcance expresivo y relaci\u00f3n con la realidad.\u00a0\u00a0&#x2714;&#xfe0f;Seis artistas de la escena fotogr\u00e1fica contempor\u00e1nea chilena [&hellip;]<\/p>\n","protected":false},"author":1,"featured_media":12340,"comment_status":"open","ping_status":"closed","sticky":false,"template":"","format":"standard","meta":{"_acf_changed":false,"footnotes":""},"categories":[8],"tags":[],"class_list":["post-12349","post","type-post","status-publish","format-standard","has-post-thumbnail","hentry","category-noticia"],"acf":[],"yoast_head":"<!-- This site is optimized with the Yoast SEO plugin v27.1.1 - https:\/\/yoast.com\/product\/yoast-seo-wordpress\/ -->\n<title>Estreno &quot;\u00bfCon qui\u00e9n mirar?&quot; - Valpara\u00ed\u00adso Creativo<\/title>\n<meta name=\"robots\" content=\"index, follow, max-snippet:-1, max-image-preview:large, max-video-preview:-1\" \/>\n<link rel=\"canonical\" href=\"https:\/\/dev.antudigital.cl\/sites\/vc\/estreno-con-quien-mirar\/\" \/>\n<meta property=\"og:locale\" content=\"es_ES\" \/>\n<meta property=\"og:type\" content=\"article\" \/>\n<meta property=\"og:title\" content=\"Estreno &quot;\u00bfCon qui\u00e9n mirar?&quot; - Valpara\u00ed\u00adso Creativo\" \/>\n<meta property=\"og:description\" content=\"Casa Espacio Buenos Aires 824, con la colaboraci\u00f3n de Insomnia Teatro Condell, te invita al lanzamiento de la serie documental \u00bfCon qui\u00e9n mirar?, una pieza audiovisual de La M\u00e1quina Sensible Producciones de seis cap\u00edtulos que aborda la fotograf\u00eda desde su oficio, alcance expresivo y relaci\u00f3n con la realidad.\u00a0\u00a0&#x2714;&#xfe0f;Seis artistas de la escena fotogr\u00e1fica contempor\u00e1nea chilena [&hellip;]\" \/>\n<meta property=\"og:url\" content=\"https:\/\/dev.antudigital.cl\/sites\/vc\/estreno-con-quien-mirar\/\" \/>\n<meta property=\"og:site_name\" content=\"Valpara\u00ed\u00adso Creativo\" \/>\n<meta property=\"article:published_time\" content=\"2023-01-02T19:33:10+00:00\" \/>\n<meta property=\"article:modified_time\" content=\"2023-01-02T19:33:14+00:00\" \/>\n<meta property=\"og:image\" content=\"https:\/\/dev.antudigital.cl\/sites\/vc\/wp-content\/uploads\/2023\/01\/Captura-de-Pantalla-2023-01-02-a-las-16.20.23.png\" \/>\n\t<meta property=\"og:image:width\" content=\"475\" \/>\n\t<meta property=\"og:image:height\" content=\"281\" \/>\n\t<meta property=\"og:image:type\" content=\"image\/png\" \/>\n<meta name=\"author\" content=\"Valpara\u00edso Creativo\" \/>\n<meta name=\"twitter:card\" content=\"summary_large_image\" \/>\n<meta name=\"twitter:label1\" content=\"Escrito por\" \/>\n\t<meta name=\"twitter:data1\" content=\"Valpara\u00edso Creativo\" \/>\n\t<meta name=\"twitter:label2\" content=\"Tiempo de lectura\" \/>\n\t<meta name=\"twitter:data2\" content=\"2 minutos\" \/>\n<script type=\"application\/ld+json\" class=\"yoast-schema-graph\">{\"@context\":\"https:\/\/schema.org\",\"@graph\":[{\"@type\":\"Article\",\"@id\":\"https:\/\/dev.antudigital.cl\/sites\/vc\/estreno-con-quien-mirar\/#article\",\"isPartOf\":{\"@id\":\"https:\/\/dev.antudigital.cl\/sites\/vc\/estreno-con-quien-mirar\/\"},\"author\":{\"name\":\"Valpara\u00edso Creativo\",\"@id\":\"https:\/\/dev.antudigital.cl\/sites\/vc\/#\/schema\/person\/c2b9da8dd545e27166fc5ab232837318\"},\"headline\":\"Estreno \u00ab\u00bfCon qui\u00e9n mirar?\u00bb\",\"datePublished\":\"2023-01-02T19:33:10+00:00\",\"dateModified\":\"2023-01-02T19:33:14+00:00\",\"mainEntityOfPage\":{\"@id\":\"https:\/\/dev.antudigital.cl\/sites\/vc\/estreno-con-quien-mirar\/\"},\"wordCount\":226,\"commentCount\":0,\"image\":{\"@id\":\"https:\/\/dev.antudigital.cl\/sites\/vc\/estreno-con-quien-mirar\/#primaryimage\"},\"thumbnailUrl\":\"https:\/\/dev.antudigital.cl\/sites\/vc\/wp-content\/uploads\/2023\/01\/Captura-de-Pantalla-2023-01-02-a-las-16.20.23.png\",\"articleSection\":[\"Noticia\"],\"inLanguage\":\"es\",\"potentialAction\":[{\"@type\":\"CommentAction\",\"name\":\"Comment\",\"target\":[\"https:\/\/dev.antudigital.cl\/sites\/vc\/estreno-con-quien-mirar\/#respond\"]}]},{\"@type\":\"WebPage\",\"@id\":\"https:\/\/dev.antudigital.cl\/sites\/vc\/estreno-con-quien-mirar\/\",\"url\":\"https:\/\/dev.antudigital.cl\/sites\/vc\/estreno-con-quien-mirar\/\",\"name\":\"Estreno \\\"\u00bfCon qui\u00e9n mirar?\\\" - Valpara\u00ed\u00adso Creativo\",\"isPartOf\":{\"@id\":\"https:\/\/dev.antudigital.cl\/sites\/vc\/#website\"},\"primaryImageOfPage\":{\"@id\":\"https:\/\/dev.antudigital.cl\/sites\/vc\/estreno-con-quien-mirar\/#primaryimage\"},\"image\":{\"@id\":\"https:\/\/dev.antudigital.cl\/sites\/vc\/estreno-con-quien-mirar\/#primaryimage\"},\"thumbnailUrl\":\"https:\/\/dev.antudigital.cl\/sites\/vc\/wp-content\/uploads\/2023\/01\/Captura-de-Pantalla-2023-01-02-a-las-16.20.23.png\",\"datePublished\":\"2023-01-02T19:33:10+00:00\",\"dateModified\":\"2023-01-02T19:33:14+00:00\",\"author\":{\"@id\":\"https:\/\/dev.antudigital.cl\/sites\/vc\/#\/schema\/person\/c2b9da8dd545e27166fc5ab232837318\"},\"breadcrumb\":{\"@id\":\"https:\/\/dev.antudigital.cl\/sites\/vc\/estreno-con-quien-mirar\/#breadcrumb\"},\"inLanguage\":\"es\",\"potentialAction\":[{\"@type\":\"ReadAction\",\"target\":[\"https:\/\/dev.antudigital.cl\/sites\/vc\/estreno-con-quien-mirar\/\"]}]},{\"@type\":\"ImageObject\",\"inLanguage\":\"es\",\"@id\":\"https:\/\/dev.antudigital.cl\/sites\/vc\/estreno-con-quien-mirar\/#primaryimage\",\"url\":\"https:\/\/dev.antudigital.cl\/sites\/vc\/wp-content\/uploads\/2023\/01\/Captura-de-Pantalla-2023-01-02-a-las-16.20.23.png\",\"contentUrl\":\"https:\/\/dev.antudigital.cl\/sites\/vc\/wp-content\/uploads\/2023\/01\/Captura-de-Pantalla-2023-01-02-a-las-16.20.23.png\",\"width\":475,\"height\":281},{\"@type\":\"BreadcrumbList\",\"@id\":\"https:\/\/dev.antudigital.cl\/sites\/vc\/estreno-con-quien-mirar\/#breadcrumb\",\"itemListElement\":[{\"@type\":\"ListItem\",\"position\":1,\"name\":\"Home\",\"item\":\"https:\/\/dev.antudigital.cl\/sites\/vc\/\"},{\"@type\":\"ListItem\",\"position\":2,\"name\":\"Estreno \u00ab\u00bfCon qui\u00e9n mirar?\u00bb\"}]},{\"@type\":\"WebSite\",\"@id\":\"https:\/\/dev.antudigital.cl\/sites\/vc\/#website\",\"url\":\"https:\/\/dev.antudigital.cl\/sites\/vc\/\",\"name\":\"Valpara\u00ed\u00adso Creativo\",\"description\":\"\",\"potentialAction\":[{\"@type\":\"SearchAction\",\"target\":{\"@type\":\"EntryPoint\",\"urlTemplate\":\"https:\/\/dev.antudigital.cl\/sites\/vc\/?s={search_term_string}\"},\"query-input\":{\"@type\":\"PropertyValueSpecification\",\"valueRequired\":true,\"valueName\":\"search_term_string\"}}],\"inLanguage\":\"es\"},{\"@type\":\"Person\",\"@id\":\"https:\/\/dev.antudigital.cl\/sites\/vc\/#\/schema\/person\/c2b9da8dd545e27166fc5ab232837318\",\"name\":\"Valpara\u00edso Creativo\",\"description\":\"Periodista de cultura en la Regi\u00f3n de Valpara\u00edso.\",\"url\":\"https:\/\/dev.antudigital.cl\/sites\/vc\/author\/valpoadmin\/\"}]}<\/script>\n<!-- \/ Yoast SEO plugin. -->","yoast_head_json":{"title":"Estreno \"\u00bfCon qui\u00e9n mirar?\" - Valpara\u00ed\u00adso Creativo","robots":{"index":"index","follow":"follow","max-snippet":"max-snippet:-1","max-image-preview":"max-image-preview:large","max-video-preview":"max-video-preview:-1"},"canonical":"https:\/\/dev.antudigital.cl\/sites\/vc\/estreno-con-quien-mirar\/","og_locale":"es_ES","og_type":"article","og_title":"Estreno \"\u00bfCon qui\u00e9n mirar?\" - Valpara\u00ed\u00adso Creativo","og_description":"Casa Espacio Buenos Aires 824, con la colaboraci\u00f3n de Insomnia Teatro Condell, te invita al lanzamiento de la serie documental \u00bfCon qui\u00e9n mirar?, una pieza audiovisual de La M\u00e1quina Sensible Producciones de seis cap\u00edtulos que aborda la fotograf\u00eda desde su oficio, alcance expresivo y relaci\u00f3n con la realidad.\u00a0\u00a0&#x2714;&#xfe0f;Seis artistas de la escena fotogr\u00e1fica contempor\u00e1nea chilena [&hellip;]","og_url":"https:\/\/dev.antudigital.cl\/sites\/vc\/estreno-con-quien-mirar\/","og_site_name":"Valpara\u00ed\u00adso Creativo","article_published_time":"2023-01-02T19:33:10+00:00","article_modified_time":"2023-01-02T19:33:14+00:00","og_image":[{"width":475,"height":281,"url":"https:\/\/dev.antudigital.cl\/sites\/vc\/wp-content\/uploads\/2023\/01\/Captura-de-Pantalla-2023-01-02-a-las-16.20.23.png","type":"image\/png"}],"author":"Valpara\u00edso Creativo","twitter_card":"summary_large_image","twitter_misc":{"Escrito por":"Valpara\u00edso Creativo","Tiempo de lectura":"2 minutos"},"schema":{"@context":"https:\/\/schema.org","@graph":[{"@type":"Article","@id":"https:\/\/dev.antudigital.cl\/sites\/vc\/estreno-con-quien-mirar\/#article","isPartOf":{"@id":"https:\/\/dev.antudigital.cl\/sites\/vc\/estreno-con-quien-mirar\/"},"author":{"name":"Valpara\u00edso Creativo","@id":"https:\/\/dev.antudigital.cl\/sites\/vc\/#\/schema\/person\/c2b9da8dd545e27166fc5ab232837318"},"headline":"Estreno \u00ab\u00bfCon qui\u00e9n mirar?\u00bb","datePublished":"2023-01-02T19:33:10+00:00","dateModified":"2023-01-02T19:33:14+00:00","mainEntityOfPage":{"@id":"https:\/\/dev.antudigital.cl\/sites\/vc\/estreno-con-quien-mirar\/"},"wordCount":226,"commentCount":0,"image":{"@id":"https:\/\/dev.antudigital.cl\/sites\/vc\/estreno-con-quien-mirar\/#primaryimage"},"thumbnailUrl":"https:\/\/dev.antudigital.cl\/sites\/vc\/wp-content\/uploads\/2023\/01\/Captura-de-Pantalla-2023-01-02-a-las-16.20.23.png","articleSection":["Noticia"],"inLanguage":"es","potentialAction":[{"@type":"CommentAction","name":"Comment","target":["https:\/\/dev.antudigital.cl\/sites\/vc\/estreno-con-quien-mirar\/#respond"]}]},{"@type":"WebPage","@id":"https:\/\/dev.antudigital.cl\/sites\/vc\/estreno-con-quien-mirar\/","url":"https:\/\/dev.antudigital.cl\/sites\/vc\/estreno-con-quien-mirar\/","name":"Estreno \"\u00bfCon qui\u00e9n mirar?\" - Valpara\u00ed\u00adso Creativo","isPartOf":{"@id":"https:\/\/dev.antudigital.cl\/sites\/vc\/#website"},"primaryImageOfPage":{"@id":"https:\/\/dev.antudigital.cl\/sites\/vc\/estreno-con-quien-mirar\/#primaryimage"},"image":{"@id":"https:\/\/dev.antudigital.cl\/sites\/vc\/estreno-con-quien-mirar\/#primaryimage"},"thumbnailUrl":"https:\/\/dev.antudigital.cl\/sites\/vc\/wp-content\/uploads\/2023\/01\/Captura-de-Pantalla-2023-01-02-a-las-16.20.23.png","datePublished":"2023-01-02T19:33:10+00:00","dateModified":"2023-01-02T19:33:14+00:00","author":{"@id":"https:\/\/dev.antudigital.cl\/sites\/vc\/#\/schema\/person\/c2b9da8dd545e27166fc5ab232837318"},"breadcrumb":{"@id":"https:\/\/dev.antudigital.cl\/sites\/vc\/estreno-con-quien-mirar\/#breadcrumb"},"inLanguage":"es","potentialAction":[{"@type":"ReadAction","target":["https:\/\/dev.antudigital.cl\/sites\/vc\/estreno-con-quien-mirar\/"]}]},{"@type":"ImageObject","inLanguage":"es","@id":"https:\/\/dev.antudigital.cl\/sites\/vc\/estreno-con-quien-mirar\/#primaryimage","url":"https:\/\/dev.antudigital.cl\/sites\/vc\/wp-content\/uploads\/2023\/01\/Captura-de-Pantalla-2023-01-02-a-las-16.20.23.png","contentUrl":"https:\/\/dev.antudigital.cl\/sites\/vc\/wp-content\/uploads\/2023\/01\/Captura-de-Pantalla-2023-01-02-a-las-16.20.23.png","width":475,"height":281},{"@type":"BreadcrumbList","@id":"https:\/\/dev.antudigital.cl\/sites\/vc\/estreno-con-quien-mirar\/#breadcrumb","itemListElement":[{"@type":"ListItem","position":1,"name":"Home","item":"https:\/\/dev.antudigital.cl\/sites\/vc\/"},{"@type":"ListItem","position":2,"name":"Estreno \u00ab\u00bfCon qui\u00e9n mirar?\u00bb"}]},{"@type":"WebSite","@id":"https:\/\/dev.antudigital.cl\/sites\/vc\/#website","url":"https:\/\/dev.antudigital.cl\/sites\/vc\/","name":"Valpara\u00ed\u00adso Creativo","description":"","potentialAction":[{"@type":"SearchAction","target":{"@type":"EntryPoint","urlTemplate":"https:\/\/dev.antudigital.cl\/sites\/vc\/?s={search_term_string}"},"query-input":{"@type":"PropertyValueSpecification","valueRequired":true,"valueName":"search_term_string"}}],"inLanguage":"es"},{"@type":"Person","@id":"https:\/\/dev.antudigital.cl\/sites\/vc\/#\/schema\/person\/c2b9da8dd545e27166fc5ab232837318","name":"Valpara\u00edso Creativo","description":"Periodista de cultura en la Regi\u00f3n de Valpara\u00edso.","url":"https:\/\/dev.antudigital.cl\/sites\/vc\/author\/valpoadmin\/"}]}},"_links":{"self":[{"href":"https:\/\/dev.antudigital.cl\/sites\/vc\/wp-json\/wp\/v2\/posts\/12349","targetHints":{"allow":["GET"]}}],"collection":[{"href":"https:\/\/dev.antudigital.cl\/sites\/vc\/wp-json\/wp\/v2\/posts"}],"about":[{"href":"https:\/\/dev.antudigital.cl\/sites\/vc\/wp-json\/wp\/v2\/types\/post"}],"author":[{"embeddable":true,"href":"https:\/\/dev.antudigital.cl\/sites\/vc\/wp-json\/wp\/v2\/users\/1"}],"replies":[{"embeddable":true,"href":"https:\/\/dev.antudigital.cl\/sites\/vc\/wp-json\/wp\/v2\/comments?post=12349"}],"version-history":[{"count":1,"href":"https:\/\/dev.antudigital.cl\/sites\/vc\/wp-json\/wp\/v2\/posts\/12349\/revisions"}],"predecessor-version":[{"id":12350,"href":"https:\/\/dev.antudigital.cl\/sites\/vc\/wp-json\/wp\/v2\/posts\/12349\/revisions\/12350"}],"wp:featuredmedia":[{"embeddable":true,"href":"https:\/\/dev.antudigital.cl\/sites\/vc\/wp-json\/wp\/v2\/media\/12340"}],"wp:attachment":[{"href":"https:\/\/dev.antudigital.cl\/sites\/vc\/wp-json\/wp\/v2\/media?parent=12349"}],"wp:term":[{"taxonomy":"category","embeddable":true,"href":"https:\/\/dev.antudigital.cl\/sites\/vc\/wp-json\/wp\/v2\/categories?post=12349"},{"taxonomy":"post_tag","embeddable":true,"href":"https:\/\/dev.antudigital.cl\/sites\/vc\/wp-json\/wp\/v2\/tags?post=12349"}],"curies":[{"name":"wp","href":"https:\/\/api.w.org\/{rel}","templated":true}]}}