{"id":12354,"date":"2023-01-02T19:40:37","date_gmt":"2023-01-02T19:40:37","guid":{"rendered":"https:\/\/www.valparaisocreativo.cl\/?p=12354"},"modified":"2023-01-02T19:40:40","modified_gmt":"2023-01-02T19:40:40","slug":"lucybell-regresa-a-valparaiso-en-enero","status":"publish","type":"post","link":"https:\/\/dev.antudigital.cl\/sites\/vc\/lucybell-regresa-a-valparaiso-en-enero\/","title":{"rendered":"Lucybell regresa a Valpara\u00edso en enero"},"content":{"rendered":"\n<p>Lucybell llega a Valpara\u00edso celebrando sus 30 a\u00f1os de la mano de Pie de Cerro, junto a sus discos L\u00famina + F\u00e9nix.<\/p>\n\n\n\n<p>\u00bfCu\u00e1ndo? S\u00e1bado 21 de enero 2023 en el Teatro Municipal de Valpara\u00edso<\/p>\n\n\n\n<p>&#x1f449; Banda invitada Aramea<\/p>\n\n\n\n<p>&#x1f449; Entradas disponible <a href=\"https:\/\/www.passline.com\/eventos-plano\/lucybell-30-anos-lumina-fenix-valparaiso\">en el siguiente link de Passline<\/a><br>O a nuestro WhatsApp +56 9 9159 7907 sin recargo<\/p>\n\n\n\n<p>&#x1f525;\u00a1Los esperamos!&#x1f525;<\/p>\n\n\n\n<figure class=\"wp-block-image size-full\"><img fetchpriority=\"high\" decoding=\"async\" width=\"487\" height=\"614\" src=\"https:\/\/www.valparaisocreativo.cl\/wp-content\/uploads\/2023\/01\/Captura-de-Pantalla-2023-01-02-a-las-16.20.58.png\" alt=\"\" class=\"wp-image-12343\" srcset=\"https:\/\/dev.antudigital.cl\/sites\/vc\/wp-content\/uploads\/2023\/01\/Captura-de-Pantalla-2023-01-02-a-las-16.20.58.png 487w, https:\/\/dev.antudigital.cl\/sites\/vc\/wp-content\/uploads\/2023\/01\/Captura-de-Pantalla-2023-01-02-a-las-16.20.58-238x300.png 238w, https:\/\/dev.antudigital.cl\/sites\/vc\/wp-content\/uploads\/2023\/01\/Captura-de-Pantalla-2023-01-02-a-las-16.20.58-480x605.png 480w\" sizes=\"(max-width: 487px) 100vw, 487px\" \/><\/figure>\n","protected":false},"excerpt":{"rendered":"<p>Lucybell llega a Valpara\u00edso celebrando sus 30 a\u00f1os de la mano de Pie de Cerro, junto a sus discos L\u00famina + F\u00e9nix. \u00bfCu\u00e1ndo? S\u00e1bado 21 de enero 2023 en el Teatro Municipal de Valpara\u00edso &#x1f449; Banda invitada Aramea &#x1f449; Entradas disponible en el siguiente link de PasslineO a nuestro WhatsApp +56 9 9159 7907 sin [&hellip;]<\/p>\n","protected":false},"author":1,"featured_media":11247,"comment_status":"open","ping_status":"closed","sticky":false,"template":"","format":"standard","meta":{"_acf_changed":false,"footnotes":""},"categories":[8],"tags":[],"class_list":["post-12354","post","type-post","status-publish","format-standard","has-post-thumbnail","hentry","category-noticia"],"acf":[],"yoast_head":"<!-- This site is optimized with the Yoast SEO plugin v27.1.1 - https:\/\/yoast.com\/product\/yoast-seo-wordpress\/ -->\n<title>Lucybell regresa a Valpara\u00edso en enero - Valpara\u00ed\u00adso Creativo<\/title>\n<meta name=\"robots\" content=\"index, follow, max-snippet:-1, max-image-preview:large, max-video-preview:-1\" \/>\n<link rel=\"canonical\" href=\"https:\/\/dev.antudigital.cl\/sites\/vc\/lucybell-regresa-a-valparaiso-en-enero\/\" \/>\n<meta property=\"og:locale\" content=\"es_ES\" \/>\n<meta property=\"og:type\" content=\"article\" \/>\n<meta property=\"og:title\" content=\"Lucybell regresa a Valpara\u00edso en enero - Valpara\u00ed\u00adso Creativo\" \/>\n<meta property=\"og:description\" content=\"Lucybell llega a Valpara\u00edso celebrando sus 30 a\u00f1os de la mano de Pie de Cerro, junto a sus discos L\u00famina + F\u00e9nix. \u00bfCu\u00e1ndo? S\u00e1bado 21 de enero 2023 en el Teatro Municipal de Valpara\u00edso &#x1f449; Banda invitada Aramea &#x1f449; Entradas disponible en el siguiente link de PasslineO a nuestro WhatsApp +56 9 9159 7907 sin [&hellip;]\" \/>\n<meta property=\"og:url\" content=\"https:\/\/dev.antudigital.cl\/sites\/vc\/lucybell-regresa-a-valparaiso-en-enero\/\" \/>\n<meta property=\"og:site_name\" content=\"Valpara\u00ed\u00adso Creativo\" \/>\n<meta property=\"article:published_time\" content=\"2023-01-02T19:40:37+00:00\" \/>\n<meta property=\"article:modified_time\" content=\"2023-01-02T19:40:40+00:00\" \/>\n<meta property=\"og:image\" content=\"https:\/\/dev.antudigital.cl\/sites\/vc\/wp-content\/uploads\/2022\/07\/Lucybell.jpg\" \/>\n\t<meta property=\"og:image:width\" content=\"2000\" \/>\n\t<meta property=\"og:image:height\" content=\"1224\" \/>\n\t<meta property=\"og:image:type\" content=\"image\/jpeg\" \/>\n<meta name=\"author\" content=\"Valpara\u00edso Creativo\" \/>\n<meta name=\"twitter:card\" content=\"summary_large_image\" \/>\n<meta name=\"twitter:label1\" content=\"Escrito por\" \/>\n\t<meta name=\"twitter:data1\" content=\"Valpara\u00edso Creativo\" \/>\n\t<meta name=\"twitter:label2\" content=\"Tiempo de lectura\" \/>\n\t<meta name=\"twitter:data2\" content=\"1 minuto\" \/>\n<script type=\"application\/ld+json\" class=\"yoast-schema-graph\">{\"@context\":\"https:\/\/schema.org\",\"@graph\":[{\"@type\":\"Article\",\"@id\":\"https:\/\/dev.antudigital.cl\/sites\/vc\/lucybell-regresa-a-valparaiso-en-enero\/#article\",\"isPartOf\":{\"@id\":\"https:\/\/dev.antudigital.cl\/sites\/vc\/lucybell-regresa-a-valparaiso-en-enero\/\"},\"author\":{\"name\":\"Valpara\u00edso Creativo\",\"@id\":\"https:\/\/dev.antudigital.cl\/sites\/vc\/#\/schema\/person\/c2b9da8dd545e27166fc5ab232837318\"},\"headline\":\"Lucybell regresa a Valpara\u00edso en enero\",\"datePublished\":\"2023-01-02T19:40:37+00:00\",\"dateModified\":\"2023-01-02T19:40:40+00:00\",\"mainEntityOfPage\":{\"@id\":\"https:\/\/dev.antudigital.cl\/sites\/vc\/lucybell-regresa-a-valparaiso-en-enero\/\"},\"wordCount\":71,\"commentCount\":0,\"image\":{\"@id\":\"https:\/\/dev.antudigital.cl\/sites\/vc\/lucybell-regresa-a-valparaiso-en-enero\/#primaryimage\"},\"thumbnailUrl\":\"https:\/\/dev.antudigital.cl\/sites\/vc\/wp-content\/uploads\/2022\/07\/Lucybell.jpg\",\"articleSection\":[\"Noticia\"],\"inLanguage\":\"es\",\"potentialAction\":[{\"@type\":\"CommentAction\",\"name\":\"Comment\",\"target\":[\"https:\/\/dev.antudigital.cl\/sites\/vc\/lucybell-regresa-a-valparaiso-en-enero\/#respond\"]}]},{\"@type\":\"WebPage\",\"@id\":\"https:\/\/dev.antudigital.cl\/sites\/vc\/lucybell-regresa-a-valparaiso-en-enero\/\",\"url\":\"https:\/\/dev.antudigital.cl\/sites\/vc\/lucybell-regresa-a-valparaiso-en-enero\/\",\"name\":\"Lucybell regresa a Valpara\u00edso en enero - Valpara\u00ed\u00adso Creativo\",\"isPartOf\":{\"@id\":\"https:\/\/dev.antudigital.cl\/sites\/vc\/#website\"},\"primaryImageOfPage\":{\"@id\":\"https:\/\/dev.antudigital.cl\/sites\/vc\/lucybell-regresa-a-valparaiso-en-enero\/#primaryimage\"},\"image\":{\"@id\":\"https:\/\/dev.antudigital.cl\/sites\/vc\/lucybell-regresa-a-valparaiso-en-enero\/#primaryimage\"},\"thumbnailUrl\":\"https:\/\/dev.antudigital.cl\/sites\/vc\/wp-content\/uploads\/2022\/07\/Lucybell.jpg\",\"datePublished\":\"2023-01-02T19:40:37+00:00\",\"dateModified\":\"2023-01-02T19:40:40+00:00\",\"author\":{\"@id\":\"https:\/\/dev.antudigital.cl\/sites\/vc\/#\/schema\/person\/c2b9da8dd545e27166fc5ab232837318\"},\"breadcrumb\":{\"@id\":\"https:\/\/dev.antudigital.cl\/sites\/vc\/lucybell-regresa-a-valparaiso-en-enero\/#breadcrumb\"},\"inLanguage\":\"es\",\"potentialAction\":[{\"@type\":\"ReadAction\",\"target\":[\"https:\/\/dev.antudigital.cl\/sites\/vc\/lucybell-regresa-a-valparaiso-en-enero\/\"]}]},{\"@type\":\"ImageObject\",\"inLanguage\":\"es\",\"@id\":\"https:\/\/dev.antudigital.cl\/sites\/vc\/lucybell-regresa-a-valparaiso-en-enero\/#primaryimage\",\"url\":\"https:\/\/dev.antudigital.cl\/sites\/vc\/wp-content\/uploads\/2022\/07\/Lucybell.jpg\",\"contentUrl\":\"https:\/\/dev.antudigital.cl\/sites\/vc\/wp-content\/uploads\/2022\/07\/Lucybell.jpg\",\"width\":2000,\"height\":1224},{\"@type\":\"BreadcrumbList\",\"@id\":\"https:\/\/dev.antudigital.cl\/sites\/vc\/lucybell-regresa-a-valparaiso-en-enero\/#breadcrumb\",\"itemListElement\":[{\"@type\":\"ListItem\",\"position\":1,\"name\":\"Home\",\"item\":\"https:\/\/dev.antudigital.cl\/sites\/vc\/\"},{\"@type\":\"ListItem\",\"position\":2,\"name\":\"Lucybell regresa a Valpara\u00edso en enero\"}]},{\"@type\":\"WebSite\",\"@id\":\"https:\/\/dev.antudigital.cl\/sites\/vc\/#website\",\"url\":\"https:\/\/dev.antudigital.cl\/sites\/vc\/\",\"name\":\"Valpara\u00ed\u00adso Creativo\",\"description\":\"\",\"potentialAction\":[{\"@type\":\"SearchAction\",\"target\":{\"@type\":\"EntryPoint\",\"urlTemplate\":\"https:\/\/dev.antudigital.cl\/sites\/vc\/?s={search_term_string}\"},\"query-input\":{\"@type\":\"PropertyValueSpecification\",\"valueRequired\":true,\"valueName\":\"search_term_string\"}}],\"inLanguage\":\"es\"},{\"@type\":\"Person\",\"@id\":\"https:\/\/dev.antudigital.cl\/sites\/vc\/#\/schema\/person\/c2b9da8dd545e27166fc5ab232837318\",\"name\":\"Valpara\u00edso Creativo\",\"description\":\"Periodista de cultura en la Regi\u00f3n de Valpara\u00edso.\",\"url\":\"https:\/\/dev.antudigital.cl\/sites\/vc\/author\/valpoadmin\/\"}]}<\/script>\n<!-- \/ Yoast SEO plugin. -->","yoast_head_json":{"title":"Lucybell regresa a Valpara\u00edso en enero - Valpara\u00ed\u00adso Creativo","robots":{"index":"index","follow":"follow","max-snippet":"max-snippet:-1","max-image-preview":"max-image-preview:large","max-video-preview":"max-video-preview:-1"},"canonical":"https:\/\/dev.antudigital.cl\/sites\/vc\/lucybell-regresa-a-valparaiso-en-enero\/","og_locale":"es_ES","og_type":"article","og_title":"Lucybell regresa a Valpara\u00edso en enero - Valpara\u00ed\u00adso Creativo","og_description":"Lucybell llega a Valpara\u00edso celebrando sus 30 a\u00f1os de la mano de Pie de Cerro, junto a sus discos L\u00famina + F\u00e9nix. \u00bfCu\u00e1ndo? S\u00e1bado 21 de enero 2023 en el Teatro Municipal de Valpara\u00edso &#x1f449; Banda invitada Aramea &#x1f449; Entradas disponible en el siguiente link de PasslineO a nuestro WhatsApp +56 9 9159 7907 sin [&hellip;]","og_url":"https:\/\/dev.antudigital.cl\/sites\/vc\/lucybell-regresa-a-valparaiso-en-enero\/","og_site_name":"Valpara\u00ed\u00adso Creativo","article_published_time":"2023-01-02T19:40:37+00:00","article_modified_time":"2023-01-02T19:40:40+00:00","og_image":[{"width":2000,"height":1224,"url":"https:\/\/dev.antudigital.cl\/sites\/vc\/wp-content\/uploads\/2022\/07\/Lucybell.jpg","type":"image\/jpeg"}],"author":"Valpara\u00edso Creativo","twitter_card":"summary_large_image","twitter_misc":{"Escrito por":"Valpara\u00edso Creativo","Tiempo de lectura":"1 minuto"},"schema":{"@context":"https:\/\/schema.org","@graph":[{"@type":"Article","@id":"https:\/\/dev.antudigital.cl\/sites\/vc\/lucybell-regresa-a-valparaiso-en-enero\/#article","isPartOf":{"@id":"https:\/\/dev.antudigital.cl\/sites\/vc\/lucybell-regresa-a-valparaiso-en-enero\/"},"author":{"name":"Valpara\u00edso Creativo","@id":"https:\/\/dev.antudigital.cl\/sites\/vc\/#\/schema\/person\/c2b9da8dd545e27166fc5ab232837318"},"headline":"Lucybell regresa a Valpara\u00edso en enero","datePublished":"2023-01-02T19:40:37+00:00","dateModified":"2023-01-02T19:40:40+00:00","mainEntityOfPage":{"@id":"https:\/\/dev.antudigital.cl\/sites\/vc\/lucybell-regresa-a-valparaiso-en-enero\/"},"wordCount":71,"commentCount":0,"image":{"@id":"https:\/\/dev.antudigital.cl\/sites\/vc\/lucybell-regresa-a-valparaiso-en-enero\/#primaryimage"},"thumbnailUrl":"https:\/\/dev.antudigital.cl\/sites\/vc\/wp-content\/uploads\/2022\/07\/Lucybell.jpg","articleSection":["Noticia"],"inLanguage":"es","potentialAction":[{"@type":"CommentAction","name":"Comment","target":["https:\/\/dev.antudigital.cl\/sites\/vc\/lucybell-regresa-a-valparaiso-en-enero\/#respond"]}]},{"@type":"WebPage","@id":"https:\/\/dev.antudigital.cl\/sites\/vc\/lucybell-regresa-a-valparaiso-en-enero\/","url":"https:\/\/dev.antudigital.cl\/sites\/vc\/lucybell-regresa-a-valparaiso-en-enero\/","name":"Lucybell regresa a Valpara\u00edso en enero - Valpara\u00ed\u00adso Creativo","isPartOf":{"@id":"https:\/\/dev.antudigital.cl\/sites\/vc\/#website"},"primaryImageOfPage":{"@id":"https:\/\/dev.antudigital.cl\/sites\/vc\/lucybell-regresa-a-valparaiso-en-enero\/#primaryimage"},"image":{"@id":"https:\/\/dev.antudigital.cl\/sites\/vc\/lucybell-regresa-a-valparaiso-en-enero\/#primaryimage"},"thumbnailUrl":"https:\/\/dev.antudigital.cl\/sites\/vc\/wp-content\/uploads\/2022\/07\/Lucybell.jpg","datePublished":"2023-01-02T19:40:37+00:00","dateModified":"2023-01-02T19:40:40+00:00","author":{"@id":"https:\/\/dev.antudigital.cl\/sites\/vc\/#\/schema\/person\/c2b9da8dd545e27166fc5ab232837318"},"breadcrumb":{"@id":"https:\/\/dev.antudigital.cl\/sites\/vc\/lucybell-regresa-a-valparaiso-en-enero\/#breadcrumb"},"inLanguage":"es","potentialAction":[{"@type":"ReadAction","target":["https:\/\/dev.antudigital.cl\/sites\/vc\/lucybell-regresa-a-valparaiso-en-enero\/"]}]},{"@type":"ImageObject","inLanguage":"es","@id":"https:\/\/dev.antudigital.cl\/sites\/vc\/lucybell-regresa-a-valparaiso-en-enero\/#primaryimage","url":"https:\/\/dev.antudigital.cl\/sites\/vc\/wp-content\/uploads\/2022\/07\/Lucybell.jpg","contentUrl":"https:\/\/dev.antudigital.cl\/sites\/vc\/wp-content\/uploads\/2022\/07\/Lucybell.jpg","width":2000,"height":1224},{"@type":"BreadcrumbList","@id":"https:\/\/dev.antudigital.cl\/sites\/vc\/lucybell-regresa-a-valparaiso-en-enero\/#breadcrumb","itemListElement":[{"@type":"ListItem","position":1,"name":"Home","item":"https:\/\/dev.antudigital.cl\/sites\/vc\/"},{"@type":"ListItem","position":2,"name":"Lucybell regresa a Valpara\u00edso en enero"}]},{"@type":"WebSite","@id":"https:\/\/dev.antudigital.cl\/sites\/vc\/#website","url":"https:\/\/dev.antudigital.cl\/sites\/vc\/","name":"Valpara\u00ed\u00adso Creativo","description":"","potentialAction":[{"@type":"SearchAction","target":{"@type":"EntryPoint","urlTemplate":"https:\/\/dev.antudigital.cl\/sites\/vc\/?s={search_term_string}"},"query-input":{"@type":"PropertyValueSpecification","valueRequired":true,"valueName":"search_term_string"}}],"inLanguage":"es"},{"@type":"Person","@id":"https:\/\/dev.antudigital.cl\/sites\/vc\/#\/schema\/person\/c2b9da8dd545e27166fc5ab232837318","name":"Valpara\u00edso Creativo","description":"Periodista de cultura en la Regi\u00f3n de Valpara\u00edso.","url":"https:\/\/dev.antudigital.cl\/sites\/vc\/author\/valpoadmin\/"}]}},"_links":{"self":[{"href":"https:\/\/dev.antudigital.cl\/sites\/vc\/wp-json\/wp\/v2\/posts\/12354","targetHints":{"allow":["GET"]}}],"collection":[{"href":"https:\/\/dev.antudigital.cl\/sites\/vc\/wp-json\/wp\/v2\/posts"}],"about":[{"href":"https:\/\/dev.antudigital.cl\/sites\/vc\/wp-json\/wp\/v2\/types\/post"}],"author":[{"embeddable":true,"href":"https:\/\/dev.antudigital.cl\/sites\/vc\/wp-json\/wp\/v2\/users\/1"}],"replies":[{"embeddable":true,"href":"https:\/\/dev.antudigital.cl\/sites\/vc\/wp-json\/wp\/v2\/comments?post=12354"}],"version-history":[{"count":1,"href":"https:\/\/dev.antudigital.cl\/sites\/vc\/wp-json\/wp\/v2\/posts\/12354\/revisions"}],"predecessor-version":[{"id":12355,"href":"https:\/\/dev.antudigital.cl\/sites\/vc\/wp-json\/wp\/v2\/posts\/12354\/revisions\/12355"}],"wp:featuredmedia":[{"embeddable":true,"href":"https:\/\/dev.antudigital.cl\/sites\/vc\/wp-json\/wp\/v2\/media\/11247"}],"wp:attachment":[{"href":"https:\/\/dev.antudigital.cl\/sites\/vc\/wp-json\/wp\/v2\/media?parent=12354"}],"wp:term":[{"taxonomy":"category","embeddable":true,"href":"https:\/\/dev.antudigital.cl\/sites\/vc\/wp-json\/wp\/v2\/categories?post=12354"},{"taxonomy":"post_tag","embeddable":true,"href":"https:\/\/dev.antudigital.cl\/sites\/vc\/wp-json\/wp\/v2\/tags?post=12354"}],"curies":[{"name":"wp","href":"https:\/\/api.w.org\/{rel}","templated":true}]}}