{"id":12356,"date":"2023-01-02T19:49:52","date_gmt":"2023-01-02T19:49:52","guid":{"rendered":"https:\/\/www.valparaisocreativo.cl\/?p=12356"},"modified":"2023-01-02T19:49:56","modified_gmt":"2023-01-02T19:49:56","slug":"arcos-invita-a-sus-talleres-fotograficos-de-verano","status":"publish","type":"post","link":"https:\/\/dev.antudigital.cl\/sites\/vc\/arcos-invita-a-sus-talleres-fotograficos-de-verano\/","title":{"rendered":"Arcos invita a sus talleres fotogr\u00e1ficos de verano"},"content":{"rendered":"\n<p>Te invitamos a participar de los talleres de verano.&nbsp;<\/p>\n\n\n\n<p>La actividad, organizada por la Escuela de Fotograf\u00eda de ARCOS&nbsp;sede regi\u00f3n de Valpara\u00edso, invita a la comunidad a participar, de manera gratuita, de los talleres \u201cAnal\u00f3gico\u201d y \u201cEstudio Fotogr\u00e1fico\u201d.<\/p>\n\n\n\n<p>Con cupos limitados y para personas mayores de 17 a\u00f1os, se dictar\u00e1n los talleres:&nbsp;Anal\u00f3gico, que se trata de revelado en cuarto oscuro, y&nbsp;Estudio Fotogr\u00e1fico, para im\u00e1genes de productos y moda.&nbsp;<\/p>\n\n\n\n<p>Fecha: viernes 06 de enero&nbsp;<\/p>\n\n\n\n<p>Direcci\u00f3n: \u00c1lvarez 2138, Vi\u00f1a del Mar<\/p>\n\n\n\n<p>Horario: 11:00 a 13:00 horas\u00a0<\/p>\n\n\n\n<figure class=\"wp-block-image size-full\"><img fetchpriority=\"high\" decoding=\"async\" width=\"589\" height=\"589\" src=\"https:\/\/www.valparaisocreativo.cl\/wp-content\/uploads\/2023\/01\/image.png\" alt=\"\" class=\"wp-image-12357\" srcset=\"https:\/\/dev.antudigital.cl\/sites\/vc\/wp-content\/uploads\/2023\/01\/image.png 589w, https:\/\/dev.antudigital.cl\/sites\/vc\/wp-content\/uploads\/2023\/01\/image-300x300.png 300w, https:\/\/dev.antudigital.cl\/sites\/vc\/wp-content\/uploads\/2023\/01\/image-150x150.png 150w, https:\/\/dev.antudigital.cl\/sites\/vc\/wp-content\/uploads\/2023\/01\/image-480x480.png 480w\" sizes=\"(max-width: 589px) 100vw, 589px\" \/><\/figure>\n","protected":false},"excerpt":{"rendered":"<p>Te invitamos a participar de los talleres de verano.&nbsp; La actividad, organizada por la Escuela de Fotograf\u00eda de ARCOS&nbsp;sede regi\u00f3n de Valpara\u00edso, invita a la comunidad a participar, de manera gratuita, de los talleres \u201cAnal\u00f3gico\u201d y \u201cEstudio Fotogr\u00e1fico\u201d. Con cupos limitados y para personas mayores de 17 a\u00f1os, se dictar\u00e1n los talleres:&nbsp;Anal\u00f3gico, que se trata [&hellip;]<\/p>\n","protected":false},"author":1,"featured_media":12358,"comment_status":"open","ping_status":"closed","sticky":false,"template":"","format":"standard","meta":{"_acf_changed":false,"footnotes":""},"categories":[8],"tags":[],"class_list":["post-12356","post","type-post","status-publish","format-standard","has-post-thumbnail","hentry","category-noticia"],"acf":[],"yoast_head":"<!-- This site is optimized with the Yoast SEO plugin v27.1.1 - https:\/\/yoast.com\/product\/yoast-seo-wordpress\/ -->\n<title>Arcos invita a sus talleres fotogr\u00e1ficos de verano - Valpara\u00ed\u00adso Creativo<\/title>\n<meta name=\"robots\" content=\"index, follow, max-snippet:-1, max-image-preview:large, max-video-preview:-1\" \/>\n<link rel=\"canonical\" href=\"https:\/\/dev.antudigital.cl\/sites\/vc\/arcos-invita-a-sus-talleres-fotograficos-de-verano\/\" \/>\n<meta property=\"og:locale\" content=\"es_ES\" \/>\n<meta property=\"og:type\" content=\"article\" \/>\n<meta property=\"og:title\" content=\"Arcos invita a sus talleres fotogr\u00e1ficos de verano - Valpara\u00ed\u00adso Creativo\" \/>\n<meta property=\"og:description\" content=\"Te invitamos a participar de los talleres de verano.&nbsp; La actividad, organizada por la Escuela de Fotograf\u00eda de ARCOS&nbsp;sede regi\u00f3n de Valpara\u00edso, invita a la comunidad a participar, de manera gratuita, de los talleres \u201cAnal\u00f3gico\u201d y \u201cEstudio Fotogr\u00e1fico\u201d. Con cupos limitados y para personas mayores de 17 a\u00f1os, se dictar\u00e1n los talleres:&nbsp;Anal\u00f3gico, que se trata [&hellip;]\" \/>\n<meta property=\"og:url\" content=\"https:\/\/dev.antudigital.cl\/sites\/vc\/arcos-invita-a-sus-talleres-fotograficos-de-verano\/\" \/>\n<meta property=\"og:site_name\" content=\"Valpara\u00ed\u00adso Creativo\" \/>\n<meta property=\"article:published_time\" content=\"2023-01-02T19:49:52+00:00\" \/>\n<meta property=\"article:modified_time\" content=\"2023-01-02T19:49:56+00:00\" \/>\n<meta property=\"og:image\" content=\"https:\/\/dev.antudigital.cl\/sites\/vc\/wp-content\/uploads\/2023\/01\/Captura-de-Pantalla-2023-01-02-a-las-16.49.09.png\" \/>\n\t<meta property=\"og:image:width\" content=\"581\" \/>\n\t<meta property=\"og:image:height\" content=\"260\" \/>\n\t<meta property=\"og:image:type\" content=\"image\/png\" \/>\n<meta name=\"author\" content=\"Valpara\u00edso Creativo\" \/>\n<meta name=\"twitter:card\" content=\"summary_large_image\" \/>\n<meta name=\"twitter:label1\" content=\"Escrito por\" \/>\n\t<meta name=\"twitter:data1\" content=\"Valpara\u00edso Creativo\" \/>\n\t<meta name=\"twitter:label2\" content=\"Tiempo de lectura\" \/>\n\t<meta name=\"twitter:data2\" content=\"1 minuto\" \/>\n<script type=\"application\/ld+json\" class=\"yoast-schema-graph\">{\"@context\":\"https:\/\/schema.org\",\"@graph\":[{\"@type\":\"Article\",\"@id\":\"https:\/\/dev.antudigital.cl\/sites\/vc\/arcos-invita-a-sus-talleres-fotograficos-de-verano\/#article\",\"isPartOf\":{\"@id\":\"https:\/\/dev.antudigital.cl\/sites\/vc\/arcos-invita-a-sus-talleres-fotograficos-de-verano\/\"},\"author\":{\"name\":\"Valpara\u00edso Creativo\",\"@id\":\"https:\/\/dev.antudigital.cl\/sites\/vc\/#\/schema\/person\/c2b9da8dd545e27166fc5ab232837318\"},\"headline\":\"Arcos invita a sus talleres fotogr\u00e1ficos de verano\",\"datePublished\":\"2023-01-02T19:49:52+00:00\",\"dateModified\":\"2023-01-02T19:49:56+00:00\",\"mainEntityOfPage\":{\"@id\":\"https:\/\/dev.antudigital.cl\/sites\/vc\/arcos-invita-a-sus-talleres-fotograficos-de-verano\/\"},\"wordCount\":109,\"commentCount\":0,\"image\":{\"@id\":\"https:\/\/dev.antudigital.cl\/sites\/vc\/arcos-invita-a-sus-talleres-fotograficos-de-verano\/#primaryimage\"},\"thumbnailUrl\":\"https:\/\/dev.antudigital.cl\/sites\/vc\/wp-content\/uploads\/2023\/01\/Captura-de-Pantalla-2023-01-02-a-las-16.49.09.png\",\"articleSection\":[\"Noticia\"],\"inLanguage\":\"es\",\"potentialAction\":[{\"@type\":\"CommentAction\",\"name\":\"Comment\",\"target\":[\"https:\/\/dev.antudigital.cl\/sites\/vc\/arcos-invita-a-sus-talleres-fotograficos-de-verano\/#respond\"]}]},{\"@type\":\"WebPage\",\"@id\":\"https:\/\/dev.antudigital.cl\/sites\/vc\/arcos-invita-a-sus-talleres-fotograficos-de-verano\/\",\"url\":\"https:\/\/dev.antudigital.cl\/sites\/vc\/arcos-invita-a-sus-talleres-fotograficos-de-verano\/\",\"name\":\"Arcos invita a sus talleres fotogr\u00e1ficos de verano - Valpara\u00ed\u00adso Creativo\",\"isPartOf\":{\"@id\":\"https:\/\/dev.antudigital.cl\/sites\/vc\/#website\"},\"primaryImageOfPage\":{\"@id\":\"https:\/\/dev.antudigital.cl\/sites\/vc\/arcos-invita-a-sus-talleres-fotograficos-de-verano\/#primaryimage\"},\"image\":{\"@id\":\"https:\/\/dev.antudigital.cl\/sites\/vc\/arcos-invita-a-sus-talleres-fotograficos-de-verano\/#primaryimage\"},\"thumbnailUrl\":\"https:\/\/dev.antudigital.cl\/sites\/vc\/wp-content\/uploads\/2023\/01\/Captura-de-Pantalla-2023-01-02-a-las-16.49.09.png\",\"datePublished\":\"2023-01-02T19:49:52+00:00\",\"dateModified\":\"2023-01-02T19:49:56+00:00\",\"author\":{\"@id\":\"https:\/\/dev.antudigital.cl\/sites\/vc\/#\/schema\/person\/c2b9da8dd545e27166fc5ab232837318\"},\"breadcrumb\":{\"@id\":\"https:\/\/dev.antudigital.cl\/sites\/vc\/arcos-invita-a-sus-talleres-fotograficos-de-verano\/#breadcrumb\"},\"inLanguage\":\"es\",\"potentialAction\":[{\"@type\":\"ReadAction\",\"target\":[\"https:\/\/dev.antudigital.cl\/sites\/vc\/arcos-invita-a-sus-talleres-fotograficos-de-verano\/\"]}]},{\"@type\":\"ImageObject\",\"inLanguage\":\"es\",\"@id\":\"https:\/\/dev.antudigital.cl\/sites\/vc\/arcos-invita-a-sus-talleres-fotograficos-de-verano\/#primaryimage\",\"url\":\"https:\/\/dev.antudigital.cl\/sites\/vc\/wp-content\/uploads\/2023\/01\/Captura-de-Pantalla-2023-01-02-a-las-16.49.09.png\",\"contentUrl\":\"https:\/\/dev.antudigital.cl\/sites\/vc\/wp-content\/uploads\/2023\/01\/Captura-de-Pantalla-2023-01-02-a-las-16.49.09.png\",\"width\":581,\"height\":260},{\"@type\":\"BreadcrumbList\",\"@id\":\"https:\/\/dev.antudigital.cl\/sites\/vc\/arcos-invita-a-sus-talleres-fotograficos-de-verano\/#breadcrumb\",\"itemListElement\":[{\"@type\":\"ListItem\",\"position\":1,\"name\":\"Home\",\"item\":\"https:\/\/dev.antudigital.cl\/sites\/vc\/\"},{\"@type\":\"ListItem\",\"position\":2,\"name\":\"Arcos invita a sus talleres fotogr\u00e1ficos de verano\"}]},{\"@type\":\"WebSite\",\"@id\":\"https:\/\/dev.antudigital.cl\/sites\/vc\/#website\",\"url\":\"https:\/\/dev.antudigital.cl\/sites\/vc\/\",\"name\":\"Valpara\u00ed\u00adso Creativo\",\"description\":\"\",\"potentialAction\":[{\"@type\":\"SearchAction\",\"target\":{\"@type\":\"EntryPoint\",\"urlTemplate\":\"https:\/\/dev.antudigital.cl\/sites\/vc\/?s={search_term_string}\"},\"query-input\":{\"@type\":\"PropertyValueSpecification\",\"valueRequired\":true,\"valueName\":\"search_term_string\"}}],\"inLanguage\":\"es\"},{\"@type\":\"Person\",\"@id\":\"https:\/\/dev.antudigital.cl\/sites\/vc\/#\/schema\/person\/c2b9da8dd545e27166fc5ab232837318\",\"name\":\"Valpara\u00edso Creativo\",\"description\":\"Periodista de cultura en la Regi\u00f3n de Valpara\u00edso.\",\"url\":\"https:\/\/dev.antudigital.cl\/sites\/vc\/author\/valpoadmin\/\"}]}<\/script>\n<!-- \/ Yoast SEO plugin. -->","yoast_head_json":{"title":"Arcos invita a sus talleres fotogr\u00e1ficos de verano - Valpara\u00ed\u00adso Creativo","robots":{"index":"index","follow":"follow","max-snippet":"max-snippet:-1","max-image-preview":"max-image-preview:large","max-video-preview":"max-video-preview:-1"},"canonical":"https:\/\/dev.antudigital.cl\/sites\/vc\/arcos-invita-a-sus-talleres-fotograficos-de-verano\/","og_locale":"es_ES","og_type":"article","og_title":"Arcos invita a sus talleres fotogr\u00e1ficos de verano - Valpara\u00ed\u00adso Creativo","og_description":"Te invitamos a participar de los talleres de verano.&nbsp; La actividad, organizada por la Escuela de Fotograf\u00eda de ARCOS&nbsp;sede regi\u00f3n de Valpara\u00edso, invita a la comunidad a participar, de manera gratuita, de los talleres \u201cAnal\u00f3gico\u201d y \u201cEstudio Fotogr\u00e1fico\u201d. Con cupos limitados y para personas mayores de 17 a\u00f1os, se dictar\u00e1n los talleres:&nbsp;Anal\u00f3gico, que se trata [&hellip;]","og_url":"https:\/\/dev.antudigital.cl\/sites\/vc\/arcos-invita-a-sus-talleres-fotograficos-de-verano\/","og_site_name":"Valpara\u00ed\u00adso Creativo","article_published_time":"2023-01-02T19:49:52+00:00","article_modified_time":"2023-01-02T19:49:56+00:00","og_image":[{"width":581,"height":260,"url":"https:\/\/dev.antudigital.cl\/sites\/vc\/wp-content\/uploads\/2023\/01\/Captura-de-Pantalla-2023-01-02-a-las-16.49.09.png","type":"image\/png"}],"author":"Valpara\u00edso Creativo","twitter_card":"summary_large_image","twitter_misc":{"Escrito por":"Valpara\u00edso Creativo","Tiempo de lectura":"1 minuto"},"schema":{"@context":"https:\/\/schema.org","@graph":[{"@type":"Article","@id":"https:\/\/dev.antudigital.cl\/sites\/vc\/arcos-invita-a-sus-talleres-fotograficos-de-verano\/#article","isPartOf":{"@id":"https:\/\/dev.antudigital.cl\/sites\/vc\/arcos-invita-a-sus-talleres-fotograficos-de-verano\/"},"author":{"name":"Valpara\u00edso Creativo","@id":"https:\/\/dev.antudigital.cl\/sites\/vc\/#\/schema\/person\/c2b9da8dd545e27166fc5ab232837318"},"headline":"Arcos invita a sus talleres fotogr\u00e1ficos de verano","datePublished":"2023-01-02T19:49:52+00:00","dateModified":"2023-01-02T19:49:56+00:00","mainEntityOfPage":{"@id":"https:\/\/dev.antudigital.cl\/sites\/vc\/arcos-invita-a-sus-talleres-fotograficos-de-verano\/"},"wordCount":109,"commentCount":0,"image":{"@id":"https:\/\/dev.antudigital.cl\/sites\/vc\/arcos-invita-a-sus-talleres-fotograficos-de-verano\/#primaryimage"},"thumbnailUrl":"https:\/\/dev.antudigital.cl\/sites\/vc\/wp-content\/uploads\/2023\/01\/Captura-de-Pantalla-2023-01-02-a-las-16.49.09.png","articleSection":["Noticia"],"inLanguage":"es","potentialAction":[{"@type":"CommentAction","name":"Comment","target":["https:\/\/dev.antudigital.cl\/sites\/vc\/arcos-invita-a-sus-talleres-fotograficos-de-verano\/#respond"]}]},{"@type":"WebPage","@id":"https:\/\/dev.antudigital.cl\/sites\/vc\/arcos-invita-a-sus-talleres-fotograficos-de-verano\/","url":"https:\/\/dev.antudigital.cl\/sites\/vc\/arcos-invita-a-sus-talleres-fotograficos-de-verano\/","name":"Arcos invita a sus talleres fotogr\u00e1ficos de verano - Valpara\u00ed\u00adso Creativo","isPartOf":{"@id":"https:\/\/dev.antudigital.cl\/sites\/vc\/#website"},"primaryImageOfPage":{"@id":"https:\/\/dev.antudigital.cl\/sites\/vc\/arcos-invita-a-sus-talleres-fotograficos-de-verano\/#primaryimage"},"image":{"@id":"https:\/\/dev.antudigital.cl\/sites\/vc\/arcos-invita-a-sus-talleres-fotograficos-de-verano\/#primaryimage"},"thumbnailUrl":"https:\/\/dev.antudigital.cl\/sites\/vc\/wp-content\/uploads\/2023\/01\/Captura-de-Pantalla-2023-01-02-a-las-16.49.09.png","datePublished":"2023-01-02T19:49:52+00:00","dateModified":"2023-01-02T19:49:56+00:00","author":{"@id":"https:\/\/dev.antudigital.cl\/sites\/vc\/#\/schema\/person\/c2b9da8dd545e27166fc5ab232837318"},"breadcrumb":{"@id":"https:\/\/dev.antudigital.cl\/sites\/vc\/arcos-invita-a-sus-talleres-fotograficos-de-verano\/#breadcrumb"},"inLanguage":"es","potentialAction":[{"@type":"ReadAction","target":["https:\/\/dev.antudigital.cl\/sites\/vc\/arcos-invita-a-sus-talleres-fotograficos-de-verano\/"]}]},{"@type":"ImageObject","inLanguage":"es","@id":"https:\/\/dev.antudigital.cl\/sites\/vc\/arcos-invita-a-sus-talleres-fotograficos-de-verano\/#primaryimage","url":"https:\/\/dev.antudigital.cl\/sites\/vc\/wp-content\/uploads\/2023\/01\/Captura-de-Pantalla-2023-01-02-a-las-16.49.09.png","contentUrl":"https:\/\/dev.antudigital.cl\/sites\/vc\/wp-content\/uploads\/2023\/01\/Captura-de-Pantalla-2023-01-02-a-las-16.49.09.png","width":581,"height":260},{"@type":"BreadcrumbList","@id":"https:\/\/dev.antudigital.cl\/sites\/vc\/arcos-invita-a-sus-talleres-fotograficos-de-verano\/#breadcrumb","itemListElement":[{"@type":"ListItem","position":1,"name":"Home","item":"https:\/\/dev.antudigital.cl\/sites\/vc\/"},{"@type":"ListItem","position":2,"name":"Arcos invita a sus talleres fotogr\u00e1ficos de verano"}]},{"@type":"WebSite","@id":"https:\/\/dev.antudigital.cl\/sites\/vc\/#website","url":"https:\/\/dev.antudigital.cl\/sites\/vc\/","name":"Valpara\u00ed\u00adso Creativo","description":"","potentialAction":[{"@type":"SearchAction","target":{"@type":"EntryPoint","urlTemplate":"https:\/\/dev.antudigital.cl\/sites\/vc\/?s={search_term_string}"},"query-input":{"@type":"PropertyValueSpecification","valueRequired":true,"valueName":"search_term_string"}}],"inLanguage":"es"},{"@type":"Person","@id":"https:\/\/dev.antudigital.cl\/sites\/vc\/#\/schema\/person\/c2b9da8dd545e27166fc5ab232837318","name":"Valpara\u00edso Creativo","description":"Periodista de cultura en la Regi\u00f3n de Valpara\u00edso.","url":"https:\/\/dev.antudigital.cl\/sites\/vc\/author\/valpoadmin\/"}]}},"_links":{"self":[{"href":"https:\/\/dev.antudigital.cl\/sites\/vc\/wp-json\/wp\/v2\/posts\/12356","targetHints":{"allow":["GET"]}}],"collection":[{"href":"https:\/\/dev.antudigital.cl\/sites\/vc\/wp-json\/wp\/v2\/posts"}],"about":[{"href":"https:\/\/dev.antudigital.cl\/sites\/vc\/wp-json\/wp\/v2\/types\/post"}],"author":[{"embeddable":true,"href":"https:\/\/dev.antudigital.cl\/sites\/vc\/wp-json\/wp\/v2\/users\/1"}],"replies":[{"embeddable":true,"href":"https:\/\/dev.antudigital.cl\/sites\/vc\/wp-json\/wp\/v2\/comments?post=12356"}],"version-history":[{"count":1,"href":"https:\/\/dev.antudigital.cl\/sites\/vc\/wp-json\/wp\/v2\/posts\/12356\/revisions"}],"predecessor-version":[{"id":12359,"href":"https:\/\/dev.antudigital.cl\/sites\/vc\/wp-json\/wp\/v2\/posts\/12356\/revisions\/12359"}],"wp:featuredmedia":[{"embeddable":true,"href":"https:\/\/dev.antudigital.cl\/sites\/vc\/wp-json\/wp\/v2\/media\/12358"}],"wp:attachment":[{"href":"https:\/\/dev.antudigital.cl\/sites\/vc\/wp-json\/wp\/v2\/media?parent=12356"}],"wp:term":[{"taxonomy":"category","embeddable":true,"href":"https:\/\/dev.antudigital.cl\/sites\/vc\/wp-json\/wp\/v2\/categories?post=12356"},{"taxonomy":"post_tag","embeddable":true,"href":"https:\/\/dev.antudigital.cl\/sites\/vc\/wp-json\/wp\/v2\/tags?post=12356"}],"curies":[{"name":"wp","href":"https:\/\/api.w.org\/{rel}","templated":true}]}}