{"id":12362,"date":"2023-01-02T20:45:04","date_gmt":"2023-01-02T20:45:04","guid":{"rendered":"https:\/\/www.valparaisocreativo.cl\/?p=12362"},"modified":"2023-01-02T20:45:08","modified_gmt":"2023-01-02T20:45:08","slug":"repensando-el-arte-entrevista-a-andrea-busquets-de-artefacto","status":"publish","type":"post","link":"https:\/\/dev.antudigital.cl\/sites\/vc\/repensando-el-arte-entrevista-a-andrea-busquets-de-artefacto\/","title":{"rendered":"Repensando el arte, entrevista a Andrea Busquets de ARTEFACTO"},"content":{"rendered":"\n<p>El arte ha ido evolucionando en conjunto con la sociedad, poniendo en evidencia pr\u00e1cticas sociales, tensiones, cambios y muchos aspectos que han influido sobre la evoluci\u00f3n de la cultura.&nbsp;<\/p>\n\n\n\n<p>En ese contexto surge ARTEFACTO, una empresa fundada por Andrea Busquets, Artista visual, Historiadora del Arte&nbsp; y acad\u00e9mica de la UNLP y Pablo Reyes, Consultor y acad\u00e9mico en evoluci\u00f3n cultural y estudios de futuros.<\/p>\n\n\n\n<p>Para profundizar en su labor, conversamos con Andrea desde Argentina, quien nos cont\u00f3 m\u00e1s acerca de ARTEFACTO y de los proyectos e iniciativas que est\u00e1n llevando a cabo en Valpara\u00edso y Latinoam\u00e9rica.<\/p>\n\n\n\n<p><strong>Andrea, primero, \u00bfcu\u00e9ntanos qu\u00e9 es ARTEFACTO?.<\/strong><br>-ARTEFACTO es una empresa que busca integrar el arte en la construcci\u00f3n de los futuros posibles que estamos habitando como organizaciones y sociedad.<\/p>\n\n\n\n<p>Buscamos captar la sensibilidad en la escucha del arte para utilizarla como una herramienta de anticipaci\u00f3n de los futuros que est\u00e1n emergiendo.<\/p>\n\n\n\n<p>En ARTEFACTO tenemos tres l\u00edneas centrales. La primera es&nbsp; un Observatorio internacional de Se\u00f1ales de Cambio en el Arte, que busca aprender a escuchar el arte como manifestaci\u00f3n que tiene mucho que decir sobre los futuros que est\u00e1n emergiendo. Para esto estamos articulando una red internacional de artistas, universidades y galer\u00edas que estar\u00e1n aportando peri\u00f3dicamente en el levantamiento de se\u00f1ales de cambio en el arte. La idea es observar nuevos comportamientos y tendencias en el campo del hacer art\u00edstico. Podemos ver que muchas cosas cambiaron desde la pandemia, entonces eso nos da pistas de que un mont\u00f3n de cosas seguir\u00e1n cambiando, el ARTEFACTO siempre hablamos del arte como&nbsp; anticipador de sucesos, eso lo vemos claramente a lo largo de la historia del arte.<\/p>\n\n\n\n<p>Una segunda l\u00ednea tiene que ver con llevar el arte a la proyecci\u00f3n del futuro, usarlo para imaginar nuevas posibilidades, usar el arte para imaginar nuevos escenarios. Esto conecta con la tercera l\u00ednea que busca democratizar el pensamiento art\u00edstico, o ART THINKING como lo hemos denominado, desde la premisa que para inventar un futuro nuevo debemos pensar como artistas.\u00a0<\/p>\n\n\n\n<figure class=\"wp-block-image size-large\"><img fetchpriority=\"high\" decoding=\"async\" width=\"869\" height=\"1024\" src=\"https:\/\/www.valparaisocreativo.cl\/wp-content\/uploads\/2023\/01\/Andrea-Busquets-869x1024.jpg\" alt=\"\" class=\"wp-image-12363\" srcset=\"https:\/\/dev.antudigital.cl\/sites\/vc\/wp-content\/uploads\/2023\/01\/Andrea-Busquets-869x1024.jpg 869w, https:\/\/dev.antudigital.cl\/sites\/vc\/wp-content\/uploads\/2023\/01\/Andrea-Busquets-255x300.jpg 255w, https:\/\/dev.antudigital.cl\/sites\/vc\/wp-content\/uploads\/2023\/01\/Andrea-Busquets-768x905.jpg 768w, https:\/\/dev.antudigital.cl\/sites\/vc\/wp-content\/uploads\/2023\/01\/Andrea-Busquets-1080x1272.jpg 1080w, https:\/\/dev.antudigital.cl\/sites\/vc\/wp-content\/uploads\/2023\/01\/Andrea-Busquets-980x1154.jpg 980w, https:\/\/dev.antudigital.cl\/sites\/vc\/wp-content\/uploads\/2023\/01\/Andrea-Busquets-480x565.jpg 480w, https:\/\/dev.antudigital.cl\/sites\/vc\/wp-content\/uploads\/2023\/01\/Andrea-Busquets.jpg 1136w\" sizes=\"(max-width: 869px) 100vw, 869px\" \/><\/figure>\n\n\n\n<p><strong>Andrea, \u00bfpodr\u00edas contarme un poco acerca de las 4 iniciativas que est\u00e1n llevando a cabo como ARTEFACTO?<\/strong><\/p>\n\n\n\n<p>-Son dos talleres y dos actividades m\u00e1s. Primero est\u00e1 el de taller de Art Thinking, que involucra metodolog\u00edas de las artes visuales y las lleva a otros campos. Busca romper un poco las estructuras de lo conocido y sondear en otros lugares para encontrar soluciones diferentes para diversas&nbsp; problem\u00e1ticas.&nbsp;<\/p>\n\n\n\n<p>Por otra parte est\u00e1 el taller de Cultura Arte y Evoluci\u00f3n, donde cruzamos un poco el tema evolutivo con Historia del arte y estudios del futuro. Est\u00e1 s\u00faper interesante porque el arte atraviesa casi todas las disciplinas humanas y nos parec\u00eda interesante vincularlos desde ah\u00ed.<\/p>\n\n\n\n<p>Adem\u00e1s tenemos un programa de Coaching y mentor\u00eda, y una \u00faltima instancia de curator\u00eda que tiene que ver con hacer un seguimiento del artista y ver sus posibilidades.<\/p>\n\n\n\n<p><br><strong>\u00bfY c\u00f3mo nace esta iniciativa?<\/strong><\/p>\n\n\n\n<p>-Empezamos a conversar de estos temas y sali\u00f3 la idea. Yo vengo del mundo de la Historia del Arte, por lo que me proyecto hacia atr\u00e1s con facilidad y Pablo trabaja en estudios de futuros entonces ARTEFACTO nace como un cruce de estas miradas. Tambi\u00e9n nos interesa democratizar la idea del arte considerando que todos estamos permeados por patrones est\u00e9ticos que nos impulsan a tomar decisiones basadas en gustos determinados por lo que creemos que tomar parte es importante.&nbsp;&nbsp;<\/p>\n\n\n\n<p><strong>\u00bfC\u00f3mo ves el arte en nuestra sociedad hoy en d\u00eda?<\/strong><\/p>\n\n\n\n<p>-El arte es un concepto muy amplio, lo que puedo decir es que nuestra mirada desde ARTEFACTO tiene varias l\u00edneas, por un lado ver lo que sucede con el arte en nuestra sociedad en su conjunto, hoy predominantemente visual y que patrones est\u00e9ticos nos condicionan, como marcamos tendencia consumiendo determinadas cosas dentro de la industria del entretenimiento: cine, videojuegos etc, por ende, darle el lugar que ocupa en nuestra vida que es much\u00edsimo. Por otro lado est\u00e1 la mirada sobre cuestiones m\u00e1s espec\u00edficas de las disciplinas, lo que tiene que ver con determinadas responsabilidades y rol que debemos asumir los artistas visuales por ejemplo, la construcci\u00f3n colectiva, el cruce con las IA y hacia d\u00f3nde vamos.&nbsp;<\/p>\n\n\n\n<p><strong>\u00bfC\u00f3mo te planteas ante el futuro, lo que mencionabas antes, desde el arte?<\/strong><\/p>\n\n\n\n<p>-La curadur\u00eda es algo que yo ven\u00eda haciendo, pero al involucrar el tema del futuro, logramos poder proyectar su impacto (del arte), qu\u00e9 decisiones est\u00e1n tomando (los artistas). Los artistas suelen venir con lo que ya hicieron, revisar tu trabajo pasado, por lo que est\u00e1 bueno revisar las posibilidades futuras tambi\u00e9n con esta visi\u00f3n nueva.<br><\/p>\n\n\n\n<figure class=\"wp-block-image size-large\"><img decoding=\"async\" width=\"683\" height=\"1024\" src=\"https:\/\/www.valparaisocreativo.cl\/wp-content\/uploads\/2023\/01\/Foto-Pablo-Perfil-2022-683x1024.jpg\" alt=\"\" class=\"wp-image-12364\" srcset=\"https:\/\/dev.antudigital.cl\/sites\/vc\/wp-content\/uploads\/2023\/01\/Foto-Pablo-Perfil-2022-683x1024.jpg 683w, https:\/\/dev.antudigital.cl\/sites\/vc\/wp-content\/uploads\/2023\/01\/Foto-Pablo-Perfil-2022-200x300.jpg 200w, https:\/\/dev.antudigital.cl\/sites\/vc\/wp-content\/uploads\/2023\/01\/Foto-Pablo-Perfil-2022-768x1152.jpg 768w, https:\/\/dev.antudigital.cl\/sites\/vc\/wp-content\/uploads\/2023\/01\/Foto-Pablo-Perfil-2022-1024x1536.jpg 1024w, https:\/\/dev.antudigital.cl\/sites\/vc\/wp-content\/uploads\/2023\/01\/Foto-Pablo-Perfil-2022-1365x2048.jpg 1365w, https:\/\/dev.antudigital.cl\/sites\/vc\/wp-content\/uploads\/2023\/01\/Foto-Pablo-Perfil-2022-1080x1620.jpg 1080w, https:\/\/dev.antudigital.cl\/sites\/vc\/wp-content\/uploads\/2023\/01\/Foto-Pablo-Perfil-2022-1280x1920.jpg 1280w, https:\/\/dev.antudigital.cl\/sites\/vc\/wp-content\/uploads\/2023\/01\/Foto-Pablo-Perfil-2022-980x1470.jpg 980w, https:\/\/dev.antudigital.cl\/sites\/vc\/wp-content\/uploads\/2023\/01\/Foto-Pablo-Perfil-2022-480x720.jpg 480w, https:\/\/dev.antudigital.cl\/sites\/vc\/wp-content\/uploads\/2023\/01\/Foto-Pablo-Perfil-2022-scaled.jpg 1707w\" sizes=\"(max-width: 683px) 100vw, 683px\" \/><\/figure>\n\n\n\n<p><strong>\u00bfMe podr\u00edas comentar un poco m\u00e1s del taller de Art Thinking y el otro taller por ejemplo?<\/strong><\/p>\n\n\n\n<p>-Se trata de tomar metodolog\u00edas de las artes visuales para llevarlas a otros lugares. Hurgar en&nbsp; otras zonas creativas del interior de cada uno, como dir\u00eda David Lynch \u201catrapar el pez dorado\u201d. Nuestra frase de \u201ccrear lo que no existe\u201d es precisamente porque eso es lo que hace un artista resignificando todo el tiempo lo que le rodea. Dentro del mundo del arte no hay l\u00edmites, las soluciones son infinitas, te cuestionas todo el tiempo por qu\u00e9 y no hay limitaciones. Es una herramienta para abrir el camino y abrir el arte en m\u00e1s espacios.<\/p>\n\n\n\n<p>Por otro lado, en&nbsp; Arte, Cultura y Evoluci\u00f3n hacemos otros cruces que nos parece que aportan mostrando un mapa completo en el que el arte es una parte fundamental&nbsp; para la evoluci\u00f3n cultural de las sociedades y nos da una explicaci\u00f3n concreta de c\u00f3mo hemos llegado a lo que estamos viviendo.&nbsp;<\/p>\n\n\n\n<p>\u00bfPor qu\u00e9 crees que estas herramientas son valiosas para los y las artistas que pueden llegar a algunos de los&nbsp; cursos?<\/p>\n\n\n\n<p>-En mi experiencia me he dado cuenta que hay un mont\u00f3n de artistas que no saben muy bien lo que est\u00e1n diciendo y muchos que tampoco quieren decir algo puntual y eso est\u00e1 bueno, pero se complica cuando quieres presentarte a un concurso o a alguna residencia. Hay una desconexi\u00f3n muy grande y encontr\u00e9 que muchos de los artistas que se acercaban con inquietudes estaban perdidos con eso. No sab\u00edan cu\u00e1l es el eje de su obra, entonces me di cuenta que una manera buena de ayudar era hilvanando y poniendo orden, generando un discurso y pudiendo llevarlo a los mil caracteres que te piden en una convocatoria. A veces la obra es un proceso, a veces es una intenci\u00f3n, a veces es un cuadro o un video. Por otro lado, con lo que est\u00e1s haciendo ahora en tu producci\u00f3n est\u00e1s anticipando hacia donde es probable que vayas, es una buena instancia de interpelaci\u00f3n acerca de tu propio futuro.<\/p>\n\n\n\n<p><strong>Andrea, \u00bfc\u00f3mo ves que el arte impacta en la vida de la sociedad?<\/strong><\/p>\n\n\n\n<p>-Yo lo veo en todos lados. En la pandemia nos volcamos a las artes audiovisuales. Veo que las redes sociales son un camino de expresi\u00f3n para todes, veo que el mundo se volvi\u00f3 algo sumamente visual, lleno de decisiones est\u00e9ticas. Impacta sobre todas las cosas, m\u00e1s hoy, a todos los museos del mundo puedes acceder por una web &#8211; por ejemplo.&nbsp;<\/p>\n\n\n\n<p><strong>\u00bfQuieres dejar una invitaci\u00f3n a que se sumen a estas instancias quienes nos leen?<\/strong><\/p>\n\n\n\n<p>-\u00a1S\u00ed! que dejemos salir a nuestro artista interior, que todos lo tenemos. El arte es un fen\u00f3meno colectivo. Hoy todos con nuestros celulares estamos marcando tendencias, estamos forjando nuevos patrones visuales, estamos componiendo y comunicando.&nbsp; Nada es inocente y desde ese lugar tambi\u00e9n hablamos de arte.<\/p>\n\n\n\n<p>Por otra parte, queremos invitar a artistas y galer\u00edas a sumarse a al observatorio global de se\u00f1ales de cambio en el arte. A quienes les interese, pueden escribir a artefuturolab@gmail.com<\/p>\n","protected":false},"excerpt":{"rendered":"<p>El arte ha ido evolucionando en conjunto con la sociedad, poniendo en evidencia pr\u00e1cticas sociales, tensiones, cambios y muchos aspectos que han influido sobre la evoluci\u00f3n de la cultura.&nbsp; En ese contexto surge ARTEFACTO, una empresa fundada por Andrea Busquets, Artista visual, Historiadora del Arte&nbsp; y acad\u00e9mica de la UNLP y Pablo Reyes, Consultor y [&hellip;]<\/p>\n","protected":false},"author":1,"featured_media":12365,"comment_status":"open","ping_status":"closed","sticky":false,"template":"","format":"standard","meta":{"_acf_changed":false,"footnotes":""},"categories":[8],"tags":[],"class_list":["post-12362","post","type-post","status-publish","format-standard","has-post-thumbnail","hentry","category-noticia"],"acf":[],"yoast_head":"<!-- This site is optimized with the Yoast SEO plugin v27.1.1 - https:\/\/yoast.com\/product\/yoast-seo-wordpress\/ -->\n<title>Repensando el arte, entrevista a Andrea Busquets de ARTEFACTO - Valpara\u00ed\u00adso Creativo<\/title>\n<meta name=\"robots\" content=\"index, follow, max-snippet:-1, max-image-preview:large, max-video-preview:-1\" \/>\n<link rel=\"canonical\" href=\"https:\/\/dev.antudigital.cl\/sites\/vc\/repensando-el-arte-entrevista-a-andrea-busquets-de-artefacto\/\" \/>\n<meta property=\"og:locale\" content=\"es_ES\" \/>\n<meta property=\"og:type\" content=\"article\" \/>\n<meta property=\"og:title\" content=\"Repensando el arte, entrevista a Andrea Busquets de ARTEFACTO - Valpara\u00ed\u00adso Creativo\" \/>\n<meta property=\"og:description\" content=\"El arte ha ido evolucionando en conjunto con la sociedad, poniendo en evidencia pr\u00e1cticas sociales, tensiones, cambios y muchos aspectos que han influido sobre la evoluci\u00f3n de la cultura.&nbsp; En ese contexto surge ARTEFACTO, una empresa fundada por Andrea Busquets, Artista visual, Historiadora del Arte&nbsp; y acad\u00e9mica de la UNLP y Pablo Reyes, Consultor y [&hellip;]\" \/>\n<meta property=\"og:url\" content=\"https:\/\/dev.antudigital.cl\/sites\/vc\/repensando-el-arte-entrevista-a-andrea-busquets-de-artefacto\/\" \/>\n<meta property=\"og:site_name\" content=\"Valpara\u00ed\u00adso Creativo\" \/>\n<meta property=\"article:published_time\" content=\"2023-01-02T20:45:04+00:00\" \/>\n<meta property=\"article:modified_time\" content=\"2023-01-02T20:45:08+00:00\" \/>\n<meta property=\"og:image\" content=\"https:\/\/dev.antudigital.cl\/sites\/vc\/wp-content\/uploads\/2023\/01\/Captura-de-Pantalla-2023-01-02-a-las-17.44.03.png\" \/>\n\t<meta property=\"og:image:width\" content=\"598\" \/>\n\t<meta property=\"og:image:height\" content=\"328\" \/>\n\t<meta property=\"og:image:type\" content=\"image\/png\" \/>\n<meta name=\"author\" content=\"Valpara\u00edso Creativo\" \/>\n<meta name=\"twitter:card\" content=\"summary_large_image\" \/>\n<meta name=\"twitter:label1\" content=\"Escrito por\" \/>\n\t<meta name=\"twitter:data1\" content=\"Valpara\u00edso Creativo\" \/>\n\t<meta name=\"twitter:label2\" content=\"Tiempo de lectura\" \/>\n\t<meta name=\"twitter:data2\" content=\"7 minutos\" \/>\n<script type=\"application\/ld+json\" class=\"yoast-schema-graph\">{\"@context\":\"https:\/\/schema.org\",\"@graph\":[{\"@type\":\"Article\",\"@id\":\"https:\/\/dev.antudigital.cl\/sites\/vc\/repensando-el-arte-entrevista-a-andrea-busquets-de-artefacto\/#article\",\"isPartOf\":{\"@id\":\"https:\/\/dev.antudigital.cl\/sites\/vc\/repensando-el-arte-entrevista-a-andrea-busquets-de-artefacto\/\"},\"author\":{\"name\":\"Valpara\u00edso Creativo\",\"@id\":\"https:\/\/dev.antudigital.cl\/sites\/vc\/#\/schema\/person\/c2b9da8dd545e27166fc5ab232837318\"},\"headline\":\"Repensando el arte, entrevista a Andrea Busquets de ARTEFACTO\",\"datePublished\":\"2023-01-02T20:45:04+00:00\",\"dateModified\":\"2023-01-02T20:45:08+00:00\",\"mainEntityOfPage\":{\"@id\":\"https:\/\/dev.antudigital.cl\/sites\/vc\/repensando-el-arte-entrevista-a-andrea-busquets-de-artefacto\/\"},\"wordCount\":1366,\"commentCount\":0,\"image\":{\"@id\":\"https:\/\/dev.antudigital.cl\/sites\/vc\/repensando-el-arte-entrevista-a-andrea-busquets-de-artefacto\/#primaryimage\"},\"thumbnailUrl\":\"https:\/\/dev.antudigital.cl\/sites\/vc\/wp-content\/uploads\/2023\/01\/Captura-de-Pantalla-2023-01-02-a-las-17.44.03.png\",\"articleSection\":[\"Noticia\"],\"inLanguage\":\"es\",\"potentialAction\":[{\"@type\":\"CommentAction\",\"name\":\"Comment\",\"target\":[\"https:\/\/dev.antudigital.cl\/sites\/vc\/repensando-el-arte-entrevista-a-andrea-busquets-de-artefacto\/#respond\"]}]},{\"@type\":\"WebPage\",\"@id\":\"https:\/\/dev.antudigital.cl\/sites\/vc\/repensando-el-arte-entrevista-a-andrea-busquets-de-artefacto\/\",\"url\":\"https:\/\/dev.antudigital.cl\/sites\/vc\/repensando-el-arte-entrevista-a-andrea-busquets-de-artefacto\/\",\"name\":\"Repensando el arte, entrevista a Andrea Busquets de ARTEFACTO - Valpara\u00ed\u00adso Creativo\",\"isPartOf\":{\"@id\":\"https:\/\/dev.antudigital.cl\/sites\/vc\/#website\"},\"primaryImageOfPage\":{\"@id\":\"https:\/\/dev.antudigital.cl\/sites\/vc\/repensando-el-arte-entrevista-a-andrea-busquets-de-artefacto\/#primaryimage\"},\"image\":{\"@id\":\"https:\/\/dev.antudigital.cl\/sites\/vc\/repensando-el-arte-entrevista-a-andrea-busquets-de-artefacto\/#primaryimage\"},\"thumbnailUrl\":\"https:\/\/dev.antudigital.cl\/sites\/vc\/wp-content\/uploads\/2023\/01\/Captura-de-Pantalla-2023-01-02-a-las-17.44.03.png\",\"datePublished\":\"2023-01-02T20:45:04+00:00\",\"dateModified\":\"2023-01-02T20:45:08+00:00\",\"author\":{\"@id\":\"https:\/\/dev.antudigital.cl\/sites\/vc\/#\/schema\/person\/c2b9da8dd545e27166fc5ab232837318\"},\"breadcrumb\":{\"@id\":\"https:\/\/dev.antudigital.cl\/sites\/vc\/repensando-el-arte-entrevista-a-andrea-busquets-de-artefacto\/#breadcrumb\"},\"inLanguage\":\"es\",\"potentialAction\":[{\"@type\":\"ReadAction\",\"target\":[\"https:\/\/dev.antudigital.cl\/sites\/vc\/repensando-el-arte-entrevista-a-andrea-busquets-de-artefacto\/\"]}]},{\"@type\":\"ImageObject\",\"inLanguage\":\"es\",\"@id\":\"https:\/\/dev.antudigital.cl\/sites\/vc\/repensando-el-arte-entrevista-a-andrea-busquets-de-artefacto\/#primaryimage\",\"url\":\"https:\/\/dev.antudigital.cl\/sites\/vc\/wp-content\/uploads\/2023\/01\/Captura-de-Pantalla-2023-01-02-a-las-17.44.03.png\",\"contentUrl\":\"https:\/\/dev.antudigital.cl\/sites\/vc\/wp-content\/uploads\/2023\/01\/Captura-de-Pantalla-2023-01-02-a-las-17.44.03.png\",\"width\":598,\"height\":328},{\"@type\":\"BreadcrumbList\",\"@id\":\"https:\/\/dev.antudigital.cl\/sites\/vc\/repensando-el-arte-entrevista-a-andrea-busquets-de-artefacto\/#breadcrumb\",\"itemListElement\":[{\"@type\":\"ListItem\",\"position\":1,\"name\":\"Home\",\"item\":\"https:\/\/dev.antudigital.cl\/sites\/vc\/\"},{\"@type\":\"ListItem\",\"position\":2,\"name\":\"Repensando el arte, entrevista a Andrea Busquets de ARTEFACTO\"}]},{\"@type\":\"WebSite\",\"@id\":\"https:\/\/dev.antudigital.cl\/sites\/vc\/#website\",\"url\":\"https:\/\/dev.antudigital.cl\/sites\/vc\/\",\"name\":\"Valpara\u00ed\u00adso Creativo\",\"description\":\"\",\"potentialAction\":[{\"@type\":\"SearchAction\",\"target\":{\"@type\":\"EntryPoint\",\"urlTemplate\":\"https:\/\/dev.antudigital.cl\/sites\/vc\/?s={search_term_string}\"},\"query-input\":{\"@type\":\"PropertyValueSpecification\",\"valueRequired\":true,\"valueName\":\"search_term_string\"}}],\"inLanguage\":\"es\"},{\"@type\":\"Person\",\"@id\":\"https:\/\/dev.antudigital.cl\/sites\/vc\/#\/schema\/person\/c2b9da8dd545e27166fc5ab232837318\",\"name\":\"Valpara\u00edso Creativo\",\"description\":\"Periodista de cultura en la Regi\u00f3n de Valpara\u00edso.\",\"url\":\"https:\/\/dev.antudigital.cl\/sites\/vc\/author\/valpoadmin\/\"}]}<\/script>\n<!-- \/ Yoast SEO plugin. -->","yoast_head_json":{"title":"Repensando el arte, entrevista a Andrea Busquets de ARTEFACTO - Valpara\u00ed\u00adso Creativo","robots":{"index":"index","follow":"follow","max-snippet":"max-snippet:-1","max-image-preview":"max-image-preview:large","max-video-preview":"max-video-preview:-1"},"canonical":"https:\/\/dev.antudigital.cl\/sites\/vc\/repensando-el-arte-entrevista-a-andrea-busquets-de-artefacto\/","og_locale":"es_ES","og_type":"article","og_title":"Repensando el arte, entrevista a Andrea Busquets de ARTEFACTO - Valpara\u00ed\u00adso Creativo","og_description":"El arte ha ido evolucionando en conjunto con la sociedad, poniendo en evidencia pr\u00e1cticas sociales, tensiones, cambios y muchos aspectos que han influido sobre la evoluci\u00f3n de la cultura.&nbsp; En ese contexto surge ARTEFACTO, una empresa fundada por Andrea Busquets, Artista visual, Historiadora del Arte&nbsp; y acad\u00e9mica de la UNLP y Pablo Reyes, Consultor y [&hellip;]","og_url":"https:\/\/dev.antudigital.cl\/sites\/vc\/repensando-el-arte-entrevista-a-andrea-busquets-de-artefacto\/","og_site_name":"Valpara\u00ed\u00adso Creativo","article_published_time":"2023-01-02T20:45:04+00:00","article_modified_time":"2023-01-02T20:45:08+00:00","og_image":[{"width":598,"height":328,"url":"https:\/\/dev.antudigital.cl\/sites\/vc\/wp-content\/uploads\/2023\/01\/Captura-de-Pantalla-2023-01-02-a-las-17.44.03.png","type":"image\/png"}],"author":"Valpara\u00edso Creativo","twitter_card":"summary_large_image","twitter_misc":{"Escrito por":"Valpara\u00edso Creativo","Tiempo de lectura":"7 minutos"},"schema":{"@context":"https:\/\/schema.org","@graph":[{"@type":"Article","@id":"https:\/\/dev.antudigital.cl\/sites\/vc\/repensando-el-arte-entrevista-a-andrea-busquets-de-artefacto\/#article","isPartOf":{"@id":"https:\/\/dev.antudigital.cl\/sites\/vc\/repensando-el-arte-entrevista-a-andrea-busquets-de-artefacto\/"},"author":{"name":"Valpara\u00edso Creativo","@id":"https:\/\/dev.antudigital.cl\/sites\/vc\/#\/schema\/person\/c2b9da8dd545e27166fc5ab232837318"},"headline":"Repensando el arte, entrevista a Andrea Busquets de ARTEFACTO","datePublished":"2023-01-02T20:45:04+00:00","dateModified":"2023-01-02T20:45:08+00:00","mainEntityOfPage":{"@id":"https:\/\/dev.antudigital.cl\/sites\/vc\/repensando-el-arte-entrevista-a-andrea-busquets-de-artefacto\/"},"wordCount":1366,"commentCount":0,"image":{"@id":"https:\/\/dev.antudigital.cl\/sites\/vc\/repensando-el-arte-entrevista-a-andrea-busquets-de-artefacto\/#primaryimage"},"thumbnailUrl":"https:\/\/dev.antudigital.cl\/sites\/vc\/wp-content\/uploads\/2023\/01\/Captura-de-Pantalla-2023-01-02-a-las-17.44.03.png","articleSection":["Noticia"],"inLanguage":"es","potentialAction":[{"@type":"CommentAction","name":"Comment","target":["https:\/\/dev.antudigital.cl\/sites\/vc\/repensando-el-arte-entrevista-a-andrea-busquets-de-artefacto\/#respond"]}]},{"@type":"WebPage","@id":"https:\/\/dev.antudigital.cl\/sites\/vc\/repensando-el-arte-entrevista-a-andrea-busquets-de-artefacto\/","url":"https:\/\/dev.antudigital.cl\/sites\/vc\/repensando-el-arte-entrevista-a-andrea-busquets-de-artefacto\/","name":"Repensando el arte, entrevista a Andrea Busquets de ARTEFACTO - Valpara\u00ed\u00adso Creativo","isPartOf":{"@id":"https:\/\/dev.antudigital.cl\/sites\/vc\/#website"},"primaryImageOfPage":{"@id":"https:\/\/dev.antudigital.cl\/sites\/vc\/repensando-el-arte-entrevista-a-andrea-busquets-de-artefacto\/#primaryimage"},"image":{"@id":"https:\/\/dev.antudigital.cl\/sites\/vc\/repensando-el-arte-entrevista-a-andrea-busquets-de-artefacto\/#primaryimage"},"thumbnailUrl":"https:\/\/dev.antudigital.cl\/sites\/vc\/wp-content\/uploads\/2023\/01\/Captura-de-Pantalla-2023-01-02-a-las-17.44.03.png","datePublished":"2023-01-02T20:45:04+00:00","dateModified":"2023-01-02T20:45:08+00:00","author":{"@id":"https:\/\/dev.antudigital.cl\/sites\/vc\/#\/schema\/person\/c2b9da8dd545e27166fc5ab232837318"},"breadcrumb":{"@id":"https:\/\/dev.antudigital.cl\/sites\/vc\/repensando-el-arte-entrevista-a-andrea-busquets-de-artefacto\/#breadcrumb"},"inLanguage":"es","potentialAction":[{"@type":"ReadAction","target":["https:\/\/dev.antudigital.cl\/sites\/vc\/repensando-el-arte-entrevista-a-andrea-busquets-de-artefacto\/"]}]},{"@type":"ImageObject","inLanguage":"es","@id":"https:\/\/dev.antudigital.cl\/sites\/vc\/repensando-el-arte-entrevista-a-andrea-busquets-de-artefacto\/#primaryimage","url":"https:\/\/dev.antudigital.cl\/sites\/vc\/wp-content\/uploads\/2023\/01\/Captura-de-Pantalla-2023-01-02-a-las-17.44.03.png","contentUrl":"https:\/\/dev.antudigital.cl\/sites\/vc\/wp-content\/uploads\/2023\/01\/Captura-de-Pantalla-2023-01-02-a-las-17.44.03.png","width":598,"height":328},{"@type":"BreadcrumbList","@id":"https:\/\/dev.antudigital.cl\/sites\/vc\/repensando-el-arte-entrevista-a-andrea-busquets-de-artefacto\/#breadcrumb","itemListElement":[{"@type":"ListItem","position":1,"name":"Home","item":"https:\/\/dev.antudigital.cl\/sites\/vc\/"},{"@type":"ListItem","position":2,"name":"Repensando el arte, entrevista a Andrea Busquets de ARTEFACTO"}]},{"@type":"WebSite","@id":"https:\/\/dev.antudigital.cl\/sites\/vc\/#website","url":"https:\/\/dev.antudigital.cl\/sites\/vc\/","name":"Valpara\u00ed\u00adso Creativo","description":"","potentialAction":[{"@type":"SearchAction","target":{"@type":"EntryPoint","urlTemplate":"https:\/\/dev.antudigital.cl\/sites\/vc\/?s={search_term_string}"},"query-input":{"@type":"PropertyValueSpecification","valueRequired":true,"valueName":"search_term_string"}}],"inLanguage":"es"},{"@type":"Person","@id":"https:\/\/dev.antudigital.cl\/sites\/vc\/#\/schema\/person\/c2b9da8dd545e27166fc5ab232837318","name":"Valpara\u00edso Creativo","description":"Periodista de cultura en la Regi\u00f3n de Valpara\u00edso.","url":"https:\/\/dev.antudigital.cl\/sites\/vc\/author\/valpoadmin\/"}]}},"_links":{"self":[{"href":"https:\/\/dev.antudigital.cl\/sites\/vc\/wp-json\/wp\/v2\/posts\/12362","targetHints":{"allow":["GET"]}}],"collection":[{"href":"https:\/\/dev.antudigital.cl\/sites\/vc\/wp-json\/wp\/v2\/posts"}],"about":[{"href":"https:\/\/dev.antudigital.cl\/sites\/vc\/wp-json\/wp\/v2\/types\/post"}],"author":[{"embeddable":true,"href":"https:\/\/dev.antudigital.cl\/sites\/vc\/wp-json\/wp\/v2\/users\/1"}],"replies":[{"embeddable":true,"href":"https:\/\/dev.antudigital.cl\/sites\/vc\/wp-json\/wp\/v2\/comments?post=12362"}],"version-history":[{"count":1,"href":"https:\/\/dev.antudigital.cl\/sites\/vc\/wp-json\/wp\/v2\/posts\/12362\/revisions"}],"predecessor-version":[{"id":12366,"href":"https:\/\/dev.antudigital.cl\/sites\/vc\/wp-json\/wp\/v2\/posts\/12362\/revisions\/12366"}],"wp:featuredmedia":[{"embeddable":true,"href":"https:\/\/dev.antudigital.cl\/sites\/vc\/wp-json\/wp\/v2\/media\/12365"}],"wp:attachment":[{"href":"https:\/\/dev.antudigital.cl\/sites\/vc\/wp-json\/wp\/v2\/media?parent=12362"}],"wp:term":[{"taxonomy":"category","embeddable":true,"href":"https:\/\/dev.antudigital.cl\/sites\/vc\/wp-json\/wp\/v2\/categories?post=12362"},{"taxonomy":"post_tag","embeddable":true,"href":"https:\/\/dev.antudigital.cl\/sites\/vc\/wp-json\/wp\/v2\/tags?post=12362"}],"curies":[{"name":"wp","href":"https:\/\/api.w.org\/{rel}","templated":true}]}}