{"id":12372,"date":"2023-01-09T18:45:17","date_gmt":"2023-01-09T18:45:17","guid":{"rendered":"https:\/\/www.valparaisocreativo.cl\/?p=12372"},"modified":"2023-01-09T18:45:27","modified_gmt":"2023-01-09T18:45:27","slug":"exposicion-el-trazo-de-la-memoria","status":"publish","type":"post","link":"https:\/\/dev.antudigital.cl\/sites\/vc\/exposicion-el-trazo-de-la-memoria\/","title":{"rendered":"Exposici\u00f3n \u00abEl trazo de la memoria\u00bb"},"content":{"rendered":"\n<p>El Museo Universitario del Grabado invita el s\u00e1bado 14 a las 12:00 horas, a la inauguraci\u00f3n de la exposici\u00f3n temporal \u201cEl trazo de la memoria\u201d de la artista Patricia Israel.<\/p>\n\n\n\n<p>&#x1f7e0;La inauguraci\u00f3n es con entrada liberada y la exposici\u00f3n contempla 18 obras gr\u00e1ficas de Patricia Israel en la que su cronolog\u00eda es de los a\u00f1os 70 hasta el a\u00f1o 2.000.<\/p>\n\n\n\n<p>&#x1f7e2;Patricia Israel (18 febrero 1939 &#8211; 21 noviembre 2011), fue una destacada artista chilena que estudi\u00f3 pintura y grabado en la Escuela de Bellas Artes de la Universidad de Chile, fue docente y expuso sus obras art\u00edsticas a nivel nacional e internacional de forma colectiva e individualmente.<\/p>\n\n\n\n<p>&#x1f7e0;Gan\u00f3 variados premios y distinciones, entre los cuales se encuentra la obtenci\u00f3n del Primer Premio en Grabado Sal\u00f3n Oficial de Santiago en el 1962 y fue la primera mujer que gan\u00f3 la Bienal de Valpara\u00edso en 1991.<\/p>\n\n\n\n<p>&#x1f7e2;La muestra se encontrar\u00e1 disponible desde el 14 de enero hasta el 26 de febrero.<\/p>\n\n\n\n<p>M\u00e1s informaci\u00f3n en <a href=\"https:\/\/www.instagram.com\/mugupla\/\">sus redes sociales.<\/a><\/p>\n\n\n\n<figure class=\"wp-block-image size-full\"><img fetchpriority=\"high\" decoding=\"async\" width=\"596\" height=\"597\" src=\"https:\/\/www.valparaisocreativo.cl\/wp-content\/uploads\/2023\/01\/Captura-de-Pantalla-2023-01-09-a-las-15.42.45.png\" alt=\"\" class=\"wp-image-12373\" srcset=\"https:\/\/dev.antudigital.cl\/sites\/vc\/wp-content\/uploads\/2023\/01\/Captura-de-Pantalla-2023-01-09-a-las-15.42.45.png 596w, https:\/\/dev.antudigital.cl\/sites\/vc\/wp-content\/uploads\/2023\/01\/Captura-de-Pantalla-2023-01-09-a-las-15.42.45-300x300.png 300w, https:\/\/dev.antudigital.cl\/sites\/vc\/wp-content\/uploads\/2023\/01\/Captura-de-Pantalla-2023-01-09-a-las-15.42.45-150x150.png 150w, https:\/\/dev.antudigital.cl\/sites\/vc\/wp-content\/uploads\/2023\/01\/Captura-de-Pantalla-2023-01-09-a-las-15.42.45-480x481.png 480w\" sizes=\"(max-width: 596px) 100vw, 596px\" \/><\/figure>\n","protected":false},"excerpt":{"rendered":"<p>El Museo Universitario del Grabado invita el s\u00e1bado 14 a las 12:00 horas, a la inauguraci\u00f3n de la exposici\u00f3n temporal \u201cEl trazo de la memoria\u201d de la artista Patricia Israel. &#x1f7e0;La inauguraci\u00f3n es con entrada liberada y la exposici\u00f3n contempla 18 obras gr\u00e1ficas de Patricia Israel en la que su cronolog\u00eda es de los a\u00f1os [&hellip;]<\/p>\n","protected":false},"author":1,"featured_media":12374,"comment_status":"open","ping_status":"closed","sticky":false,"template":"","format":"standard","meta":{"_acf_changed":false,"footnotes":""},"categories":[8],"tags":[],"class_list":["post-12372","post","type-post","status-publish","format-standard","has-post-thumbnail","hentry","category-noticia"],"acf":[],"yoast_head":"<!-- This site is optimized with the Yoast SEO plugin v27.1.1 - https:\/\/yoast.com\/product\/yoast-seo-wordpress\/ -->\n<title>Exposici\u00f3n &quot;El trazo de la memoria&quot; - Valpara\u00ed\u00adso Creativo<\/title>\n<meta name=\"robots\" content=\"index, follow, max-snippet:-1, max-image-preview:large, max-video-preview:-1\" \/>\n<link rel=\"canonical\" href=\"https:\/\/dev.antudigital.cl\/sites\/vc\/exposicion-el-trazo-de-la-memoria\/\" \/>\n<meta property=\"og:locale\" content=\"es_ES\" \/>\n<meta property=\"og:type\" content=\"article\" \/>\n<meta property=\"og:title\" content=\"Exposici\u00f3n &quot;El trazo de la memoria&quot; - Valpara\u00ed\u00adso Creativo\" \/>\n<meta property=\"og:description\" content=\"El Museo Universitario del Grabado invita el s\u00e1bado 14 a las 12:00 horas, a la inauguraci\u00f3n de la exposici\u00f3n temporal \u201cEl trazo de la memoria\u201d de la artista Patricia Israel. &#x1f7e0;La inauguraci\u00f3n es con entrada liberada y la exposici\u00f3n contempla 18 obras gr\u00e1ficas de Patricia Israel en la que su cronolog\u00eda es de los a\u00f1os [&hellip;]\" \/>\n<meta property=\"og:url\" content=\"https:\/\/dev.antudigital.cl\/sites\/vc\/exposicion-el-trazo-de-la-memoria\/\" \/>\n<meta property=\"og:site_name\" content=\"Valpara\u00ed\u00adso Creativo\" \/>\n<meta property=\"article:published_time\" content=\"2023-01-09T18:45:17+00:00\" \/>\n<meta property=\"article:modified_time\" content=\"2023-01-09T18:45:27+00:00\" \/>\n<meta property=\"og:image\" content=\"https:\/\/dev.antudigital.cl\/sites\/vc\/wp-content\/uploads\/2023\/01\/museo.jpeg\" \/>\n\t<meta property=\"og:image:width\" content=\"900\" \/>\n\t<meta property=\"og:image:height\" content=\"579\" \/>\n\t<meta property=\"og:image:type\" content=\"image\/jpeg\" \/>\n<meta name=\"author\" content=\"Valpara\u00edso Creativo\" \/>\n<meta name=\"twitter:card\" content=\"summary_large_image\" \/>\n<meta name=\"twitter:label1\" content=\"Escrito por\" \/>\n\t<meta name=\"twitter:data1\" content=\"Valpara\u00edso Creativo\" \/>\n\t<meta name=\"twitter:label2\" content=\"Tiempo de lectura\" \/>\n\t<meta name=\"twitter:data2\" content=\"1 minuto\" \/>\n<script type=\"application\/ld+json\" class=\"yoast-schema-graph\">{\"@context\":\"https:\/\/schema.org\",\"@graph\":[{\"@type\":\"Article\",\"@id\":\"https:\/\/dev.antudigital.cl\/sites\/vc\/exposicion-el-trazo-de-la-memoria\/#article\",\"isPartOf\":{\"@id\":\"https:\/\/dev.antudigital.cl\/sites\/vc\/exposicion-el-trazo-de-la-memoria\/\"},\"author\":{\"name\":\"Valpara\u00edso Creativo\",\"@id\":\"https:\/\/dev.antudigital.cl\/sites\/vc\/#\/schema\/person\/c2b9da8dd545e27166fc5ab232837318\"},\"headline\":\"Exposici\u00f3n \u00abEl trazo de la memoria\u00bb\",\"datePublished\":\"2023-01-09T18:45:17+00:00\",\"dateModified\":\"2023-01-09T18:45:27+00:00\",\"mainEntityOfPage\":{\"@id\":\"https:\/\/dev.antudigital.cl\/sites\/vc\/exposicion-el-trazo-de-la-memoria\/\"},\"wordCount\":186,\"commentCount\":0,\"image\":{\"@id\":\"https:\/\/dev.antudigital.cl\/sites\/vc\/exposicion-el-trazo-de-la-memoria\/#primaryimage\"},\"thumbnailUrl\":\"https:\/\/dev.antudigital.cl\/sites\/vc\/wp-content\/uploads\/2023\/01\/museo.jpeg\",\"articleSection\":[\"Noticia\"],\"inLanguage\":\"es\",\"potentialAction\":[{\"@type\":\"CommentAction\",\"name\":\"Comment\",\"target\":[\"https:\/\/dev.antudigital.cl\/sites\/vc\/exposicion-el-trazo-de-la-memoria\/#respond\"]}]},{\"@type\":\"WebPage\",\"@id\":\"https:\/\/dev.antudigital.cl\/sites\/vc\/exposicion-el-trazo-de-la-memoria\/\",\"url\":\"https:\/\/dev.antudigital.cl\/sites\/vc\/exposicion-el-trazo-de-la-memoria\/\",\"name\":\"Exposici\u00f3n \\\"El trazo de la memoria\\\" - Valpara\u00ed\u00adso Creativo\",\"isPartOf\":{\"@id\":\"https:\/\/dev.antudigital.cl\/sites\/vc\/#website\"},\"primaryImageOfPage\":{\"@id\":\"https:\/\/dev.antudigital.cl\/sites\/vc\/exposicion-el-trazo-de-la-memoria\/#primaryimage\"},\"image\":{\"@id\":\"https:\/\/dev.antudigital.cl\/sites\/vc\/exposicion-el-trazo-de-la-memoria\/#primaryimage\"},\"thumbnailUrl\":\"https:\/\/dev.antudigital.cl\/sites\/vc\/wp-content\/uploads\/2023\/01\/museo.jpeg\",\"datePublished\":\"2023-01-09T18:45:17+00:00\",\"dateModified\":\"2023-01-09T18:45:27+00:00\",\"author\":{\"@id\":\"https:\/\/dev.antudigital.cl\/sites\/vc\/#\/schema\/person\/c2b9da8dd545e27166fc5ab232837318\"},\"breadcrumb\":{\"@id\":\"https:\/\/dev.antudigital.cl\/sites\/vc\/exposicion-el-trazo-de-la-memoria\/#breadcrumb\"},\"inLanguage\":\"es\",\"potentialAction\":[{\"@type\":\"ReadAction\",\"target\":[\"https:\/\/dev.antudigital.cl\/sites\/vc\/exposicion-el-trazo-de-la-memoria\/\"]}]},{\"@type\":\"ImageObject\",\"inLanguage\":\"es\",\"@id\":\"https:\/\/dev.antudigital.cl\/sites\/vc\/exposicion-el-trazo-de-la-memoria\/#primaryimage\",\"url\":\"https:\/\/dev.antudigital.cl\/sites\/vc\/wp-content\/uploads\/2023\/01\/museo.jpeg\",\"contentUrl\":\"https:\/\/dev.antudigital.cl\/sites\/vc\/wp-content\/uploads\/2023\/01\/museo.jpeg\",\"width\":900,\"height\":579},{\"@type\":\"BreadcrumbList\",\"@id\":\"https:\/\/dev.antudigital.cl\/sites\/vc\/exposicion-el-trazo-de-la-memoria\/#breadcrumb\",\"itemListElement\":[{\"@type\":\"ListItem\",\"position\":1,\"name\":\"Home\",\"item\":\"https:\/\/dev.antudigital.cl\/sites\/vc\/\"},{\"@type\":\"ListItem\",\"position\":2,\"name\":\"Exposici\u00f3n \u00abEl trazo de la memoria\u00bb\"}]},{\"@type\":\"WebSite\",\"@id\":\"https:\/\/dev.antudigital.cl\/sites\/vc\/#website\",\"url\":\"https:\/\/dev.antudigital.cl\/sites\/vc\/\",\"name\":\"Valpara\u00ed\u00adso Creativo\",\"description\":\"\",\"potentialAction\":[{\"@type\":\"SearchAction\",\"target\":{\"@type\":\"EntryPoint\",\"urlTemplate\":\"https:\/\/dev.antudigital.cl\/sites\/vc\/?s={search_term_string}\"},\"query-input\":{\"@type\":\"PropertyValueSpecification\",\"valueRequired\":true,\"valueName\":\"search_term_string\"}}],\"inLanguage\":\"es\"},{\"@type\":\"Person\",\"@id\":\"https:\/\/dev.antudigital.cl\/sites\/vc\/#\/schema\/person\/c2b9da8dd545e27166fc5ab232837318\",\"name\":\"Valpara\u00edso Creativo\",\"description\":\"Periodista de cultura en la Regi\u00f3n de Valpara\u00edso.\",\"url\":\"https:\/\/dev.antudigital.cl\/sites\/vc\/author\/valpoadmin\/\"}]}<\/script>\n<!-- \/ Yoast SEO plugin. -->","yoast_head_json":{"title":"Exposici\u00f3n \"El trazo de la memoria\" - Valpara\u00ed\u00adso Creativo","robots":{"index":"index","follow":"follow","max-snippet":"max-snippet:-1","max-image-preview":"max-image-preview:large","max-video-preview":"max-video-preview:-1"},"canonical":"https:\/\/dev.antudigital.cl\/sites\/vc\/exposicion-el-trazo-de-la-memoria\/","og_locale":"es_ES","og_type":"article","og_title":"Exposici\u00f3n \"El trazo de la memoria\" - Valpara\u00ed\u00adso Creativo","og_description":"El Museo Universitario del Grabado invita el s\u00e1bado 14 a las 12:00 horas, a la inauguraci\u00f3n de la exposici\u00f3n temporal \u201cEl trazo de la memoria\u201d de la artista Patricia Israel. &#x1f7e0;La inauguraci\u00f3n es con entrada liberada y la exposici\u00f3n contempla 18 obras gr\u00e1ficas de Patricia Israel en la que su cronolog\u00eda es de los a\u00f1os [&hellip;]","og_url":"https:\/\/dev.antudigital.cl\/sites\/vc\/exposicion-el-trazo-de-la-memoria\/","og_site_name":"Valpara\u00ed\u00adso Creativo","article_published_time":"2023-01-09T18:45:17+00:00","article_modified_time":"2023-01-09T18:45:27+00:00","og_image":[{"width":900,"height":579,"url":"https:\/\/dev.antudigital.cl\/sites\/vc\/wp-content\/uploads\/2023\/01\/museo.jpeg","type":"image\/jpeg"}],"author":"Valpara\u00edso Creativo","twitter_card":"summary_large_image","twitter_misc":{"Escrito por":"Valpara\u00edso Creativo","Tiempo de lectura":"1 minuto"},"schema":{"@context":"https:\/\/schema.org","@graph":[{"@type":"Article","@id":"https:\/\/dev.antudigital.cl\/sites\/vc\/exposicion-el-trazo-de-la-memoria\/#article","isPartOf":{"@id":"https:\/\/dev.antudigital.cl\/sites\/vc\/exposicion-el-trazo-de-la-memoria\/"},"author":{"name":"Valpara\u00edso Creativo","@id":"https:\/\/dev.antudigital.cl\/sites\/vc\/#\/schema\/person\/c2b9da8dd545e27166fc5ab232837318"},"headline":"Exposici\u00f3n \u00abEl trazo de la memoria\u00bb","datePublished":"2023-01-09T18:45:17+00:00","dateModified":"2023-01-09T18:45:27+00:00","mainEntityOfPage":{"@id":"https:\/\/dev.antudigital.cl\/sites\/vc\/exposicion-el-trazo-de-la-memoria\/"},"wordCount":186,"commentCount":0,"image":{"@id":"https:\/\/dev.antudigital.cl\/sites\/vc\/exposicion-el-trazo-de-la-memoria\/#primaryimage"},"thumbnailUrl":"https:\/\/dev.antudigital.cl\/sites\/vc\/wp-content\/uploads\/2023\/01\/museo.jpeg","articleSection":["Noticia"],"inLanguage":"es","potentialAction":[{"@type":"CommentAction","name":"Comment","target":["https:\/\/dev.antudigital.cl\/sites\/vc\/exposicion-el-trazo-de-la-memoria\/#respond"]}]},{"@type":"WebPage","@id":"https:\/\/dev.antudigital.cl\/sites\/vc\/exposicion-el-trazo-de-la-memoria\/","url":"https:\/\/dev.antudigital.cl\/sites\/vc\/exposicion-el-trazo-de-la-memoria\/","name":"Exposici\u00f3n \"El trazo de la memoria\" - Valpara\u00ed\u00adso Creativo","isPartOf":{"@id":"https:\/\/dev.antudigital.cl\/sites\/vc\/#website"},"primaryImageOfPage":{"@id":"https:\/\/dev.antudigital.cl\/sites\/vc\/exposicion-el-trazo-de-la-memoria\/#primaryimage"},"image":{"@id":"https:\/\/dev.antudigital.cl\/sites\/vc\/exposicion-el-trazo-de-la-memoria\/#primaryimage"},"thumbnailUrl":"https:\/\/dev.antudigital.cl\/sites\/vc\/wp-content\/uploads\/2023\/01\/museo.jpeg","datePublished":"2023-01-09T18:45:17+00:00","dateModified":"2023-01-09T18:45:27+00:00","author":{"@id":"https:\/\/dev.antudigital.cl\/sites\/vc\/#\/schema\/person\/c2b9da8dd545e27166fc5ab232837318"},"breadcrumb":{"@id":"https:\/\/dev.antudigital.cl\/sites\/vc\/exposicion-el-trazo-de-la-memoria\/#breadcrumb"},"inLanguage":"es","potentialAction":[{"@type":"ReadAction","target":["https:\/\/dev.antudigital.cl\/sites\/vc\/exposicion-el-trazo-de-la-memoria\/"]}]},{"@type":"ImageObject","inLanguage":"es","@id":"https:\/\/dev.antudigital.cl\/sites\/vc\/exposicion-el-trazo-de-la-memoria\/#primaryimage","url":"https:\/\/dev.antudigital.cl\/sites\/vc\/wp-content\/uploads\/2023\/01\/museo.jpeg","contentUrl":"https:\/\/dev.antudigital.cl\/sites\/vc\/wp-content\/uploads\/2023\/01\/museo.jpeg","width":900,"height":579},{"@type":"BreadcrumbList","@id":"https:\/\/dev.antudigital.cl\/sites\/vc\/exposicion-el-trazo-de-la-memoria\/#breadcrumb","itemListElement":[{"@type":"ListItem","position":1,"name":"Home","item":"https:\/\/dev.antudigital.cl\/sites\/vc\/"},{"@type":"ListItem","position":2,"name":"Exposici\u00f3n \u00abEl trazo de la memoria\u00bb"}]},{"@type":"WebSite","@id":"https:\/\/dev.antudigital.cl\/sites\/vc\/#website","url":"https:\/\/dev.antudigital.cl\/sites\/vc\/","name":"Valpara\u00ed\u00adso Creativo","description":"","potentialAction":[{"@type":"SearchAction","target":{"@type":"EntryPoint","urlTemplate":"https:\/\/dev.antudigital.cl\/sites\/vc\/?s={search_term_string}"},"query-input":{"@type":"PropertyValueSpecification","valueRequired":true,"valueName":"search_term_string"}}],"inLanguage":"es"},{"@type":"Person","@id":"https:\/\/dev.antudigital.cl\/sites\/vc\/#\/schema\/person\/c2b9da8dd545e27166fc5ab232837318","name":"Valpara\u00edso Creativo","description":"Periodista de cultura en la Regi\u00f3n de Valpara\u00edso.","url":"https:\/\/dev.antudigital.cl\/sites\/vc\/author\/valpoadmin\/"}]}},"_links":{"self":[{"href":"https:\/\/dev.antudigital.cl\/sites\/vc\/wp-json\/wp\/v2\/posts\/12372","targetHints":{"allow":["GET"]}}],"collection":[{"href":"https:\/\/dev.antudigital.cl\/sites\/vc\/wp-json\/wp\/v2\/posts"}],"about":[{"href":"https:\/\/dev.antudigital.cl\/sites\/vc\/wp-json\/wp\/v2\/types\/post"}],"author":[{"embeddable":true,"href":"https:\/\/dev.antudigital.cl\/sites\/vc\/wp-json\/wp\/v2\/users\/1"}],"replies":[{"embeddable":true,"href":"https:\/\/dev.antudigital.cl\/sites\/vc\/wp-json\/wp\/v2\/comments?post=12372"}],"version-history":[{"count":1,"href":"https:\/\/dev.antudigital.cl\/sites\/vc\/wp-json\/wp\/v2\/posts\/12372\/revisions"}],"predecessor-version":[{"id":12375,"href":"https:\/\/dev.antudigital.cl\/sites\/vc\/wp-json\/wp\/v2\/posts\/12372\/revisions\/12375"}],"wp:featuredmedia":[{"embeddable":true,"href":"https:\/\/dev.antudigital.cl\/sites\/vc\/wp-json\/wp\/v2\/media\/12374"}],"wp:attachment":[{"href":"https:\/\/dev.antudigital.cl\/sites\/vc\/wp-json\/wp\/v2\/media?parent=12372"}],"wp:term":[{"taxonomy":"category","embeddable":true,"href":"https:\/\/dev.antudigital.cl\/sites\/vc\/wp-json\/wp\/v2\/categories?post=12372"},{"taxonomy":"post_tag","embeddable":true,"href":"https:\/\/dev.antudigital.cl\/sites\/vc\/wp-json\/wp\/v2\/tags?post=12372"}],"curies":[{"name":"wp","href":"https:\/\/api.w.org\/{rel}","templated":true}]}}