{"id":12380,"date":"2023-01-09T18:55:14","date_gmt":"2023-01-09T18:55:14","guid":{"rendered":"https:\/\/www.valparaisocreativo.cl\/?p=12380"},"modified":"2023-01-09T18:55:20","modified_gmt":"2023-01-09T18:55:20","slug":"comienza-festea-en-artequin","status":"publish","type":"post","link":"https:\/\/dev.antudigital.cl\/sites\/vc\/comienza-festea-en-artequin\/","title":{"rendered":"Comienza FESTEA en Artequ\u00edn"},"content":{"rendered":"\n<p>\u00a1Lleg\u00f3 el teatro a Vi\u00f1a del Mar! FESTEA Verano 23 \u00a1Comenz\u00f3 la venta de entradas!<br>1 hermosa semana de teatro, alegr\u00eda y familias. Junto a 8 compa\u00f1\u00edas, con 8 obras\/instalaciones y 20 funciones.<\/p>\n\n\n\n<p>24 al 29 de enero<br>Entradas: $2000 p.p + cargo por servicio<\/p>\n\n\n\n<p>Mar. 24 INVENTIOR DE ALMA<br>Mi\u00e9. 25 LA CARACOL<br>Jue. 26 ESTERAS Y ESTERONES, ENREDOS Y CUENTYOS POR MONTONES +<br>NO SOLO EN EL CIELO HAY ESTRELLAS (gratuito)<br>Vie. 27 LAS AVENTURAS DE LECHE CORT\u00c1<br>S\u00e1b. 28 EL CIRCO DE LOS FARAMBURLEROS<br>Dom. 29 CUENTOS CON FALD\u00d3N: L\u00c1GRIMAS DE AGUA DULCE + CAJA (gratuito)<\/p>\n\n\n\n<p>&#x2728;Entradas a la venta por sistema passline, link directo<br><a href=\"https:\/\/www.passline.com\/eventos?q=festea\">https:\/\/www.passline.com\/eventos?q=festea<\/a><\/p>\n\n\n\n<figure class=\"wp-block-image size-full\"><img fetchpriority=\"high\" decoding=\"async\" width=\"596\" height=\"597\" src=\"https:\/\/www.valparaisocreativo.cl\/wp-content\/uploads\/2023\/01\/Captura-de-Pantalla-2023-01-09-a-las-15.52.08.png\" alt=\"\" class=\"wp-image-12382\" srcset=\"https:\/\/dev.antudigital.cl\/sites\/vc\/wp-content\/uploads\/2023\/01\/Captura-de-Pantalla-2023-01-09-a-las-15.52.08.png 596w, https:\/\/dev.antudigital.cl\/sites\/vc\/wp-content\/uploads\/2023\/01\/Captura-de-Pantalla-2023-01-09-a-las-15.52.08-300x300.png 300w, https:\/\/dev.antudigital.cl\/sites\/vc\/wp-content\/uploads\/2023\/01\/Captura-de-Pantalla-2023-01-09-a-las-15.52.08-150x150.png 150w, https:\/\/dev.antudigital.cl\/sites\/vc\/wp-content\/uploads\/2023\/01\/Captura-de-Pantalla-2023-01-09-a-las-15.52.08-480x481.png 480w\" sizes=\"(max-width: 596px) 100vw, 596px\" \/><\/figure>\n","protected":false},"excerpt":{"rendered":"<p>\u00a1Lleg\u00f3 el teatro a Vi\u00f1a del Mar! FESTEA Verano 23 \u00a1Comenz\u00f3 la venta de entradas!1 hermosa semana de teatro, alegr\u00eda y familias. Junto a 8 compa\u00f1\u00edas, con 8 obras\/instalaciones y 20 funciones. 24 al 29 de eneroEntradas: $2000 p.p + cargo por servicio Mar. 24 INVENTIOR DE ALMAMi\u00e9. 25 LA CARACOLJue. 26 ESTERAS Y ESTERONES, [&hellip;]<\/p>\n","protected":false},"author":1,"featured_media":12381,"comment_status":"open","ping_status":"closed","sticky":false,"template":"","format":"standard","meta":{"_acf_changed":false,"footnotes":""},"categories":[8],"tags":[],"class_list":["post-12380","post","type-post","status-publish","format-standard","has-post-thumbnail","hentry","category-noticia"],"acf":[],"yoast_head":"<!-- This site is optimized with the Yoast SEO plugin v27.1.1 - https:\/\/yoast.com\/product\/yoast-seo-wordpress\/ -->\n<title>Comienza FESTEA en Artequ\u00edn - Valpara\u00ed\u00adso Creativo<\/title>\n<meta name=\"robots\" content=\"index, follow, max-snippet:-1, max-image-preview:large, max-video-preview:-1\" \/>\n<link rel=\"canonical\" href=\"https:\/\/dev.antudigital.cl\/sites\/vc\/comienza-festea-en-artequin\/\" \/>\n<meta property=\"og:locale\" content=\"es_ES\" \/>\n<meta property=\"og:type\" content=\"article\" \/>\n<meta property=\"og:title\" content=\"Comienza FESTEA en Artequ\u00edn - Valpara\u00ed\u00adso Creativo\" \/>\n<meta property=\"og:description\" content=\"\u00a1Lleg\u00f3 el teatro a Vi\u00f1a del Mar! FESTEA Verano 23 \u00a1Comenz\u00f3 la venta de entradas!1 hermosa semana de teatro, alegr\u00eda y familias. Junto a 8 compa\u00f1\u00edas, con 8 obras\/instalaciones y 20 funciones. 24 al 29 de eneroEntradas: $2000 p.p + cargo por servicio Mar. 24 INVENTIOR DE ALMAMi\u00e9. 25 LA CARACOLJue. 26 ESTERAS Y ESTERONES, [&hellip;]\" \/>\n<meta property=\"og:url\" content=\"https:\/\/dev.antudigital.cl\/sites\/vc\/comienza-festea-en-artequin\/\" \/>\n<meta property=\"og:site_name\" content=\"Valpara\u00ed\u00adso Creativo\" \/>\n<meta property=\"article:published_time\" content=\"2023-01-09T18:55:14+00:00\" \/>\n<meta property=\"article:modified_time\" content=\"2023-01-09T18:55:20+00:00\" \/>\n<meta property=\"og:image\" content=\"https:\/\/dev.antudigital.cl\/sites\/vc\/wp-content\/uploads\/2023\/01\/Captura-de-Pantalla-2023-01-09-a-las-15.54.03.png\" \/>\n\t<meta property=\"og:image:width\" content=\"715\" \/>\n\t<meta property=\"og:image:height\" content=\"375\" \/>\n\t<meta property=\"og:image:type\" content=\"image\/png\" \/>\n<meta name=\"author\" content=\"Valpara\u00edso Creativo\" \/>\n<meta name=\"twitter:card\" content=\"summary_large_image\" \/>\n<meta name=\"twitter:label1\" content=\"Escrito por\" \/>\n\t<meta name=\"twitter:data1\" content=\"Valpara\u00edso Creativo\" \/>\n\t<meta name=\"twitter:label2\" content=\"Tiempo de lectura\" \/>\n\t<meta name=\"twitter:data2\" content=\"1 minuto\" \/>\n<script type=\"application\/ld+json\" class=\"yoast-schema-graph\">{\"@context\":\"https:\/\/schema.org\",\"@graph\":[{\"@type\":\"Article\",\"@id\":\"https:\/\/dev.antudigital.cl\/sites\/vc\/comienza-festea-en-artequin\/#article\",\"isPartOf\":{\"@id\":\"https:\/\/dev.antudigital.cl\/sites\/vc\/comienza-festea-en-artequin\/\"},\"author\":{\"name\":\"Valpara\u00edso Creativo\",\"@id\":\"https:\/\/dev.antudigital.cl\/sites\/vc\/#\/schema\/person\/c2b9da8dd545e27166fc5ab232837318\"},\"headline\":\"Comienza FESTEA en Artequ\u00edn\",\"datePublished\":\"2023-01-09T18:55:14+00:00\",\"dateModified\":\"2023-01-09T18:55:20+00:00\",\"mainEntityOfPage\":{\"@id\":\"https:\/\/dev.antudigital.cl\/sites\/vc\/comienza-festea-en-artequin\/\"},\"wordCount\":108,\"commentCount\":0,\"image\":{\"@id\":\"https:\/\/dev.antudigital.cl\/sites\/vc\/comienza-festea-en-artequin\/#primaryimage\"},\"thumbnailUrl\":\"https:\/\/dev.antudigital.cl\/sites\/vc\/wp-content\/uploads\/2023\/01\/Captura-de-Pantalla-2023-01-09-a-las-15.54.03.png\",\"articleSection\":[\"Noticia\"],\"inLanguage\":\"es\",\"potentialAction\":[{\"@type\":\"CommentAction\",\"name\":\"Comment\",\"target\":[\"https:\/\/dev.antudigital.cl\/sites\/vc\/comienza-festea-en-artequin\/#respond\"]}]},{\"@type\":\"WebPage\",\"@id\":\"https:\/\/dev.antudigital.cl\/sites\/vc\/comienza-festea-en-artequin\/\",\"url\":\"https:\/\/dev.antudigital.cl\/sites\/vc\/comienza-festea-en-artequin\/\",\"name\":\"Comienza FESTEA en Artequ\u00edn - Valpara\u00ed\u00adso Creativo\",\"isPartOf\":{\"@id\":\"https:\/\/dev.antudigital.cl\/sites\/vc\/#website\"},\"primaryImageOfPage\":{\"@id\":\"https:\/\/dev.antudigital.cl\/sites\/vc\/comienza-festea-en-artequin\/#primaryimage\"},\"image\":{\"@id\":\"https:\/\/dev.antudigital.cl\/sites\/vc\/comienza-festea-en-artequin\/#primaryimage\"},\"thumbnailUrl\":\"https:\/\/dev.antudigital.cl\/sites\/vc\/wp-content\/uploads\/2023\/01\/Captura-de-Pantalla-2023-01-09-a-las-15.54.03.png\",\"datePublished\":\"2023-01-09T18:55:14+00:00\",\"dateModified\":\"2023-01-09T18:55:20+00:00\",\"author\":{\"@id\":\"https:\/\/dev.antudigital.cl\/sites\/vc\/#\/schema\/person\/c2b9da8dd545e27166fc5ab232837318\"},\"breadcrumb\":{\"@id\":\"https:\/\/dev.antudigital.cl\/sites\/vc\/comienza-festea-en-artequin\/#breadcrumb\"},\"inLanguage\":\"es\",\"potentialAction\":[{\"@type\":\"ReadAction\",\"target\":[\"https:\/\/dev.antudigital.cl\/sites\/vc\/comienza-festea-en-artequin\/\"]}]},{\"@type\":\"ImageObject\",\"inLanguage\":\"es\",\"@id\":\"https:\/\/dev.antudigital.cl\/sites\/vc\/comienza-festea-en-artequin\/#primaryimage\",\"url\":\"https:\/\/dev.antudigital.cl\/sites\/vc\/wp-content\/uploads\/2023\/01\/Captura-de-Pantalla-2023-01-09-a-las-15.54.03.png\",\"contentUrl\":\"https:\/\/dev.antudigital.cl\/sites\/vc\/wp-content\/uploads\/2023\/01\/Captura-de-Pantalla-2023-01-09-a-las-15.54.03.png\",\"width\":715,\"height\":375},{\"@type\":\"BreadcrumbList\",\"@id\":\"https:\/\/dev.antudigital.cl\/sites\/vc\/comienza-festea-en-artequin\/#breadcrumb\",\"itemListElement\":[{\"@type\":\"ListItem\",\"position\":1,\"name\":\"Home\",\"item\":\"https:\/\/dev.antudigital.cl\/sites\/vc\/\"},{\"@type\":\"ListItem\",\"position\":2,\"name\":\"Comienza FESTEA en Artequ\u00edn\"}]},{\"@type\":\"WebSite\",\"@id\":\"https:\/\/dev.antudigital.cl\/sites\/vc\/#website\",\"url\":\"https:\/\/dev.antudigital.cl\/sites\/vc\/\",\"name\":\"Valpara\u00ed\u00adso Creativo\",\"description\":\"\",\"potentialAction\":[{\"@type\":\"SearchAction\",\"target\":{\"@type\":\"EntryPoint\",\"urlTemplate\":\"https:\/\/dev.antudigital.cl\/sites\/vc\/?s={search_term_string}\"},\"query-input\":{\"@type\":\"PropertyValueSpecification\",\"valueRequired\":true,\"valueName\":\"search_term_string\"}}],\"inLanguage\":\"es\"},{\"@type\":\"Person\",\"@id\":\"https:\/\/dev.antudigital.cl\/sites\/vc\/#\/schema\/person\/c2b9da8dd545e27166fc5ab232837318\",\"name\":\"Valpara\u00edso Creativo\",\"description\":\"Periodista de cultura en la Regi\u00f3n de Valpara\u00edso.\",\"url\":\"https:\/\/dev.antudigital.cl\/sites\/vc\/author\/valpoadmin\/\"}]}<\/script>\n<!-- \/ Yoast SEO plugin. -->","yoast_head_json":{"title":"Comienza FESTEA en Artequ\u00edn - Valpara\u00ed\u00adso Creativo","robots":{"index":"index","follow":"follow","max-snippet":"max-snippet:-1","max-image-preview":"max-image-preview:large","max-video-preview":"max-video-preview:-1"},"canonical":"https:\/\/dev.antudigital.cl\/sites\/vc\/comienza-festea-en-artequin\/","og_locale":"es_ES","og_type":"article","og_title":"Comienza FESTEA en Artequ\u00edn - Valpara\u00ed\u00adso Creativo","og_description":"\u00a1Lleg\u00f3 el teatro a Vi\u00f1a del Mar! FESTEA Verano 23 \u00a1Comenz\u00f3 la venta de entradas!1 hermosa semana de teatro, alegr\u00eda y familias. Junto a 8 compa\u00f1\u00edas, con 8 obras\/instalaciones y 20 funciones. 24 al 29 de eneroEntradas: $2000 p.p + cargo por servicio Mar. 24 INVENTIOR DE ALMAMi\u00e9. 25 LA CARACOLJue. 26 ESTERAS Y ESTERONES, [&hellip;]","og_url":"https:\/\/dev.antudigital.cl\/sites\/vc\/comienza-festea-en-artequin\/","og_site_name":"Valpara\u00ed\u00adso Creativo","article_published_time":"2023-01-09T18:55:14+00:00","article_modified_time":"2023-01-09T18:55:20+00:00","og_image":[{"width":715,"height":375,"url":"https:\/\/dev.antudigital.cl\/sites\/vc\/wp-content\/uploads\/2023\/01\/Captura-de-Pantalla-2023-01-09-a-las-15.54.03.png","type":"image\/png"}],"author":"Valpara\u00edso Creativo","twitter_card":"summary_large_image","twitter_misc":{"Escrito por":"Valpara\u00edso Creativo","Tiempo de lectura":"1 minuto"},"schema":{"@context":"https:\/\/schema.org","@graph":[{"@type":"Article","@id":"https:\/\/dev.antudigital.cl\/sites\/vc\/comienza-festea-en-artequin\/#article","isPartOf":{"@id":"https:\/\/dev.antudigital.cl\/sites\/vc\/comienza-festea-en-artequin\/"},"author":{"name":"Valpara\u00edso Creativo","@id":"https:\/\/dev.antudigital.cl\/sites\/vc\/#\/schema\/person\/c2b9da8dd545e27166fc5ab232837318"},"headline":"Comienza FESTEA en Artequ\u00edn","datePublished":"2023-01-09T18:55:14+00:00","dateModified":"2023-01-09T18:55:20+00:00","mainEntityOfPage":{"@id":"https:\/\/dev.antudigital.cl\/sites\/vc\/comienza-festea-en-artequin\/"},"wordCount":108,"commentCount":0,"image":{"@id":"https:\/\/dev.antudigital.cl\/sites\/vc\/comienza-festea-en-artequin\/#primaryimage"},"thumbnailUrl":"https:\/\/dev.antudigital.cl\/sites\/vc\/wp-content\/uploads\/2023\/01\/Captura-de-Pantalla-2023-01-09-a-las-15.54.03.png","articleSection":["Noticia"],"inLanguage":"es","potentialAction":[{"@type":"CommentAction","name":"Comment","target":["https:\/\/dev.antudigital.cl\/sites\/vc\/comienza-festea-en-artequin\/#respond"]}]},{"@type":"WebPage","@id":"https:\/\/dev.antudigital.cl\/sites\/vc\/comienza-festea-en-artequin\/","url":"https:\/\/dev.antudigital.cl\/sites\/vc\/comienza-festea-en-artequin\/","name":"Comienza FESTEA en Artequ\u00edn - Valpara\u00ed\u00adso Creativo","isPartOf":{"@id":"https:\/\/dev.antudigital.cl\/sites\/vc\/#website"},"primaryImageOfPage":{"@id":"https:\/\/dev.antudigital.cl\/sites\/vc\/comienza-festea-en-artequin\/#primaryimage"},"image":{"@id":"https:\/\/dev.antudigital.cl\/sites\/vc\/comienza-festea-en-artequin\/#primaryimage"},"thumbnailUrl":"https:\/\/dev.antudigital.cl\/sites\/vc\/wp-content\/uploads\/2023\/01\/Captura-de-Pantalla-2023-01-09-a-las-15.54.03.png","datePublished":"2023-01-09T18:55:14+00:00","dateModified":"2023-01-09T18:55:20+00:00","author":{"@id":"https:\/\/dev.antudigital.cl\/sites\/vc\/#\/schema\/person\/c2b9da8dd545e27166fc5ab232837318"},"breadcrumb":{"@id":"https:\/\/dev.antudigital.cl\/sites\/vc\/comienza-festea-en-artequin\/#breadcrumb"},"inLanguage":"es","potentialAction":[{"@type":"ReadAction","target":["https:\/\/dev.antudigital.cl\/sites\/vc\/comienza-festea-en-artequin\/"]}]},{"@type":"ImageObject","inLanguage":"es","@id":"https:\/\/dev.antudigital.cl\/sites\/vc\/comienza-festea-en-artequin\/#primaryimage","url":"https:\/\/dev.antudigital.cl\/sites\/vc\/wp-content\/uploads\/2023\/01\/Captura-de-Pantalla-2023-01-09-a-las-15.54.03.png","contentUrl":"https:\/\/dev.antudigital.cl\/sites\/vc\/wp-content\/uploads\/2023\/01\/Captura-de-Pantalla-2023-01-09-a-las-15.54.03.png","width":715,"height":375},{"@type":"BreadcrumbList","@id":"https:\/\/dev.antudigital.cl\/sites\/vc\/comienza-festea-en-artequin\/#breadcrumb","itemListElement":[{"@type":"ListItem","position":1,"name":"Home","item":"https:\/\/dev.antudigital.cl\/sites\/vc\/"},{"@type":"ListItem","position":2,"name":"Comienza FESTEA en Artequ\u00edn"}]},{"@type":"WebSite","@id":"https:\/\/dev.antudigital.cl\/sites\/vc\/#website","url":"https:\/\/dev.antudigital.cl\/sites\/vc\/","name":"Valpara\u00ed\u00adso Creativo","description":"","potentialAction":[{"@type":"SearchAction","target":{"@type":"EntryPoint","urlTemplate":"https:\/\/dev.antudigital.cl\/sites\/vc\/?s={search_term_string}"},"query-input":{"@type":"PropertyValueSpecification","valueRequired":true,"valueName":"search_term_string"}}],"inLanguage":"es"},{"@type":"Person","@id":"https:\/\/dev.antudigital.cl\/sites\/vc\/#\/schema\/person\/c2b9da8dd545e27166fc5ab232837318","name":"Valpara\u00edso Creativo","description":"Periodista de cultura en la Regi\u00f3n de Valpara\u00edso.","url":"https:\/\/dev.antudigital.cl\/sites\/vc\/author\/valpoadmin\/"}]}},"_links":{"self":[{"href":"https:\/\/dev.antudigital.cl\/sites\/vc\/wp-json\/wp\/v2\/posts\/12380","targetHints":{"allow":["GET"]}}],"collection":[{"href":"https:\/\/dev.antudigital.cl\/sites\/vc\/wp-json\/wp\/v2\/posts"}],"about":[{"href":"https:\/\/dev.antudigital.cl\/sites\/vc\/wp-json\/wp\/v2\/types\/post"}],"author":[{"embeddable":true,"href":"https:\/\/dev.antudigital.cl\/sites\/vc\/wp-json\/wp\/v2\/users\/1"}],"replies":[{"embeddable":true,"href":"https:\/\/dev.antudigital.cl\/sites\/vc\/wp-json\/wp\/v2\/comments?post=12380"}],"version-history":[{"count":1,"href":"https:\/\/dev.antudigital.cl\/sites\/vc\/wp-json\/wp\/v2\/posts\/12380\/revisions"}],"predecessor-version":[{"id":12383,"href":"https:\/\/dev.antudigital.cl\/sites\/vc\/wp-json\/wp\/v2\/posts\/12380\/revisions\/12383"}],"wp:featuredmedia":[{"embeddable":true,"href":"https:\/\/dev.antudigital.cl\/sites\/vc\/wp-json\/wp\/v2\/media\/12381"}],"wp:attachment":[{"href":"https:\/\/dev.antudigital.cl\/sites\/vc\/wp-json\/wp\/v2\/media?parent=12380"}],"wp:term":[{"taxonomy":"category","embeddable":true,"href":"https:\/\/dev.antudigital.cl\/sites\/vc\/wp-json\/wp\/v2\/categories?post=12380"},{"taxonomy":"post_tag","embeddable":true,"href":"https:\/\/dev.antudigital.cl\/sites\/vc\/wp-json\/wp\/v2\/tags?post=12380"}],"curies":[{"name":"wp","href":"https:\/\/api.w.org\/{rel}","templated":true}]}}