{"id":12392,"date":"2023-01-09T19:10:38","date_gmt":"2023-01-09T19:10:38","guid":{"rendered":"https:\/\/www.valparaisocreativo.cl\/?p=12392"},"modified":"2023-01-09T19:10:43","modified_gmt":"2023-01-09T19:10:43","slug":"estrategias-quinquenales-regionales-de-mincap-valparaiso","status":"publish","type":"post","link":"https:\/\/dev.antudigital.cl\/sites\/vc\/estrategias-quinquenales-regionales-de-mincap-valparaiso\/","title":{"rendered":"Estrategias quinquenales regionales de MINCAP Valpara\u00edso"},"content":{"rendered":"\n<p>[CONVOCATORIA] El pr\u00f3ximo viernes 13 de enero en San Antonio comiezan los Cabildos Territoriales para elaborar las Estrategias Quinquenales Regionales de Cultura 2023-2028 que guiar\u00e1n el desarrollo cultural de los territorios.<\/p>\n\n\n\n<p>Es por eso que se invita a artistas, gestores\/as, cultores\/as, agentes culturales \/ patrimoniales, agentes productivos del sector, sindicatos sectoriales y a la comunidad cultural en general, a sumarse y participar activamente <a href=\"https:\/\/docs.google.com\/forms\/d\/e\/1FAIpQLSf0KQc0wFqBdiclF-6MWpoaAxr7lAoRddhgPxWgk_21yp2DMQ\/viewform\">inscribi\u00e9ndose en el siguiente link<\/a><\/p>\n\n\n\n<p>\u00a1Te esperamos! Pronto en las provincias de Valpara\u00edso, Los Andes, San Felipe, Quillota, Marga Marga, Petorca, y los territorios de Rapa Nui y Juan Fern\u00e1ndez<\/p>\n\n\n\n<figure class=\"wp-block-image size-full\"><img fetchpriority=\"high\" decoding=\"async\" width=\"596\" height=\"596\" src=\"https:\/\/www.valparaisocreativo.cl\/wp-content\/uploads\/2023\/01\/Captura-de-Pantalla-2023-01-09-a-las-16.08.33.png\" alt=\"\" class=\"wp-image-12393\" srcset=\"https:\/\/dev.antudigital.cl\/sites\/vc\/wp-content\/uploads\/2023\/01\/Captura-de-Pantalla-2023-01-09-a-las-16.08.33.png 596w, https:\/\/dev.antudigital.cl\/sites\/vc\/wp-content\/uploads\/2023\/01\/Captura-de-Pantalla-2023-01-09-a-las-16.08.33-300x300.png 300w, https:\/\/dev.antudigital.cl\/sites\/vc\/wp-content\/uploads\/2023\/01\/Captura-de-Pantalla-2023-01-09-a-las-16.08.33-150x150.png 150w, https:\/\/dev.antudigital.cl\/sites\/vc\/wp-content\/uploads\/2023\/01\/Captura-de-Pantalla-2023-01-09-a-las-16.08.33-480x480.png 480w\" sizes=\"(max-width: 596px) 100vw, 596px\" \/><\/figure>\n","protected":false},"excerpt":{"rendered":"<p>[CONVOCATORIA] El pr\u00f3ximo viernes 13 de enero en San Antonio comiezan los Cabildos Territoriales para elaborar las Estrategias Quinquenales Regionales de Cultura 2023-2028 que guiar\u00e1n el desarrollo cultural de los territorios. Es por eso que se invita a artistas, gestores\/as, cultores\/as, agentes culturales \/ patrimoniales, agentes productivos del sector, sindicatos sectoriales y a la comunidad [&hellip;]<\/p>\n","protected":false},"author":1,"featured_media":12394,"comment_status":"open","ping_status":"closed","sticky":false,"template":"","format":"standard","meta":{"_acf_changed":false,"footnotes":""},"categories":[8],"tags":[],"class_list":["post-12392","post","type-post","status-publish","format-standard","has-post-thumbnail","hentry","category-noticia"],"acf":[],"yoast_head":"<!-- This site is optimized with the Yoast SEO plugin v27.1.1 - https:\/\/yoast.com\/product\/yoast-seo-wordpress\/ -->\n<title>Estrategias quinquenales regionales de MINCAP Valpara\u00edso - Valpara\u00ed\u00adso Creativo<\/title>\n<meta name=\"robots\" content=\"index, follow, max-snippet:-1, max-image-preview:large, max-video-preview:-1\" \/>\n<link rel=\"canonical\" href=\"https:\/\/dev.antudigital.cl\/sites\/vc\/estrategias-quinquenales-regionales-de-mincap-valparaiso\/\" \/>\n<meta property=\"og:locale\" content=\"es_ES\" \/>\n<meta property=\"og:type\" content=\"article\" \/>\n<meta property=\"og:title\" content=\"Estrategias quinquenales regionales de MINCAP Valpara\u00edso - Valpara\u00ed\u00adso Creativo\" \/>\n<meta property=\"og:description\" content=\"[CONVOCATORIA] El pr\u00f3ximo viernes 13 de enero en San Antonio comiezan los Cabildos Territoriales para elaborar las Estrategias Quinquenales Regionales de Cultura 2023-2028 que guiar\u00e1n el desarrollo cultural de los territorios. Es por eso que se invita a artistas, gestores\/as, cultores\/as, agentes culturales \/ patrimoniales, agentes productivos del sector, sindicatos sectoriales y a la comunidad [&hellip;]\" \/>\n<meta property=\"og:url\" content=\"https:\/\/dev.antudigital.cl\/sites\/vc\/estrategias-quinquenales-regionales-de-mincap-valparaiso\/\" \/>\n<meta property=\"og:site_name\" content=\"Valpara\u00ed\u00adso Creativo\" \/>\n<meta property=\"article:published_time\" content=\"2023-01-09T19:10:38+00:00\" \/>\n<meta property=\"article:modified_time\" content=\"2023-01-09T19:10:43+00:00\" \/>\n<meta property=\"og:image\" content=\"https:\/\/dev.antudigital.cl\/sites\/vc\/wp-content\/uploads\/2023\/01\/Captura-de-Pantalla-2023-01-09-a-las-16.09.31.png\" \/>\n\t<meta property=\"og:image:width\" content=\"553\" \/>\n\t<meta property=\"og:image:height\" content=\"241\" \/>\n\t<meta property=\"og:image:type\" content=\"image\/png\" \/>\n<meta name=\"author\" content=\"Valpara\u00edso Creativo\" \/>\n<meta name=\"twitter:card\" content=\"summary_large_image\" \/>\n<meta name=\"twitter:label1\" content=\"Escrito por\" \/>\n\t<meta name=\"twitter:data1\" content=\"Valpara\u00edso Creativo\" \/>\n\t<meta name=\"twitter:label2\" content=\"Tiempo de lectura\" \/>\n\t<meta name=\"twitter:data2\" content=\"1 minuto\" \/>\n<script type=\"application\/ld+json\" class=\"yoast-schema-graph\">{\"@context\":\"https:\/\/schema.org\",\"@graph\":[{\"@type\":\"Article\",\"@id\":\"https:\/\/dev.antudigital.cl\/sites\/vc\/estrategias-quinquenales-regionales-de-mincap-valparaiso\/#article\",\"isPartOf\":{\"@id\":\"https:\/\/dev.antudigital.cl\/sites\/vc\/estrategias-quinquenales-regionales-de-mincap-valparaiso\/\"},\"author\":{\"name\":\"Valpara\u00edso Creativo\",\"@id\":\"https:\/\/dev.antudigital.cl\/sites\/vc\/#\/schema\/person\/c2b9da8dd545e27166fc5ab232837318\"},\"headline\":\"Estrategias quinquenales regionales de MINCAP Valpara\u00edso\",\"datePublished\":\"2023-01-09T19:10:38+00:00\",\"dateModified\":\"2023-01-09T19:10:43+00:00\",\"mainEntityOfPage\":{\"@id\":\"https:\/\/dev.antudigital.cl\/sites\/vc\/estrategias-quinquenales-regionales-de-mincap-valparaiso\/\"},\"wordCount\":105,\"commentCount\":0,\"image\":{\"@id\":\"https:\/\/dev.antudigital.cl\/sites\/vc\/estrategias-quinquenales-regionales-de-mincap-valparaiso\/#primaryimage\"},\"thumbnailUrl\":\"https:\/\/dev.antudigital.cl\/sites\/vc\/wp-content\/uploads\/2023\/01\/Captura-de-Pantalla-2023-01-09-a-las-16.09.31.png\",\"articleSection\":[\"Noticia\"],\"inLanguage\":\"es\",\"potentialAction\":[{\"@type\":\"CommentAction\",\"name\":\"Comment\",\"target\":[\"https:\/\/dev.antudigital.cl\/sites\/vc\/estrategias-quinquenales-regionales-de-mincap-valparaiso\/#respond\"]}]},{\"@type\":\"WebPage\",\"@id\":\"https:\/\/dev.antudigital.cl\/sites\/vc\/estrategias-quinquenales-regionales-de-mincap-valparaiso\/\",\"url\":\"https:\/\/dev.antudigital.cl\/sites\/vc\/estrategias-quinquenales-regionales-de-mincap-valparaiso\/\",\"name\":\"Estrategias quinquenales regionales de MINCAP Valpara\u00edso - Valpara\u00ed\u00adso Creativo\",\"isPartOf\":{\"@id\":\"https:\/\/dev.antudigital.cl\/sites\/vc\/#website\"},\"primaryImageOfPage\":{\"@id\":\"https:\/\/dev.antudigital.cl\/sites\/vc\/estrategias-quinquenales-regionales-de-mincap-valparaiso\/#primaryimage\"},\"image\":{\"@id\":\"https:\/\/dev.antudigital.cl\/sites\/vc\/estrategias-quinquenales-regionales-de-mincap-valparaiso\/#primaryimage\"},\"thumbnailUrl\":\"https:\/\/dev.antudigital.cl\/sites\/vc\/wp-content\/uploads\/2023\/01\/Captura-de-Pantalla-2023-01-09-a-las-16.09.31.png\",\"datePublished\":\"2023-01-09T19:10:38+00:00\",\"dateModified\":\"2023-01-09T19:10:43+00:00\",\"author\":{\"@id\":\"https:\/\/dev.antudigital.cl\/sites\/vc\/#\/schema\/person\/c2b9da8dd545e27166fc5ab232837318\"},\"breadcrumb\":{\"@id\":\"https:\/\/dev.antudigital.cl\/sites\/vc\/estrategias-quinquenales-regionales-de-mincap-valparaiso\/#breadcrumb\"},\"inLanguage\":\"es\",\"potentialAction\":[{\"@type\":\"ReadAction\",\"target\":[\"https:\/\/dev.antudigital.cl\/sites\/vc\/estrategias-quinquenales-regionales-de-mincap-valparaiso\/\"]}]},{\"@type\":\"ImageObject\",\"inLanguage\":\"es\",\"@id\":\"https:\/\/dev.antudigital.cl\/sites\/vc\/estrategias-quinquenales-regionales-de-mincap-valparaiso\/#primaryimage\",\"url\":\"https:\/\/dev.antudigital.cl\/sites\/vc\/wp-content\/uploads\/2023\/01\/Captura-de-Pantalla-2023-01-09-a-las-16.09.31.png\",\"contentUrl\":\"https:\/\/dev.antudigital.cl\/sites\/vc\/wp-content\/uploads\/2023\/01\/Captura-de-Pantalla-2023-01-09-a-las-16.09.31.png\",\"width\":553,\"height\":241},{\"@type\":\"BreadcrumbList\",\"@id\":\"https:\/\/dev.antudigital.cl\/sites\/vc\/estrategias-quinquenales-regionales-de-mincap-valparaiso\/#breadcrumb\",\"itemListElement\":[{\"@type\":\"ListItem\",\"position\":1,\"name\":\"Home\",\"item\":\"https:\/\/dev.antudigital.cl\/sites\/vc\/\"},{\"@type\":\"ListItem\",\"position\":2,\"name\":\"Estrategias quinquenales regionales de MINCAP Valpara\u00edso\"}]},{\"@type\":\"WebSite\",\"@id\":\"https:\/\/dev.antudigital.cl\/sites\/vc\/#website\",\"url\":\"https:\/\/dev.antudigital.cl\/sites\/vc\/\",\"name\":\"Valpara\u00ed\u00adso Creativo\",\"description\":\"\",\"potentialAction\":[{\"@type\":\"SearchAction\",\"target\":{\"@type\":\"EntryPoint\",\"urlTemplate\":\"https:\/\/dev.antudigital.cl\/sites\/vc\/?s={search_term_string}\"},\"query-input\":{\"@type\":\"PropertyValueSpecification\",\"valueRequired\":true,\"valueName\":\"search_term_string\"}}],\"inLanguage\":\"es\"},{\"@type\":\"Person\",\"@id\":\"https:\/\/dev.antudigital.cl\/sites\/vc\/#\/schema\/person\/c2b9da8dd545e27166fc5ab232837318\",\"name\":\"Valpara\u00edso Creativo\",\"description\":\"Periodista de cultura en la Regi\u00f3n de Valpara\u00edso.\",\"url\":\"https:\/\/dev.antudigital.cl\/sites\/vc\/author\/valpoadmin\/\"}]}<\/script>\n<!-- \/ Yoast SEO plugin. -->","yoast_head_json":{"title":"Estrategias quinquenales regionales de MINCAP Valpara\u00edso - Valpara\u00ed\u00adso Creativo","robots":{"index":"index","follow":"follow","max-snippet":"max-snippet:-1","max-image-preview":"max-image-preview:large","max-video-preview":"max-video-preview:-1"},"canonical":"https:\/\/dev.antudigital.cl\/sites\/vc\/estrategias-quinquenales-regionales-de-mincap-valparaiso\/","og_locale":"es_ES","og_type":"article","og_title":"Estrategias quinquenales regionales de MINCAP Valpara\u00edso - Valpara\u00ed\u00adso Creativo","og_description":"[CONVOCATORIA] El pr\u00f3ximo viernes 13 de enero en San Antonio comiezan los Cabildos Territoriales para elaborar las Estrategias Quinquenales Regionales de Cultura 2023-2028 que guiar\u00e1n el desarrollo cultural de los territorios. Es por eso que se invita a artistas, gestores\/as, cultores\/as, agentes culturales \/ patrimoniales, agentes productivos del sector, sindicatos sectoriales y a la comunidad [&hellip;]","og_url":"https:\/\/dev.antudigital.cl\/sites\/vc\/estrategias-quinquenales-regionales-de-mincap-valparaiso\/","og_site_name":"Valpara\u00ed\u00adso Creativo","article_published_time":"2023-01-09T19:10:38+00:00","article_modified_time":"2023-01-09T19:10:43+00:00","og_image":[{"width":553,"height":241,"url":"https:\/\/dev.antudigital.cl\/sites\/vc\/wp-content\/uploads\/2023\/01\/Captura-de-Pantalla-2023-01-09-a-las-16.09.31.png","type":"image\/png"}],"author":"Valpara\u00edso Creativo","twitter_card":"summary_large_image","twitter_misc":{"Escrito por":"Valpara\u00edso Creativo","Tiempo de lectura":"1 minuto"},"schema":{"@context":"https:\/\/schema.org","@graph":[{"@type":"Article","@id":"https:\/\/dev.antudigital.cl\/sites\/vc\/estrategias-quinquenales-regionales-de-mincap-valparaiso\/#article","isPartOf":{"@id":"https:\/\/dev.antudigital.cl\/sites\/vc\/estrategias-quinquenales-regionales-de-mincap-valparaiso\/"},"author":{"name":"Valpara\u00edso Creativo","@id":"https:\/\/dev.antudigital.cl\/sites\/vc\/#\/schema\/person\/c2b9da8dd545e27166fc5ab232837318"},"headline":"Estrategias quinquenales regionales de MINCAP Valpara\u00edso","datePublished":"2023-01-09T19:10:38+00:00","dateModified":"2023-01-09T19:10:43+00:00","mainEntityOfPage":{"@id":"https:\/\/dev.antudigital.cl\/sites\/vc\/estrategias-quinquenales-regionales-de-mincap-valparaiso\/"},"wordCount":105,"commentCount":0,"image":{"@id":"https:\/\/dev.antudigital.cl\/sites\/vc\/estrategias-quinquenales-regionales-de-mincap-valparaiso\/#primaryimage"},"thumbnailUrl":"https:\/\/dev.antudigital.cl\/sites\/vc\/wp-content\/uploads\/2023\/01\/Captura-de-Pantalla-2023-01-09-a-las-16.09.31.png","articleSection":["Noticia"],"inLanguage":"es","potentialAction":[{"@type":"CommentAction","name":"Comment","target":["https:\/\/dev.antudigital.cl\/sites\/vc\/estrategias-quinquenales-regionales-de-mincap-valparaiso\/#respond"]}]},{"@type":"WebPage","@id":"https:\/\/dev.antudigital.cl\/sites\/vc\/estrategias-quinquenales-regionales-de-mincap-valparaiso\/","url":"https:\/\/dev.antudigital.cl\/sites\/vc\/estrategias-quinquenales-regionales-de-mincap-valparaiso\/","name":"Estrategias quinquenales regionales de MINCAP Valpara\u00edso - Valpara\u00ed\u00adso Creativo","isPartOf":{"@id":"https:\/\/dev.antudigital.cl\/sites\/vc\/#website"},"primaryImageOfPage":{"@id":"https:\/\/dev.antudigital.cl\/sites\/vc\/estrategias-quinquenales-regionales-de-mincap-valparaiso\/#primaryimage"},"image":{"@id":"https:\/\/dev.antudigital.cl\/sites\/vc\/estrategias-quinquenales-regionales-de-mincap-valparaiso\/#primaryimage"},"thumbnailUrl":"https:\/\/dev.antudigital.cl\/sites\/vc\/wp-content\/uploads\/2023\/01\/Captura-de-Pantalla-2023-01-09-a-las-16.09.31.png","datePublished":"2023-01-09T19:10:38+00:00","dateModified":"2023-01-09T19:10:43+00:00","author":{"@id":"https:\/\/dev.antudigital.cl\/sites\/vc\/#\/schema\/person\/c2b9da8dd545e27166fc5ab232837318"},"breadcrumb":{"@id":"https:\/\/dev.antudigital.cl\/sites\/vc\/estrategias-quinquenales-regionales-de-mincap-valparaiso\/#breadcrumb"},"inLanguage":"es","potentialAction":[{"@type":"ReadAction","target":["https:\/\/dev.antudigital.cl\/sites\/vc\/estrategias-quinquenales-regionales-de-mincap-valparaiso\/"]}]},{"@type":"ImageObject","inLanguage":"es","@id":"https:\/\/dev.antudigital.cl\/sites\/vc\/estrategias-quinquenales-regionales-de-mincap-valparaiso\/#primaryimage","url":"https:\/\/dev.antudigital.cl\/sites\/vc\/wp-content\/uploads\/2023\/01\/Captura-de-Pantalla-2023-01-09-a-las-16.09.31.png","contentUrl":"https:\/\/dev.antudigital.cl\/sites\/vc\/wp-content\/uploads\/2023\/01\/Captura-de-Pantalla-2023-01-09-a-las-16.09.31.png","width":553,"height":241},{"@type":"BreadcrumbList","@id":"https:\/\/dev.antudigital.cl\/sites\/vc\/estrategias-quinquenales-regionales-de-mincap-valparaiso\/#breadcrumb","itemListElement":[{"@type":"ListItem","position":1,"name":"Home","item":"https:\/\/dev.antudigital.cl\/sites\/vc\/"},{"@type":"ListItem","position":2,"name":"Estrategias quinquenales regionales de MINCAP Valpara\u00edso"}]},{"@type":"WebSite","@id":"https:\/\/dev.antudigital.cl\/sites\/vc\/#website","url":"https:\/\/dev.antudigital.cl\/sites\/vc\/","name":"Valpara\u00ed\u00adso Creativo","description":"","potentialAction":[{"@type":"SearchAction","target":{"@type":"EntryPoint","urlTemplate":"https:\/\/dev.antudigital.cl\/sites\/vc\/?s={search_term_string}"},"query-input":{"@type":"PropertyValueSpecification","valueRequired":true,"valueName":"search_term_string"}}],"inLanguage":"es"},{"@type":"Person","@id":"https:\/\/dev.antudigital.cl\/sites\/vc\/#\/schema\/person\/c2b9da8dd545e27166fc5ab232837318","name":"Valpara\u00edso Creativo","description":"Periodista de cultura en la Regi\u00f3n de Valpara\u00edso.","url":"https:\/\/dev.antudigital.cl\/sites\/vc\/author\/valpoadmin\/"}]}},"_links":{"self":[{"href":"https:\/\/dev.antudigital.cl\/sites\/vc\/wp-json\/wp\/v2\/posts\/12392","targetHints":{"allow":["GET"]}}],"collection":[{"href":"https:\/\/dev.antudigital.cl\/sites\/vc\/wp-json\/wp\/v2\/posts"}],"about":[{"href":"https:\/\/dev.antudigital.cl\/sites\/vc\/wp-json\/wp\/v2\/types\/post"}],"author":[{"embeddable":true,"href":"https:\/\/dev.antudigital.cl\/sites\/vc\/wp-json\/wp\/v2\/users\/1"}],"replies":[{"embeddable":true,"href":"https:\/\/dev.antudigital.cl\/sites\/vc\/wp-json\/wp\/v2\/comments?post=12392"}],"version-history":[{"count":1,"href":"https:\/\/dev.antudigital.cl\/sites\/vc\/wp-json\/wp\/v2\/posts\/12392\/revisions"}],"predecessor-version":[{"id":12395,"href":"https:\/\/dev.antudigital.cl\/sites\/vc\/wp-json\/wp\/v2\/posts\/12392\/revisions\/12395"}],"wp:featuredmedia":[{"embeddable":true,"href":"https:\/\/dev.antudigital.cl\/sites\/vc\/wp-json\/wp\/v2\/media\/12394"}],"wp:attachment":[{"href":"https:\/\/dev.antudigital.cl\/sites\/vc\/wp-json\/wp\/v2\/media?parent=12392"}],"wp:term":[{"taxonomy":"category","embeddable":true,"href":"https:\/\/dev.antudigital.cl\/sites\/vc\/wp-json\/wp\/v2\/categories?post=12392"},{"taxonomy":"post_tag","embeddable":true,"href":"https:\/\/dev.antudigital.cl\/sites\/vc\/wp-json\/wp\/v2\/tags?post=12392"}],"curies":[{"name":"wp","href":"https:\/\/api.w.org\/{rel}","templated":true}]}}