{"id":12408,"date":"2023-01-16T21:06:49","date_gmt":"2023-01-16T21:06:49","guid":{"rendered":"https:\/\/www.valparaisocreativo.cl\/?p=12408"},"modified":"2023-01-16T21:06:54","modified_gmt":"2023-01-16T21:06:54","slug":"ya-no-queda-nada-para-el-festival-tio-roberto-2023","status":"publish","type":"post","link":"https:\/\/dev.antudigital.cl\/sites\/vc\/ya-no-queda-nada-para-el-festival-tio-roberto-2023\/","title":{"rendered":"Ya no queda nada para el Festival T\u00edo Roberto 2023"},"content":{"rendered":"\n<p><em>El\u00a0<\/em><strong>II Festival T\u00edo Roberto\u00a0<\/strong><em>se realizar\u00e1 los d\u00edas 27 y 28 de enero de 2023 en San Antonio, como parte de una tradici\u00f3n anual de homenaje que el puerto le rinde a Roberto Parra (1921-1995) y a su valioso legado en el arte popular chileno.<\/em><\/p>\n\n\n\n<p>Tres renombrados protagonistas de la m\u00fasica chilena se encuentran ya confirmados para participar del II Festival T\u00edo Roberto, encuentro largado en 2021 en San Antonio, durante las celebraciones del centenario de Roberto Parra.<\/p>\n\n\n\n<p>El festival crece y se consolida, junto a invitados como&nbsp;<strong>&nbsp;<\/strong><strong>Daniel Mu\u00f1oz y los Marujos, La Regia Orquesta,<\/strong>&nbsp;adem\u00e1s de boleristas, cuequeros y cantores populares por confirmar. La cita busca homenajear la particular idea de bohemia forjada en San Antonio, hecha c\u00e9lebre gracias a&nbsp;<em>D\u00e9cimas La Negra Ester<\/em>, obra que Roberto Parra public\u00f3 por primera vez en 1980 (<a href=\"https:\/\/www.musicapopular.cl\/biblioteca\/decimas-de-la-negra-ester\/\" target=\"_blank\" rel=\"noreferrer noopener\">ver m\u00e1s<\/a>) y cuya ambientaci\u00f3n es, precisamente, la noche sanantonina.<\/p>\n\n\n\n<p>La canci\u00f3n rom\u00e1ntica se enlaza en este contexto a la tradici\u00f3n, la poes\u00eda popular, la camarader\u00eda y tambi\u00e9n el alcohol. El canto popular del puerto forma parte de un tipo de folclor urbano nutrido por manifestaciones tan diversas como la cueca chora y el bolero cebolla, fuentes importantes tambi\u00e9n para la obra de Roberto Parra.&nbsp;<\/p>\n\n\n\n<p>El Festival T\u00edo Roberto&nbsp; convoca a participar en la categor\u00eda cuca chora y bolero cebolla.<\/p>\n\n\n\n<p>Para los organizadores de la actividad. \u00abLa m\u00fasica ligada a la bohemia porte\u00f1a es una de esas expresiones en la que vemos la tarea de abrir y consolidar espacios para crear y ampliar el repertorio musical existente. Adem\u00e1s de constituir un valioso patrimonio para el desarrollo de las econom\u00edas creativas. Es un trabajo hecho con aut\u00e9ntico cari\u00f1o por la tradici\u00f3n, pero tambi\u00e9n un aporte de identidad y dinamizaci\u00f3n.<\/p>\n\n\n\n<p>En septiembre de 2021, la experiencia del Primer Festival de Cueca Chora \u2014realizado tambi\u00e9n en el puerto de San Antonio\u2014 mostr\u00f3 el entusiasmo en torno a la figura de Roberto Parra como inspiraci\u00f3n para el ejercicio de un tipo de chilenidad tan vigente como aut\u00e9ntica. El primer premio de ese encuentro de musicalizaciones in\u00e9ditas para cuecas del autor de&nbsp;<em>La Negra Ester<\/em>&nbsp;y&nbsp;<em>El desquite<\/em>&nbsp;qued\u00f3 en manos de Ren\u00e9&nbsp;<em>Torito<\/em>&nbsp;Alfaro, destacado cultor de Valpara\u00edso.<\/p>\n\n\n\n<p>M\u00e1s informaci\u00f3n en <a href=\"https:\/\/tioroberto.cl\/\">https:\/\/tioroberto.cl\/<\/a><\/p>\n\n\n\n<figure class=\"wp-block-image size-full\"><img fetchpriority=\"high\" decoding=\"async\" width=\"606\" height=\"614\" src=\"https:\/\/www.valparaisocreativo.cl\/wp-content\/uploads\/2023\/01\/Captura-de-Pantalla-2023-01-16-a-las-17.32.26.png\" alt=\"\" class=\"wp-image-12410\" srcset=\"https:\/\/dev.antudigital.cl\/sites\/vc\/wp-content\/uploads\/2023\/01\/Captura-de-Pantalla-2023-01-16-a-las-17.32.26.png 606w, https:\/\/dev.antudigital.cl\/sites\/vc\/wp-content\/uploads\/2023\/01\/Captura-de-Pantalla-2023-01-16-a-las-17.32.26-296x300.png 296w, https:\/\/dev.antudigital.cl\/sites\/vc\/wp-content\/uploads\/2023\/01\/Captura-de-Pantalla-2023-01-16-a-las-17.32.26-480x486.png 480w\" sizes=\"(max-width: 606px) 100vw, 606px\" \/><\/figure>\n","protected":false},"excerpt":{"rendered":"<p>El\u00a0II Festival T\u00edo Roberto\u00a0se realizar\u00e1 los d\u00edas 27 y 28 de enero de 2023 en San Antonio, como parte de una tradici\u00f3n anual de homenaje que el puerto le rinde a Roberto Parra (1921-1995) y a su valioso legado en el arte popular chileno. Tres renombrados protagonistas de la m\u00fasica chilena se encuentran ya confirmados [&hellip;]<\/p>\n","protected":false},"author":1,"featured_media":12409,"comment_status":"open","ping_status":"closed","sticky":false,"template":"","format":"standard","meta":{"_acf_changed":false,"footnotes":""},"categories":[8],"tags":[],"class_list":["post-12408","post","type-post","status-publish","format-standard","has-post-thumbnail","hentry","category-noticia"],"acf":[],"yoast_head":"<!-- This site is optimized with the Yoast SEO plugin v27.1.1 - https:\/\/yoast.com\/product\/yoast-seo-wordpress\/ -->\n<title>Ya no queda nada para el Festival T\u00edo Roberto 2023 - Valpara\u00ed\u00adso Creativo<\/title>\n<meta name=\"robots\" content=\"index, follow, max-snippet:-1, max-image-preview:large, max-video-preview:-1\" \/>\n<link rel=\"canonical\" href=\"https:\/\/dev.antudigital.cl\/sites\/vc\/ya-no-queda-nada-para-el-festival-tio-roberto-2023\/\" \/>\n<meta property=\"og:locale\" content=\"es_ES\" \/>\n<meta property=\"og:type\" content=\"article\" \/>\n<meta property=\"og:title\" content=\"Ya no queda nada para el Festival T\u00edo Roberto 2023 - Valpara\u00ed\u00adso Creativo\" \/>\n<meta property=\"og:description\" content=\"El\u00a0II Festival T\u00edo Roberto\u00a0se realizar\u00e1 los d\u00edas 27 y 28 de enero de 2023 en San Antonio, como parte de una tradici\u00f3n anual de homenaje que el puerto le rinde a Roberto Parra (1921-1995) y a su valioso legado en el arte popular chileno. Tres renombrados protagonistas de la m\u00fasica chilena se encuentran ya confirmados [&hellip;]\" \/>\n<meta property=\"og:url\" content=\"https:\/\/dev.antudigital.cl\/sites\/vc\/ya-no-queda-nada-para-el-festival-tio-roberto-2023\/\" \/>\n<meta property=\"og:site_name\" content=\"Valpara\u00ed\u00adso Creativo\" \/>\n<meta property=\"article:published_time\" content=\"2023-01-16T21:06:49+00:00\" \/>\n<meta property=\"article:modified_time\" content=\"2023-01-16T21:06:54+00:00\" \/>\n<meta property=\"og:image\" content=\"https:\/\/dev.antudigital.cl\/sites\/vc\/wp-content\/uploads\/2023\/01\/festival-2022-para-WEB-768x284-1.jpeg\" \/>\n\t<meta property=\"og:image:width\" content=\"768\" \/>\n\t<meta property=\"og:image:height\" content=\"284\" \/>\n\t<meta property=\"og:image:type\" content=\"image\/jpeg\" \/>\n<meta name=\"author\" content=\"Valpara\u00edso Creativo\" \/>\n<meta name=\"twitter:card\" content=\"summary_large_image\" \/>\n<meta name=\"twitter:label1\" content=\"Escrito por\" \/>\n\t<meta name=\"twitter:data1\" content=\"Valpara\u00edso Creativo\" \/>\n\t<meta name=\"twitter:label2\" content=\"Tiempo de lectura\" \/>\n\t<meta name=\"twitter:data2\" content=\"2 minutos\" \/>\n<script type=\"application\/ld+json\" class=\"yoast-schema-graph\">{\"@context\":\"https:\/\/schema.org\",\"@graph\":[{\"@type\":\"Article\",\"@id\":\"https:\/\/dev.antudigital.cl\/sites\/vc\/ya-no-queda-nada-para-el-festival-tio-roberto-2023\/#article\",\"isPartOf\":{\"@id\":\"https:\/\/dev.antudigital.cl\/sites\/vc\/ya-no-queda-nada-para-el-festival-tio-roberto-2023\/\"},\"author\":{\"name\":\"Valpara\u00edso Creativo\",\"@id\":\"https:\/\/dev.antudigital.cl\/sites\/vc\/#\/schema\/person\/c2b9da8dd545e27166fc5ab232837318\"},\"headline\":\"Ya no queda nada para el Festival T\u00edo Roberto 2023\",\"datePublished\":\"2023-01-16T21:06:49+00:00\",\"dateModified\":\"2023-01-16T21:06:54+00:00\",\"mainEntityOfPage\":{\"@id\":\"https:\/\/dev.antudigital.cl\/sites\/vc\/ya-no-queda-nada-para-el-festival-tio-roberto-2023\/\"},\"wordCount\":419,\"commentCount\":0,\"image\":{\"@id\":\"https:\/\/dev.antudigital.cl\/sites\/vc\/ya-no-queda-nada-para-el-festival-tio-roberto-2023\/#primaryimage\"},\"thumbnailUrl\":\"https:\/\/dev.antudigital.cl\/sites\/vc\/wp-content\/uploads\/2023\/01\/festival-2022-para-WEB-768x284-1.jpeg\",\"articleSection\":[\"Noticia\"],\"inLanguage\":\"es\",\"potentialAction\":[{\"@type\":\"CommentAction\",\"name\":\"Comment\",\"target\":[\"https:\/\/dev.antudigital.cl\/sites\/vc\/ya-no-queda-nada-para-el-festival-tio-roberto-2023\/#respond\"]}]},{\"@type\":\"WebPage\",\"@id\":\"https:\/\/dev.antudigital.cl\/sites\/vc\/ya-no-queda-nada-para-el-festival-tio-roberto-2023\/\",\"url\":\"https:\/\/dev.antudigital.cl\/sites\/vc\/ya-no-queda-nada-para-el-festival-tio-roberto-2023\/\",\"name\":\"Ya no queda nada para el Festival T\u00edo Roberto 2023 - Valpara\u00ed\u00adso Creativo\",\"isPartOf\":{\"@id\":\"https:\/\/dev.antudigital.cl\/sites\/vc\/#website\"},\"primaryImageOfPage\":{\"@id\":\"https:\/\/dev.antudigital.cl\/sites\/vc\/ya-no-queda-nada-para-el-festival-tio-roberto-2023\/#primaryimage\"},\"image\":{\"@id\":\"https:\/\/dev.antudigital.cl\/sites\/vc\/ya-no-queda-nada-para-el-festival-tio-roberto-2023\/#primaryimage\"},\"thumbnailUrl\":\"https:\/\/dev.antudigital.cl\/sites\/vc\/wp-content\/uploads\/2023\/01\/festival-2022-para-WEB-768x284-1.jpeg\",\"datePublished\":\"2023-01-16T21:06:49+00:00\",\"dateModified\":\"2023-01-16T21:06:54+00:00\",\"author\":{\"@id\":\"https:\/\/dev.antudigital.cl\/sites\/vc\/#\/schema\/person\/c2b9da8dd545e27166fc5ab232837318\"},\"breadcrumb\":{\"@id\":\"https:\/\/dev.antudigital.cl\/sites\/vc\/ya-no-queda-nada-para-el-festival-tio-roberto-2023\/#breadcrumb\"},\"inLanguage\":\"es\",\"potentialAction\":[{\"@type\":\"ReadAction\",\"target\":[\"https:\/\/dev.antudigital.cl\/sites\/vc\/ya-no-queda-nada-para-el-festival-tio-roberto-2023\/\"]}]},{\"@type\":\"ImageObject\",\"inLanguage\":\"es\",\"@id\":\"https:\/\/dev.antudigital.cl\/sites\/vc\/ya-no-queda-nada-para-el-festival-tio-roberto-2023\/#primaryimage\",\"url\":\"https:\/\/dev.antudigital.cl\/sites\/vc\/wp-content\/uploads\/2023\/01\/festival-2022-para-WEB-768x284-1.jpeg\",\"contentUrl\":\"https:\/\/dev.antudigital.cl\/sites\/vc\/wp-content\/uploads\/2023\/01\/festival-2022-para-WEB-768x284-1.jpeg\",\"width\":768,\"height\":284},{\"@type\":\"BreadcrumbList\",\"@id\":\"https:\/\/dev.antudigital.cl\/sites\/vc\/ya-no-queda-nada-para-el-festival-tio-roberto-2023\/#breadcrumb\",\"itemListElement\":[{\"@type\":\"ListItem\",\"position\":1,\"name\":\"Home\",\"item\":\"https:\/\/dev.antudigital.cl\/sites\/vc\/\"},{\"@type\":\"ListItem\",\"position\":2,\"name\":\"Ya no queda nada para el Festival T\u00edo Roberto 2023\"}]},{\"@type\":\"WebSite\",\"@id\":\"https:\/\/dev.antudigital.cl\/sites\/vc\/#website\",\"url\":\"https:\/\/dev.antudigital.cl\/sites\/vc\/\",\"name\":\"Valpara\u00ed\u00adso Creativo\",\"description\":\"\",\"potentialAction\":[{\"@type\":\"SearchAction\",\"target\":{\"@type\":\"EntryPoint\",\"urlTemplate\":\"https:\/\/dev.antudigital.cl\/sites\/vc\/?s={search_term_string}\"},\"query-input\":{\"@type\":\"PropertyValueSpecification\",\"valueRequired\":true,\"valueName\":\"search_term_string\"}}],\"inLanguage\":\"es\"},{\"@type\":\"Person\",\"@id\":\"https:\/\/dev.antudigital.cl\/sites\/vc\/#\/schema\/person\/c2b9da8dd545e27166fc5ab232837318\",\"name\":\"Valpara\u00edso Creativo\",\"description\":\"Periodista de cultura en la Regi\u00f3n de Valpara\u00edso.\",\"url\":\"https:\/\/dev.antudigital.cl\/sites\/vc\/author\/valpoadmin\/\"}]}<\/script>\n<!-- \/ Yoast SEO plugin. -->","yoast_head_json":{"title":"Ya no queda nada para el Festival T\u00edo Roberto 2023 - Valpara\u00ed\u00adso Creativo","robots":{"index":"index","follow":"follow","max-snippet":"max-snippet:-1","max-image-preview":"max-image-preview:large","max-video-preview":"max-video-preview:-1"},"canonical":"https:\/\/dev.antudigital.cl\/sites\/vc\/ya-no-queda-nada-para-el-festival-tio-roberto-2023\/","og_locale":"es_ES","og_type":"article","og_title":"Ya no queda nada para el Festival T\u00edo Roberto 2023 - Valpara\u00ed\u00adso Creativo","og_description":"El\u00a0II Festival T\u00edo Roberto\u00a0se realizar\u00e1 los d\u00edas 27 y 28 de enero de 2023 en San Antonio, como parte de una tradici\u00f3n anual de homenaje que el puerto le rinde a Roberto Parra (1921-1995) y a su valioso legado en el arte popular chileno. Tres renombrados protagonistas de la m\u00fasica chilena se encuentran ya confirmados [&hellip;]","og_url":"https:\/\/dev.antudigital.cl\/sites\/vc\/ya-no-queda-nada-para-el-festival-tio-roberto-2023\/","og_site_name":"Valpara\u00ed\u00adso Creativo","article_published_time":"2023-01-16T21:06:49+00:00","article_modified_time":"2023-01-16T21:06:54+00:00","og_image":[{"width":768,"height":284,"url":"https:\/\/dev.antudigital.cl\/sites\/vc\/wp-content\/uploads\/2023\/01\/festival-2022-para-WEB-768x284-1.jpeg","type":"image\/jpeg"}],"author":"Valpara\u00edso Creativo","twitter_card":"summary_large_image","twitter_misc":{"Escrito por":"Valpara\u00edso Creativo","Tiempo de lectura":"2 minutos"},"schema":{"@context":"https:\/\/schema.org","@graph":[{"@type":"Article","@id":"https:\/\/dev.antudigital.cl\/sites\/vc\/ya-no-queda-nada-para-el-festival-tio-roberto-2023\/#article","isPartOf":{"@id":"https:\/\/dev.antudigital.cl\/sites\/vc\/ya-no-queda-nada-para-el-festival-tio-roberto-2023\/"},"author":{"name":"Valpara\u00edso Creativo","@id":"https:\/\/dev.antudigital.cl\/sites\/vc\/#\/schema\/person\/c2b9da8dd545e27166fc5ab232837318"},"headline":"Ya no queda nada para el Festival T\u00edo Roberto 2023","datePublished":"2023-01-16T21:06:49+00:00","dateModified":"2023-01-16T21:06:54+00:00","mainEntityOfPage":{"@id":"https:\/\/dev.antudigital.cl\/sites\/vc\/ya-no-queda-nada-para-el-festival-tio-roberto-2023\/"},"wordCount":419,"commentCount":0,"image":{"@id":"https:\/\/dev.antudigital.cl\/sites\/vc\/ya-no-queda-nada-para-el-festival-tio-roberto-2023\/#primaryimage"},"thumbnailUrl":"https:\/\/dev.antudigital.cl\/sites\/vc\/wp-content\/uploads\/2023\/01\/festival-2022-para-WEB-768x284-1.jpeg","articleSection":["Noticia"],"inLanguage":"es","potentialAction":[{"@type":"CommentAction","name":"Comment","target":["https:\/\/dev.antudigital.cl\/sites\/vc\/ya-no-queda-nada-para-el-festival-tio-roberto-2023\/#respond"]}]},{"@type":"WebPage","@id":"https:\/\/dev.antudigital.cl\/sites\/vc\/ya-no-queda-nada-para-el-festival-tio-roberto-2023\/","url":"https:\/\/dev.antudigital.cl\/sites\/vc\/ya-no-queda-nada-para-el-festival-tio-roberto-2023\/","name":"Ya no queda nada para el Festival T\u00edo Roberto 2023 - Valpara\u00ed\u00adso Creativo","isPartOf":{"@id":"https:\/\/dev.antudigital.cl\/sites\/vc\/#website"},"primaryImageOfPage":{"@id":"https:\/\/dev.antudigital.cl\/sites\/vc\/ya-no-queda-nada-para-el-festival-tio-roberto-2023\/#primaryimage"},"image":{"@id":"https:\/\/dev.antudigital.cl\/sites\/vc\/ya-no-queda-nada-para-el-festival-tio-roberto-2023\/#primaryimage"},"thumbnailUrl":"https:\/\/dev.antudigital.cl\/sites\/vc\/wp-content\/uploads\/2023\/01\/festival-2022-para-WEB-768x284-1.jpeg","datePublished":"2023-01-16T21:06:49+00:00","dateModified":"2023-01-16T21:06:54+00:00","author":{"@id":"https:\/\/dev.antudigital.cl\/sites\/vc\/#\/schema\/person\/c2b9da8dd545e27166fc5ab232837318"},"breadcrumb":{"@id":"https:\/\/dev.antudigital.cl\/sites\/vc\/ya-no-queda-nada-para-el-festival-tio-roberto-2023\/#breadcrumb"},"inLanguage":"es","potentialAction":[{"@type":"ReadAction","target":["https:\/\/dev.antudigital.cl\/sites\/vc\/ya-no-queda-nada-para-el-festival-tio-roberto-2023\/"]}]},{"@type":"ImageObject","inLanguage":"es","@id":"https:\/\/dev.antudigital.cl\/sites\/vc\/ya-no-queda-nada-para-el-festival-tio-roberto-2023\/#primaryimage","url":"https:\/\/dev.antudigital.cl\/sites\/vc\/wp-content\/uploads\/2023\/01\/festival-2022-para-WEB-768x284-1.jpeg","contentUrl":"https:\/\/dev.antudigital.cl\/sites\/vc\/wp-content\/uploads\/2023\/01\/festival-2022-para-WEB-768x284-1.jpeg","width":768,"height":284},{"@type":"BreadcrumbList","@id":"https:\/\/dev.antudigital.cl\/sites\/vc\/ya-no-queda-nada-para-el-festival-tio-roberto-2023\/#breadcrumb","itemListElement":[{"@type":"ListItem","position":1,"name":"Home","item":"https:\/\/dev.antudigital.cl\/sites\/vc\/"},{"@type":"ListItem","position":2,"name":"Ya no queda nada para el Festival T\u00edo Roberto 2023"}]},{"@type":"WebSite","@id":"https:\/\/dev.antudigital.cl\/sites\/vc\/#website","url":"https:\/\/dev.antudigital.cl\/sites\/vc\/","name":"Valpara\u00ed\u00adso Creativo","description":"","potentialAction":[{"@type":"SearchAction","target":{"@type":"EntryPoint","urlTemplate":"https:\/\/dev.antudigital.cl\/sites\/vc\/?s={search_term_string}"},"query-input":{"@type":"PropertyValueSpecification","valueRequired":true,"valueName":"search_term_string"}}],"inLanguage":"es"},{"@type":"Person","@id":"https:\/\/dev.antudigital.cl\/sites\/vc\/#\/schema\/person\/c2b9da8dd545e27166fc5ab232837318","name":"Valpara\u00edso Creativo","description":"Periodista de cultura en la Regi\u00f3n de Valpara\u00edso.","url":"https:\/\/dev.antudigital.cl\/sites\/vc\/author\/valpoadmin\/"}]}},"_links":{"self":[{"href":"https:\/\/dev.antudigital.cl\/sites\/vc\/wp-json\/wp\/v2\/posts\/12408","targetHints":{"allow":["GET"]}}],"collection":[{"href":"https:\/\/dev.antudigital.cl\/sites\/vc\/wp-json\/wp\/v2\/posts"}],"about":[{"href":"https:\/\/dev.antudigital.cl\/sites\/vc\/wp-json\/wp\/v2\/types\/post"}],"author":[{"embeddable":true,"href":"https:\/\/dev.antudigital.cl\/sites\/vc\/wp-json\/wp\/v2\/users\/1"}],"replies":[{"embeddable":true,"href":"https:\/\/dev.antudigital.cl\/sites\/vc\/wp-json\/wp\/v2\/comments?post=12408"}],"version-history":[{"count":1,"href":"https:\/\/dev.antudigital.cl\/sites\/vc\/wp-json\/wp\/v2\/posts\/12408\/revisions"}],"predecessor-version":[{"id":12411,"href":"https:\/\/dev.antudigital.cl\/sites\/vc\/wp-json\/wp\/v2\/posts\/12408\/revisions\/12411"}],"wp:featuredmedia":[{"embeddable":true,"href":"https:\/\/dev.antudigital.cl\/sites\/vc\/wp-json\/wp\/v2\/media\/12409"}],"wp:attachment":[{"href":"https:\/\/dev.antudigital.cl\/sites\/vc\/wp-json\/wp\/v2\/media?parent=12408"}],"wp:term":[{"taxonomy":"category","embeddable":true,"href":"https:\/\/dev.antudigital.cl\/sites\/vc\/wp-json\/wp\/v2\/categories?post=12408"},{"taxonomy":"post_tag","embeddable":true,"href":"https:\/\/dev.antudigital.cl\/sites\/vc\/wp-json\/wp\/v2\/tags?post=12408"}],"curies":[{"name":"wp","href":"https:\/\/api.w.org\/{rel}","templated":true}]}}