{"id":12416,"date":"2023-01-16T21:28:10","date_gmt":"2023-01-16T21:28:10","guid":{"rendered":"https:\/\/www.valparaisocreativo.cl\/?p=12416"},"modified":"2023-01-16T21:28:14","modified_gmt":"2023-01-16T21:28:14","slug":"se-parte-del-cineclub-recobrado","status":"publish","type":"post","link":"https:\/\/dev.antudigital.cl\/sites\/vc\/se-parte-del-cineclub-recobrado\/","title":{"rendered":"Se parte del Cineclub Recobrado"},"content":{"rendered":"\n<p>Los \u00faltimos mi\u00e9rcoles de cada mes el Festival Internacional de Cine Recobrado invita a reunirse en el Cineclub Recobrado. <strong>La cita es a las 18 hrs en el Teatro Municipal de Valpara\u00edso.<\/strong><\/p>\n\n\n\n<p>Se har\u00e1n proyecciones en formato f\u00edlmico para que puedas ver las grandes y peque\u00f1as pel\u00edculas que se han realizado en la historia del cine. Desde los importantes cl\u00e1sicos a las pel\u00edculas de culto, todas ellas las podr\u00e1s encontrar cada mes, donde habr\u00e1 conversatorios y la participaci\u00f3n del p\u00fablico.<\/p>\n\n\n\n<p>Desarrollar\u00e1n tem\u00e1ticas como los g\u00e9neros cinematogr\u00e1ficos, aportes de directores y actores, m\u00fasicos y directores de fotograf\u00eda. Lo que se busca es que juntos aprendamos a ver pel\u00edculas y disfrutar de mejor manera cuando llegue el festival en octubre.<\/p>\n\n\n\n<p>Inscr\u00edbete escribiendo a cinerecobrado@gmail.com <\/p>\n\n\n\n<figure class=\"wp-block-image size-full\"><img fetchpriority=\"high\" decoding=\"async\" width=\"596\" height=\"592\" src=\"https:\/\/www.valparaisocreativo.cl\/wp-content\/uploads\/2023\/01\/Captura-de-Pantalla-2023-01-16-a-las-18.25.32.png\" alt=\"\" class=\"wp-image-12417\" srcset=\"https:\/\/dev.antudigital.cl\/sites\/vc\/wp-content\/uploads\/2023\/01\/Captura-de-Pantalla-2023-01-16-a-las-18.25.32.png 596w, https:\/\/dev.antudigital.cl\/sites\/vc\/wp-content\/uploads\/2023\/01\/Captura-de-Pantalla-2023-01-16-a-las-18.25.32-300x298.png 300w, https:\/\/dev.antudigital.cl\/sites\/vc\/wp-content\/uploads\/2023\/01\/Captura-de-Pantalla-2023-01-16-a-las-18.25.32-150x150.png 150w, https:\/\/dev.antudigital.cl\/sites\/vc\/wp-content\/uploads\/2023\/01\/Captura-de-Pantalla-2023-01-16-a-las-18.25.32-480x477.png 480w\" sizes=\"(max-width: 596px) 100vw, 596px\" \/><\/figure>\n","protected":false},"excerpt":{"rendered":"<p>Los \u00faltimos mi\u00e9rcoles de cada mes el Festival Internacional de Cine Recobrado invita a reunirse en el Cineclub Recobrado. La cita es a las 18 hrs en el Teatro Municipal de Valpara\u00edso. Se har\u00e1n proyecciones en formato f\u00edlmico para que puedas ver las grandes y peque\u00f1as pel\u00edculas que se han realizado en la historia del [&hellip;]<\/p>\n","protected":false},"author":1,"featured_media":11872,"comment_status":"open","ping_status":"closed","sticky":false,"template":"","format":"standard","meta":{"_acf_changed":false,"footnotes":""},"categories":[8],"tags":[],"class_list":["post-12416","post","type-post","status-publish","format-standard","has-post-thumbnail","hentry","category-noticia"],"acf":[],"yoast_head":"<!-- This site is optimized with the Yoast SEO plugin v27.1.1 - https:\/\/yoast.com\/product\/yoast-seo-wordpress\/ -->\n<title>Se parte del Cineclub Recobrado - Valpara\u00ed\u00adso Creativo<\/title>\n<meta name=\"robots\" content=\"index, follow, max-snippet:-1, max-image-preview:large, max-video-preview:-1\" \/>\n<link rel=\"canonical\" href=\"https:\/\/dev.antudigital.cl\/sites\/vc\/se-parte-del-cineclub-recobrado\/\" \/>\n<meta property=\"og:locale\" content=\"es_ES\" \/>\n<meta property=\"og:type\" content=\"article\" \/>\n<meta property=\"og:title\" content=\"Se parte del Cineclub Recobrado - Valpara\u00ed\u00adso Creativo\" \/>\n<meta property=\"og:description\" content=\"Los \u00faltimos mi\u00e9rcoles de cada mes el Festival Internacional de Cine Recobrado invita a reunirse en el Cineclub Recobrado. La cita es a las 18 hrs en el Teatro Municipal de Valpara\u00edso. Se har\u00e1n proyecciones en formato f\u00edlmico para que puedas ver las grandes y peque\u00f1as pel\u00edculas que se han realizado en la historia del [&hellip;]\" \/>\n<meta property=\"og:url\" content=\"https:\/\/dev.antudigital.cl\/sites\/vc\/se-parte-del-cineclub-recobrado\/\" \/>\n<meta property=\"og:site_name\" content=\"Valpara\u00ed\u00adso Creativo\" \/>\n<meta property=\"article:published_time\" content=\"2023-01-16T21:28:10+00:00\" \/>\n<meta property=\"article:modified_time\" content=\"2023-01-16T21:28:14+00:00\" \/>\n<meta property=\"og:image\" content=\"https:\/\/dev.antudigital.cl\/sites\/vc\/wp-content\/uploads\/2022\/10\/Cine-recobrado.jpg\" \/>\n\t<meta property=\"og:image:width\" content=\"940\" \/>\n\t<meta property=\"og:image:height\" content=\"367\" \/>\n\t<meta property=\"og:image:type\" content=\"image\/jpeg\" \/>\n<meta name=\"author\" content=\"Valpara\u00edso Creativo\" \/>\n<meta name=\"twitter:card\" content=\"summary_large_image\" \/>\n<meta name=\"twitter:label1\" content=\"Escrito por\" \/>\n\t<meta name=\"twitter:data1\" content=\"Valpara\u00edso Creativo\" \/>\n\t<meta name=\"twitter:label2\" content=\"Tiempo de lectura\" \/>\n\t<meta name=\"twitter:data2\" content=\"1 minuto\" \/>\n<script type=\"application\/ld+json\" class=\"yoast-schema-graph\">{\"@context\":\"https:\/\/schema.org\",\"@graph\":[{\"@type\":\"Article\",\"@id\":\"https:\/\/dev.antudigital.cl\/sites\/vc\/se-parte-del-cineclub-recobrado\/#article\",\"isPartOf\":{\"@id\":\"https:\/\/dev.antudigital.cl\/sites\/vc\/se-parte-del-cineclub-recobrado\/\"},\"author\":{\"name\":\"Valpara\u00edso Creativo\",\"@id\":\"https:\/\/dev.antudigital.cl\/sites\/vc\/#\/schema\/person\/c2b9da8dd545e27166fc5ab232837318\"},\"headline\":\"Se parte del Cineclub Recobrado\",\"datePublished\":\"2023-01-16T21:28:10+00:00\",\"dateModified\":\"2023-01-16T21:28:14+00:00\",\"mainEntityOfPage\":{\"@id\":\"https:\/\/dev.antudigital.cl\/sites\/vc\/se-parte-del-cineclub-recobrado\/\"},\"wordCount\":147,\"commentCount\":0,\"image\":{\"@id\":\"https:\/\/dev.antudigital.cl\/sites\/vc\/se-parte-del-cineclub-recobrado\/#primaryimage\"},\"thumbnailUrl\":\"https:\/\/dev.antudigital.cl\/sites\/vc\/wp-content\/uploads\/2022\/10\/Cine-recobrado.jpg\",\"articleSection\":[\"Noticia\"],\"inLanguage\":\"es\",\"potentialAction\":[{\"@type\":\"CommentAction\",\"name\":\"Comment\",\"target\":[\"https:\/\/dev.antudigital.cl\/sites\/vc\/se-parte-del-cineclub-recobrado\/#respond\"]}]},{\"@type\":\"WebPage\",\"@id\":\"https:\/\/dev.antudigital.cl\/sites\/vc\/se-parte-del-cineclub-recobrado\/\",\"url\":\"https:\/\/dev.antudigital.cl\/sites\/vc\/se-parte-del-cineclub-recobrado\/\",\"name\":\"Se parte del Cineclub Recobrado - Valpara\u00ed\u00adso Creativo\",\"isPartOf\":{\"@id\":\"https:\/\/dev.antudigital.cl\/sites\/vc\/#website\"},\"primaryImageOfPage\":{\"@id\":\"https:\/\/dev.antudigital.cl\/sites\/vc\/se-parte-del-cineclub-recobrado\/#primaryimage\"},\"image\":{\"@id\":\"https:\/\/dev.antudigital.cl\/sites\/vc\/se-parte-del-cineclub-recobrado\/#primaryimage\"},\"thumbnailUrl\":\"https:\/\/dev.antudigital.cl\/sites\/vc\/wp-content\/uploads\/2022\/10\/Cine-recobrado.jpg\",\"datePublished\":\"2023-01-16T21:28:10+00:00\",\"dateModified\":\"2023-01-16T21:28:14+00:00\",\"author\":{\"@id\":\"https:\/\/dev.antudigital.cl\/sites\/vc\/#\/schema\/person\/c2b9da8dd545e27166fc5ab232837318\"},\"breadcrumb\":{\"@id\":\"https:\/\/dev.antudigital.cl\/sites\/vc\/se-parte-del-cineclub-recobrado\/#breadcrumb\"},\"inLanguage\":\"es\",\"potentialAction\":[{\"@type\":\"ReadAction\",\"target\":[\"https:\/\/dev.antudigital.cl\/sites\/vc\/se-parte-del-cineclub-recobrado\/\"]}]},{\"@type\":\"ImageObject\",\"inLanguage\":\"es\",\"@id\":\"https:\/\/dev.antudigital.cl\/sites\/vc\/se-parte-del-cineclub-recobrado\/#primaryimage\",\"url\":\"https:\/\/dev.antudigital.cl\/sites\/vc\/wp-content\/uploads\/2022\/10\/Cine-recobrado.jpg\",\"contentUrl\":\"https:\/\/dev.antudigital.cl\/sites\/vc\/wp-content\/uploads\/2022\/10\/Cine-recobrado.jpg\",\"width\":940,\"height\":367},{\"@type\":\"BreadcrumbList\",\"@id\":\"https:\/\/dev.antudigital.cl\/sites\/vc\/se-parte-del-cineclub-recobrado\/#breadcrumb\",\"itemListElement\":[{\"@type\":\"ListItem\",\"position\":1,\"name\":\"Home\",\"item\":\"https:\/\/dev.antudigital.cl\/sites\/vc\/\"},{\"@type\":\"ListItem\",\"position\":2,\"name\":\"Se parte del Cineclub Recobrado\"}]},{\"@type\":\"WebSite\",\"@id\":\"https:\/\/dev.antudigital.cl\/sites\/vc\/#website\",\"url\":\"https:\/\/dev.antudigital.cl\/sites\/vc\/\",\"name\":\"Valpara\u00ed\u00adso Creativo\",\"description\":\"\",\"potentialAction\":[{\"@type\":\"SearchAction\",\"target\":{\"@type\":\"EntryPoint\",\"urlTemplate\":\"https:\/\/dev.antudigital.cl\/sites\/vc\/?s={search_term_string}\"},\"query-input\":{\"@type\":\"PropertyValueSpecification\",\"valueRequired\":true,\"valueName\":\"search_term_string\"}}],\"inLanguage\":\"es\"},{\"@type\":\"Person\",\"@id\":\"https:\/\/dev.antudigital.cl\/sites\/vc\/#\/schema\/person\/c2b9da8dd545e27166fc5ab232837318\",\"name\":\"Valpara\u00edso Creativo\",\"description\":\"Periodista de cultura en la Regi\u00f3n de Valpara\u00edso.\",\"url\":\"https:\/\/dev.antudigital.cl\/sites\/vc\/author\/valpoadmin\/\"}]}<\/script>\n<!-- \/ Yoast SEO plugin. -->","yoast_head_json":{"title":"Se parte del Cineclub Recobrado - Valpara\u00ed\u00adso Creativo","robots":{"index":"index","follow":"follow","max-snippet":"max-snippet:-1","max-image-preview":"max-image-preview:large","max-video-preview":"max-video-preview:-1"},"canonical":"https:\/\/dev.antudigital.cl\/sites\/vc\/se-parte-del-cineclub-recobrado\/","og_locale":"es_ES","og_type":"article","og_title":"Se parte del Cineclub Recobrado - Valpara\u00ed\u00adso Creativo","og_description":"Los \u00faltimos mi\u00e9rcoles de cada mes el Festival Internacional de Cine Recobrado invita a reunirse en el Cineclub Recobrado. La cita es a las 18 hrs en el Teatro Municipal de Valpara\u00edso. Se har\u00e1n proyecciones en formato f\u00edlmico para que puedas ver las grandes y peque\u00f1as pel\u00edculas que se han realizado en la historia del [&hellip;]","og_url":"https:\/\/dev.antudigital.cl\/sites\/vc\/se-parte-del-cineclub-recobrado\/","og_site_name":"Valpara\u00ed\u00adso Creativo","article_published_time":"2023-01-16T21:28:10+00:00","article_modified_time":"2023-01-16T21:28:14+00:00","og_image":[{"width":940,"height":367,"url":"https:\/\/dev.antudigital.cl\/sites\/vc\/wp-content\/uploads\/2022\/10\/Cine-recobrado.jpg","type":"image\/jpeg"}],"author":"Valpara\u00edso Creativo","twitter_card":"summary_large_image","twitter_misc":{"Escrito por":"Valpara\u00edso Creativo","Tiempo de lectura":"1 minuto"},"schema":{"@context":"https:\/\/schema.org","@graph":[{"@type":"Article","@id":"https:\/\/dev.antudigital.cl\/sites\/vc\/se-parte-del-cineclub-recobrado\/#article","isPartOf":{"@id":"https:\/\/dev.antudigital.cl\/sites\/vc\/se-parte-del-cineclub-recobrado\/"},"author":{"name":"Valpara\u00edso Creativo","@id":"https:\/\/dev.antudigital.cl\/sites\/vc\/#\/schema\/person\/c2b9da8dd545e27166fc5ab232837318"},"headline":"Se parte del Cineclub Recobrado","datePublished":"2023-01-16T21:28:10+00:00","dateModified":"2023-01-16T21:28:14+00:00","mainEntityOfPage":{"@id":"https:\/\/dev.antudigital.cl\/sites\/vc\/se-parte-del-cineclub-recobrado\/"},"wordCount":147,"commentCount":0,"image":{"@id":"https:\/\/dev.antudigital.cl\/sites\/vc\/se-parte-del-cineclub-recobrado\/#primaryimage"},"thumbnailUrl":"https:\/\/dev.antudigital.cl\/sites\/vc\/wp-content\/uploads\/2022\/10\/Cine-recobrado.jpg","articleSection":["Noticia"],"inLanguage":"es","potentialAction":[{"@type":"CommentAction","name":"Comment","target":["https:\/\/dev.antudigital.cl\/sites\/vc\/se-parte-del-cineclub-recobrado\/#respond"]}]},{"@type":"WebPage","@id":"https:\/\/dev.antudigital.cl\/sites\/vc\/se-parte-del-cineclub-recobrado\/","url":"https:\/\/dev.antudigital.cl\/sites\/vc\/se-parte-del-cineclub-recobrado\/","name":"Se parte del Cineclub Recobrado - Valpara\u00ed\u00adso Creativo","isPartOf":{"@id":"https:\/\/dev.antudigital.cl\/sites\/vc\/#website"},"primaryImageOfPage":{"@id":"https:\/\/dev.antudigital.cl\/sites\/vc\/se-parte-del-cineclub-recobrado\/#primaryimage"},"image":{"@id":"https:\/\/dev.antudigital.cl\/sites\/vc\/se-parte-del-cineclub-recobrado\/#primaryimage"},"thumbnailUrl":"https:\/\/dev.antudigital.cl\/sites\/vc\/wp-content\/uploads\/2022\/10\/Cine-recobrado.jpg","datePublished":"2023-01-16T21:28:10+00:00","dateModified":"2023-01-16T21:28:14+00:00","author":{"@id":"https:\/\/dev.antudigital.cl\/sites\/vc\/#\/schema\/person\/c2b9da8dd545e27166fc5ab232837318"},"breadcrumb":{"@id":"https:\/\/dev.antudigital.cl\/sites\/vc\/se-parte-del-cineclub-recobrado\/#breadcrumb"},"inLanguage":"es","potentialAction":[{"@type":"ReadAction","target":["https:\/\/dev.antudigital.cl\/sites\/vc\/se-parte-del-cineclub-recobrado\/"]}]},{"@type":"ImageObject","inLanguage":"es","@id":"https:\/\/dev.antudigital.cl\/sites\/vc\/se-parte-del-cineclub-recobrado\/#primaryimage","url":"https:\/\/dev.antudigital.cl\/sites\/vc\/wp-content\/uploads\/2022\/10\/Cine-recobrado.jpg","contentUrl":"https:\/\/dev.antudigital.cl\/sites\/vc\/wp-content\/uploads\/2022\/10\/Cine-recobrado.jpg","width":940,"height":367},{"@type":"BreadcrumbList","@id":"https:\/\/dev.antudigital.cl\/sites\/vc\/se-parte-del-cineclub-recobrado\/#breadcrumb","itemListElement":[{"@type":"ListItem","position":1,"name":"Home","item":"https:\/\/dev.antudigital.cl\/sites\/vc\/"},{"@type":"ListItem","position":2,"name":"Se parte del Cineclub Recobrado"}]},{"@type":"WebSite","@id":"https:\/\/dev.antudigital.cl\/sites\/vc\/#website","url":"https:\/\/dev.antudigital.cl\/sites\/vc\/","name":"Valpara\u00ed\u00adso Creativo","description":"","potentialAction":[{"@type":"SearchAction","target":{"@type":"EntryPoint","urlTemplate":"https:\/\/dev.antudigital.cl\/sites\/vc\/?s={search_term_string}"},"query-input":{"@type":"PropertyValueSpecification","valueRequired":true,"valueName":"search_term_string"}}],"inLanguage":"es"},{"@type":"Person","@id":"https:\/\/dev.antudigital.cl\/sites\/vc\/#\/schema\/person\/c2b9da8dd545e27166fc5ab232837318","name":"Valpara\u00edso Creativo","description":"Periodista de cultura en la Regi\u00f3n de Valpara\u00edso.","url":"https:\/\/dev.antudigital.cl\/sites\/vc\/author\/valpoadmin\/"}]}},"_links":{"self":[{"href":"https:\/\/dev.antudigital.cl\/sites\/vc\/wp-json\/wp\/v2\/posts\/12416","targetHints":{"allow":["GET"]}}],"collection":[{"href":"https:\/\/dev.antudigital.cl\/sites\/vc\/wp-json\/wp\/v2\/posts"}],"about":[{"href":"https:\/\/dev.antudigital.cl\/sites\/vc\/wp-json\/wp\/v2\/types\/post"}],"author":[{"embeddable":true,"href":"https:\/\/dev.antudigital.cl\/sites\/vc\/wp-json\/wp\/v2\/users\/1"}],"replies":[{"embeddable":true,"href":"https:\/\/dev.antudigital.cl\/sites\/vc\/wp-json\/wp\/v2\/comments?post=12416"}],"version-history":[{"count":1,"href":"https:\/\/dev.antudigital.cl\/sites\/vc\/wp-json\/wp\/v2\/posts\/12416\/revisions"}],"predecessor-version":[{"id":12418,"href":"https:\/\/dev.antudigital.cl\/sites\/vc\/wp-json\/wp\/v2\/posts\/12416\/revisions\/12418"}],"wp:featuredmedia":[{"embeddable":true,"href":"https:\/\/dev.antudigital.cl\/sites\/vc\/wp-json\/wp\/v2\/media\/11872"}],"wp:attachment":[{"href":"https:\/\/dev.antudigital.cl\/sites\/vc\/wp-json\/wp\/v2\/media?parent=12416"}],"wp:term":[{"taxonomy":"category","embeddable":true,"href":"https:\/\/dev.antudigital.cl\/sites\/vc\/wp-json\/wp\/v2\/categories?post=12416"},{"taxonomy":"post_tag","embeddable":true,"href":"https:\/\/dev.antudigital.cl\/sites\/vc\/wp-json\/wp\/v2\/tags?post=12416"}],"curies":[{"name":"wp","href":"https:\/\/api.w.org\/{rel}","templated":true}]}}