{"id":12419,"date":"2023-01-16T21:33:41","date_gmt":"2023-01-16T21:33:41","guid":{"rendered":"https:\/\/www.valparaisocreativo.cl\/?p=12419"},"modified":"2023-01-16T21:33:45","modified_gmt":"2023-01-16T21:33:45","slug":"lanzamiento-cautiverio-feliz-en-fundacion-santos-chavez","status":"publish","type":"post","link":"https:\/\/dev.antudigital.cl\/sites\/vc\/lanzamiento-cautiverio-feliz-en-fundacion-santos-chavez\/","title":{"rendered":"Lanzamiento \u00abCautiverio feliz\u00bb en Fundaci\u00f3n Santos Ch\u00e1vez"},"content":{"rendered":"\n<p><strong>Llega a librer\u00edas un cl\u00e1sico actualizado por Pedro Cayuqueo: \u201cCautiverio feliz\u201d<\/strong><\/p>\n\n\n\n<p>Se trata de una cr\u00f3nica del siglo XVII que permite reflexionar sobre las relaciones entre la sociedad chilena y la mapuche del presente.<\/p>\n\n\n\n<p>\u00abCautiverio feliz\u00bb fue escrito en 1673 por Francisco N\u00fa\u00f1ez de Pineda y Bascu\u00f1\u00e1n, militar que fue capturado por los mapuches en la batalla de Las Cangrejeras en 1629. En este libro narra su experiencia como prisionero, relato que constituye una de las m\u00e1s importantes y realistas descripciones de las costumbres del pueblo mapuche. Con alrededor de 700 p\u00e1ginas, la obra fue una de las primeras en documentar la cosmovisi\u00f3n mapuche, sus asuntos espirituales y culturales.<\/p>\n\n\n\n<p>Fue una de las m\u00e1s le\u00eddas en la Am\u00e9rica colonial y tambi\u00e9n difundida entre los escolares hasta la primera mitad del siglo XX. Sin embargo, su gran extensi\u00f3n y la dificultad que presentaba el castellano antiguo fueron ahuyentando a los lectores. Por ello, el periodista y escritor Pedro Cayuqueo decidi\u00f3 adaptarla a un lenguaje sencillo, \u00e1gil, entretenido y convertirla en una obra de divulgaci\u00f3n hist\u00f3rica. \u201cMe interesaba ponerla al alcance de un p\u00fablico masivo, sobre todo de los m\u00e1s j\u00f3venes. Esta versi\u00f3n actualiza el lenguaje obsoleto y las dificultades propias de su estructura narrativa, pero sin alterar la obra original. Adem\u00e1s, contiene una serie de notas complementarias de un ejemplar que dialoga con la realidad, la cultura y la contingencia nacional\u201d, explica Cayuqueo.&nbsp;<\/p>\n\n\n\n<p>\u201cLos manuscritos originales son un fiel retrato de la Guerra de Arauco y de las conflictivas relaciones hispano-mapuche de aquel per\u00edodo colonial. Aunque su autor era un oficial de los ej\u00e9rcitos reales, destaca el alto grado de cultura de los mapuches, la humanidad con que trataban a sus cautivos y lo justo de su f\u00e9rrea resistencia a la invasi\u00f3n de su territorio\u00bb, comenta el escritor Guillermo Parvex, autor del pr\u00f3logo de esta edici\u00f3n.<\/p>\n\n\n\n<p>Del libro se han efectuado obras de teatro, pel\u00edculas, pero faltaba una lectura exhaustiva y dedicada. \u00abA trav\u00e9s de este nuevo trabajo de Cayuqueo el lector se fascinar\u00e1 al adentrarse en el Wallmapu del siglo XVII en los ojos de un joven militar al servicio del rey y conocer con l\u00fadicos detalles su organizaci\u00f3n, costumbres, ritos y tambi\u00e9n el generoso pecho de su noble naci\u00f3n\u00bb, agrega Parvex.&nbsp;<\/p>\n\n\n\n<p>Para muchos intelectuales e historiadores esta obra tambi\u00e9n es la m\u00e1s incisiva reflexi\u00f3n \u00e9tico-pol\u00edtica acerca de los reg\u00edmenes gubernamentales de Chile en el siglo XVII, as\u00ed como un l\u00facido alegato contra las interminables e injustas guerras desatadas por los gobernadores espa\u00f1oles en la \u201cfrontera araucana\u201d. Seg\u00fan el historiador Diego Barros Arana son notables los contenidos&nbsp; del libro respecto de los mapuche, su sistema militar, su industria y organizaci\u00f3n pol\u00edtica.&nbsp;<\/p>\n\n\n\n<p>La portada es creaci\u00f3n del destacado ilustrador Francisco Javier Olea @oleismos. Disponible en librer\u00edas y Marketplace de todo Chile. Tambi\u00e9n en versi\u00f3n EBook en plataformas digitales como Amazon, Google Play, Ebookspatagonia, entre otras.<\/p>\n\n\n\n<p><strong>Su lanzamiento en Valpara\u00edso ser\u00e1 el s\u00e1bado 21 a las 18:30hrs.<\/strong> en Fundaci\u00f3n Santos Ch\u00e1vez, ubicado en Cajilla 8811.<\/p>\n\n\n\n<figure class=\"wp-block-image size-large\"><img fetchpriority=\"high\" decoding=\"async\" width=\"576\" height=\"1024\" src=\"https:\/\/www.valparaisocreativo.cl\/wp-content\/uploads\/2023\/01\/Valpo_Presentacion_IG_Blanco-576x1024.jpg\" alt=\"\" class=\"wp-image-12421\" srcset=\"https:\/\/dev.antudigital.cl\/sites\/vc\/wp-content\/uploads\/2023\/01\/Valpo_Presentacion_IG_Blanco-576x1024.jpg 576w, https:\/\/dev.antudigital.cl\/sites\/vc\/wp-content\/uploads\/2023\/01\/Valpo_Presentacion_IG_Blanco-169x300.jpg 169w, https:\/\/dev.antudigital.cl\/sites\/vc\/wp-content\/uploads\/2023\/01\/Valpo_Presentacion_IG_Blanco-768x1365.jpg 768w, https:\/\/dev.antudigital.cl\/sites\/vc\/wp-content\/uploads\/2023\/01\/Valpo_Presentacion_IG_Blanco-864x1536.jpg 864w, https:\/\/dev.antudigital.cl\/sites\/vc\/wp-content\/uploads\/2023\/01\/Valpo_Presentacion_IG_Blanco-980x1742.jpg 980w, https:\/\/dev.antudigital.cl\/sites\/vc\/wp-content\/uploads\/2023\/01\/Valpo_Presentacion_IG_Blanco-480x853.jpg 480w, https:\/\/dev.antudigital.cl\/sites\/vc\/wp-content\/uploads\/2023\/01\/Valpo_Presentacion_IG_Blanco.jpg 1080w\" sizes=\"(max-width: 576px) 100vw, 576px\" \/><\/figure>\n","protected":false},"excerpt":{"rendered":"<p>Llega a librer\u00edas un cl\u00e1sico actualizado por Pedro Cayuqueo: \u201cCautiverio feliz\u201d Se trata de una cr\u00f3nica del siglo XVII que permite reflexionar sobre las relaciones entre la sociedad chilena y la mapuche del presente. \u00abCautiverio feliz\u00bb fue escrito en 1673 por Francisco N\u00fa\u00f1ez de Pineda y Bascu\u00f1\u00e1n, militar que fue capturado por los mapuches en [&hellip;]<\/p>\n","protected":false},"author":1,"featured_media":12420,"comment_status":"open","ping_status":"closed","sticky":false,"template":"","format":"standard","meta":{"_acf_changed":false,"footnotes":""},"categories":[8],"tags":[],"class_list":["post-12419","post","type-post","status-publish","format-standard","has-post-thumbnail","hentry","category-noticia"],"acf":[],"yoast_head":"<!-- This site is optimized with the Yoast SEO plugin v27.1.1 - https:\/\/yoast.com\/product\/yoast-seo-wordpress\/ -->\n<title>Lanzamiento &quot;Cautiverio feliz&quot; en Fundaci\u00f3n Santos Ch\u00e1vez - Valpara\u00ed\u00adso Creativo<\/title>\n<meta name=\"robots\" content=\"index, follow, max-snippet:-1, max-image-preview:large, max-video-preview:-1\" \/>\n<link rel=\"canonical\" href=\"https:\/\/dev.antudigital.cl\/sites\/vc\/lanzamiento-cautiverio-feliz-en-fundacion-santos-chavez\/\" \/>\n<meta property=\"og:locale\" content=\"es_ES\" \/>\n<meta property=\"og:type\" content=\"article\" \/>\n<meta property=\"og:title\" content=\"Lanzamiento &quot;Cautiverio feliz&quot; en Fundaci\u00f3n Santos Ch\u00e1vez - Valpara\u00ed\u00adso Creativo\" \/>\n<meta property=\"og:description\" content=\"Llega a librer\u00edas un cl\u00e1sico actualizado por Pedro Cayuqueo: \u201cCautiverio feliz\u201d Se trata de una cr\u00f3nica del siglo XVII que permite reflexionar sobre las relaciones entre la sociedad chilena y la mapuche del presente. \u00abCautiverio feliz\u00bb fue escrito en 1673 por Francisco N\u00fa\u00f1ez de Pineda y Bascu\u00f1\u00e1n, militar que fue capturado por los mapuches en [&hellip;]\" \/>\n<meta property=\"og:url\" content=\"https:\/\/dev.antudigital.cl\/sites\/vc\/lanzamiento-cautiverio-feliz-en-fundacion-santos-chavez\/\" \/>\n<meta property=\"og:site_name\" content=\"Valpara\u00ed\u00adso Creativo\" \/>\n<meta property=\"article:published_time\" content=\"2023-01-16T21:33:41+00:00\" \/>\n<meta property=\"article:modified_time\" content=\"2023-01-16T21:33:45+00:00\" \/>\n<meta property=\"og:image\" content=\"https:\/\/dev.antudigital.cl\/sites\/vc\/wp-content\/uploads\/2023\/01\/Captura-de-Pantalla-2023-01-16-a-las-18.31.01.png\" \/>\n\t<meta property=\"og:image:width\" content=\"599\" \/>\n\t<meta property=\"og:image:height\" content=\"271\" \/>\n\t<meta property=\"og:image:type\" content=\"image\/png\" \/>\n<meta name=\"author\" content=\"Valpara\u00edso Creativo\" \/>\n<meta name=\"twitter:card\" content=\"summary_large_image\" \/>\n<meta name=\"twitter:label1\" content=\"Escrito por\" \/>\n\t<meta name=\"twitter:data1\" content=\"Valpara\u00edso Creativo\" \/>\n\t<meta name=\"twitter:label2\" content=\"Tiempo de lectura\" \/>\n\t<meta name=\"twitter:data2\" content=\"3 minutos\" \/>\n<script type=\"application\/ld+json\" class=\"yoast-schema-graph\">{\"@context\":\"https:\/\/schema.org\",\"@graph\":[{\"@type\":\"Article\",\"@id\":\"https:\/\/dev.antudigital.cl\/sites\/vc\/lanzamiento-cautiverio-feliz-en-fundacion-santos-chavez\/#article\",\"isPartOf\":{\"@id\":\"https:\/\/dev.antudigital.cl\/sites\/vc\/lanzamiento-cautiverio-feliz-en-fundacion-santos-chavez\/\"},\"author\":{\"name\":\"Valpara\u00edso Creativo\",\"@id\":\"https:\/\/dev.antudigital.cl\/sites\/vc\/#\/schema\/person\/c2b9da8dd545e27166fc5ab232837318\"},\"headline\":\"Lanzamiento \u00abCautiverio feliz\u00bb en Fundaci\u00f3n Santos Ch\u00e1vez\",\"datePublished\":\"2023-01-16T21:33:41+00:00\",\"dateModified\":\"2023-01-16T21:33:45+00:00\",\"mainEntityOfPage\":{\"@id\":\"https:\/\/dev.antudigital.cl\/sites\/vc\/lanzamiento-cautiverio-feliz-en-fundacion-santos-chavez\/\"},\"wordCount\":551,\"commentCount\":0,\"image\":{\"@id\":\"https:\/\/dev.antudigital.cl\/sites\/vc\/lanzamiento-cautiverio-feliz-en-fundacion-santos-chavez\/#primaryimage\"},\"thumbnailUrl\":\"https:\/\/dev.antudigital.cl\/sites\/vc\/wp-content\/uploads\/2023\/01\/Captura-de-Pantalla-2023-01-16-a-las-18.31.01.png\",\"articleSection\":[\"Noticia\"],\"inLanguage\":\"es\",\"potentialAction\":[{\"@type\":\"CommentAction\",\"name\":\"Comment\",\"target\":[\"https:\/\/dev.antudigital.cl\/sites\/vc\/lanzamiento-cautiverio-feliz-en-fundacion-santos-chavez\/#respond\"]}]},{\"@type\":\"WebPage\",\"@id\":\"https:\/\/dev.antudigital.cl\/sites\/vc\/lanzamiento-cautiverio-feliz-en-fundacion-santos-chavez\/\",\"url\":\"https:\/\/dev.antudigital.cl\/sites\/vc\/lanzamiento-cautiverio-feliz-en-fundacion-santos-chavez\/\",\"name\":\"Lanzamiento \\\"Cautiverio feliz\\\" en Fundaci\u00f3n Santos Ch\u00e1vez - Valpara\u00ed\u00adso Creativo\",\"isPartOf\":{\"@id\":\"https:\/\/dev.antudigital.cl\/sites\/vc\/#website\"},\"primaryImageOfPage\":{\"@id\":\"https:\/\/dev.antudigital.cl\/sites\/vc\/lanzamiento-cautiverio-feliz-en-fundacion-santos-chavez\/#primaryimage\"},\"image\":{\"@id\":\"https:\/\/dev.antudigital.cl\/sites\/vc\/lanzamiento-cautiverio-feliz-en-fundacion-santos-chavez\/#primaryimage\"},\"thumbnailUrl\":\"https:\/\/dev.antudigital.cl\/sites\/vc\/wp-content\/uploads\/2023\/01\/Captura-de-Pantalla-2023-01-16-a-las-18.31.01.png\",\"datePublished\":\"2023-01-16T21:33:41+00:00\",\"dateModified\":\"2023-01-16T21:33:45+00:00\",\"author\":{\"@id\":\"https:\/\/dev.antudigital.cl\/sites\/vc\/#\/schema\/person\/c2b9da8dd545e27166fc5ab232837318\"},\"breadcrumb\":{\"@id\":\"https:\/\/dev.antudigital.cl\/sites\/vc\/lanzamiento-cautiverio-feliz-en-fundacion-santos-chavez\/#breadcrumb\"},\"inLanguage\":\"es\",\"potentialAction\":[{\"@type\":\"ReadAction\",\"target\":[\"https:\/\/dev.antudigital.cl\/sites\/vc\/lanzamiento-cautiverio-feliz-en-fundacion-santos-chavez\/\"]}]},{\"@type\":\"ImageObject\",\"inLanguage\":\"es\",\"@id\":\"https:\/\/dev.antudigital.cl\/sites\/vc\/lanzamiento-cautiverio-feliz-en-fundacion-santos-chavez\/#primaryimage\",\"url\":\"https:\/\/dev.antudigital.cl\/sites\/vc\/wp-content\/uploads\/2023\/01\/Captura-de-Pantalla-2023-01-16-a-las-18.31.01.png\",\"contentUrl\":\"https:\/\/dev.antudigital.cl\/sites\/vc\/wp-content\/uploads\/2023\/01\/Captura-de-Pantalla-2023-01-16-a-las-18.31.01.png\",\"width\":599,\"height\":271},{\"@type\":\"BreadcrumbList\",\"@id\":\"https:\/\/dev.antudigital.cl\/sites\/vc\/lanzamiento-cautiverio-feliz-en-fundacion-santos-chavez\/#breadcrumb\",\"itemListElement\":[{\"@type\":\"ListItem\",\"position\":1,\"name\":\"Home\",\"item\":\"https:\/\/dev.antudigital.cl\/sites\/vc\/\"},{\"@type\":\"ListItem\",\"position\":2,\"name\":\"Lanzamiento \u00abCautiverio feliz\u00bb en Fundaci\u00f3n Santos Ch\u00e1vez\"}]},{\"@type\":\"WebSite\",\"@id\":\"https:\/\/dev.antudigital.cl\/sites\/vc\/#website\",\"url\":\"https:\/\/dev.antudigital.cl\/sites\/vc\/\",\"name\":\"Valpara\u00ed\u00adso Creativo\",\"description\":\"\",\"potentialAction\":[{\"@type\":\"SearchAction\",\"target\":{\"@type\":\"EntryPoint\",\"urlTemplate\":\"https:\/\/dev.antudigital.cl\/sites\/vc\/?s={search_term_string}\"},\"query-input\":{\"@type\":\"PropertyValueSpecification\",\"valueRequired\":true,\"valueName\":\"search_term_string\"}}],\"inLanguage\":\"es\"},{\"@type\":\"Person\",\"@id\":\"https:\/\/dev.antudigital.cl\/sites\/vc\/#\/schema\/person\/c2b9da8dd545e27166fc5ab232837318\",\"name\":\"Valpara\u00edso Creativo\",\"description\":\"Periodista de cultura en la Regi\u00f3n de Valpara\u00edso.\",\"url\":\"https:\/\/dev.antudigital.cl\/sites\/vc\/author\/valpoadmin\/\"}]}<\/script>\n<!-- \/ Yoast SEO plugin. -->","yoast_head_json":{"title":"Lanzamiento \"Cautiverio feliz\" en Fundaci\u00f3n Santos Ch\u00e1vez - Valpara\u00ed\u00adso Creativo","robots":{"index":"index","follow":"follow","max-snippet":"max-snippet:-1","max-image-preview":"max-image-preview:large","max-video-preview":"max-video-preview:-1"},"canonical":"https:\/\/dev.antudigital.cl\/sites\/vc\/lanzamiento-cautiverio-feliz-en-fundacion-santos-chavez\/","og_locale":"es_ES","og_type":"article","og_title":"Lanzamiento \"Cautiverio feliz\" en Fundaci\u00f3n Santos Ch\u00e1vez - Valpara\u00ed\u00adso Creativo","og_description":"Llega a librer\u00edas un cl\u00e1sico actualizado por Pedro Cayuqueo: \u201cCautiverio feliz\u201d Se trata de una cr\u00f3nica del siglo XVII que permite reflexionar sobre las relaciones entre la sociedad chilena y la mapuche del presente. \u00abCautiverio feliz\u00bb fue escrito en 1673 por Francisco N\u00fa\u00f1ez de Pineda y Bascu\u00f1\u00e1n, militar que fue capturado por los mapuches en [&hellip;]","og_url":"https:\/\/dev.antudigital.cl\/sites\/vc\/lanzamiento-cautiverio-feliz-en-fundacion-santos-chavez\/","og_site_name":"Valpara\u00ed\u00adso Creativo","article_published_time":"2023-01-16T21:33:41+00:00","article_modified_time":"2023-01-16T21:33:45+00:00","og_image":[{"width":599,"height":271,"url":"https:\/\/dev.antudigital.cl\/sites\/vc\/wp-content\/uploads\/2023\/01\/Captura-de-Pantalla-2023-01-16-a-las-18.31.01.png","type":"image\/png"}],"author":"Valpara\u00edso Creativo","twitter_card":"summary_large_image","twitter_misc":{"Escrito por":"Valpara\u00edso Creativo","Tiempo de lectura":"3 minutos"},"schema":{"@context":"https:\/\/schema.org","@graph":[{"@type":"Article","@id":"https:\/\/dev.antudigital.cl\/sites\/vc\/lanzamiento-cautiverio-feliz-en-fundacion-santos-chavez\/#article","isPartOf":{"@id":"https:\/\/dev.antudigital.cl\/sites\/vc\/lanzamiento-cautiverio-feliz-en-fundacion-santos-chavez\/"},"author":{"name":"Valpara\u00edso Creativo","@id":"https:\/\/dev.antudigital.cl\/sites\/vc\/#\/schema\/person\/c2b9da8dd545e27166fc5ab232837318"},"headline":"Lanzamiento \u00abCautiverio feliz\u00bb en Fundaci\u00f3n Santos Ch\u00e1vez","datePublished":"2023-01-16T21:33:41+00:00","dateModified":"2023-01-16T21:33:45+00:00","mainEntityOfPage":{"@id":"https:\/\/dev.antudigital.cl\/sites\/vc\/lanzamiento-cautiverio-feliz-en-fundacion-santos-chavez\/"},"wordCount":551,"commentCount":0,"image":{"@id":"https:\/\/dev.antudigital.cl\/sites\/vc\/lanzamiento-cautiverio-feliz-en-fundacion-santos-chavez\/#primaryimage"},"thumbnailUrl":"https:\/\/dev.antudigital.cl\/sites\/vc\/wp-content\/uploads\/2023\/01\/Captura-de-Pantalla-2023-01-16-a-las-18.31.01.png","articleSection":["Noticia"],"inLanguage":"es","potentialAction":[{"@type":"CommentAction","name":"Comment","target":["https:\/\/dev.antudigital.cl\/sites\/vc\/lanzamiento-cautiverio-feliz-en-fundacion-santos-chavez\/#respond"]}]},{"@type":"WebPage","@id":"https:\/\/dev.antudigital.cl\/sites\/vc\/lanzamiento-cautiverio-feliz-en-fundacion-santos-chavez\/","url":"https:\/\/dev.antudigital.cl\/sites\/vc\/lanzamiento-cautiverio-feliz-en-fundacion-santos-chavez\/","name":"Lanzamiento \"Cautiverio feliz\" en Fundaci\u00f3n Santos Ch\u00e1vez - Valpara\u00ed\u00adso Creativo","isPartOf":{"@id":"https:\/\/dev.antudigital.cl\/sites\/vc\/#website"},"primaryImageOfPage":{"@id":"https:\/\/dev.antudigital.cl\/sites\/vc\/lanzamiento-cautiverio-feliz-en-fundacion-santos-chavez\/#primaryimage"},"image":{"@id":"https:\/\/dev.antudigital.cl\/sites\/vc\/lanzamiento-cautiverio-feliz-en-fundacion-santos-chavez\/#primaryimage"},"thumbnailUrl":"https:\/\/dev.antudigital.cl\/sites\/vc\/wp-content\/uploads\/2023\/01\/Captura-de-Pantalla-2023-01-16-a-las-18.31.01.png","datePublished":"2023-01-16T21:33:41+00:00","dateModified":"2023-01-16T21:33:45+00:00","author":{"@id":"https:\/\/dev.antudigital.cl\/sites\/vc\/#\/schema\/person\/c2b9da8dd545e27166fc5ab232837318"},"breadcrumb":{"@id":"https:\/\/dev.antudigital.cl\/sites\/vc\/lanzamiento-cautiverio-feliz-en-fundacion-santos-chavez\/#breadcrumb"},"inLanguage":"es","potentialAction":[{"@type":"ReadAction","target":["https:\/\/dev.antudigital.cl\/sites\/vc\/lanzamiento-cautiverio-feliz-en-fundacion-santos-chavez\/"]}]},{"@type":"ImageObject","inLanguage":"es","@id":"https:\/\/dev.antudigital.cl\/sites\/vc\/lanzamiento-cautiverio-feliz-en-fundacion-santos-chavez\/#primaryimage","url":"https:\/\/dev.antudigital.cl\/sites\/vc\/wp-content\/uploads\/2023\/01\/Captura-de-Pantalla-2023-01-16-a-las-18.31.01.png","contentUrl":"https:\/\/dev.antudigital.cl\/sites\/vc\/wp-content\/uploads\/2023\/01\/Captura-de-Pantalla-2023-01-16-a-las-18.31.01.png","width":599,"height":271},{"@type":"BreadcrumbList","@id":"https:\/\/dev.antudigital.cl\/sites\/vc\/lanzamiento-cautiverio-feliz-en-fundacion-santos-chavez\/#breadcrumb","itemListElement":[{"@type":"ListItem","position":1,"name":"Home","item":"https:\/\/dev.antudigital.cl\/sites\/vc\/"},{"@type":"ListItem","position":2,"name":"Lanzamiento \u00abCautiverio feliz\u00bb en Fundaci\u00f3n Santos Ch\u00e1vez"}]},{"@type":"WebSite","@id":"https:\/\/dev.antudigital.cl\/sites\/vc\/#website","url":"https:\/\/dev.antudigital.cl\/sites\/vc\/","name":"Valpara\u00ed\u00adso Creativo","description":"","potentialAction":[{"@type":"SearchAction","target":{"@type":"EntryPoint","urlTemplate":"https:\/\/dev.antudigital.cl\/sites\/vc\/?s={search_term_string}"},"query-input":{"@type":"PropertyValueSpecification","valueRequired":true,"valueName":"search_term_string"}}],"inLanguage":"es"},{"@type":"Person","@id":"https:\/\/dev.antudigital.cl\/sites\/vc\/#\/schema\/person\/c2b9da8dd545e27166fc5ab232837318","name":"Valpara\u00edso Creativo","description":"Periodista de cultura en la Regi\u00f3n de Valpara\u00edso.","url":"https:\/\/dev.antudigital.cl\/sites\/vc\/author\/valpoadmin\/"}]}},"_links":{"self":[{"href":"https:\/\/dev.antudigital.cl\/sites\/vc\/wp-json\/wp\/v2\/posts\/12419","targetHints":{"allow":["GET"]}}],"collection":[{"href":"https:\/\/dev.antudigital.cl\/sites\/vc\/wp-json\/wp\/v2\/posts"}],"about":[{"href":"https:\/\/dev.antudigital.cl\/sites\/vc\/wp-json\/wp\/v2\/types\/post"}],"author":[{"embeddable":true,"href":"https:\/\/dev.antudigital.cl\/sites\/vc\/wp-json\/wp\/v2\/users\/1"}],"replies":[{"embeddable":true,"href":"https:\/\/dev.antudigital.cl\/sites\/vc\/wp-json\/wp\/v2\/comments?post=12419"}],"version-history":[{"count":1,"href":"https:\/\/dev.antudigital.cl\/sites\/vc\/wp-json\/wp\/v2\/posts\/12419\/revisions"}],"predecessor-version":[{"id":12422,"href":"https:\/\/dev.antudigital.cl\/sites\/vc\/wp-json\/wp\/v2\/posts\/12419\/revisions\/12422"}],"wp:featuredmedia":[{"embeddable":true,"href":"https:\/\/dev.antudigital.cl\/sites\/vc\/wp-json\/wp\/v2\/media\/12420"}],"wp:attachment":[{"href":"https:\/\/dev.antudigital.cl\/sites\/vc\/wp-json\/wp\/v2\/media?parent=12419"}],"wp:term":[{"taxonomy":"category","embeddable":true,"href":"https:\/\/dev.antudigital.cl\/sites\/vc\/wp-json\/wp\/v2\/categories?post=12419"},{"taxonomy":"post_tag","embeddable":true,"href":"https:\/\/dev.antudigital.cl\/sites\/vc\/wp-json\/wp\/v2\/tags?post=12419"}],"curies":[{"name":"wp","href":"https:\/\/api.w.org\/{rel}","templated":true}]}}