{"id":12423,"date":"2023-01-16T21:38:57","date_gmt":"2023-01-16T21:38:57","guid":{"rendered":"https:\/\/www.valparaisocreativo.cl\/?p=12423"},"modified":"2023-01-16T21:39:01","modified_gmt":"2023-01-16T21:39:01","slug":"vuelve-a-la-presencialidad-en-su-17va-version-festeve","status":"publish","type":"post","link":"https:\/\/dev.antudigital.cl\/sites\/vc\/vuelve-a-la-presencialidad-en-su-17va-version-festeve\/","title":{"rendered":"Vuelve a la presencialidad en su 17va versi\u00f3n FESTEVE"},"content":{"rendered":"\n<p>Tras dos a\u00f1os de Pandemia, aforos reducidos, los teatros cerrados, y tras las \u00faltimas versiones online, vuelve a la presencialidad\u00a0FESTEVE. Ser\u00e1n tres espacios que abrir\u00e1n sus puertas: Teatro Municipal de Valpara\u00edso, Sala Teatro IPA y Valpara\u00edso Profundo, junto a destacados montajes dar\u00e1n vida a la d\u00e9cimo s\u00e9ptima versi\u00f3n del Festival de Teatro Verano de Valpara\u00edso-FESTEVE\u00a02023. <\/p>\n\n\n\n<p>Este emblem\u00e1tico evento estival se iniciar\u00e1 el lunes 16 y el martes 17 de enero en el Teatro Municipal de Valpara\u00edso, el mi\u00e9rcoles 18 en la sala de teatro IPA y el jueves 19 finaliza en la sala de teatro Arnaldo Berrios del espacio Valpara\u00edso Profundo, todas las presentaciones est\u00e1n fijadas a las 19\u00b0\u00b0 horas y la entrada es Liberada.<\/p>\n\n\n\n<p>Esta versi\u00f3n n\u00famero 17 de&nbsp;FESTEVE, se proyecta y articula desde una relaci\u00f3n de colaboraci\u00f3n y asociatividad con diferentes espacios de difusi\u00f3n art\u00edstica local, con el fin de nutrir no solo la oferta cultural sino tambi\u00e9n el circuito de difusi\u00f3n art\u00edstica, como factor esencial de cara a robustecer la sostenibilidad de la escena local. Por lo tanto, la ejecuci\u00f3n de una nueva versi\u00f3n de&nbsp;FESTEVE&nbsp;de Valpara\u00edso, en tiempos como los que vivimos, significa un real aporte que impacta a gran de cantidad de actores involucrados: infancias, familias, artistas, espacios de difusi\u00f3n art\u00edstica y comunidad en general, ampliando el impacto positivo y dando continuidad a una iniciativa que se ha mantenido vigente por 16 a\u00f1os y m\u00e1s.<\/p>\n\n\n\n<p>Cabe destacar que este Festival es financiado por el Gobierno Regional de Valpara\u00edso, a trav\u00e9s del Fondo Nacional de Desarrollo Regional-FNDR 7% 2022.<\/p>\n\n\n\n<p><strong>Las obras<\/strong><\/p>\n\n\n\n<p>El programa de actividades comienza a las 19\u00b0\u00b0 horas, el lunes 16 de enero 2023 en el Teatro Municipal de Valpara\u00edso, con la presentaci\u00f3n de la obra Familiar \u201cPETER PAN\u201d&nbsp;esta Obra es adentrarse en un mundo m\u00e1gico lleno de aventuras; para los mayores es revivir aquellos d\u00edas en que cre\u00edamos en las hadas y vol\u00e1bamos cada d\u00eda a nuestra propia Isla de Nuncajam\u00e1s, en cambio para los m\u00e1s peques es una experiencia m\u00e1gica.&nbsp;<\/p>\n\n\n\n<p>El martes 17 de enero, es el turno de la reciente obra estrenada \u201cSue\u00f1o de una noche de verano\u201d cl\u00e1sico de William Shakespeare, que,&nbsp;sin duda alguna, esta obra atrapar\u00e1 al p\u00fablico desde principio a fin, ante el enredo sentimental de sus protagonistas, los cuales son hechizados por orden del rey Ober\u00f3n a trav\u00e9s de una flor m\u00e1gica. Los hechos suceden durante los preparativos de la boda real entre la reina de las Amazonas, Hip\u00f3lita y el duque de Atenas, Teseo.&nbsp;Una&nbsp;versi\u00f3n moderna, contextualizada y describiendo los acontecimientos m\u00e1s relevantes de esta talentosa pieza teatral.<\/p>\n\n\n\n<p>Ambos d\u00edas las funciones ser\u00e1n en el Teatro Municipal de Valpara\u00edso, el ingreso es por orden de llegada, y las presentaciones se realizar\u00e1n puntualmente a las 19\u00b0\u00b0 horas.<\/p>\n\n\n\n<p>Para el mi\u00e9rcoles 18 la obra \u201cSin motivo aparente\u201d del destacado dramaturgo chileno Juan Radrig\u00e1n, La&nbsp;obra relata como Pedro vuelve al lugar de los hechos en total arrepentimiento para justificarse ante su v\u00edctima.<\/p>\n\n\n\n<p>Una puesta en escena m\u00e1gica, sutil, llena de matices, cuenta con una creaci\u00f3n musical propia y con m\u00fasicos en vivo.<\/p>\n\n\n\n<p>Sala Teatro IPA, de calle Condell #1349 Valpara\u00edso, Cupos Limitados y reservas al correo:&nbsp;<a href=\"mailto:reservasteatrovalpo@gmail.com\" target=\"_blank\" rel=\"noreferrer noopener\">reservasteatrovalpo@gmail.com<\/a><\/p>\n\n\n\n<p>El 17\u00b0&nbsp;FESTEVE&nbsp;finaliza el jueves 19 de enero, tambi\u00e9n a las 19\u00b0\u00b0 horas y en la sala de teatro Arnaldo Berrios de Valpara\u00edso Profundo, en Pasaje Fischer #24 Cerro Concepci\u00f3n, con la obra \u201cMar\u00eda Clara\u201d&nbsp;la puesta en escena problematiza sobre la maternidad femenina a partir de la reuni\u00f3n de dos mujeres j\u00f3venes embarazadas, quienes comienzan una relaci\u00f3n de amistad, producto del s\u00fabito corte de luz que afecta al vecindario.&nbsp;&nbsp;<\/p>\n\n\n\n<p>Cupos Limitados y reservas al correo:&nbsp;<a href=\"mailto:reservasteatrovalpo@gmail.com\" target=\"_blank\" rel=\"noreferrer noopener\">reservasteatrovalpo@gmail.com<\/a><\/p>\n\n\n\n<p>FESTEVE&nbsp;es organizado por C\u00edrculo Teatral Independiente, que&nbsp; tiene como finalidad generar un espacio de expresi\u00f3n de ideas, sentimientos, junto a una b\u00fasqueda de la identidad del quehacer teatral local, de esta forma sensibilizar y tener consciencia de lo que somos y queremos ser como actores locales. A trav\u00e9s de una entrega y compromiso, que&nbsp; es con el teatro independiente, de esta forma intentar construir una sociedad m\u00e1s justa, libre y m\u00e1s creativa.<\/p>\n\n\n\n<p>Esperamos que sean parte de esta fiesta del teatro independiente local y DIFUNDIR, REENVIAR y APOYAR esta iniciativa.<\/p>\n\n\n\n<figure class=\"wp-block-image size-full\"><img decoding=\"async\" src=\"https:\/\/www.valparaisocreativo.cl\/wp-content\/uploads\/2023\/01\/Festeve-red-social.jpg\" alt=\"\" class=\"wp-image-12425\"\/><\/figure>\n","protected":false},"excerpt":{"rendered":"<p>Tras dos a\u00f1os de Pandemia, aforos reducidos, los teatros cerrados, y tras las \u00faltimas versiones online, vuelve a la presencialidad\u00a0FESTEVE. Ser\u00e1n tres espacios que abrir\u00e1n sus puertas: Teatro Municipal de Valpara\u00edso, Sala Teatro IPA y Valpara\u00edso Profundo, junto a destacados montajes dar\u00e1n vida a la d\u00e9cimo s\u00e9ptima versi\u00f3n del Festival de Teatro Verano de Valpara\u00edso-FESTEVE\u00a02023. [&hellip;]<\/p>\n","protected":false},"author":1,"featured_media":12424,"comment_status":"open","ping_status":"closed","sticky":false,"template":"","format":"standard","meta":{"_acf_changed":false,"footnotes":""},"categories":[8],"tags":[],"class_list":["post-12423","post","type-post","status-publish","format-standard","has-post-thumbnail","hentry","category-noticia"],"acf":[],"yoast_head":"<!-- This site is optimized with the Yoast SEO plugin v27.1.1 - https:\/\/yoast.com\/product\/yoast-seo-wordpress\/ -->\n<title>Vuelve a la presencialidad en su 17va versi\u00f3n FESTEVE - Valpara\u00ed\u00adso Creativo<\/title>\n<meta name=\"robots\" content=\"index, follow, max-snippet:-1, max-image-preview:large, max-video-preview:-1\" \/>\n<link rel=\"canonical\" href=\"https:\/\/dev.antudigital.cl\/sites\/vc\/vuelve-a-la-presencialidad-en-su-17va-version-festeve\/\" \/>\n<meta property=\"og:locale\" content=\"es_ES\" \/>\n<meta property=\"og:type\" content=\"article\" \/>\n<meta property=\"og:title\" content=\"Vuelve a la presencialidad en su 17va versi\u00f3n FESTEVE - Valpara\u00ed\u00adso Creativo\" \/>\n<meta property=\"og:description\" content=\"Tras dos a\u00f1os de Pandemia, aforos reducidos, los teatros cerrados, y tras las \u00faltimas versiones online, vuelve a la presencialidad\u00a0FESTEVE. Ser\u00e1n tres espacios que abrir\u00e1n sus puertas: Teatro Municipal de Valpara\u00edso, Sala Teatro IPA y Valpara\u00edso Profundo, junto a destacados montajes dar\u00e1n vida a la d\u00e9cimo s\u00e9ptima versi\u00f3n del Festival de Teatro Verano de Valpara\u00edso-FESTEVE\u00a02023. [&hellip;]\" \/>\n<meta property=\"og:url\" content=\"https:\/\/dev.antudigital.cl\/sites\/vc\/vuelve-a-la-presencialidad-en-su-17va-version-festeve\/\" \/>\n<meta property=\"og:site_name\" content=\"Valpara\u00ed\u00adso Creativo\" \/>\n<meta property=\"article:published_time\" content=\"2023-01-16T21:38:57+00:00\" \/>\n<meta property=\"article:modified_time\" content=\"2023-01-16T21:39:01+00:00\" \/>\n<meta property=\"og:image\" content=\"https:\/\/dev.antudigital.cl\/sites\/vc\/wp-content\/uploads\/2023\/01\/IMG_6801-scaled.jpg\" \/>\n\t<meta property=\"og:image:width\" content=\"2560\" \/>\n\t<meta property=\"og:image:height\" content=\"1707\" \/>\n\t<meta property=\"og:image:type\" content=\"image\/jpeg\" \/>\n<meta name=\"author\" content=\"Valpara\u00edso Creativo\" \/>\n<meta name=\"twitter:card\" content=\"summary_large_image\" \/>\n<meta name=\"twitter:label1\" content=\"Escrito por\" \/>\n\t<meta name=\"twitter:data1\" content=\"Valpara\u00edso Creativo\" \/>\n\t<meta name=\"twitter:label2\" content=\"Tiempo de lectura\" \/>\n\t<meta name=\"twitter:data2\" content=\"4 minutos\" \/>\n<script type=\"application\/ld+json\" class=\"yoast-schema-graph\">{\"@context\":\"https:\/\/schema.org\",\"@graph\":[{\"@type\":\"Article\",\"@id\":\"https:\/\/dev.antudigital.cl\/sites\/vc\/vuelve-a-la-presencialidad-en-su-17va-version-festeve\/#article\",\"isPartOf\":{\"@id\":\"https:\/\/dev.antudigital.cl\/sites\/vc\/vuelve-a-la-presencialidad-en-su-17va-version-festeve\/\"},\"author\":{\"name\":\"Valpara\u00edso Creativo\",\"@id\":\"https:\/\/dev.antudigital.cl\/sites\/vc\/#\/schema\/person\/c2b9da8dd545e27166fc5ab232837318\"},\"headline\":\"Vuelve a la presencialidad en su 17va versi\u00f3n FESTEVE\",\"datePublished\":\"2023-01-16T21:38:57+00:00\",\"dateModified\":\"2023-01-16T21:39:01+00:00\",\"mainEntityOfPage\":{\"@id\":\"https:\/\/dev.antudigital.cl\/sites\/vc\/vuelve-a-la-presencialidad-en-su-17va-version-festeve\/\"},\"wordCount\":784,\"commentCount\":0,\"image\":{\"@id\":\"https:\/\/dev.antudigital.cl\/sites\/vc\/vuelve-a-la-presencialidad-en-su-17va-version-festeve\/#primaryimage\"},\"thumbnailUrl\":\"https:\/\/dev.antudigital.cl\/sites\/vc\/wp-content\/uploads\/2023\/01\/IMG_6801-scaled.jpg\",\"articleSection\":[\"Noticia\"],\"inLanguage\":\"es\",\"potentialAction\":[{\"@type\":\"CommentAction\",\"name\":\"Comment\",\"target\":[\"https:\/\/dev.antudigital.cl\/sites\/vc\/vuelve-a-la-presencialidad-en-su-17va-version-festeve\/#respond\"]}]},{\"@type\":\"WebPage\",\"@id\":\"https:\/\/dev.antudigital.cl\/sites\/vc\/vuelve-a-la-presencialidad-en-su-17va-version-festeve\/\",\"url\":\"https:\/\/dev.antudigital.cl\/sites\/vc\/vuelve-a-la-presencialidad-en-su-17va-version-festeve\/\",\"name\":\"Vuelve a la presencialidad en su 17va versi\u00f3n FESTEVE - Valpara\u00ed\u00adso Creativo\",\"isPartOf\":{\"@id\":\"https:\/\/dev.antudigital.cl\/sites\/vc\/#website\"},\"primaryImageOfPage\":{\"@id\":\"https:\/\/dev.antudigital.cl\/sites\/vc\/vuelve-a-la-presencialidad-en-su-17va-version-festeve\/#primaryimage\"},\"image\":{\"@id\":\"https:\/\/dev.antudigital.cl\/sites\/vc\/vuelve-a-la-presencialidad-en-su-17va-version-festeve\/#primaryimage\"},\"thumbnailUrl\":\"https:\/\/dev.antudigital.cl\/sites\/vc\/wp-content\/uploads\/2023\/01\/IMG_6801-scaled.jpg\",\"datePublished\":\"2023-01-16T21:38:57+00:00\",\"dateModified\":\"2023-01-16T21:39:01+00:00\",\"author\":{\"@id\":\"https:\/\/dev.antudigital.cl\/sites\/vc\/#\/schema\/person\/c2b9da8dd545e27166fc5ab232837318\"},\"breadcrumb\":{\"@id\":\"https:\/\/dev.antudigital.cl\/sites\/vc\/vuelve-a-la-presencialidad-en-su-17va-version-festeve\/#breadcrumb\"},\"inLanguage\":\"es\",\"potentialAction\":[{\"@type\":\"ReadAction\",\"target\":[\"https:\/\/dev.antudigital.cl\/sites\/vc\/vuelve-a-la-presencialidad-en-su-17va-version-festeve\/\"]}]},{\"@type\":\"ImageObject\",\"inLanguage\":\"es\",\"@id\":\"https:\/\/dev.antudigital.cl\/sites\/vc\/vuelve-a-la-presencialidad-en-su-17va-version-festeve\/#primaryimage\",\"url\":\"https:\/\/dev.antudigital.cl\/sites\/vc\/wp-content\/uploads\/2023\/01\/IMG_6801-scaled.jpg\",\"contentUrl\":\"https:\/\/dev.antudigital.cl\/sites\/vc\/wp-content\/uploads\/2023\/01\/IMG_6801-scaled.jpg\",\"width\":2560,\"height\":1707},{\"@type\":\"BreadcrumbList\",\"@id\":\"https:\/\/dev.antudigital.cl\/sites\/vc\/vuelve-a-la-presencialidad-en-su-17va-version-festeve\/#breadcrumb\",\"itemListElement\":[{\"@type\":\"ListItem\",\"position\":1,\"name\":\"Home\",\"item\":\"https:\/\/dev.antudigital.cl\/sites\/vc\/\"},{\"@type\":\"ListItem\",\"position\":2,\"name\":\"Vuelve a la presencialidad en su 17va versi\u00f3n FESTEVE\"}]},{\"@type\":\"WebSite\",\"@id\":\"https:\/\/dev.antudigital.cl\/sites\/vc\/#website\",\"url\":\"https:\/\/dev.antudigital.cl\/sites\/vc\/\",\"name\":\"Valpara\u00ed\u00adso Creativo\",\"description\":\"\",\"potentialAction\":[{\"@type\":\"SearchAction\",\"target\":{\"@type\":\"EntryPoint\",\"urlTemplate\":\"https:\/\/dev.antudigital.cl\/sites\/vc\/?s={search_term_string}\"},\"query-input\":{\"@type\":\"PropertyValueSpecification\",\"valueRequired\":true,\"valueName\":\"search_term_string\"}}],\"inLanguage\":\"es\"},{\"@type\":\"Person\",\"@id\":\"https:\/\/dev.antudigital.cl\/sites\/vc\/#\/schema\/person\/c2b9da8dd545e27166fc5ab232837318\",\"name\":\"Valpara\u00edso Creativo\",\"description\":\"Periodista de cultura en la Regi\u00f3n de Valpara\u00edso.\",\"url\":\"https:\/\/dev.antudigital.cl\/sites\/vc\/author\/valpoadmin\/\"}]}<\/script>\n<!-- \/ Yoast SEO plugin. -->","yoast_head_json":{"title":"Vuelve a la presencialidad en su 17va versi\u00f3n FESTEVE - Valpara\u00ed\u00adso Creativo","robots":{"index":"index","follow":"follow","max-snippet":"max-snippet:-1","max-image-preview":"max-image-preview:large","max-video-preview":"max-video-preview:-1"},"canonical":"https:\/\/dev.antudigital.cl\/sites\/vc\/vuelve-a-la-presencialidad-en-su-17va-version-festeve\/","og_locale":"es_ES","og_type":"article","og_title":"Vuelve a la presencialidad en su 17va versi\u00f3n FESTEVE - Valpara\u00ed\u00adso Creativo","og_description":"Tras dos a\u00f1os de Pandemia, aforos reducidos, los teatros cerrados, y tras las \u00faltimas versiones online, vuelve a la presencialidad\u00a0FESTEVE. Ser\u00e1n tres espacios que abrir\u00e1n sus puertas: Teatro Municipal de Valpara\u00edso, Sala Teatro IPA y Valpara\u00edso Profundo, junto a destacados montajes dar\u00e1n vida a la d\u00e9cimo s\u00e9ptima versi\u00f3n del Festival de Teatro Verano de Valpara\u00edso-FESTEVE\u00a02023. [&hellip;]","og_url":"https:\/\/dev.antudigital.cl\/sites\/vc\/vuelve-a-la-presencialidad-en-su-17va-version-festeve\/","og_site_name":"Valpara\u00ed\u00adso Creativo","article_published_time":"2023-01-16T21:38:57+00:00","article_modified_time":"2023-01-16T21:39:01+00:00","og_image":[{"width":2560,"height":1707,"url":"https:\/\/dev.antudigital.cl\/sites\/vc\/wp-content\/uploads\/2023\/01\/IMG_6801-scaled.jpg","type":"image\/jpeg"}],"author":"Valpara\u00edso Creativo","twitter_card":"summary_large_image","twitter_misc":{"Escrito por":"Valpara\u00edso Creativo","Tiempo de lectura":"4 minutos"},"schema":{"@context":"https:\/\/schema.org","@graph":[{"@type":"Article","@id":"https:\/\/dev.antudigital.cl\/sites\/vc\/vuelve-a-la-presencialidad-en-su-17va-version-festeve\/#article","isPartOf":{"@id":"https:\/\/dev.antudigital.cl\/sites\/vc\/vuelve-a-la-presencialidad-en-su-17va-version-festeve\/"},"author":{"name":"Valpara\u00edso Creativo","@id":"https:\/\/dev.antudigital.cl\/sites\/vc\/#\/schema\/person\/c2b9da8dd545e27166fc5ab232837318"},"headline":"Vuelve a la presencialidad en su 17va versi\u00f3n FESTEVE","datePublished":"2023-01-16T21:38:57+00:00","dateModified":"2023-01-16T21:39:01+00:00","mainEntityOfPage":{"@id":"https:\/\/dev.antudigital.cl\/sites\/vc\/vuelve-a-la-presencialidad-en-su-17va-version-festeve\/"},"wordCount":784,"commentCount":0,"image":{"@id":"https:\/\/dev.antudigital.cl\/sites\/vc\/vuelve-a-la-presencialidad-en-su-17va-version-festeve\/#primaryimage"},"thumbnailUrl":"https:\/\/dev.antudigital.cl\/sites\/vc\/wp-content\/uploads\/2023\/01\/IMG_6801-scaled.jpg","articleSection":["Noticia"],"inLanguage":"es","potentialAction":[{"@type":"CommentAction","name":"Comment","target":["https:\/\/dev.antudigital.cl\/sites\/vc\/vuelve-a-la-presencialidad-en-su-17va-version-festeve\/#respond"]}]},{"@type":"WebPage","@id":"https:\/\/dev.antudigital.cl\/sites\/vc\/vuelve-a-la-presencialidad-en-su-17va-version-festeve\/","url":"https:\/\/dev.antudigital.cl\/sites\/vc\/vuelve-a-la-presencialidad-en-su-17va-version-festeve\/","name":"Vuelve a la presencialidad en su 17va versi\u00f3n FESTEVE - Valpara\u00ed\u00adso Creativo","isPartOf":{"@id":"https:\/\/dev.antudigital.cl\/sites\/vc\/#website"},"primaryImageOfPage":{"@id":"https:\/\/dev.antudigital.cl\/sites\/vc\/vuelve-a-la-presencialidad-en-su-17va-version-festeve\/#primaryimage"},"image":{"@id":"https:\/\/dev.antudigital.cl\/sites\/vc\/vuelve-a-la-presencialidad-en-su-17va-version-festeve\/#primaryimage"},"thumbnailUrl":"https:\/\/dev.antudigital.cl\/sites\/vc\/wp-content\/uploads\/2023\/01\/IMG_6801-scaled.jpg","datePublished":"2023-01-16T21:38:57+00:00","dateModified":"2023-01-16T21:39:01+00:00","author":{"@id":"https:\/\/dev.antudigital.cl\/sites\/vc\/#\/schema\/person\/c2b9da8dd545e27166fc5ab232837318"},"breadcrumb":{"@id":"https:\/\/dev.antudigital.cl\/sites\/vc\/vuelve-a-la-presencialidad-en-su-17va-version-festeve\/#breadcrumb"},"inLanguage":"es","potentialAction":[{"@type":"ReadAction","target":["https:\/\/dev.antudigital.cl\/sites\/vc\/vuelve-a-la-presencialidad-en-su-17va-version-festeve\/"]}]},{"@type":"ImageObject","inLanguage":"es","@id":"https:\/\/dev.antudigital.cl\/sites\/vc\/vuelve-a-la-presencialidad-en-su-17va-version-festeve\/#primaryimage","url":"https:\/\/dev.antudigital.cl\/sites\/vc\/wp-content\/uploads\/2023\/01\/IMG_6801-scaled.jpg","contentUrl":"https:\/\/dev.antudigital.cl\/sites\/vc\/wp-content\/uploads\/2023\/01\/IMG_6801-scaled.jpg","width":2560,"height":1707},{"@type":"BreadcrumbList","@id":"https:\/\/dev.antudigital.cl\/sites\/vc\/vuelve-a-la-presencialidad-en-su-17va-version-festeve\/#breadcrumb","itemListElement":[{"@type":"ListItem","position":1,"name":"Home","item":"https:\/\/dev.antudigital.cl\/sites\/vc\/"},{"@type":"ListItem","position":2,"name":"Vuelve a la presencialidad en su 17va versi\u00f3n FESTEVE"}]},{"@type":"WebSite","@id":"https:\/\/dev.antudigital.cl\/sites\/vc\/#website","url":"https:\/\/dev.antudigital.cl\/sites\/vc\/","name":"Valpara\u00ed\u00adso Creativo","description":"","potentialAction":[{"@type":"SearchAction","target":{"@type":"EntryPoint","urlTemplate":"https:\/\/dev.antudigital.cl\/sites\/vc\/?s={search_term_string}"},"query-input":{"@type":"PropertyValueSpecification","valueRequired":true,"valueName":"search_term_string"}}],"inLanguage":"es"},{"@type":"Person","@id":"https:\/\/dev.antudigital.cl\/sites\/vc\/#\/schema\/person\/c2b9da8dd545e27166fc5ab232837318","name":"Valpara\u00edso Creativo","description":"Periodista de cultura en la Regi\u00f3n de Valpara\u00edso.","url":"https:\/\/dev.antudigital.cl\/sites\/vc\/author\/valpoadmin\/"}]}},"_links":{"self":[{"href":"https:\/\/dev.antudigital.cl\/sites\/vc\/wp-json\/wp\/v2\/posts\/12423","targetHints":{"allow":["GET"]}}],"collection":[{"href":"https:\/\/dev.antudigital.cl\/sites\/vc\/wp-json\/wp\/v2\/posts"}],"about":[{"href":"https:\/\/dev.antudigital.cl\/sites\/vc\/wp-json\/wp\/v2\/types\/post"}],"author":[{"embeddable":true,"href":"https:\/\/dev.antudigital.cl\/sites\/vc\/wp-json\/wp\/v2\/users\/1"}],"replies":[{"embeddable":true,"href":"https:\/\/dev.antudigital.cl\/sites\/vc\/wp-json\/wp\/v2\/comments?post=12423"}],"version-history":[{"count":1,"href":"https:\/\/dev.antudigital.cl\/sites\/vc\/wp-json\/wp\/v2\/posts\/12423\/revisions"}],"predecessor-version":[{"id":12426,"href":"https:\/\/dev.antudigital.cl\/sites\/vc\/wp-json\/wp\/v2\/posts\/12423\/revisions\/12426"}],"wp:featuredmedia":[{"embeddable":true,"href":"https:\/\/dev.antudigital.cl\/sites\/vc\/wp-json\/wp\/v2\/media\/12424"}],"wp:attachment":[{"href":"https:\/\/dev.antudigital.cl\/sites\/vc\/wp-json\/wp\/v2\/media?parent=12423"}],"wp:term":[{"taxonomy":"category","embeddable":true,"href":"https:\/\/dev.antudigital.cl\/sites\/vc\/wp-json\/wp\/v2\/categories?post=12423"},{"taxonomy":"post_tag","embeddable":true,"href":"https:\/\/dev.antudigital.cl\/sites\/vc\/wp-json\/wp\/v2\/tags?post=12423"}],"curies":[{"name":"wp","href":"https:\/\/api.w.org\/{rel}","templated":true}]}}