{"id":12427,"date":"2023-01-16T21:44:54","date_gmt":"2023-01-16T21:44:54","guid":{"rendered":"https:\/\/www.valparaisocreativo.cl\/?p=12427"},"modified":"2023-01-16T21:44:58","modified_gmt":"2023-01-16T21:44:58","slug":"no-te-pierdas-el-in-edit-tour-valparaiso-en-insomnia-teatro-condell","status":"publish","type":"post","link":"https:\/\/dev.antudigital.cl\/sites\/vc\/no-te-pierdas-el-in-edit-tour-valparaiso-en-insomnia-teatro-condell\/","title":{"rendered":"No te pierdas el In-edit tour Valpara\u00edso en Insomnia Teatro Condell"},"content":{"rendered":"\n<p>\u00bfYa vieron la programaci\u00f3n que\u00a0<a href=\"https:\/\/www.instagram.com\/ineditchile\/\">@ineditchile<\/a>\u00a0trae a Valpara\u00edso? El prestigioso festival de documentales musicales trae algunos de sus t\u00edtulos 2022 a Insomnia Teatro Condell la pr\u00f3xima semana, para que puedas conocer la historia tras grandes bandas y m\u00fasicos.<\/p>\n\n\n\n<p>No se pierdan este mes uno de los festivales m\u00e1s importantes de cine documental y musical.<\/p>\n\n\n\n<p>M\u00e1s detalles sobre los t\u00edtulos en: <a href=\"https:\/\/www.inedit.cl\/\">https:\/\/www.inedit.cl\/<\/a><\/p>\n\n\n\n<figure class=\"wp-block-image size-full\"><img fetchpriority=\"high\" decoding=\"async\" width=\"474\" height=\"576\" src=\"https:\/\/www.valparaisocreativo.cl\/wp-content\/uploads\/2023\/01\/Captura-de-Pantalla-2023-01-16-a-las-18.42.31.png\" alt=\"\" class=\"wp-image-12429\" srcset=\"https:\/\/dev.antudigital.cl\/sites\/vc\/wp-content\/uploads\/2023\/01\/Captura-de-Pantalla-2023-01-16-a-las-18.42.31.png 474w, https:\/\/dev.antudigital.cl\/sites\/vc\/wp-content\/uploads\/2023\/01\/Captura-de-Pantalla-2023-01-16-a-las-18.42.31-247x300.png 247w\" sizes=\"(max-width: 474px) 100vw, 474px\" \/><\/figure>\n","protected":false},"excerpt":{"rendered":"<p>\u00bfYa vieron la programaci\u00f3n que\u00a0@ineditchile\u00a0trae a Valpara\u00edso? El prestigioso festival de documentales musicales trae algunos de sus t\u00edtulos 2022 a Insomnia Teatro Condell la pr\u00f3xima semana, para que puedas conocer la historia tras grandes bandas y m\u00fasicos. No se pierdan este mes uno de los festivales m\u00e1s importantes de cine documental y musical. M\u00e1s detalles [&hellip;]<\/p>\n","protected":false},"author":1,"featured_media":12428,"comment_status":"open","ping_status":"closed","sticky":false,"template":"","format":"standard","meta":{"_acf_changed":false,"footnotes":""},"categories":[8],"tags":[],"class_list":["post-12427","post","type-post","status-publish","format-standard","has-post-thumbnail","hentry","category-noticia"],"acf":[],"yoast_head":"<!-- This site is optimized with the Yoast SEO plugin v27.1.1 - https:\/\/yoast.com\/product\/yoast-seo-wordpress\/ -->\n<title>No te pierdas el In-edit tour Valpara\u00edso en Insomnia Teatro Condell - Valpara\u00ed\u00adso Creativo<\/title>\n<meta name=\"robots\" content=\"index, follow, max-snippet:-1, max-image-preview:large, max-video-preview:-1\" \/>\n<link rel=\"canonical\" href=\"https:\/\/dev.antudigital.cl\/sites\/vc\/no-te-pierdas-el-in-edit-tour-valparaiso-en-insomnia-teatro-condell\/\" \/>\n<meta property=\"og:locale\" content=\"es_ES\" \/>\n<meta property=\"og:type\" content=\"article\" \/>\n<meta property=\"og:title\" content=\"No te pierdas el In-edit tour Valpara\u00edso en Insomnia Teatro Condell - Valpara\u00ed\u00adso Creativo\" \/>\n<meta property=\"og:description\" content=\"\u00bfYa vieron la programaci\u00f3n que\u00a0@ineditchile\u00a0trae a Valpara\u00edso? El prestigioso festival de documentales musicales trae algunos de sus t\u00edtulos 2022 a Insomnia Teatro Condell la pr\u00f3xima semana, para que puedas conocer la historia tras grandes bandas y m\u00fasicos. No se pierdan este mes uno de los festivales m\u00e1s importantes de cine documental y musical. M\u00e1s detalles [&hellip;]\" \/>\n<meta property=\"og:url\" content=\"https:\/\/dev.antudigital.cl\/sites\/vc\/no-te-pierdas-el-in-edit-tour-valparaiso-en-insomnia-teatro-condell\/\" \/>\n<meta property=\"og:site_name\" content=\"Valpara\u00ed\u00adso Creativo\" \/>\n<meta property=\"article:published_time\" content=\"2023-01-16T21:44:54+00:00\" \/>\n<meta property=\"article:modified_time\" content=\"2023-01-16T21:44:58+00:00\" \/>\n<meta property=\"og:image\" content=\"https:\/\/dev.antudigital.cl\/sites\/vc\/wp-content\/uploads\/2023\/01\/ICONO-WEB-CHILE.png\" \/>\n\t<meta property=\"og:image:width\" content=\"512\" \/>\n\t<meta property=\"og:image:height\" content=\"512\" \/>\n\t<meta property=\"og:image:type\" content=\"image\/png\" \/>\n<meta name=\"author\" content=\"Valpara\u00edso Creativo\" \/>\n<meta name=\"twitter:card\" content=\"summary_large_image\" \/>\n<meta name=\"twitter:label1\" content=\"Escrito por\" \/>\n\t<meta name=\"twitter:data1\" content=\"Valpara\u00edso Creativo\" \/>\n\t<meta name=\"twitter:label2\" content=\"Tiempo de lectura\" \/>\n\t<meta name=\"twitter:data2\" content=\"1 minuto\" \/>\n<script type=\"application\/ld+json\" class=\"yoast-schema-graph\">{\"@context\":\"https:\/\/schema.org\",\"@graph\":[{\"@type\":\"Article\",\"@id\":\"https:\/\/dev.antudigital.cl\/sites\/vc\/no-te-pierdas-el-in-edit-tour-valparaiso-en-insomnia-teatro-condell\/#article\",\"isPartOf\":{\"@id\":\"https:\/\/dev.antudigital.cl\/sites\/vc\/no-te-pierdas-el-in-edit-tour-valparaiso-en-insomnia-teatro-condell\/\"},\"author\":{\"name\":\"Valpara\u00edso Creativo\",\"@id\":\"https:\/\/dev.antudigital.cl\/sites\/vc\/#\/schema\/person\/c2b9da8dd545e27166fc5ab232837318\"},\"headline\":\"No te pierdas el In-edit tour Valpara\u00edso en Insomnia Teatro Condell\",\"datePublished\":\"2023-01-16T21:44:54+00:00\",\"dateModified\":\"2023-01-16T21:44:58+00:00\",\"mainEntityOfPage\":{\"@id\":\"https:\/\/dev.antudigital.cl\/sites\/vc\/no-te-pierdas-el-in-edit-tour-valparaiso-en-insomnia-teatro-condell\/\"},\"wordCount\":84,\"commentCount\":0,\"image\":{\"@id\":\"https:\/\/dev.antudigital.cl\/sites\/vc\/no-te-pierdas-el-in-edit-tour-valparaiso-en-insomnia-teatro-condell\/#primaryimage\"},\"thumbnailUrl\":\"https:\/\/dev.antudigital.cl\/sites\/vc\/wp-content\/uploads\/2023\/01\/ICONO-WEB-CHILE.png\",\"articleSection\":[\"Noticia\"],\"inLanguage\":\"es\",\"potentialAction\":[{\"@type\":\"CommentAction\",\"name\":\"Comment\",\"target\":[\"https:\/\/dev.antudigital.cl\/sites\/vc\/no-te-pierdas-el-in-edit-tour-valparaiso-en-insomnia-teatro-condell\/#respond\"]}]},{\"@type\":\"WebPage\",\"@id\":\"https:\/\/dev.antudigital.cl\/sites\/vc\/no-te-pierdas-el-in-edit-tour-valparaiso-en-insomnia-teatro-condell\/\",\"url\":\"https:\/\/dev.antudigital.cl\/sites\/vc\/no-te-pierdas-el-in-edit-tour-valparaiso-en-insomnia-teatro-condell\/\",\"name\":\"No te pierdas el In-edit tour Valpara\u00edso en Insomnia Teatro Condell - Valpara\u00ed\u00adso Creativo\",\"isPartOf\":{\"@id\":\"https:\/\/dev.antudigital.cl\/sites\/vc\/#website\"},\"primaryImageOfPage\":{\"@id\":\"https:\/\/dev.antudigital.cl\/sites\/vc\/no-te-pierdas-el-in-edit-tour-valparaiso-en-insomnia-teatro-condell\/#primaryimage\"},\"image\":{\"@id\":\"https:\/\/dev.antudigital.cl\/sites\/vc\/no-te-pierdas-el-in-edit-tour-valparaiso-en-insomnia-teatro-condell\/#primaryimage\"},\"thumbnailUrl\":\"https:\/\/dev.antudigital.cl\/sites\/vc\/wp-content\/uploads\/2023\/01\/ICONO-WEB-CHILE.png\",\"datePublished\":\"2023-01-16T21:44:54+00:00\",\"dateModified\":\"2023-01-16T21:44:58+00:00\",\"author\":{\"@id\":\"https:\/\/dev.antudigital.cl\/sites\/vc\/#\/schema\/person\/c2b9da8dd545e27166fc5ab232837318\"},\"breadcrumb\":{\"@id\":\"https:\/\/dev.antudigital.cl\/sites\/vc\/no-te-pierdas-el-in-edit-tour-valparaiso-en-insomnia-teatro-condell\/#breadcrumb\"},\"inLanguage\":\"es\",\"potentialAction\":[{\"@type\":\"ReadAction\",\"target\":[\"https:\/\/dev.antudigital.cl\/sites\/vc\/no-te-pierdas-el-in-edit-tour-valparaiso-en-insomnia-teatro-condell\/\"]}]},{\"@type\":\"ImageObject\",\"inLanguage\":\"es\",\"@id\":\"https:\/\/dev.antudigital.cl\/sites\/vc\/no-te-pierdas-el-in-edit-tour-valparaiso-en-insomnia-teatro-condell\/#primaryimage\",\"url\":\"https:\/\/dev.antudigital.cl\/sites\/vc\/wp-content\/uploads\/2023\/01\/ICONO-WEB-CHILE.png\",\"contentUrl\":\"https:\/\/dev.antudigital.cl\/sites\/vc\/wp-content\/uploads\/2023\/01\/ICONO-WEB-CHILE.png\",\"width\":512,\"height\":512},{\"@type\":\"BreadcrumbList\",\"@id\":\"https:\/\/dev.antudigital.cl\/sites\/vc\/no-te-pierdas-el-in-edit-tour-valparaiso-en-insomnia-teatro-condell\/#breadcrumb\",\"itemListElement\":[{\"@type\":\"ListItem\",\"position\":1,\"name\":\"Home\",\"item\":\"https:\/\/dev.antudigital.cl\/sites\/vc\/\"},{\"@type\":\"ListItem\",\"position\":2,\"name\":\"No te pierdas el In-edit tour Valpara\u00edso en Insomnia Teatro Condell\"}]},{\"@type\":\"WebSite\",\"@id\":\"https:\/\/dev.antudigital.cl\/sites\/vc\/#website\",\"url\":\"https:\/\/dev.antudigital.cl\/sites\/vc\/\",\"name\":\"Valpara\u00ed\u00adso Creativo\",\"description\":\"\",\"potentialAction\":[{\"@type\":\"SearchAction\",\"target\":{\"@type\":\"EntryPoint\",\"urlTemplate\":\"https:\/\/dev.antudigital.cl\/sites\/vc\/?s={search_term_string}\"},\"query-input\":{\"@type\":\"PropertyValueSpecification\",\"valueRequired\":true,\"valueName\":\"search_term_string\"}}],\"inLanguage\":\"es\"},{\"@type\":\"Person\",\"@id\":\"https:\/\/dev.antudigital.cl\/sites\/vc\/#\/schema\/person\/c2b9da8dd545e27166fc5ab232837318\",\"name\":\"Valpara\u00edso Creativo\",\"description\":\"Periodista de cultura en la Regi\u00f3n de Valpara\u00edso.\",\"url\":\"https:\/\/dev.antudigital.cl\/sites\/vc\/author\/valpoadmin\/\"}]}<\/script>\n<!-- \/ Yoast SEO plugin. -->","yoast_head_json":{"title":"No te pierdas el In-edit tour Valpara\u00edso en Insomnia Teatro Condell - Valpara\u00ed\u00adso Creativo","robots":{"index":"index","follow":"follow","max-snippet":"max-snippet:-1","max-image-preview":"max-image-preview:large","max-video-preview":"max-video-preview:-1"},"canonical":"https:\/\/dev.antudigital.cl\/sites\/vc\/no-te-pierdas-el-in-edit-tour-valparaiso-en-insomnia-teatro-condell\/","og_locale":"es_ES","og_type":"article","og_title":"No te pierdas el In-edit tour Valpara\u00edso en Insomnia Teatro Condell - Valpara\u00ed\u00adso Creativo","og_description":"\u00bfYa vieron la programaci\u00f3n que\u00a0@ineditchile\u00a0trae a Valpara\u00edso? El prestigioso festival de documentales musicales trae algunos de sus t\u00edtulos 2022 a Insomnia Teatro Condell la pr\u00f3xima semana, para que puedas conocer la historia tras grandes bandas y m\u00fasicos. No se pierdan este mes uno de los festivales m\u00e1s importantes de cine documental y musical. M\u00e1s detalles [&hellip;]","og_url":"https:\/\/dev.antudigital.cl\/sites\/vc\/no-te-pierdas-el-in-edit-tour-valparaiso-en-insomnia-teatro-condell\/","og_site_name":"Valpara\u00ed\u00adso Creativo","article_published_time":"2023-01-16T21:44:54+00:00","article_modified_time":"2023-01-16T21:44:58+00:00","og_image":[{"width":512,"height":512,"url":"https:\/\/dev.antudigital.cl\/sites\/vc\/wp-content\/uploads\/2023\/01\/ICONO-WEB-CHILE.png","type":"image\/png"}],"author":"Valpara\u00edso Creativo","twitter_card":"summary_large_image","twitter_misc":{"Escrito por":"Valpara\u00edso Creativo","Tiempo de lectura":"1 minuto"},"schema":{"@context":"https:\/\/schema.org","@graph":[{"@type":"Article","@id":"https:\/\/dev.antudigital.cl\/sites\/vc\/no-te-pierdas-el-in-edit-tour-valparaiso-en-insomnia-teatro-condell\/#article","isPartOf":{"@id":"https:\/\/dev.antudigital.cl\/sites\/vc\/no-te-pierdas-el-in-edit-tour-valparaiso-en-insomnia-teatro-condell\/"},"author":{"name":"Valpara\u00edso Creativo","@id":"https:\/\/dev.antudigital.cl\/sites\/vc\/#\/schema\/person\/c2b9da8dd545e27166fc5ab232837318"},"headline":"No te pierdas el In-edit tour Valpara\u00edso en Insomnia Teatro Condell","datePublished":"2023-01-16T21:44:54+00:00","dateModified":"2023-01-16T21:44:58+00:00","mainEntityOfPage":{"@id":"https:\/\/dev.antudigital.cl\/sites\/vc\/no-te-pierdas-el-in-edit-tour-valparaiso-en-insomnia-teatro-condell\/"},"wordCount":84,"commentCount":0,"image":{"@id":"https:\/\/dev.antudigital.cl\/sites\/vc\/no-te-pierdas-el-in-edit-tour-valparaiso-en-insomnia-teatro-condell\/#primaryimage"},"thumbnailUrl":"https:\/\/dev.antudigital.cl\/sites\/vc\/wp-content\/uploads\/2023\/01\/ICONO-WEB-CHILE.png","articleSection":["Noticia"],"inLanguage":"es","potentialAction":[{"@type":"CommentAction","name":"Comment","target":["https:\/\/dev.antudigital.cl\/sites\/vc\/no-te-pierdas-el-in-edit-tour-valparaiso-en-insomnia-teatro-condell\/#respond"]}]},{"@type":"WebPage","@id":"https:\/\/dev.antudigital.cl\/sites\/vc\/no-te-pierdas-el-in-edit-tour-valparaiso-en-insomnia-teatro-condell\/","url":"https:\/\/dev.antudigital.cl\/sites\/vc\/no-te-pierdas-el-in-edit-tour-valparaiso-en-insomnia-teatro-condell\/","name":"No te pierdas el In-edit tour Valpara\u00edso en Insomnia Teatro Condell - Valpara\u00ed\u00adso Creativo","isPartOf":{"@id":"https:\/\/dev.antudigital.cl\/sites\/vc\/#website"},"primaryImageOfPage":{"@id":"https:\/\/dev.antudigital.cl\/sites\/vc\/no-te-pierdas-el-in-edit-tour-valparaiso-en-insomnia-teatro-condell\/#primaryimage"},"image":{"@id":"https:\/\/dev.antudigital.cl\/sites\/vc\/no-te-pierdas-el-in-edit-tour-valparaiso-en-insomnia-teatro-condell\/#primaryimage"},"thumbnailUrl":"https:\/\/dev.antudigital.cl\/sites\/vc\/wp-content\/uploads\/2023\/01\/ICONO-WEB-CHILE.png","datePublished":"2023-01-16T21:44:54+00:00","dateModified":"2023-01-16T21:44:58+00:00","author":{"@id":"https:\/\/dev.antudigital.cl\/sites\/vc\/#\/schema\/person\/c2b9da8dd545e27166fc5ab232837318"},"breadcrumb":{"@id":"https:\/\/dev.antudigital.cl\/sites\/vc\/no-te-pierdas-el-in-edit-tour-valparaiso-en-insomnia-teatro-condell\/#breadcrumb"},"inLanguage":"es","potentialAction":[{"@type":"ReadAction","target":["https:\/\/dev.antudigital.cl\/sites\/vc\/no-te-pierdas-el-in-edit-tour-valparaiso-en-insomnia-teatro-condell\/"]}]},{"@type":"ImageObject","inLanguage":"es","@id":"https:\/\/dev.antudigital.cl\/sites\/vc\/no-te-pierdas-el-in-edit-tour-valparaiso-en-insomnia-teatro-condell\/#primaryimage","url":"https:\/\/dev.antudigital.cl\/sites\/vc\/wp-content\/uploads\/2023\/01\/ICONO-WEB-CHILE.png","contentUrl":"https:\/\/dev.antudigital.cl\/sites\/vc\/wp-content\/uploads\/2023\/01\/ICONO-WEB-CHILE.png","width":512,"height":512},{"@type":"BreadcrumbList","@id":"https:\/\/dev.antudigital.cl\/sites\/vc\/no-te-pierdas-el-in-edit-tour-valparaiso-en-insomnia-teatro-condell\/#breadcrumb","itemListElement":[{"@type":"ListItem","position":1,"name":"Home","item":"https:\/\/dev.antudigital.cl\/sites\/vc\/"},{"@type":"ListItem","position":2,"name":"No te pierdas el In-edit tour Valpara\u00edso en Insomnia Teatro Condell"}]},{"@type":"WebSite","@id":"https:\/\/dev.antudigital.cl\/sites\/vc\/#website","url":"https:\/\/dev.antudigital.cl\/sites\/vc\/","name":"Valpara\u00ed\u00adso Creativo","description":"","potentialAction":[{"@type":"SearchAction","target":{"@type":"EntryPoint","urlTemplate":"https:\/\/dev.antudigital.cl\/sites\/vc\/?s={search_term_string}"},"query-input":{"@type":"PropertyValueSpecification","valueRequired":true,"valueName":"search_term_string"}}],"inLanguage":"es"},{"@type":"Person","@id":"https:\/\/dev.antudigital.cl\/sites\/vc\/#\/schema\/person\/c2b9da8dd545e27166fc5ab232837318","name":"Valpara\u00edso Creativo","description":"Periodista de cultura en la Regi\u00f3n de Valpara\u00edso.","url":"https:\/\/dev.antudigital.cl\/sites\/vc\/author\/valpoadmin\/"}]}},"_links":{"self":[{"href":"https:\/\/dev.antudigital.cl\/sites\/vc\/wp-json\/wp\/v2\/posts\/12427","targetHints":{"allow":["GET"]}}],"collection":[{"href":"https:\/\/dev.antudigital.cl\/sites\/vc\/wp-json\/wp\/v2\/posts"}],"about":[{"href":"https:\/\/dev.antudigital.cl\/sites\/vc\/wp-json\/wp\/v2\/types\/post"}],"author":[{"embeddable":true,"href":"https:\/\/dev.antudigital.cl\/sites\/vc\/wp-json\/wp\/v2\/users\/1"}],"replies":[{"embeddable":true,"href":"https:\/\/dev.antudigital.cl\/sites\/vc\/wp-json\/wp\/v2\/comments?post=12427"}],"version-history":[{"count":1,"href":"https:\/\/dev.antudigital.cl\/sites\/vc\/wp-json\/wp\/v2\/posts\/12427\/revisions"}],"predecessor-version":[{"id":12430,"href":"https:\/\/dev.antudigital.cl\/sites\/vc\/wp-json\/wp\/v2\/posts\/12427\/revisions\/12430"}],"wp:featuredmedia":[{"embeddable":true,"href":"https:\/\/dev.antudigital.cl\/sites\/vc\/wp-json\/wp\/v2\/media\/12428"}],"wp:attachment":[{"href":"https:\/\/dev.antudigital.cl\/sites\/vc\/wp-json\/wp\/v2\/media?parent=12427"}],"wp:term":[{"taxonomy":"category","embeddable":true,"href":"https:\/\/dev.antudigital.cl\/sites\/vc\/wp-json\/wp\/v2\/categories?post=12427"},{"taxonomy":"post_tag","embeddable":true,"href":"https:\/\/dev.antudigital.cl\/sites\/vc\/wp-json\/wp\/v2\/tags?post=12427"}],"curies":[{"name":"wp","href":"https:\/\/api.w.org\/{rel}","templated":true}]}}