{"id":12435,"date":"2023-01-16T23:09:10","date_gmt":"2023-01-16T23:09:10","guid":{"rendered":"https:\/\/www.valparaisocreativo.cl\/?p=12435"},"modified":"2023-01-16T23:09:14","modified_gmt":"2023-01-16T23:09:14","slug":"entrevista-a-magdalena-dardel-autora-de-murales-no-albergados","status":"publish","type":"post","link":"https:\/\/dev.antudigital.cl\/sites\/vc\/entrevista-a-magdalena-dardel-autora-de-murales-no-albergados\/","title":{"rendered":"Entrevista a Magdalena Dardel, autora de \u00abMurales no albergados\u00bb"},"content":{"rendered":"\n<p>Magdalena Dardel es de Valpara\u00edso, pero vive actualmente en Casablanca. Es Doctora en Historia del Arte y el a\u00f1o pasado public\u00f3 \u201cMurales no albergados\u201d, un libro que propone una reflexi\u00f3n entorno a la pintura y sus soportes, el espacio y la vinculaci\u00f3n con la comunidad, entre otras tem\u00e1ticas.<\/p>\n\n\n\n<p>Ella lleva 10 a\u00f1os trabajando en torno a \u00e9sto, que hoy est\u00e1 en boga tras el aniversario n\u00famero 30 de la inauguraci\u00f3n del Museo a Cielo Abierto de Valpara\u00edso el 2022, y a la vez hitos relacionados a su fundador, Francisco M\u00e9ndez, que reavivaron la discusi\u00f3n en torno a este proyecto que se ha ido deteriorando con el tiempo.<\/p>\n\n\n\n<p><strong>\u00bfQu\u00e9 es lo que quieres visibilizar con tu trabajo en torno al Museo a Cielo Abierto?&nbsp;<\/strong><\/p>\n\n\n\n<p>-El tema del libro surge a partir de un proyecto chico que hizo la PUCV en un momento, donde quer\u00edan restaurar los murales postulando a un Fondart que no sali\u00f3, pero me dio un primer acercamiento al tema y a darme cuenta de la complejidad del proyecto. Creo que es algo que no se reconoce mucho, el Museo a Cielo abierto, donde participan artistas s\u00faper importantes. Es colaborativo y pedag\u00f3gico y se da en el espacio p\u00fablico, conceptos que hoy se valoran m\u00e1s que en esa \u00e9poca. En 1991, 1992 todo estaba pensado m\u00e1s desde la experimentaci\u00f3n art\u00edstica e igual desde un terreno tradicional, se insertaba dentro de ejercicios muralistas que ya hab\u00edan sido establecidos en el arte en Chile.<\/p>\n\n\n\n<p>Ven\u00edamos con el legado de Matta, de Nemesio Ant\u00fanez, de las Brigadas, y del taller de murales del mismo Francisco M\u00e9ndez, fundador del Museo. Hoy podemos leer este ejercicio bajo conceptos m\u00e1s contempor\u00e1neos, como la participaci\u00f3n, la intervenci\u00f3n del espacio p\u00fablico, la p\u00e9rdida del concepto de autor\u00eda, la invitaci\u00f3n a artistas, vecinos, profesores, cada cual con su rol pero en un ejercicio colaborativo que se apropia del espacio p\u00fablico. Es, como dec\u00eda, m\u00e1s pedag\u00f3gico, una pr\u00e1ctica que se puede leer desde la colaboraci\u00f3n tambi\u00e9n, por lo que tiene una lectura m\u00e1s contempor\u00e1nea.<\/p>\n\n\n\n<figure class=\"wp-block-image size-full\"><img fetchpriority=\"high\" decoding=\"async\" width=\"606\" height=\"604\" src=\"https:\/\/www.valparaisocreativo.cl\/wp-content\/uploads\/2023\/01\/Captura-de-Pantalla-2023-01-16-a-las-18.48.47.png\" alt=\"\" class=\"wp-image-12438\" srcset=\"https:\/\/dev.antudigital.cl\/sites\/vc\/wp-content\/uploads\/2023\/01\/Captura-de-Pantalla-2023-01-16-a-las-18.48.47.png 606w, https:\/\/dev.antudigital.cl\/sites\/vc\/wp-content\/uploads\/2023\/01\/Captura-de-Pantalla-2023-01-16-a-las-18.48.47-300x300.png 300w, https:\/\/dev.antudigital.cl\/sites\/vc\/wp-content\/uploads\/2023\/01\/Captura-de-Pantalla-2023-01-16-a-las-18.48.47-150x150.png 150w, https:\/\/dev.antudigital.cl\/sites\/vc\/wp-content\/uploads\/2023\/01\/Captura-de-Pantalla-2023-01-16-a-las-18.48.47-480x478.png 480w\" sizes=\"(max-width: 606px) 100vw, 606px\" \/><\/figure>\n\n\n\n<p><strong>\u00bfCu\u00e1les de estos conceptos contempor\u00e1neos ves en este ejercicio?<\/strong><\/p>\n\n\n\n<p>-Yo creo que el foco es la colaboraci\u00f3n y pedagog\u00eda que he reiterado. Quiz\u00e1s es una utop\u00eda restaurarlos, ya que es un ejercicio muy complejo desde el punto de vista de instalar una propuesta de trabajo permanente entre la comunidad e institucionalidad. Eso debe ir con un mont\u00f3n de acciones que se ven improbables hoy en d\u00eda, ya que el Museo carece de ello. Al menos desde mi punto de vista. En cambio, rescatar el proyecto pedag\u00f3gico y que este inspire otras propuestas es mucho m\u00e1s viable, ya que est\u00e1 en l\u00ednea con la educaci\u00f3n hoy en d\u00eda, por ejemplo. Siento que tiene una lectura m\u00e1s vigente que solo el mural.\u00a0<\/p>\n\n\n\n<p>El mural es el registro de un ejercicio, es algo casi perform\u00e1tico. Hay algunas obras cuya naturaleza es desaparecer. Entonces cuando hablamos de restauraci\u00f3n es un tema mucho m\u00e1s complejo, que tiene que ver con los autores, entre otras cosas. Por ejemplo, la relaci\u00f3n con la comunidad de estos murales que puede trascender.\u00a0<\/p>\n\n\n\n<p><strong>\u00bfQu\u00e9 crees que es lo m\u00e1s importante a transmitir en la comunidad?<\/strong><\/p>\n\n\n\n<p>-Yo creo que hay dos cosas: por una parte, hay que comprender el valor de los murales e instalarlos desde esa informaci\u00f3n. Hay datos que no se visibilizan sobre el Museo a Cielo Abierto, como la cantidad de Premios Nacionales que son parte del ejercicio. Por otra parte, hay mucha gente que cree que el Museo a Cielo Abierto es todo lo que hay en ese sector, entonces a veces falta poner el l\u00edmite entre otras pr\u00e1cticas muralistas y las obras resultantes del Museo. Finalmente, no se pone en valor al mismo, por lo que nos falta divulgaci\u00f3n que nos permita conocer esta informaci\u00f3n de la autor\u00eda de cada mural. Esto por ejemplo pretendo yo a trav\u00e9s del libro \u00abMurales no albergados\u00bb.<\/p>\n\n\n\n<p>Tambi\u00e9n quiero despertar un debate a trav\u00e9s de c\u00f3mo levantar una institucionalidad o participaci\u00f3n de entidades que se involucren con el Museo a Cielo Abierto. Esas son algunas de mis intenciones. Lo que s\u00ed, yo no me puedo hacer cargo de los murales, con mi libro quiero sumar a la divulgaci\u00f3n y visibilizaci\u00f3n del Museo y ese es mi rol como historiadora.&nbsp;<\/p>\n\n\n\n<p>Igual es un tema sensible ya que el arte tiene relaci\u00f3n con las sensibilidades, y con el cotidiano de los vecinos y vecinas.<\/p>\n\n\n\n<p>Creo que hay miles de instancias que podr\u00edan abogar por el Museo a Cielo Abierto, p\u00fablicos y privados. Antes de avanzar s\u00ed se requieren inversiones para poder trabajar en torno a ello. Parte de asumir la seriedad de este proyecto es comprender esto.<\/p>\n\n\n\n<p><strong>Cu\u00e9ntame un poco m\u00e1s sobre el concepto de lo \u201cno albergado\u201d que tratas en tu libr<\/strong>o.<\/p>\n\n\n\n<p>-Mira, \u00e9ste tiene varias lecturas. Inicialmente surge a partir de un concepto del mismo artista Francisco M\u00e9ndez que es el de \u201cpintura no albergada\u201d, que es la pintura que no est\u00e1 sujeta a la superficie bidimensional, algo que \u00e9l elabora desde su noci\u00f3n de arquitecto. Esto abre un campo de experimentaci\u00f3n, como volantines u otros, interacci\u00f3n de color con el espacio que resulta en pinturas que interact\u00faan con su entorno. Consiste en pinturas que interact\u00faan con este entorno. Y en esta idea est\u00e1n los murales como soporte.&nbsp;<\/p>\n\n\n\n<p>Esta fue una constante en la vida de Francisco M\u00e9ndez, la experimentaci\u00f3n de los soportes, donde hay diversos ejercicios de lo no albergado hasta llegar al Museo a Cielo Abierto y luego con la pintura digital, que comienza a probar en 1994. Con esta idea de \u201cno albergado\u201d hice el libro.&nbsp;<\/p>\n\n\n\n<p>Por otra parte, tiene una lectura que se relaciona con su falta de institucionalidad, murales sin nadie que los cobije, guarde, no tienen un lugar. Pero, a la vez, la pintura mural no tiene lugar.&nbsp;<\/p>\n\n\n\n<p>Finalmente, es un concepto muy flexible, pero que ha establecido un precedente para lo que entendemos como Museo a Cielo Abierto. El de Valpara\u00edso es el primero en Chile, el que instala ese proyecto, y hoy Valpara\u00edso es referente del arte urbano en el pa\u00eds. No se hace cargo de s\u00ed mismo, pero a la vez genera otros museos a cielo abierto.<\/p>\n\n\n\n<figure class=\"wp-block-image size-large\"><img decoding=\"async\" width=\"765\" height=\"1024\" src=\"https:\/\/www.valparaisocreativo.cl\/wp-content\/uploads\/2023\/01\/20-Estudiantes-UCV-1969-765x1024.jpg\" alt=\"\" class=\"wp-image-12437\" srcset=\"https:\/\/dev.antudigital.cl\/sites\/vc\/wp-content\/uploads\/2023\/01\/20-Estudiantes-UCV-1969-765x1024.jpg 765w, https:\/\/dev.antudigital.cl\/sites\/vc\/wp-content\/uploads\/2023\/01\/20-Estudiantes-UCV-1969-224x300.jpg 224w, https:\/\/dev.antudigital.cl\/sites\/vc\/wp-content\/uploads\/2023\/01\/20-Estudiantes-UCV-1969-768x1028.jpg 768w, https:\/\/dev.antudigital.cl\/sites\/vc\/wp-content\/uploads\/2023\/01\/20-Estudiantes-UCV-1969-1147x1536.jpg 1147w, https:\/\/dev.antudigital.cl\/sites\/vc\/wp-content\/uploads\/2023\/01\/20-Estudiantes-UCV-1969-1530x2048.jpg 1530w, https:\/\/dev.antudigital.cl\/sites\/vc\/wp-content\/uploads\/2023\/01\/20-Estudiantes-UCV-1969-1080x1446.jpg 1080w, https:\/\/dev.antudigital.cl\/sites\/vc\/wp-content\/uploads\/2023\/01\/20-Estudiantes-UCV-1969-1280x1714.jpg 1280w, https:\/\/dev.antudigital.cl\/sites\/vc\/wp-content\/uploads\/2023\/01\/20-Estudiantes-UCV-1969-980x1312.jpg 980w, https:\/\/dev.antudigital.cl\/sites\/vc\/wp-content\/uploads\/2023\/01\/20-Estudiantes-UCV-1969-480x643.jpg 480w, https:\/\/dev.antudigital.cl\/sites\/vc\/wp-content\/uploads\/2023\/01\/20-Estudiantes-UCV-1969-scaled.jpg 1912w\" sizes=\"(max-width: 765px) 100vw, 765px\" \/><\/figure>\n\n\n\n<p><strong>La ciudad, de este modo, se vuelve una gran galer\u00eda\u2026<\/strong><\/p>\n\n\n\n<p>-Tambi\u00e9n hay que recordar que los artistas \u201cofrecen\u201d la obra a la ciudadan\u00eda, es un regalo, pero en un sentido po\u00e9tico. Donde falta un trabajo profundo para que la comunidad lo interprete como tal, entonces nos quedamos en una lectura m\u00e1s superficial de la que tiene. Hay muchas dimensiones por explorar.<\/p>\n\n\n\n<p><strong>Me llama la atenci\u00f3n este debate sobre c\u00f3mo acercar la cultura a la gente. Este es un ejemplo de que a\u00fan \u201cdemocratizar\u201d la cultura no necesariamente tendr\u00e1 el efecto que esperamos en las comunidades\u2026<\/strong><\/p>\n\n\n\n<p>-S\u00ed, es que yo creo que ah\u00ed fallan varias cosas. En el sentido del Museo, puede ser que solo se hizo desde lo art\u00edstico y faltaron muchos puntos, hoy tendr\u00edamos un equipo interdisciplinario en tal proyecto. En el contexto que naci\u00f3 el Museo, post dictadura, el hacer un proyecto as\u00ed fue muy significativo. Por eso hoy tiene otra interpretaci\u00f3n, pues es un ejercicio contextual. Habr\u00eda que generar todo un nuevo trabajo para revisarlo. Por otra parte, la ciudad cambi\u00f3 mucho y su escenario tambi\u00e9n, as\u00ed que no se le puede exigir a este proyecto art\u00edstico todos los cometidos.<\/p>\n\n\n\n<p><strong>\u00bfC\u00f3mo observas t\u00fa que el Museo impacta en la identidad del cerro que lo contiene, por ejemplo?<\/strong><\/p>\n\n\n\n<p>-Impacta desde lo tur\u00edstico primeramente, pero tambi\u00e9n genera identidad. Dentro de su misi\u00f3n incluso tiene algo muy rico que es, que el vecino es due\u00f1o del muro, pero no del mural, generando contrastes. Creo que ah\u00ed hay algo m\u00e1s interesante, en especial en aquellos vecinos y vecinas que recuerdan la intervenci\u00f3n en sus a\u00f1os.&nbsp;<\/p>\n\n\n\n<p>Por otro lado se genera el problema de la falta de regulaci\u00f3n en torno a los murales o tags que se generan junto a estos murales del Museo, ya que genera un impacto sobre su visualidad. Es dif\u00edcil en este sentido generar un equilibrio, ya que tampoco hay una regulaci\u00f3n como la de sitios patrimoniales que permita cuidar, por ejemplo, la pintura con la que decoran sus casas los vecinos y que no interfiera con las obras.<\/p>\n\n\n\n<p>Tiene algo negativo y algo positivo, en ese sentido, el de la habitabilidad. Es algo adem\u00e1s muy beneficioso para un ni\u00f1o o ni\u00f1a, pero para un adulto puede ser un sobre est\u00edmulo visual vivir en este entorno. Tiene dos caras. La misma pintura abstracta requiere una predisposici\u00f3n para leerla, distinguirla, ya que hemos sido educados en la figuraci\u00f3n. No digo que sea algo exclusivo.&nbsp;<\/p>\n\n\n\n<p><strong>El libro, Murales no Albergados, es tu tesis doctoral, \u00bfes as\u00ed?<\/strong><\/p>\n\n\n\n<p>-S\u00ed, es una s\u00edntesis de ella, quit\u00e1ndole academicismos. La editorial es Metales Pesados y ellos me ayudaron en esto, aplicando en especial los conceptos de curadur\u00eda, la obra de Francisco M\u00e9ndez y el espacio p\u00fablico.<\/p>\n\n\n\n<p>Fue dif\u00edcil enfrentarme a este proceso, ya que adem\u00e1s entre medio fui madre, por lo que pas\u00f3 de todo entre medio de que nac\u00eda y crec\u00eda mi primera hija. Eso hice que lo postergara un poco, hasta que el 2019 lo postul\u00e9 a Fondart y ah\u00ed el 2020 comenc\u00e9 el trabajo de edici\u00f3n y revisi\u00f3n.&nbsp;<\/p>\n\n\n\n<p>Creo que finalmente, el libro habla m\u00e1s sobre posibilidades y futuro que del pasado, para que nos pongamos a nivel de sociedad a hablar de estos temas. Que este libro sea uno de los muchos aportes que nos hacen discutir sobre la ciudad y sus desaf\u00edos. Hay problem\u00e1ticas que la est\u00e9tica, la historia a\u00fan no han asumido algunos de las problem\u00e1ticas en torno al ejercicio del muralismo, y Chile es un pa\u00eds s\u00faper muralista, entonces falta que se profundice como tema de inter\u00e9s o estudio.&nbsp;<\/p>\n\n\n\n<p>Est\u00e1 pendiente a\u00fan c\u00f3mo pensamos los murales.<\/p>\n\n\n\n<figure class=\"wp-block-image size-large\"><img decoding=\"async\" width=\"768\" height=\"1024\" src=\"https:\/\/www.valparaisocreativo.cl\/wp-content\/uploads\/2023\/01\/MDC-768x1024.jpg\" alt=\"\" class=\"wp-image-12439\" srcset=\"https:\/\/dev.antudigital.cl\/sites\/vc\/wp-content\/uploads\/2023\/01\/MDC-768x1024.jpg 768w, https:\/\/dev.antudigital.cl\/sites\/vc\/wp-content\/uploads\/2023\/01\/MDC-225x300.jpg 225w, https:\/\/dev.antudigital.cl\/sites\/vc\/wp-content\/uploads\/2023\/01\/MDC-480x640.jpg 480w, https:\/\/dev.antudigital.cl\/sites\/vc\/wp-content\/uploads\/2023\/01\/MDC.jpg 960w\" sizes=\"(max-width: 768px) 100vw, 768px\" \/><\/figure>\n\n\n\n<p><em>Puedes seguir a Magdalena en <a href=\"https:\/\/twitter.com\/magdardel\"><strong>sus redes sociales.<\/strong><\/a><\/em><\/p>\n","protected":false},"excerpt":{"rendered":"<p>Magdalena Dardel es de Valpara\u00edso, pero vive actualmente en Casablanca. Es Doctora en Historia del Arte y el a\u00f1o pasado public\u00f3 \u201cMurales no albergados\u201d, un libro que propone una reflexi\u00f3n entorno a la pintura y sus soportes, el espacio y la vinculaci\u00f3n con la comunidad, entre otras tem\u00e1ticas. Ella lleva 10 a\u00f1os trabajando en torno [&hellip;]<\/p>\n","protected":false},"author":1,"featured_media":12436,"comment_status":"open","ping_status":"closed","sticky":false,"template":"","format":"standard","meta":{"_acf_changed":false,"footnotes":""},"categories":[8],"tags":[],"class_list":["post-12435","post","type-post","status-publish","format-standard","has-post-thumbnail","hentry","category-noticia"],"acf":[],"yoast_head":"<!-- This site is optimized with the Yoast SEO plugin v27.1.1 - https:\/\/yoast.com\/product\/yoast-seo-wordpress\/ -->\n<title>Entrevista a Magdalena Dardel, autora de &quot;Murales no albergados&quot; - Valpara\u00ed\u00adso Creativo<\/title>\n<meta name=\"robots\" content=\"index, follow, max-snippet:-1, max-image-preview:large, max-video-preview:-1\" \/>\n<link rel=\"canonical\" href=\"https:\/\/dev.antudigital.cl\/sites\/vc\/entrevista-a-magdalena-dardel-autora-de-murales-no-albergados\/\" \/>\n<meta property=\"og:locale\" content=\"es_ES\" \/>\n<meta property=\"og:type\" content=\"article\" \/>\n<meta property=\"og:title\" content=\"Entrevista a Magdalena Dardel, autora de &quot;Murales no albergados&quot; - Valpara\u00ed\u00adso Creativo\" \/>\n<meta property=\"og:description\" content=\"Magdalena Dardel es de Valpara\u00edso, pero vive actualmente en Casablanca. Es Doctora en Historia del Arte y el a\u00f1o pasado public\u00f3 \u201cMurales no albergados\u201d, un libro que propone una reflexi\u00f3n entorno a la pintura y sus soportes, el espacio y la vinculaci\u00f3n con la comunidad, entre otras tem\u00e1ticas. Ella lleva 10 a\u00f1os trabajando en torno [&hellip;]\" \/>\n<meta property=\"og:url\" content=\"https:\/\/dev.antudigital.cl\/sites\/vc\/entrevista-a-magdalena-dardel-autora-de-murales-no-albergados\/\" \/>\n<meta property=\"og:site_name\" content=\"Valpara\u00ed\u00adso Creativo\" \/>\n<meta property=\"article:published_time\" content=\"2023-01-16T23:09:10+00:00\" \/>\n<meta property=\"article:modified_time\" content=\"2023-01-16T23:09:14+00:00\" \/>\n<meta property=\"og:image\" content=\"https:\/\/dev.antudigital.cl\/sites\/vc\/wp-content\/uploads\/2023\/01\/6-Matilde-Perez-scaled.jpg\" \/>\n\t<meta property=\"og:image:width\" content=\"2560\" \/>\n\t<meta property=\"og:image:height\" content=\"1912\" \/>\n\t<meta property=\"og:image:type\" content=\"image\/jpeg\" \/>\n<meta name=\"author\" content=\"Valpara\u00edso Creativo\" \/>\n<meta name=\"twitter:card\" content=\"summary_large_image\" \/>\n<meta name=\"twitter:label1\" content=\"Escrito por\" \/>\n\t<meta name=\"twitter:data1\" content=\"Valpara\u00edso Creativo\" \/>\n\t<meta name=\"twitter:label2\" content=\"Tiempo de lectura\" \/>\n\t<meta name=\"twitter:data2\" content=\"9 minutos\" \/>\n<script type=\"application\/ld+json\" class=\"yoast-schema-graph\">{\"@context\":\"https:\/\/schema.org\",\"@graph\":[{\"@type\":\"Article\",\"@id\":\"https:\/\/dev.antudigital.cl\/sites\/vc\/entrevista-a-magdalena-dardel-autora-de-murales-no-albergados\/#article\",\"isPartOf\":{\"@id\":\"https:\/\/dev.antudigital.cl\/sites\/vc\/entrevista-a-magdalena-dardel-autora-de-murales-no-albergados\/\"},\"author\":{\"name\":\"Valpara\u00edso Creativo\",\"@id\":\"https:\/\/dev.antudigital.cl\/sites\/vc\/#\/schema\/person\/c2b9da8dd545e27166fc5ab232837318\"},\"headline\":\"Entrevista a Magdalena Dardel, autora de \u00abMurales no albergados\u00bb\",\"datePublished\":\"2023-01-16T23:09:10+00:00\",\"dateModified\":\"2023-01-16T23:09:14+00:00\",\"mainEntityOfPage\":{\"@id\":\"https:\/\/dev.antudigital.cl\/sites\/vc\/entrevista-a-magdalena-dardel-autora-de-murales-no-albergados\/\"},\"wordCount\":1779,\"commentCount\":0,\"image\":{\"@id\":\"https:\/\/dev.antudigital.cl\/sites\/vc\/entrevista-a-magdalena-dardel-autora-de-murales-no-albergados\/#primaryimage\"},\"thumbnailUrl\":\"https:\/\/dev.antudigital.cl\/sites\/vc\/wp-content\/uploads\/2023\/01\/6-Matilde-Perez-scaled.jpg\",\"articleSection\":[\"Noticia\"],\"inLanguage\":\"es\",\"potentialAction\":[{\"@type\":\"CommentAction\",\"name\":\"Comment\",\"target\":[\"https:\/\/dev.antudigital.cl\/sites\/vc\/entrevista-a-magdalena-dardel-autora-de-murales-no-albergados\/#respond\"]}]},{\"@type\":\"WebPage\",\"@id\":\"https:\/\/dev.antudigital.cl\/sites\/vc\/entrevista-a-magdalena-dardel-autora-de-murales-no-albergados\/\",\"url\":\"https:\/\/dev.antudigital.cl\/sites\/vc\/entrevista-a-magdalena-dardel-autora-de-murales-no-albergados\/\",\"name\":\"Entrevista a Magdalena Dardel, autora de \\\"Murales no albergados\\\" - Valpara\u00ed\u00adso Creativo\",\"isPartOf\":{\"@id\":\"https:\/\/dev.antudigital.cl\/sites\/vc\/#website\"},\"primaryImageOfPage\":{\"@id\":\"https:\/\/dev.antudigital.cl\/sites\/vc\/entrevista-a-magdalena-dardel-autora-de-murales-no-albergados\/#primaryimage\"},\"image\":{\"@id\":\"https:\/\/dev.antudigital.cl\/sites\/vc\/entrevista-a-magdalena-dardel-autora-de-murales-no-albergados\/#primaryimage\"},\"thumbnailUrl\":\"https:\/\/dev.antudigital.cl\/sites\/vc\/wp-content\/uploads\/2023\/01\/6-Matilde-Perez-scaled.jpg\",\"datePublished\":\"2023-01-16T23:09:10+00:00\",\"dateModified\":\"2023-01-16T23:09:14+00:00\",\"author\":{\"@id\":\"https:\/\/dev.antudigital.cl\/sites\/vc\/#\/schema\/person\/c2b9da8dd545e27166fc5ab232837318\"},\"breadcrumb\":{\"@id\":\"https:\/\/dev.antudigital.cl\/sites\/vc\/entrevista-a-magdalena-dardel-autora-de-murales-no-albergados\/#breadcrumb\"},\"inLanguage\":\"es\",\"potentialAction\":[{\"@type\":\"ReadAction\",\"target\":[\"https:\/\/dev.antudigital.cl\/sites\/vc\/entrevista-a-magdalena-dardel-autora-de-murales-no-albergados\/\"]}]},{\"@type\":\"ImageObject\",\"inLanguage\":\"es\",\"@id\":\"https:\/\/dev.antudigital.cl\/sites\/vc\/entrevista-a-magdalena-dardel-autora-de-murales-no-albergados\/#primaryimage\",\"url\":\"https:\/\/dev.antudigital.cl\/sites\/vc\/wp-content\/uploads\/2023\/01\/6-Matilde-Perez-scaled.jpg\",\"contentUrl\":\"https:\/\/dev.antudigital.cl\/sites\/vc\/wp-content\/uploads\/2023\/01\/6-Matilde-Perez-scaled.jpg\",\"width\":2560,\"height\":1912},{\"@type\":\"BreadcrumbList\",\"@id\":\"https:\/\/dev.antudigital.cl\/sites\/vc\/entrevista-a-magdalena-dardel-autora-de-murales-no-albergados\/#breadcrumb\",\"itemListElement\":[{\"@type\":\"ListItem\",\"position\":1,\"name\":\"Home\",\"item\":\"https:\/\/dev.antudigital.cl\/sites\/vc\/\"},{\"@type\":\"ListItem\",\"position\":2,\"name\":\"Entrevista a Magdalena Dardel, autora de \u00abMurales no albergados\u00bb\"}]},{\"@type\":\"WebSite\",\"@id\":\"https:\/\/dev.antudigital.cl\/sites\/vc\/#website\",\"url\":\"https:\/\/dev.antudigital.cl\/sites\/vc\/\",\"name\":\"Valpara\u00ed\u00adso Creativo\",\"description\":\"\",\"potentialAction\":[{\"@type\":\"SearchAction\",\"target\":{\"@type\":\"EntryPoint\",\"urlTemplate\":\"https:\/\/dev.antudigital.cl\/sites\/vc\/?s={search_term_string}\"},\"query-input\":{\"@type\":\"PropertyValueSpecification\",\"valueRequired\":true,\"valueName\":\"search_term_string\"}}],\"inLanguage\":\"es\"},{\"@type\":\"Person\",\"@id\":\"https:\/\/dev.antudigital.cl\/sites\/vc\/#\/schema\/person\/c2b9da8dd545e27166fc5ab232837318\",\"name\":\"Valpara\u00edso Creativo\",\"description\":\"Periodista de cultura en la Regi\u00f3n de Valpara\u00edso.\",\"url\":\"https:\/\/dev.antudigital.cl\/sites\/vc\/author\/valpoadmin\/\"}]}<\/script>\n<!-- \/ Yoast SEO plugin. -->","yoast_head_json":{"title":"Entrevista a Magdalena Dardel, autora de \"Murales no albergados\" - Valpara\u00ed\u00adso Creativo","robots":{"index":"index","follow":"follow","max-snippet":"max-snippet:-1","max-image-preview":"max-image-preview:large","max-video-preview":"max-video-preview:-1"},"canonical":"https:\/\/dev.antudigital.cl\/sites\/vc\/entrevista-a-magdalena-dardel-autora-de-murales-no-albergados\/","og_locale":"es_ES","og_type":"article","og_title":"Entrevista a Magdalena Dardel, autora de \"Murales no albergados\" - Valpara\u00ed\u00adso Creativo","og_description":"Magdalena Dardel es de Valpara\u00edso, pero vive actualmente en Casablanca. Es Doctora en Historia del Arte y el a\u00f1o pasado public\u00f3 \u201cMurales no albergados\u201d, un libro que propone una reflexi\u00f3n entorno a la pintura y sus soportes, el espacio y la vinculaci\u00f3n con la comunidad, entre otras tem\u00e1ticas. Ella lleva 10 a\u00f1os trabajando en torno [&hellip;]","og_url":"https:\/\/dev.antudigital.cl\/sites\/vc\/entrevista-a-magdalena-dardel-autora-de-murales-no-albergados\/","og_site_name":"Valpara\u00ed\u00adso Creativo","article_published_time":"2023-01-16T23:09:10+00:00","article_modified_time":"2023-01-16T23:09:14+00:00","og_image":[{"width":2560,"height":1912,"url":"https:\/\/dev.antudigital.cl\/sites\/vc\/wp-content\/uploads\/2023\/01\/6-Matilde-Perez-scaled.jpg","type":"image\/jpeg"}],"author":"Valpara\u00edso Creativo","twitter_card":"summary_large_image","twitter_misc":{"Escrito por":"Valpara\u00edso Creativo","Tiempo de lectura":"9 minutos"},"schema":{"@context":"https:\/\/schema.org","@graph":[{"@type":"Article","@id":"https:\/\/dev.antudigital.cl\/sites\/vc\/entrevista-a-magdalena-dardel-autora-de-murales-no-albergados\/#article","isPartOf":{"@id":"https:\/\/dev.antudigital.cl\/sites\/vc\/entrevista-a-magdalena-dardel-autora-de-murales-no-albergados\/"},"author":{"name":"Valpara\u00edso Creativo","@id":"https:\/\/dev.antudigital.cl\/sites\/vc\/#\/schema\/person\/c2b9da8dd545e27166fc5ab232837318"},"headline":"Entrevista a Magdalena Dardel, autora de \u00abMurales no albergados\u00bb","datePublished":"2023-01-16T23:09:10+00:00","dateModified":"2023-01-16T23:09:14+00:00","mainEntityOfPage":{"@id":"https:\/\/dev.antudigital.cl\/sites\/vc\/entrevista-a-magdalena-dardel-autora-de-murales-no-albergados\/"},"wordCount":1779,"commentCount":0,"image":{"@id":"https:\/\/dev.antudigital.cl\/sites\/vc\/entrevista-a-magdalena-dardel-autora-de-murales-no-albergados\/#primaryimage"},"thumbnailUrl":"https:\/\/dev.antudigital.cl\/sites\/vc\/wp-content\/uploads\/2023\/01\/6-Matilde-Perez-scaled.jpg","articleSection":["Noticia"],"inLanguage":"es","potentialAction":[{"@type":"CommentAction","name":"Comment","target":["https:\/\/dev.antudigital.cl\/sites\/vc\/entrevista-a-magdalena-dardel-autora-de-murales-no-albergados\/#respond"]}]},{"@type":"WebPage","@id":"https:\/\/dev.antudigital.cl\/sites\/vc\/entrevista-a-magdalena-dardel-autora-de-murales-no-albergados\/","url":"https:\/\/dev.antudigital.cl\/sites\/vc\/entrevista-a-magdalena-dardel-autora-de-murales-no-albergados\/","name":"Entrevista a Magdalena Dardel, autora de \"Murales no albergados\" - Valpara\u00ed\u00adso Creativo","isPartOf":{"@id":"https:\/\/dev.antudigital.cl\/sites\/vc\/#website"},"primaryImageOfPage":{"@id":"https:\/\/dev.antudigital.cl\/sites\/vc\/entrevista-a-magdalena-dardel-autora-de-murales-no-albergados\/#primaryimage"},"image":{"@id":"https:\/\/dev.antudigital.cl\/sites\/vc\/entrevista-a-magdalena-dardel-autora-de-murales-no-albergados\/#primaryimage"},"thumbnailUrl":"https:\/\/dev.antudigital.cl\/sites\/vc\/wp-content\/uploads\/2023\/01\/6-Matilde-Perez-scaled.jpg","datePublished":"2023-01-16T23:09:10+00:00","dateModified":"2023-01-16T23:09:14+00:00","author":{"@id":"https:\/\/dev.antudigital.cl\/sites\/vc\/#\/schema\/person\/c2b9da8dd545e27166fc5ab232837318"},"breadcrumb":{"@id":"https:\/\/dev.antudigital.cl\/sites\/vc\/entrevista-a-magdalena-dardel-autora-de-murales-no-albergados\/#breadcrumb"},"inLanguage":"es","potentialAction":[{"@type":"ReadAction","target":["https:\/\/dev.antudigital.cl\/sites\/vc\/entrevista-a-magdalena-dardel-autora-de-murales-no-albergados\/"]}]},{"@type":"ImageObject","inLanguage":"es","@id":"https:\/\/dev.antudigital.cl\/sites\/vc\/entrevista-a-magdalena-dardel-autora-de-murales-no-albergados\/#primaryimage","url":"https:\/\/dev.antudigital.cl\/sites\/vc\/wp-content\/uploads\/2023\/01\/6-Matilde-Perez-scaled.jpg","contentUrl":"https:\/\/dev.antudigital.cl\/sites\/vc\/wp-content\/uploads\/2023\/01\/6-Matilde-Perez-scaled.jpg","width":2560,"height":1912},{"@type":"BreadcrumbList","@id":"https:\/\/dev.antudigital.cl\/sites\/vc\/entrevista-a-magdalena-dardel-autora-de-murales-no-albergados\/#breadcrumb","itemListElement":[{"@type":"ListItem","position":1,"name":"Home","item":"https:\/\/dev.antudigital.cl\/sites\/vc\/"},{"@type":"ListItem","position":2,"name":"Entrevista a Magdalena Dardel, autora de \u00abMurales no albergados\u00bb"}]},{"@type":"WebSite","@id":"https:\/\/dev.antudigital.cl\/sites\/vc\/#website","url":"https:\/\/dev.antudigital.cl\/sites\/vc\/","name":"Valpara\u00ed\u00adso Creativo","description":"","potentialAction":[{"@type":"SearchAction","target":{"@type":"EntryPoint","urlTemplate":"https:\/\/dev.antudigital.cl\/sites\/vc\/?s={search_term_string}"},"query-input":{"@type":"PropertyValueSpecification","valueRequired":true,"valueName":"search_term_string"}}],"inLanguage":"es"},{"@type":"Person","@id":"https:\/\/dev.antudigital.cl\/sites\/vc\/#\/schema\/person\/c2b9da8dd545e27166fc5ab232837318","name":"Valpara\u00edso Creativo","description":"Periodista de cultura en la Regi\u00f3n de Valpara\u00edso.","url":"https:\/\/dev.antudigital.cl\/sites\/vc\/author\/valpoadmin\/"}]}},"_links":{"self":[{"href":"https:\/\/dev.antudigital.cl\/sites\/vc\/wp-json\/wp\/v2\/posts\/12435","targetHints":{"allow":["GET"]}}],"collection":[{"href":"https:\/\/dev.antudigital.cl\/sites\/vc\/wp-json\/wp\/v2\/posts"}],"about":[{"href":"https:\/\/dev.antudigital.cl\/sites\/vc\/wp-json\/wp\/v2\/types\/post"}],"author":[{"embeddable":true,"href":"https:\/\/dev.antudigital.cl\/sites\/vc\/wp-json\/wp\/v2\/users\/1"}],"replies":[{"embeddable":true,"href":"https:\/\/dev.antudigital.cl\/sites\/vc\/wp-json\/wp\/v2\/comments?post=12435"}],"version-history":[{"count":1,"href":"https:\/\/dev.antudigital.cl\/sites\/vc\/wp-json\/wp\/v2\/posts\/12435\/revisions"}],"predecessor-version":[{"id":12440,"href":"https:\/\/dev.antudigital.cl\/sites\/vc\/wp-json\/wp\/v2\/posts\/12435\/revisions\/12440"}],"wp:featuredmedia":[{"embeddable":true,"href":"https:\/\/dev.antudigital.cl\/sites\/vc\/wp-json\/wp\/v2\/media\/12436"}],"wp:attachment":[{"href":"https:\/\/dev.antudigital.cl\/sites\/vc\/wp-json\/wp\/v2\/media?parent=12435"}],"wp:term":[{"taxonomy":"category","embeddable":true,"href":"https:\/\/dev.antudigital.cl\/sites\/vc\/wp-json\/wp\/v2\/categories?post=12435"},{"taxonomy":"post_tag","embeddable":true,"href":"https:\/\/dev.antudigital.cl\/sites\/vc\/wp-json\/wp\/v2\/tags?post=12435"}],"curies":[{"name":"wp","href":"https:\/\/api.w.org\/{rel}","templated":true}]}}