{"id":12449,"date":"2023-01-17T19:31:01","date_gmt":"2023-01-17T19:31:01","guid":{"rendered":"https:\/\/www.valparaisocreativo.cl\/?p=12449"},"modified":"2023-01-17T19:31:05","modified_gmt":"2023-01-17T19:31:05","slug":"temporada-de-teatro-infantil-y-familiar-en-sala-teatro-ipa-de-valparaiso-trae-dos-clasicos-de-la-literatura","status":"publish","type":"post","link":"https:\/\/dev.antudigital.cl\/sites\/vc\/temporada-de-teatro-infantil-y-familiar-en-sala-teatro-ipa-de-valparaiso-trae-dos-clasicos-de-la-literatura\/","title":{"rendered":"Temporada de teatro infantil y familiar en SALA TEATRO IPA de Valpara\u00edso trae dos cl\u00e1sicos de la literatura"},"content":{"rendered":"\n<p><strong>Cuatro son las funciones GRATUITAS que se exhibir\u00e1n los d\u00edas 23, 24, 30 y 31 de enero de 2023 a las 19:00 horas, previa reserva, al correo electr\u00f3nico:&nbsp;<\/strong><a href=\"mailto:reservas.teatro.ipa@gmail.com\" target=\"_blank\" rel=\"noreferrer noopener\"><strong>reservas.teatro.ipa@gmail.com<\/strong><\/a><\/p>\n\n\n\n<p><strong>Centro Cultural IPA<\/strong>&nbsp;luego de un proceso de reactivaci\u00f3n, posterior a un largo tiempo sin actividades producto de la pandemia, ha podido recoger impresiones de quienes activan su espacio cultural y, desde ah\u00ed, dise\u00f1ar acciones que permitan retomar el v\u00ednculo con sus p\u00fablicos, principalmente familiar.<\/p>\n\n\n\n<p><strong>\u201cTemporada de teatro infantil y familiar en SALA TEATRO IPA de Valpara\u00edso<\/strong>\u201d comienza los d\u00edas&nbsp;<strong>23 y 24 de enero 2023<\/strong>, a las<strong>&nbsp;19\u00b0\u00b0 horas&nbsp;<\/strong>con la destacada obra teatral basada en el cuento infantil&nbsp;<strong>\u201cPINOCHO\u201d,&nbsp;<\/strong>un&nbsp;mu\u00f1eco de madera que sue\u00f1a con ser un ni\u00f1o de verdad. Esta obranos ense\u00f1a valores como la amistad, el respeto sin importar condici\u00f3n y el amor filial.&nbsp;Pinocho&nbsp;aprender\u00e1 a hacerse responsable, a no fiarse de cualquiera y a valorar la escuela.&nbsp;La obra comienza en la peque\u00f1a casa de&nbsp;Geppetto, donde las paredes cobrar\u00e1n vida, se abrir\u00e1n ventanas, muebles y Pinocho&nbsp;se ir\u00e1 encontrando con distintos personajes y sucesos.<\/p>\n\n\n\n<p>Una puesta en escena m\u00e1gica, visual, llena de sorpresas y donde cada detalle hace de este trabajo un desaf\u00edo para el elenco, quienes son los encargados de manipular objetos, marionetas, escenograf\u00eda, interpretar todos los personajes y lograr que el espacio esc\u00e9nico cobre vida.&nbsp;<strong>La invitaci\u00f3n es para toda la familia, ya que los grandes de la casa volver\u00e1n a ser ni\u00f1@s y los m\u00e1s peque\u00f1os querr\u00e1n seguir siendo ni\u00f1@s por siempre<\/strong><strong>.<\/strong><\/p>\n\n\n\n<p>La Temporada contin\u00faa los d\u00edas&nbsp;<strong>30 y 31 de enero<\/strong>, tambi\u00e9n a las<strong>&nbsp;19\u00b0\u00b0 horas<\/strong>, con la exitosa obra&nbsp;<strong>\u201cPETER PAN\u201d.&nbsp;<\/strong>\u00bfA&nbsp;qui\u00e9n no le emociona un ni\u00f1o que puede volar, que tiene como fiel amiga a un hada de gran car\u00e1cter, que es enemigo de un malvado capit\u00e1n pirata y que vive en una isla llena de sorpresas? Todas estas aventuras son llevadas a escena por la&nbsp;<strong>Compa\u00f1\u00eda de Teatro Escuela IluCi\u00f3n<\/strong>, donde la magia, la fantas\u00eda, la libertad y la diversi\u00f3n son la f\u00f3rmula para atraer al p\u00fablico hacia esta propuesta teatral, la que cuenta con una escenograf\u00eda que nos sit\u00faa en los diversos espacios que&nbsp;Peter&nbsp;Pan&nbsp;visita a lo largo de su historia. As\u00ed, por momentos viajaremos al dormitorio de Wendy y sus hermanos y en otras al barco del Capit\u00e1n Garfio.&nbsp;&nbsp;Ver esta Obra es adentrarse en un mundo m\u00e1gico lleno de aventuras y revivir aquellos d\u00edas en que cre\u00edamos en las hadas y vol\u00e1bamos cada d\u00eda a nuestra propia Isla de Nuncajam\u00e1s.<\/p>\n\n\n\n<p>Claudio Vidal, director de CCIPA, nos se\u00f1ala que \u201ctenemos la convicci\u00f3n de que todas las ni\u00f1as y ni\u00f1os tienen derecho a acercarse y conocer el arte, de educarse con respeto y de forma l\u00fadica, fomentando en ellas y ellos el inter\u00e9s por el teatro y qu\u00e9 mejor que sea junto a la familia\u201d.<\/p>\n\n\n\n<p><strong>Este proyecto es financiado por el Gobierno Regional, a trav\u00e9s del Fondo de Desarrollo Regional FNDR 7% a\u00f1o 2022.<\/strong><strong><\/strong><\/p>\n\n\n\n<p><strong>Instagram @salateatroipa<\/strong><\/p>\n\n\n\n<p><a href=\"https:\/\/www.instagram.com\/salateatroipa\/\" target=\"_blank\" rel=\"noreferrer noopener\">Sala Teatro IPA (@salateatroipa) \u2022 Fotos y videos de Instagram<\/a><strong><\/strong><\/p>\n","protected":false},"excerpt":{"rendered":"<p>Cuatro son las funciones GRATUITAS que se exhibir\u00e1n los d\u00edas 23, 24, 30 y 31 de enero de 2023 a las 19:00 horas, previa reserva, al correo electr\u00f3nico:&nbsp;reservas.teatro.ipa@gmail.com Centro Cultural IPA&nbsp;luego de un proceso de reactivaci\u00f3n, posterior a un largo tiempo sin actividades producto de la pandemia, ha podido recoger impresiones de quienes activan su [&hellip;]<\/p>\n","protected":false},"author":1,"featured_media":12450,"comment_status":"open","ping_status":"closed","sticky":false,"template":"","format":"standard","meta":{"_acf_changed":false,"footnotes":""},"categories":[8],"tags":[],"class_list":["post-12449","post","type-post","status-publish","format-standard","has-post-thumbnail","hentry","category-noticia"],"acf":[],"yoast_head":"<!-- This site is optimized with the Yoast SEO plugin v27.1.1 - https:\/\/yoast.com\/product\/yoast-seo-wordpress\/ -->\n<title>Temporada de teatro infantil y familiar en SALA TEATRO IPA de Valpara\u00edso trae dos cl\u00e1sicos de la literatura - Valpara\u00ed\u00adso Creativo<\/title>\n<meta name=\"robots\" content=\"index, follow, max-snippet:-1, max-image-preview:large, max-video-preview:-1\" \/>\n<link rel=\"canonical\" href=\"https:\/\/dev.antudigital.cl\/sites\/vc\/temporada-de-teatro-infantil-y-familiar-en-sala-teatro-ipa-de-valparaiso-trae-dos-clasicos-de-la-literatura\/\" \/>\n<meta property=\"og:locale\" content=\"es_ES\" \/>\n<meta property=\"og:type\" content=\"article\" \/>\n<meta property=\"og:title\" content=\"Temporada de teatro infantil y familiar en SALA TEATRO IPA de Valpara\u00edso trae dos cl\u00e1sicos de la literatura - Valpara\u00ed\u00adso Creativo\" \/>\n<meta property=\"og:description\" content=\"Cuatro son las funciones GRATUITAS que se exhibir\u00e1n los d\u00edas 23, 24, 30 y 31 de enero de 2023 a las 19:00 horas, previa reserva, al correo electr\u00f3nico:&nbsp;reservas.teatro.ipa@gmail.com Centro Cultural IPA&nbsp;luego de un proceso de reactivaci\u00f3n, posterior a un largo tiempo sin actividades producto de la pandemia, ha podido recoger impresiones de quienes activan su [&hellip;]\" \/>\n<meta property=\"og:url\" content=\"https:\/\/dev.antudigital.cl\/sites\/vc\/temporada-de-teatro-infantil-y-familiar-en-sala-teatro-ipa-de-valparaiso-trae-dos-clasicos-de-la-literatura\/\" \/>\n<meta property=\"og:site_name\" content=\"Valpara\u00ed\u00adso Creativo\" \/>\n<meta property=\"article:published_time\" content=\"2023-01-17T19:31:01+00:00\" \/>\n<meta property=\"article:modified_time\" content=\"2023-01-17T19:31:05+00:00\" \/>\n<meta property=\"og:image\" content=\"https:\/\/dev.antudigital.cl\/sites\/vc\/wp-content\/uploads\/2023\/01\/PIN8.jpg\" \/>\n\t<meta property=\"og:image:width\" content=\"1280\" \/>\n\t<meta property=\"og:image:height\" content=\"853\" \/>\n\t<meta property=\"og:image:type\" content=\"image\/jpeg\" \/>\n<meta name=\"author\" content=\"Valpara\u00edso Creativo\" \/>\n<meta name=\"twitter:card\" content=\"summary_large_image\" \/>\n<meta name=\"twitter:label1\" content=\"Escrito por\" \/>\n\t<meta name=\"twitter:data1\" content=\"Valpara\u00edso Creativo\" \/>\n\t<meta name=\"twitter:label2\" content=\"Tiempo de lectura\" \/>\n\t<meta name=\"twitter:data2\" content=\"3 minutos\" \/>\n<script type=\"application\/ld+json\" class=\"yoast-schema-graph\">{\"@context\":\"https:\/\/schema.org\",\"@graph\":[{\"@type\":\"Article\",\"@id\":\"https:\/\/dev.antudigital.cl\/sites\/vc\/temporada-de-teatro-infantil-y-familiar-en-sala-teatro-ipa-de-valparaiso-trae-dos-clasicos-de-la-literatura\/#article\",\"isPartOf\":{\"@id\":\"https:\/\/dev.antudigital.cl\/sites\/vc\/temporada-de-teatro-infantil-y-familiar-en-sala-teatro-ipa-de-valparaiso-trae-dos-clasicos-de-la-literatura\/\"},\"author\":{\"name\":\"Valpara\u00edso Creativo\",\"@id\":\"https:\/\/dev.antudigital.cl\/sites\/vc\/#\/schema\/person\/c2b9da8dd545e27166fc5ab232837318\"},\"headline\":\"Temporada de teatro infantil y familiar en SALA TEATRO IPA de Valpara\u00edso trae dos cl\u00e1sicos de la literatura\",\"datePublished\":\"2023-01-17T19:31:01+00:00\",\"dateModified\":\"2023-01-17T19:31:05+00:00\",\"mainEntityOfPage\":{\"@id\":\"https:\/\/dev.antudigital.cl\/sites\/vc\/temporada-de-teatro-infantil-y-familiar-en-sala-teatro-ipa-de-valparaiso-trae-dos-clasicos-de-la-literatura\/\"},\"wordCount\":595,\"commentCount\":0,\"image\":{\"@id\":\"https:\/\/dev.antudigital.cl\/sites\/vc\/temporada-de-teatro-infantil-y-familiar-en-sala-teatro-ipa-de-valparaiso-trae-dos-clasicos-de-la-literatura\/#primaryimage\"},\"thumbnailUrl\":\"https:\/\/dev.antudigital.cl\/sites\/vc\/wp-content\/uploads\/2023\/01\/PIN8.jpg\",\"articleSection\":[\"Noticia\"],\"inLanguage\":\"es\",\"potentialAction\":[{\"@type\":\"CommentAction\",\"name\":\"Comment\",\"target\":[\"https:\/\/dev.antudigital.cl\/sites\/vc\/temporada-de-teatro-infantil-y-familiar-en-sala-teatro-ipa-de-valparaiso-trae-dos-clasicos-de-la-literatura\/#respond\"]}]},{\"@type\":\"WebPage\",\"@id\":\"https:\/\/dev.antudigital.cl\/sites\/vc\/temporada-de-teatro-infantil-y-familiar-en-sala-teatro-ipa-de-valparaiso-trae-dos-clasicos-de-la-literatura\/\",\"url\":\"https:\/\/dev.antudigital.cl\/sites\/vc\/temporada-de-teatro-infantil-y-familiar-en-sala-teatro-ipa-de-valparaiso-trae-dos-clasicos-de-la-literatura\/\",\"name\":\"Temporada de teatro infantil y familiar en SALA TEATRO IPA de Valpara\u00edso trae dos cl\u00e1sicos de la literatura - Valpara\u00ed\u00adso Creativo\",\"isPartOf\":{\"@id\":\"https:\/\/dev.antudigital.cl\/sites\/vc\/#website\"},\"primaryImageOfPage\":{\"@id\":\"https:\/\/dev.antudigital.cl\/sites\/vc\/temporada-de-teatro-infantil-y-familiar-en-sala-teatro-ipa-de-valparaiso-trae-dos-clasicos-de-la-literatura\/#primaryimage\"},\"image\":{\"@id\":\"https:\/\/dev.antudigital.cl\/sites\/vc\/temporada-de-teatro-infantil-y-familiar-en-sala-teatro-ipa-de-valparaiso-trae-dos-clasicos-de-la-literatura\/#primaryimage\"},\"thumbnailUrl\":\"https:\/\/dev.antudigital.cl\/sites\/vc\/wp-content\/uploads\/2023\/01\/PIN8.jpg\",\"datePublished\":\"2023-01-17T19:31:01+00:00\",\"dateModified\":\"2023-01-17T19:31:05+00:00\",\"author\":{\"@id\":\"https:\/\/dev.antudigital.cl\/sites\/vc\/#\/schema\/person\/c2b9da8dd545e27166fc5ab232837318\"},\"breadcrumb\":{\"@id\":\"https:\/\/dev.antudigital.cl\/sites\/vc\/temporada-de-teatro-infantil-y-familiar-en-sala-teatro-ipa-de-valparaiso-trae-dos-clasicos-de-la-literatura\/#breadcrumb\"},\"inLanguage\":\"es\",\"potentialAction\":[{\"@type\":\"ReadAction\",\"target\":[\"https:\/\/dev.antudigital.cl\/sites\/vc\/temporada-de-teatro-infantil-y-familiar-en-sala-teatro-ipa-de-valparaiso-trae-dos-clasicos-de-la-literatura\/\"]}]},{\"@type\":\"ImageObject\",\"inLanguage\":\"es\",\"@id\":\"https:\/\/dev.antudigital.cl\/sites\/vc\/temporada-de-teatro-infantil-y-familiar-en-sala-teatro-ipa-de-valparaiso-trae-dos-clasicos-de-la-literatura\/#primaryimage\",\"url\":\"https:\/\/dev.antudigital.cl\/sites\/vc\/wp-content\/uploads\/2023\/01\/PIN8.jpg\",\"contentUrl\":\"https:\/\/dev.antudigital.cl\/sites\/vc\/wp-content\/uploads\/2023\/01\/PIN8.jpg\",\"width\":1280,\"height\":853},{\"@type\":\"BreadcrumbList\",\"@id\":\"https:\/\/dev.antudigital.cl\/sites\/vc\/temporada-de-teatro-infantil-y-familiar-en-sala-teatro-ipa-de-valparaiso-trae-dos-clasicos-de-la-literatura\/#breadcrumb\",\"itemListElement\":[{\"@type\":\"ListItem\",\"position\":1,\"name\":\"Home\",\"item\":\"https:\/\/dev.antudigital.cl\/sites\/vc\/\"},{\"@type\":\"ListItem\",\"position\":2,\"name\":\"Temporada de teatro infantil y familiar en SALA TEATRO IPA de Valpara\u00edso trae dos cl\u00e1sicos de la literatura\"}]},{\"@type\":\"WebSite\",\"@id\":\"https:\/\/dev.antudigital.cl\/sites\/vc\/#website\",\"url\":\"https:\/\/dev.antudigital.cl\/sites\/vc\/\",\"name\":\"Valpara\u00ed\u00adso Creativo\",\"description\":\"\",\"potentialAction\":[{\"@type\":\"SearchAction\",\"target\":{\"@type\":\"EntryPoint\",\"urlTemplate\":\"https:\/\/dev.antudigital.cl\/sites\/vc\/?s={search_term_string}\"},\"query-input\":{\"@type\":\"PropertyValueSpecification\",\"valueRequired\":true,\"valueName\":\"search_term_string\"}}],\"inLanguage\":\"es\"},{\"@type\":\"Person\",\"@id\":\"https:\/\/dev.antudigital.cl\/sites\/vc\/#\/schema\/person\/c2b9da8dd545e27166fc5ab232837318\",\"name\":\"Valpara\u00edso Creativo\",\"description\":\"Periodista de cultura en la Regi\u00f3n de Valpara\u00edso.\",\"url\":\"https:\/\/dev.antudigital.cl\/sites\/vc\/author\/valpoadmin\/\"}]}<\/script>\n<!-- \/ Yoast SEO plugin. -->","yoast_head_json":{"title":"Temporada de teatro infantil y familiar en SALA TEATRO IPA de Valpara\u00edso trae dos cl\u00e1sicos de la literatura - Valpara\u00ed\u00adso Creativo","robots":{"index":"index","follow":"follow","max-snippet":"max-snippet:-1","max-image-preview":"max-image-preview:large","max-video-preview":"max-video-preview:-1"},"canonical":"https:\/\/dev.antudigital.cl\/sites\/vc\/temporada-de-teatro-infantil-y-familiar-en-sala-teatro-ipa-de-valparaiso-trae-dos-clasicos-de-la-literatura\/","og_locale":"es_ES","og_type":"article","og_title":"Temporada de teatro infantil y familiar en SALA TEATRO IPA de Valpara\u00edso trae dos cl\u00e1sicos de la literatura - Valpara\u00ed\u00adso Creativo","og_description":"Cuatro son las funciones GRATUITAS que se exhibir\u00e1n los d\u00edas 23, 24, 30 y 31 de enero de 2023 a las 19:00 horas, previa reserva, al correo electr\u00f3nico:&nbsp;reservas.teatro.ipa@gmail.com Centro Cultural IPA&nbsp;luego de un proceso de reactivaci\u00f3n, posterior a un largo tiempo sin actividades producto de la pandemia, ha podido recoger impresiones de quienes activan su [&hellip;]","og_url":"https:\/\/dev.antudigital.cl\/sites\/vc\/temporada-de-teatro-infantil-y-familiar-en-sala-teatro-ipa-de-valparaiso-trae-dos-clasicos-de-la-literatura\/","og_site_name":"Valpara\u00ed\u00adso Creativo","article_published_time":"2023-01-17T19:31:01+00:00","article_modified_time":"2023-01-17T19:31:05+00:00","og_image":[{"width":1280,"height":853,"url":"https:\/\/dev.antudigital.cl\/sites\/vc\/wp-content\/uploads\/2023\/01\/PIN8.jpg","type":"image\/jpeg"}],"author":"Valpara\u00edso Creativo","twitter_card":"summary_large_image","twitter_misc":{"Escrito por":"Valpara\u00edso Creativo","Tiempo de lectura":"3 minutos"},"schema":{"@context":"https:\/\/schema.org","@graph":[{"@type":"Article","@id":"https:\/\/dev.antudigital.cl\/sites\/vc\/temporada-de-teatro-infantil-y-familiar-en-sala-teatro-ipa-de-valparaiso-trae-dos-clasicos-de-la-literatura\/#article","isPartOf":{"@id":"https:\/\/dev.antudigital.cl\/sites\/vc\/temporada-de-teatro-infantil-y-familiar-en-sala-teatro-ipa-de-valparaiso-trae-dos-clasicos-de-la-literatura\/"},"author":{"name":"Valpara\u00edso Creativo","@id":"https:\/\/dev.antudigital.cl\/sites\/vc\/#\/schema\/person\/c2b9da8dd545e27166fc5ab232837318"},"headline":"Temporada de teatro infantil y familiar en SALA TEATRO IPA de Valpara\u00edso trae dos cl\u00e1sicos de la literatura","datePublished":"2023-01-17T19:31:01+00:00","dateModified":"2023-01-17T19:31:05+00:00","mainEntityOfPage":{"@id":"https:\/\/dev.antudigital.cl\/sites\/vc\/temporada-de-teatro-infantil-y-familiar-en-sala-teatro-ipa-de-valparaiso-trae-dos-clasicos-de-la-literatura\/"},"wordCount":595,"commentCount":0,"image":{"@id":"https:\/\/dev.antudigital.cl\/sites\/vc\/temporada-de-teatro-infantil-y-familiar-en-sala-teatro-ipa-de-valparaiso-trae-dos-clasicos-de-la-literatura\/#primaryimage"},"thumbnailUrl":"https:\/\/dev.antudigital.cl\/sites\/vc\/wp-content\/uploads\/2023\/01\/PIN8.jpg","articleSection":["Noticia"],"inLanguage":"es","potentialAction":[{"@type":"CommentAction","name":"Comment","target":["https:\/\/dev.antudigital.cl\/sites\/vc\/temporada-de-teatro-infantil-y-familiar-en-sala-teatro-ipa-de-valparaiso-trae-dos-clasicos-de-la-literatura\/#respond"]}]},{"@type":"WebPage","@id":"https:\/\/dev.antudigital.cl\/sites\/vc\/temporada-de-teatro-infantil-y-familiar-en-sala-teatro-ipa-de-valparaiso-trae-dos-clasicos-de-la-literatura\/","url":"https:\/\/dev.antudigital.cl\/sites\/vc\/temporada-de-teatro-infantil-y-familiar-en-sala-teatro-ipa-de-valparaiso-trae-dos-clasicos-de-la-literatura\/","name":"Temporada de teatro infantil y familiar en SALA TEATRO IPA de Valpara\u00edso trae dos cl\u00e1sicos de la literatura - Valpara\u00ed\u00adso Creativo","isPartOf":{"@id":"https:\/\/dev.antudigital.cl\/sites\/vc\/#website"},"primaryImageOfPage":{"@id":"https:\/\/dev.antudigital.cl\/sites\/vc\/temporada-de-teatro-infantil-y-familiar-en-sala-teatro-ipa-de-valparaiso-trae-dos-clasicos-de-la-literatura\/#primaryimage"},"image":{"@id":"https:\/\/dev.antudigital.cl\/sites\/vc\/temporada-de-teatro-infantil-y-familiar-en-sala-teatro-ipa-de-valparaiso-trae-dos-clasicos-de-la-literatura\/#primaryimage"},"thumbnailUrl":"https:\/\/dev.antudigital.cl\/sites\/vc\/wp-content\/uploads\/2023\/01\/PIN8.jpg","datePublished":"2023-01-17T19:31:01+00:00","dateModified":"2023-01-17T19:31:05+00:00","author":{"@id":"https:\/\/dev.antudigital.cl\/sites\/vc\/#\/schema\/person\/c2b9da8dd545e27166fc5ab232837318"},"breadcrumb":{"@id":"https:\/\/dev.antudigital.cl\/sites\/vc\/temporada-de-teatro-infantil-y-familiar-en-sala-teatro-ipa-de-valparaiso-trae-dos-clasicos-de-la-literatura\/#breadcrumb"},"inLanguage":"es","potentialAction":[{"@type":"ReadAction","target":["https:\/\/dev.antudigital.cl\/sites\/vc\/temporada-de-teatro-infantil-y-familiar-en-sala-teatro-ipa-de-valparaiso-trae-dos-clasicos-de-la-literatura\/"]}]},{"@type":"ImageObject","inLanguage":"es","@id":"https:\/\/dev.antudigital.cl\/sites\/vc\/temporada-de-teatro-infantil-y-familiar-en-sala-teatro-ipa-de-valparaiso-trae-dos-clasicos-de-la-literatura\/#primaryimage","url":"https:\/\/dev.antudigital.cl\/sites\/vc\/wp-content\/uploads\/2023\/01\/PIN8.jpg","contentUrl":"https:\/\/dev.antudigital.cl\/sites\/vc\/wp-content\/uploads\/2023\/01\/PIN8.jpg","width":1280,"height":853},{"@type":"BreadcrumbList","@id":"https:\/\/dev.antudigital.cl\/sites\/vc\/temporada-de-teatro-infantil-y-familiar-en-sala-teatro-ipa-de-valparaiso-trae-dos-clasicos-de-la-literatura\/#breadcrumb","itemListElement":[{"@type":"ListItem","position":1,"name":"Home","item":"https:\/\/dev.antudigital.cl\/sites\/vc\/"},{"@type":"ListItem","position":2,"name":"Temporada de teatro infantil y familiar en SALA TEATRO IPA de Valpara\u00edso trae dos cl\u00e1sicos de la literatura"}]},{"@type":"WebSite","@id":"https:\/\/dev.antudigital.cl\/sites\/vc\/#website","url":"https:\/\/dev.antudigital.cl\/sites\/vc\/","name":"Valpara\u00ed\u00adso Creativo","description":"","potentialAction":[{"@type":"SearchAction","target":{"@type":"EntryPoint","urlTemplate":"https:\/\/dev.antudigital.cl\/sites\/vc\/?s={search_term_string}"},"query-input":{"@type":"PropertyValueSpecification","valueRequired":true,"valueName":"search_term_string"}}],"inLanguage":"es"},{"@type":"Person","@id":"https:\/\/dev.antudigital.cl\/sites\/vc\/#\/schema\/person\/c2b9da8dd545e27166fc5ab232837318","name":"Valpara\u00edso Creativo","description":"Periodista de cultura en la Regi\u00f3n de Valpara\u00edso.","url":"https:\/\/dev.antudigital.cl\/sites\/vc\/author\/valpoadmin\/"}]}},"_links":{"self":[{"href":"https:\/\/dev.antudigital.cl\/sites\/vc\/wp-json\/wp\/v2\/posts\/12449","targetHints":{"allow":["GET"]}}],"collection":[{"href":"https:\/\/dev.antudigital.cl\/sites\/vc\/wp-json\/wp\/v2\/posts"}],"about":[{"href":"https:\/\/dev.antudigital.cl\/sites\/vc\/wp-json\/wp\/v2\/types\/post"}],"author":[{"embeddable":true,"href":"https:\/\/dev.antudigital.cl\/sites\/vc\/wp-json\/wp\/v2\/users\/1"}],"replies":[{"embeddable":true,"href":"https:\/\/dev.antudigital.cl\/sites\/vc\/wp-json\/wp\/v2\/comments?post=12449"}],"version-history":[{"count":1,"href":"https:\/\/dev.antudigital.cl\/sites\/vc\/wp-json\/wp\/v2\/posts\/12449\/revisions"}],"predecessor-version":[{"id":12451,"href":"https:\/\/dev.antudigital.cl\/sites\/vc\/wp-json\/wp\/v2\/posts\/12449\/revisions\/12451"}],"wp:featuredmedia":[{"embeddable":true,"href":"https:\/\/dev.antudigital.cl\/sites\/vc\/wp-json\/wp\/v2\/media\/12450"}],"wp:attachment":[{"href":"https:\/\/dev.antudigital.cl\/sites\/vc\/wp-json\/wp\/v2\/media?parent=12449"}],"wp:term":[{"taxonomy":"category","embeddable":true,"href":"https:\/\/dev.antudigital.cl\/sites\/vc\/wp-json\/wp\/v2\/categories?post=12449"},{"taxonomy":"post_tag","embeddable":true,"href":"https:\/\/dev.antudigital.cl\/sites\/vc\/wp-json\/wp\/v2\/tags?post=12449"}],"curies":[{"name":"wp","href":"https:\/\/api.w.org\/{rel}","templated":true}]}}