{"id":12454,"date":"2023-01-17T19:55:25","date_gmt":"2023-01-17T19:55:25","guid":{"rendered":"https:\/\/www.valparaisocreativo.cl\/?p=12454"},"modified":"2023-01-17T19:55:30","modified_gmt":"2023-01-17T19:55:30","slug":"a-ocho-anos-de-la-muerte-de-pedro-lemebel-se-estrena-la-obra-la-ciudad-sin-ti-en-valparaiso","status":"publish","type":"post","link":"https:\/\/dev.antudigital.cl\/sites\/vc\/a-ocho-anos-de-la-muerte-de-pedro-lemebel-se-estrena-la-obra-la-ciudad-sin-ti-en-valparaiso\/","title":{"rendered":"A ocho a\u00f1os de la muerte de Pedro Lemebel se estrena la obra \u00abLa ciudad sin ti\u00bb en Valpara\u00edso"},"content":{"rendered":"\n<p><strong>\u201cLA CIUDAD SIN TI\u201d<\/strong>&nbsp;tiene un significado muy especial en la biograf\u00eda del gran&nbsp;<strong>Pedro Lemebel<\/strong>, quien tuvo la idea de realizar una nueva adaptaci\u00f3n de sus cr\u00f3nicas sin saber que ser\u00eda la \u00faltima de su vida. Para eso llam\u00f3 a una de sus compa\u00f1\u00edas predilectas:&nbsp;<strong>Chilean Business.<\/strong><\/p>\n\n\n\n<p>El montaje regresa este jueves 19 de enero, a las 21.00 horas, en una funci\u00f3n \u00fanica en conmemoraci\u00f3n de los 8 a\u00f1os de la muerte del escritor nacional, present\u00e1ndose por primera vez en Valpara\u00edso, ciudad con la que el escritor ten\u00eda una especial conexi\u00f3n. Imperdible oportunidad para ver este trabajo dirigido por&nbsp;<strong>Claudia P\u00e9rez<\/strong>&nbsp;y&nbsp;<strong>Rodrigo Mu\u00f1oz<\/strong>, el que tuvo un largo proceso de desarrollo.<\/p>\n\n\n\n<p><strong>\u201cLA CIUDAD SIN TI\u201d<\/strong>&nbsp;no fue el \u00fanico trabajo en conjunto entre&nbsp;<strong>Pedro Lemebel&nbsp;<\/strong>y la compa\u00f1\u00eda&nbsp;<strong>Chilean Business.<\/strong>&nbsp;La relaci\u00f3n del escritor con la pareja que integran&nbsp;<strong>Rodrigo Mu\u00f1oz<\/strong>&nbsp;y&nbsp;<strong>Claudia P\u00e9rez<\/strong>&nbsp;comenz\u00f3 en 2002 cuando adaptaron el libro \u201cDe perlas y cicatrices\u201d (1998) a la obra hom\u00f3nima.<\/p>\n\n\n\n<p>Despu\u00e9s de eso realizaron \u201cTengo miedo torero\u201d (2006), en base la publicaci\u00f3n del mismo nombre de 2001. Dos a\u00f1os m\u00e1s tarde estrenaron \u201cCristal tu coraz\u00f3n\u201d, una selecci\u00f3n de cr\u00f3nicas contenidas en sus libros \u00abZanj\u00f3n de la Aguada\u00bb y \u00abAdi\u00f3s Mariquita Linda\u00bb. Finalmente llevaron a escena esta producci\u00f3n que termin\u00f3 siendo p\u00f3stuma.<\/p>\n\n\n\n<p>Los escritos y la actitud de vida de&nbsp;<strong>Pedro Lemebel&nbsp;<\/strong>siempre tuvieron una impronta desafiante y afilada que incomodaban a cualquiera que profesara valores conservadores, y su muerte no fue una excusa para que eso dejara de ocurrir.<\/p>\n\n\n\n<p>Esa mezcla \u00fanica entre cr\u00edtica social, s\u00e1tira, an\u00e1lisis profundo y humor que era parte de sus escritos, es llevada a escena. \u201cPedro hablaba de la realidad chilena, escarbaba en nuestros dolores, met\u00eda el dedo en la llaga, pero con la belleza po\u00e9tica y la pluma certera y libre que ten\u00eda\u201d, cuenta Claudia P\u00e9rez.<\/p>\n\n\n\n<p>\u201cPedro nos llam\u00f3 cuando estaba enfermo para hacer una nueva obra con \u00e9l, pero ni \u00e9l ni nadie pensaba que iba morir\u201d, rememora P\u00e9rez sobre los comienzos de la producci\u00f3n. Su respuesta fue un s\u00ed inmediato.<\/p>\n\n\n\n<p>Posteriormente comenzaron el proceso de selecci\u00f3n de las cr\u00f3nicas que adaptar\u00edan para el libreto hasta que hubo un giro inesperado. \u201cDe repente, \u00e9l empeor\u00f3 de un d\u00eda para otro. Luego la cosa se puso m\u00e1s homenaje, se fue transformando la obra. Pedro trabaj\u00f3 hasta el \u00faltimo d\u00eda de su vida\u201d, relat\u00f3 la directora.<\/p>\n\n\n\n<p>Pedro Lemebel no alcanz\u00f3 a ver en escena \u00abLa ciudad sin ti\u00bb, ya que falleci\u00f3 el 23 de enero de 2015 y la primera funci\u00f3n de la obra fue el 21 de agosto de ese mismo a\u00f1o, pero no es dif\u00edcil imaginarlo a gusto con el trabajo hecho por la compa\u00f1\u00eda Chilean Business con sus cr\u00f3nicas.<\/p>\n\n\n\n<p><strong>LA CIUDAD SIN TI<\/strong><\/p>\n\n\n\n<p><strong>Direcci\u00f3n: Claudia P\u00e9rez y Rodrigo Mu\u00f1oz<\/strong><\/p>\n\n\n\n<p><strong>Elenco: Claudia Vergara, Jos\u00e9 Luis Aguilera, Claudia P\u00e9rez y Rodrigo Mu\u00f1oz<\/strong><\/p>\n\n\n\n<p><strong>Jueves 19 de enero 2023 \u2013 21.00 horas<\/strong><\/p>\n\n\n\n<p><strong>Entradas a la venta en Portaltickets&nbsp;<a href=\"https:\/\/www.portaldisc.com\/evento\/laciudadsintipedrolemebelvalparaiso\" target=\"_blank\" rel=\"noreferrer noopener\">https:\/\/www.portaldisc.com\/evento\/laciudadsintipedrolemebelvalparaiso<\/a><\/strong><\/p>\n\n\n\n<p><strong>Producen: Compa\u00f1\u00eda Chilean Business &nbsp;y Cultura Violeta<\/strong><\/p>\n","protected":false},"excerpt":{"rendered":"<p>\u201cLA CIUDAD SIN TI\u201d&nbsp;tiene un significado muy especial en la biograf\u00eda del gran&nbsp;Pedro Lemebel, quien tuvo la idea de realizar una nueva adaptaci\u00f3n de sus cr\u00f3nicas sin saber que ser\u00eda la \u00faltima de su vida. Para eso llam\u00f3 a una de sus compa\u00f1\u00edas predilectas:&nbsp;Chilean Business. El montaje regresa este jueves 19 de enero, a las [&hellip;]<\/p>\n","protected":false},"author":1,"featured_media":12455,"comment_status":"open","ping_status":"closed","sticky":false,"template":"","format":"standard","meta":{"_acf_changed":false,"footnotes":""},"categories":[8],"tags":[],"class_list":["post-12454","post","type-post","status-publish","format-standard","has-post-thumbnail","hentry","category-noticia"],"acf":[],"yoast_head":"<!-- This site is optimized with the Yoast SEO plugin v27.1.1 - https:\/\/yoast.com\/product\/yoast-seo-wordpress\/ -->\n<title>A ocho a\u00f1os de la muerte de Pedro Lemebel se estrena la obra &quot;La ciudad sin ti&quot; en Valpara\u00edso - Valpara\u00ed\u00adso Creativo<\/title>\n<meta name=\"robots\" content=\"index, follow, max-snippet:-1, max-image-preview:large, max-video-preview:-1\" \/>\n<link rel=\"canonical\" href=\"https:\/\/dev.antudigital.cl\/sites\/vc\/a-ocho-anos-de-la-muerte-de-pedro-lemebel-se-estrena-la-obra-la-ciudad-sin-ti-en-valparaiso\/\" \/>\n<meta property=\"og:locale\" content=\"es_ES\" \/>\n<meta property=\"og:type\" content=\"article\" \/>\n<meta property=\"og:title\" content=\"A ocho a\u00f1os de la muerte de Pedro Lemebel se estrena la obra &quot;La ciudad sin ti&quot; en Valpara\u00edso - Valpara\u00ed\u00adso Creativo\" \/>\n<meta property=\"og:description\" content=\"\u201cLA CIUDAD SIN TI\u201d&nbsp;tiene un significado muy especial en la biograf\u00eda del gran&nbsp;Pedro Lemebel, quien tuvo la idea de realizar una nueva adaptaci\u00f3n de sus cr\u00f3nicas sin saber que ser\u00eda la \u00faltima de su vida. Para eso llam\u00f3 a una de sus compa\u00f1\u00edas predilectas:&nbsp;Chilean Business. El montaje regresa este jueves 19 de enero, a las [&hellip;]\" \/>\n<meta property=\"og:url\" content=\"https:\/\/dev.antudigital.cl\/sites\/vc\/a-ocho-anos-de-la-muerte-de-pedro-lemebel-se-estrena-la-obra-la-ciudad-sin-ti-en-valparaiso\/\" \/>\n<meta property=\"og:site_name\" content=\"Valpara\u00ed\u00adso Creativo\" \/>\n<meta property=\"article:published_time\" content=\"2023-01-17T19:55:25+00:00\" \/>\n<meta property=\"article:modified_time\" content=\"2023-01-17T19:55:30+00:00\" \/>\n<meta property=\"og:image\" content=\"https:\/\/dev.antudigital.cl\/sites\/vc\/wp-content\/uploads\/2023\/01\/unnamed.jpg\" \/>\n\t<meta property=\"og:image:width\" content=\"1200\" \/>\n\t<meta property=\"og:image:height\" content=\"800\" \/>\n\t<meta property=\"og:image:type\" content=\"image\/jpeg\" \/>\n<meta name=\"author\" content=\"Valpara\u00edso Creativo\" \/>\n<meta name=\"twitter:card\" content=\"summary_large_image\" \/>\n<meta name=\"twitter:label1\" content=\"Escrito por\" \/>\n\t<meta name=\"twitter:data1\" content=\"Valpara\u00edso Creativo\" \/>\n\t<meta name=\"twitter:label2\" content=\"Tiempo de lectura\" \/>\n\t<meta name=\"twitter:data2\" content=\"3 minutos\" \/>\n<script type=\"application\/ld+json\" class=\"yoast-schema-graph\">{\"@context\":\"https:\/\/schema.org\",\"@graph\":[{\"@type\":\"Article\",\"@id\":\"https:\/\/dev.antudigital.cl\/sites\/vc\/a-ocho-anos-de-la-muerte-de-pedro-lemebel-se-estrena-la-obra-la-ciudad-sin-ti-en-valparaiso\/#article\",\"isPartOf\":{\"@id\":\"https:\/\/dev.antudigital.cl\/sites\/vc\/a-ocho-anos-de-la-muerte-de-pedro-lemebel-se-estrena-la-obra-la-ciudad-sin-ti-en-valparaiso\/\"},\"author\":{\"name\":\"Valpara\u00edso Creativo\",\"@id\":\"https:\/\/dev.antudigital.cl\/sites\/vc\/#\/schema\/person\/c2b9da8dd545e27166fc5ab232837318\"},\"headline\":\"A ocho a\u00f1os de la muerte de Pedro Lemebel se estrena la obra \u00abLa ciudad sin ti\u00bb en Valpara\u00edso\",\"datePublished\":\"2023-01-17T19:55:25+00:00\",\"dateModified\":\"2023-01-17T19:55:30+00:00\",\"mainEntityOfPage\":{\"@id\":\"https:\/\/dev.antudigital.cl\/sites\/vc\/a-ocho-anos-de-la-muerte-de-pedro-lemebel-se-estrena-la-obra-la-ciudad-sin-ti-en-valparaiso\/\"},\"wordCount\":579,\"commentCount\":0,\"image\":{\"@id\":\"https:\/\/dev.antudigital.cl\/sites\/vc\/a-ocho-anos-de-la-muerte-de-pedro-lemebel-se-estrena-la-obra-la-ciudad-sin-ti-en-valparaiso\/#primaryimage\"},\"thumbnailUrl\":\"https:\/\/dev.antudigital.cl\/sites\/vc\/wp-content\/uploads\/2023\/01\/unnamed.jpg\",\"articleSection\":[\"Noticia\"],\"inLanguage\":\"es\",\"potentialAction\":[{\"@type\":\"CommentAction\",\"name\":\"Comment\",\"target\":[\"https:\/\/dev.antudigital.cl\/sites\/vc\/a-ocho-anos-de-la-muerte-de-pedro-lemebel-se-estrena-la-obra-la-ciudad-sin-ti-en-valparaiso\/#respond\"]}]},{\"@type\":\"WebPage\",\"@id\":\"https:\/\/dev.antudigital.cl\/sites\/vc\/a-ocho-anos-de-la-muerte-de-pedro-lemebel-se-estrena-la-obra-la-ciudad-sin-ti-en-valparaiso\/\",\"url\":\"https:\/\/dev.antudigital.cl\/sites\/vc\/a-ocho-anos-de-la-muerte-de-pedro-lemebel-se-estrena-la-obra-la-ciudad-sin-ti-en-valparaiso\/\",\"name\":\"A ocho a\u00f1os de la muerte de Pedro Lemebel se estrena la obra \\\"La ciudad sin ti\\\" en Valpara\u00edso - Valpara\u00ed\u00adso Creativo\",\"isPartOf\":{\"@id\":\"https:\/\/dev.antudigital.cl\/sites\/vc\/#website\"},\"primaryImageOfPage\":{\"@id\":\"https:\/\/dev.antudigital.cl\/sites\/vc\/a-ocho-anos-de-la-muerte-de-pedro-lemebel-se-estrena-la-obra-la-ciudad-sin-ti-en-valparaiso\/#primaryimage\"},\"image\":{\"@id\":\"https:\/\/dev.antudigital.cl\/sites\/vc\/a-ocho-anos-de-la-muerte-de-pedro-lemebel-se-estrena-la-obra-la-ciudad-sin-ti-en-valparaiso\/#primaryimage\"},\"thumbnailUrl\":\"https:\/\/dev.antudigital.cl\/sites\/vc\/wp-content\/uploads\/2023\/01\/unnamed.jpg\",\"datePublished\":\"2023-01-17T19:55:25+00:00\",\"dateModified\":\"2023-01-17T19:55:30+00:00\",\"author\":{\"@id\":\"https:\/\/dev.antudigital.cl\/sites\/vc\/#\/schema\/person\/c2b9da8dd545e27166fc5ab232837318\"},\"breadcrumb\":{\"@id\":\"https:\/\/dev.antudigital.cl\/sites\/vc\/a-ocho-anos-de-la-muerte-de-pedro-lemebel-se-estrena-la-obra-la-ciudad-sin-ti-en-valparaiso\/#breadcrumb\"},\"inLanguage\":\"es\",\"potentialAction\":[{\"@type\":\"ReadAction\",\"target\":[\"https:\/\/dev.antudigital.cl\/sites\/vc\/a-ocho-anos-de-la-muerte-de-pedro-lemebel-se-estrena-la-obra-la-ciudad-sin-ti-en-valparaiso\/\"]}]},{\"@type\":\"ImageObject\",\"inLanguage\":\"es\",\"@id\":\"https:\/\/dev.antudigital.cl\/sites\/vc\/a-ocho-anos-de-la-muerte-de-pedro-lemebel-se-estrena-la-obra-la-ciudad-sin-ti-en-valparaiso\/#primaryimage\",\"url\":\"https:\/\/dev.antudigital.cl\/sites\/vc\/wp-content\/uploads\/2023\/01\/unnamed.jpg\",\"contentUrl\":\"https:\/\/dev.antudigital.cl\/sites\/vc\/wp-content\/uploads\/2023\/01\/unnamed.jpg\",\"width\":1200,\"height\":800},{\"@type\":\"BreadcrumbList\",\"@id\":\"https:\/\/dev.antudigital.cl\/sites\/vc\/a-ocho-anos-de-la-muerte-de-pedro-lemebel-se-estrena-la-obra-la-ciudad-sin-ti-en-valparaiso\/#breadcrumb\",\"itemListElement\":[{\"@type\":\"ListItem\",\"position\":1,\"name\":\"Home\",\"item\":\"https:\/\/dev.antudigital.cl\/sites\/vc\/\"},{\"@type\":\"ListItem\",\"position\":2,\"name\":\"A ocho a\u00f1os de la muerte de Pedro Lemebel se estrena la obra \u00abLa ciudad sin ti\u00bb en Valpara\u00edso\"}]},{\"@type\":\"WebSite\",\"@id\":\"https:\/\/dev.antudigital.cl\/sites\/vc\/#website\",\"url\":\"https:\/\/dev.antudigital.cl\/sites\/vc\/\",\"name\":\"Valpara\u00ed\u00adso Creativo\",\"description\":\"\",\"potentialAction\":[{\"@type\":\"SearchAction\",\"target\":{\"@type\":\"EntryPoint\",\"urlTemplate\":\"https:\/\/dev.antudigital.cl\/sites\/vc\/?s={search_term_string}\"},\"query-input\":{\"@type\":\"PropertyValueSpecification\",\"valueRequired\":true,\"valueName\":\"search_term_string\"}}],\"inLanguage\":\"es\"},{\"@type\":\"Person\",\"@id\":\"https:\/\/dev.antudigital.cl\/sites\/vc\/#\/schema\/person\/c2b9da8dd545e27166fc5ab232837318\",\"name\":\"Valpara\u00edso Creativo\",\"description\":\"Periodista de cultura en la Regi\u00f3n de Valpara\u00edso.\",\"url\":\"https:\/\/dev.antudigital.cl\/sites\/vc\/author\/valpoadmin\/\"}]}<\/script>\n<!-- \/ Yoast SEO plugin. -->","yoast_head_json":{"title":"A ocho a\u00f1os de la muerte de Pedro Lemebel se estrena la obra \"La ciudad sin ti\" en Valpara\u00edso - Valpara\u00ed\u00adso Creativo","robots":{"index":"index","follow":"follow","max-snippet":"max-snippet:-1","max-image-preview":"max-image-preview:large","max-video-preview":"max-video-preview:-1"},"canonical":"https:\/\/dev.antudigital.cl\/sites\/vc\/a-ocho-anos-de-la-muerte-de-pedro-lemebel-se-estrena-la-obra-la-ciudad-sin-ti-en-valparaiso\/","og_locale":"es_ES","og_type":"article","og_title":"A ocho a\u00f1os de la muerte de Pedro Lemebel se estrena la obra \"La ciudad sin ti\" en Valpara\u00edso - Valpara\u00ed\u00adso Creativo","og_description":"\u201cLA CIUDAD SIN TI\u201d&nbsp;tiene un significado muy especial en la biograf\u00eda del gran&nbsp;Pedro Lemebel, quien tuvo la idea de realizar una nueva adaptaci\u00f3n de sus cr\u00f3nicas sin saber que ser\u00eda la \u00faltima de su vida. Para eso llam\u00f3 a una de sus compa\u00f1\u00edas predilectas:&nbsp;Chilean Business. El montaje regresa este jueves 19 de enero, a las [&hellip;]","og_url":"https:\/\/dev.antudigital.cl\/sites\/vc\/a-ocho-anos-de-la-muerte-de-pedro-lemebel-se-estrena-la-obra-la-ciudad-sin-ti-en-valparaiso\/","og_site_name":"Valpara\u00ed\u00adso Creativo","article_published_time":"2023-01-17T19:55:25+00:00","article_modified_time":"2023-01-17T19:55:30+00:00","og_image":[{"width":1200,"height":800,"url":"https:\/\/dev.antudigital.cl\/sites\/vc\/wp-content\/uploads\/2023\/01\/unnamed.jpg","type":"image\/jpeg"}],"author":"Valpara\u00edso Creativo","twitter_card":"summary_large_image","twitter_misc":{"Escrito por":"Valpara\u00edso Creativo","Tiempo de lectura":"3 minutos"},"schema":{"@context":"https:\/\/schema.org","@graph":[{"@type":"Article","@id":"https:\/\/dev.antudigital.cl\/sites\/vc\/a-ocho-anos-de-la-muerte-de-pedro-lemebel-se-estrena-la-obra-la-ciudad-sin-ti-en-valparaiso\/#article","isPartOf":{"@id":"https:\/\/dev.antudigital.cl\/sites\/vc\/a-ocho-anos-de-la-muerte-de-pedro-lemebel-se-estrena-la-obra-la-ciudad-sin-ti-en-valparaiso\/"},"author":{"name":"Valpara\u00edso Creativo","@id":"https:\/\/dev.antudigital.cl\/sites\/vc\/#\/schema\/person\/c2b9da8dd545e27166fc5ab232837318"},"headline":"A ocho a\u00f1os de la muerte de Pedro Lemebel se estrena la obra \u00abLa ciudad sin ti\u00bb en Valpara\u00edso","datePublished":"2023-01-17T19:55:25+00:00","dateModified":"2023-01-17T19:55:30+00:00","mainEntityOfPage":{"@id":"https:\/\/dev.antudigital.cl\/sites\/vc\/a-ocho-anos-de-la-muerte-de-pedro-lemebel-se-estrena-la-obra-la-ciudad-sin-ti-en-valparaiso\/"},"wordCount":579,"commentCount":0,"image":{"@id":"https:\/\/dev.antudigital.cl\/sites\/vc\/a-ocho-anos-de-la-muerte-de-pedro-lemebel-se-estrena-la-obra-la-ciudad-sin-ti-en-valparaiso\/#primaryimage"},"thumbnailUrl":"https:\/\/dev.antudigital.cl\/sites\/vc\/wp-content\/uploads\/2023\/01\/unnamed.jpg","articleSection":["Noticia"],"inLanguage":"es","potentialAction":[{"@type":"CommentAction","name":"Comment","target":["https:\/\/dev.antudigital.cl\/sites\/vc\/a-ocho-anos-de-la-muerte-de-pedro-lemebel-se-estrena-la-obra-la-ciudad-sin-ti-en-valparaiso\/#respond"]}]},{"@type":"WebPage","@id":"https:\/\/dev.antudigital.cl\/sites\/vc\/a-ocho-anos-de-la-muerte-de-pedro-lemebel-se-estrena-la-obra-la-ciudad-sin-ti-en-valparaiso\/","url":"https:\/\/dev.antudigital.cl\/sites\/vc\/a-ocho-anos-de-la-muerte-de-pedro-lemebel-se-estrena-la-obra-la-ciudad-sin-ti-en-valparaiso\/","name":"A ocho a\u00f1os de la muerte de Pedro Lemebel se estrena la obra \"La ciudad sin ti\" en Valpara\u00edso - Valpara\u00ed\u00adso Creativo","isPartOf":{"@id":"https:\/\/dev.antudigital.cl\/sites\/vc\/#website"},"primaryImageOfPage":{"@id":"https:\/\/dev.antudigital.cl\/sites\/vc\/a-ocho-anos-de-la-muerte-de-pedro-lemebel-se-estrena-la-obra-la-ciudad-sin-ti-en-valparaiso\/#primaryimage"},"image":{"@id":"https:\/\/dev.antudigital.cl\/sites\/vc\/a-ocho-anos-de-la-muerte-de-pedro-lemebel-se-estrena-la-obra-la-ciudad-sin-ti-en-valparaiso\/#primaryimage"},"thumbnailUrl":"https:\/\/dev.antudigital.cl\/sites\/vc\/wp-content\/uploads\/2023\/01\/unnamed.jpg","datePublished":"2023-01-17T19:55:25+00:00","dateModified":"2023-01-17T19:55:30+00:00","author":{"@id":"https:\/\/dev.antudigital.cl\/sites\/vc\/#\/schema\/person\/c2b9da8dd545e27166fc5ab232837318"},"breadcrumb":{"@id":"https:\/\/dev.antudigital.cl\/sites\/vc\/a-ocho-anos-de-la-muerte-de-pedro-lemebel-se-estrena-la-obra-la-ciudad-sin-ti-en-valparaiso\/#breadcrumb"},"inLanguage":"es","potentialAction":[{"@type":"ReadAction","target":["https:\/\/dev.antudigital.cl\/sites\/vc\/a-ocho-anos-de-la-muerte-de-pedro-lemebel-se-estrena-la-obra-la-ciudad-sin-ti-en-valparaiso\/"]}]},{"@type":"ImageObject","inLanguage":"es","@id":"https:\/\/dev.antudigital.cl\/sites\/vc\/a-ocho-anos-de-la-muerte-de-pedro-lemebel-se-estrena-la-obra-la-ciudad-sin-ti-en-valparaiso\/#primaryimage","url":"https:\/\/dev.antudigital.cl\/sites\/vc\/wp-content\/uploads\/2023\/01\/unnamed.jpg","contentUrl":"https:\/\/dev.antudigital.cl\/sites\/vc\/wp-content\/uploads\/2023\/01\/unnamed.jpg","width":1200,"height":800},{"@type":"BreadcrumbList","@id":"https:\/\/dev.antudigital.cl\/sites\/vc\/a-ocho-anos-de-la-muerte-de-pedro-lemebel-se-estrena-la-obra-la-ciudad-sin-ti-en-valparaiso\/#breadcrumb","itemListElement":[{"@type":"ListItem","position":1,"name":"Home","item":"https:\/\/dev.antudigital.cl\/sites\/vc\/"},{"@type":"ListItem","position":2,"name":"A ocho a\u00f1os de la muerte de Pedro Lemebel se estrena la obra \u00abLa ciudad sin ti\u00bb en Valpara\u00edso"}]},{"@type":"WebSite","@id":"https:\/\/dev.antudigital.cl\/sites\/vc\/#website","url":"https:\/\/dev.antudigital.cl\/sites\/vc\/","name":"Valpara\u00ed\u00adso Creativo","description":"","potentialAction":[{"@type":"SearchAction","target":{"@type":"EntryPoint","urlTemplate":"https:\/\/dev.antudigital.cl\/sites\/vc\/?s={search_term_string}"},"query-input":{"@type":"PropertyValueSpecification","valueRequired":true,"valueName":"search_term_string"}}],"inLanguage":"es"},{"@type":"Person","@id":"https:\/\/dev.antudigital.cl\/sites\/vc\/#\/schema\/person\/c2b9da8dd545e27166fc5ab232837318","name":"Valpara\u00edso Creativo","description":"Periodista de cultura en la Regi\u00f3n de Valpara\u00edso.","url":"https:\/\/dev.antudigital.cl\/sites\/vc\/author\/valpoadmin\/"}]}},"_links":{"self":[{"href":"https:\/\/dev.antudigital.cl\/sites\/vc\/wp-json\/wp\/v2\/posts\/12454","targetHints":{"allow":["GET"]}}],"collection":[{"href":"https:\/\/dev.antudigital.cl\/sites\/vc\/wp-json\/wp\/v2\/posts"}],"about":[{"href":"https:\/\/dev.antudigital.cl\/sites\/vc\/wp-json\/wp\/v2\/types\/post"}],"author":[{"embeddable":true,"href":"https:\/\/dev.antudigital.cl\/sites\/vc\/wp-json\/wp\/v2\/users\/1"}],"replies":[{"embeddable":true,"href":"https:\/\/dev.antudigital.cl\/sites\/vc\/wp-json\/wp\/v2\/comments?post=12454"}],"version-history":[{"count":1,"href":"https:\/\/dev.antudigital.cl\/sites\/vc\/wp-json\/wp\/v2\/posts\/12454\/revisions"}],"predecessor-version":[{"id":12456,"href":"https:\/\/dev.antudigital.cl\/sites\/vc\/wp-json\/wp\/v2\/posts\/12454\/revisions\/12456"}],"wp:featuredmedia":[{"embeddable":true,"href":"https:\/\/dev.antudigital.cl\/sites\/vc\/wp-json\/wp\/v2\/media\/12455"}],"wp:attachment":[{"href":"https:\/\/dev.antudigital.cl\/sites\/vc\/wp-json\/wp\/v2\/media?parent=12454"}],"wp:term":[{"taxonomy":"category","embeddable":true,"href":"https:\/\/dev.antudigital.cl\/sites\/vc\/wp-json\/wp\/v2\/categories?post=12454"},{"taxonomy":"post_tag","embeddable":true,"href":"https:\/\/dev.antudigital.cl\/sites\/vc\/wp-json\/wp\/v2\/tags?post=12454"}],"curies":[{"name":"wp","href":"https:\/\/api.w.org\/{rel}","templated":true}]}}