{"id":12457,"date":"2023-01-17T19:57:47","date_gmt":"2023-01-17T19:57:47","guid":{"rendered":"https:\/\/www.valparaisocreativo.cl\/?p=12457"},"modified":"2023-01-17T19:58:00","modified_gmt":"2023-01-17T19:58:00","slug":"museo-artequin-vina-publico-su-primera-guia-inclusiva-recorriendo-el-museo-en-pictogramas","status":"publish","type":"post","link":"https:\/\/dev.antudigital.cl\/sites\/vc\/museo-artequin-vina-publico-su-primera-guia-inclusiva-recorriendo-el-museo-en-pictogramas\/","title":{"rendered":"<strong>Museo Artequin Vi\u00f1a public\u00f3 su primera gu\u00eda inclusiva: \u201cRecorriendo el museo en pictogramas\u201d<\/strong>"},"content":{"rendered":"\n<p><strong>El libro autoguiado, est\u00e1 dise\u00f1ado con lenguaje accesible e invita a recorrer el museo revisando diferentes tem\u00e1ticas del arte.<\/strong><\/p>\n\n\n\n<p>El Museo Artequin Vi\u00f1a public\u00f3 la gu\u00eda \u201cRecorriendo el museo en pictogramas\u201d. El material est\u00e1 pensado en facilitar el recorrido por las salas a trav\u00e9s de im\u00e1genes gr\u00e1ficas con conceptos simples, siendo su uso accesible a personas con autismo, por ejemplo.<\/p>\n\n\n\n<p>La gu\u00eda est\u00e1 basada en el diccionario de im\u00e1genes Arasaac; es decir, el Sistema Aumentativo y Alternativo de Comunicaci\u00f3n. Este es un sistema de comunicaci\u00f3n que utiliza diversos pictogramas, y est\u00e1 destinado a aquellas personas que sufren un grado de deficiencia en este aspecto; tales casos pueden ser por desconocimiento del idioma, traumatismo, degeneraci\u00f3n cognitiva, entre otros factores.<\/p>\n\n\n\n<p>Gracias al libro, el p\u00fablico podr\u00e1 realizar un autorrecorrido por diez obras a lo largo del museo; interactuando con la observaci\u00f3n, formas, im\u00e1genes, esencias, etc. Adem\u00e1s, en el recorrido se identificar\u00e1n autorretratos, paisajes, abstracciones, acciones cotidianas, identidad y derechos.<\/p>\n\n\n\n<p>El libro es de uso liberado y gratuito, el que se debe pedir en recepci\u00f3n antes de comenzar el recorrido. Esta gu\u00eda se integra a las diversas piezas en el proyecto de inclusi\u00f3n del museo, buscando acercar el arte a toda la gente, entregando las herramientas necesarias para que ninguna persona se sienta excluida al momento de querer sentir y vivir el arte. Actualmente, el museo tiene a su disposici\u00f3n reproducciones t\u00e1ctiles de obras de arte, interpretaci\u00f3n por lengua de se\u00f1as (LSCh) , est\u00edmulos sonoros, recorridos podot\u00e1ctiles, rampa y acceso universal a todas las \u00e1reas del recinto, entre otros recursos.<\/p>\n\n\n\n<figure class=\"wp-block-image size-large\"><img fetchpriority=\"high\" decoding=\"async\" width=\"1024\" height=\"1024\" src=\"https:\/\/www.valparaisocreativo.cl\/wp-content\/uploads\/2023\/01\/pictogramas_rrss_Mesa-de-trabajo-1-1024x1024.jpg\" alt=\"\" class=\"wp-image-12459\" srcset=\"https:\/\/dev.antudigital.cl\/sites\/vc\/wp-content\/uploads\/2023\/01\/pictogramas_rrss_Mesa-de-trabajo-1-1024x1024.jpg 1024w, https:\/\/dev.antudigital.cl\/sites\/vc\/wp-content\/uploads\/2023\/01\/pictogramas_rrss_Mesa-de-trabajo-1-300x300.jpg 300w, https:\/\/dev.antudigital.cl\/sites\/vc\/wp-content\/uploads\/2023\/01\/pictogramas_rrss_Mesa-de-trabajo-1-150x150.jpg 150w, https:\/\/dev.antudigital.cl\/sites\/vc\/wp-content\/uploads\/2023\/01\/pictogramas_rrss_Mesa-de-trabajo-1-768x768.jpg 768w, https:\/\/dev.antudigital.cl\/sites\/vc\/wp-content\/uploads\/2023\/01\/pictogramas_rrss_Mesa-de-trabajo-1-1536x1536.jpg 1536w, https:\/\/dev.antudigital.cl\/sites\/vc\/wp-content\/uploads\/2023\/01\/pictogramas_rrss_Mesa-de-trabajo-1-2048x2048.jpg 2048w, https:\/\/dev.antudigital.cl\/sites\/vc\/wp-content\/uploads\/2023\/01\/pictogramas_rrss_Mesa-de-trabajo-1-1080x1080.jpg 1080w, https:\/\/dev.antudigital.cl\/sites\/vc\/wp-content\/uploads\/2023\/01\/pictogramas_rrss_Mesa-de-trabajo-1-1280x1280.jpg 1280w, https:\/\/dev.antudigital.cl\/sites\/vc\/wp-content\/uploads\/2023\/01\/pictogramas_rrss_Mesa-de-trabajo-1-980x980.jpg 980w, https:\/\/dev.antudigital.cl\/sites\/vc\/wp-content\/uploads\/2023\/01\/pictogramas_rrss_Mesa-de-trabajo-1-480x480.jpg 480w\" sizes=\"(max-width: 1024px) 100vw, 1024px\" \/><\/figure>\n","protected":false},"excerpt":{"rendered":"<p>El libro autoguiado, est\u00e1 dise\u00f1ado con lenguaje accesible e invita a recorrer el museo revisando diferentes tem\u00e1ticas del arte. El Museo Artequin Vi\u00f1a public\u00f3 la gu\u00eda \u201cRecorriendo el museo en pictogramas\u201d. El material est\u00e1 pensado en facilitar el recorrido por las salas a trav\u00e9s de im\u00e1genes gr\u00e1ficas con conceptos simples, siendo su uso accesible a [&hellip;]<\/p>\n","protected":false},"author":1,"featured_media":12458,"comment_status":"open","ping_status":"closed","sticky":false,"template":"","format":"standard","meta":{"_acf_changed":false,"footnotes":""},"categories":[8],"tags":[],"class_list":["post-12457","post","type-post","status-publish","format-standard","has-post-thumbnail","hentry","category-noticia"],"acf":[],"yoast_head":"<!-- This site is optimized with the Yoast SEO plugin v27.1.1 - https:\/\/yoast.com\/product\/yoast-seo-wordpress\/ -->\n<title>Museo Artequin Vi\u00f1a public\u00f3 su primera gu\u00eda inclusiva: \u201cRecorriendo el museo en pictogramas\u201d - Valpara\u00ed\u00adso Creativo<\/title>\n<meta name=\"robots\" content=\"index, follow, max-snippet:-1, max-image-preview:large, max-video-preview:-1\" \/>\n<link rel=\"canonical\" href=\"https:\/\/dev.antudigital.cl\/sites\/vc\/museo-artequin-vina-publico-su-primera-guia-inclusiva-recorriendo-el-museo-en-pictogramas\/\" \/>\n<meta property=\"og:locale\" content=\"es_ES\" \/>\n<meta property=\"og:type\" content=\"article\" \/>\n<meta property=\"og:title\" content=\"Museo Artequin Vi\u00f1a public\u00f3 su primera gu\u00eda inclusiva: \u201cRecorriendo el museo en pictogramas\u201d - Valpara\u00ed\u00adso Creativo\" \/>\n<meta property=\"og:description\" content=\"El libro autoguiado, est\u00e1 dise\u00f1ado con lenguaje accesible e invita a recorrer el museo revisando diferentes tem\u00e1ticas del arte. El Museo Artequin Vi\u00f1a public\u00f3 la gu\u00eda \u201cRecorriendo el museo en pictogramas\u201d. El material est\u00e1 pensado en facilitar el recorrido por las salas a trav\u00e9s de im\u00e1genes gr\u00e1ficas con conceptos simples, siendo su uso accesible a [&hellip;]\" \/>\n<meta property=\"og:url\" content=\"https:\/\/dev.antudigital.cl\/sites\/vc\/museo-artequin-vina-publico-su-primera-guia-inclusiva-recorriendo-el-museo-en-pictogramas\/\" \/>\n<meta property=\"og:site_name\" content=\"Valpara\u00ed\u00adso Creativo\" \/>\n<meta property=\"article:published_time\" content=\"2023-01-17T19:57:47+00:00\" \/>\n<meta property=\"article:modified_time\" content=\"2023-01-17T19:58:00+00:00\" \/>\n<meta property=\"og:image\" content=\"https:\/\/dev.antudigital.cl\/sites\/vc\/wp-content\/uploads\/2023\/01\/foto-pictograma-02ret.jpg\" \/>\n\t<meta property=\"og:image:width\" content=\"1040\" \/>\n\t<meta property=\"og:image:height\" content=\"780\" \/>\n\t<meta property=\"og:image:type\" content=\"image\/jpeg\" \/>\n<meta name=\"author\" content=\"Valpara\u00edso Creativo\" \/>\n<meta name=\"twitter:card\" content=\"summary_large_image\" \/>\n<meta name=\"twitter:label1\" content=\"Escrito por\" \/>\n\t<meta name=\"twitter:data1\" content=\"Valpara\u00edso Creativo\" \/>\n\t<meta name=\"twitter:label2\" content=\"Tiempo de lectura\" \/>\n\t<meta name=\"twitter:data2\" content=\"2 minutos\" \/>\n<script type=\"application\/ld+json\" class=\"yoast-schema-graph\">{\"@context\":\"https:\/\/schema.org\",\"@graph\":[{\"@type\":\"Article\",\"@id\":\"https:\/\/dev.antudigital.cl\/sites\/vc\/museo-artequin-vina-publico-su-primera-guia-inclusiva-recorriendo-el-museo-en-pictogramas\/#article\",\"isPartOf\":{\"@id\":\"https:\/\/dev.antudigital.cl\/sites\/vc\/museo-artequin-vina-publico-su-primera-guia-inclusiva-recorriendo-el-museo-en-pictogramas\/\"},\"author\":{\"name\":\"Valpara\u00edso Creativo\",\"@id\":\"https:\/\/dev.antudigital.cl\/sites\/vc\/#\/schema\/person\/c2b9da8dd545e27166fc5ab232837318\"},\"headline\":\"Museo Artequin Vi\u00f1a public\u00f3 su primera gu\u00eda inclusiva: \u201cRecorriendo el museo en pictogramas\u201d\",\"datePublished\":\"2023-01-17T19:57:47+00:00\",\"dateModified\":\"2023-01-17T19:58:00+00:00\",\"mainEntityOfPage\":{\"@id\":\"https:\/\/dev.antudigital.cl\/sites\/vc\/museo-artequin-vina-publico-su-primera-guia-inclusiva-recorriendo-el-museo-en-pictogramas\/\"},\"wordCount\":297,\"commentCount\":0,\"image\":{\"@id\":\"https:\/\/dev.antudigital.cl\/sites\/vc\/museo-artequin-vina-publico-su-primera-guia-inclusiva-recorriendo-el-museo-en-pictogramas\/#primaryimage\"},\"thumbnailUrl\":\"https:\/\/dev.antudigital.cl\/sites\/vc\/wp-content\/uploads\/2023\/01\/foto-pictograma-02ret.jpg\",\"articleSection\":[\"Noticia\"],\"inLanguage\":\"es\",\"potentialAction\":[{\"@type\":\"CommentAction\",\"name\":\"Comment\",\"target\":[\"https:\/\/dev.antudigital.cl\/sites\/vc\/museo-artequin-vina-publico-su-primera-guia-inclusiva-recorriendo-el-museo-en-pictogramas\/#respond\"]}]},{\"@type\":\"WebPage\",\"@id\":\"https:\/\/dev.antudigital.cl\/sites\/vc\/museo-artequin-vina-publico-su-primera-guia-inclusiva-recorriendo-el-museo-en-pictogramas\/\",\"url\":\"https:\/\/dev.antudigital.cl\/sites\/vc\/museo-artequin-vina-publico-su-primera-guia-inclusiva-recorriendo-el-museo-en-pictogramas\/\",\"name\":\"Museo Artequin Vi\u00f1a public\u00f3 su primera gu\u00eda inclusiva: \u201cRecorriendo el museo en pictogramas\u201d - Valpara\u00ed\u00adso Creativo\",\"isPartOf\":{\"@id\":\"https:\/\/dev.antudigital.cl\/sites\/vc\/#website\"},\"primaryImageOfPage\":{\"@id\":\"https:\/\/dev.antudigital.cl\/sites\/vc\/museo-artequin-vina-publico-su-primera-guia-inclusiva-recorriendo-el-museo-en-pictogramas\/#primaryimage\"},\"image\":{\"@id\":\"https:\/\/dev.antudigital.cl\/sites\/vc\/museo-artequin-vina-publico-su-primera-guia-inclusiva-recorriendo-el-museo-en-pictogramas\/#primaryimage\"},\"thumbnailUrl\":\"https:\/\/dev.antudigital.cl\/sites\/vc\/wp-content\/uploads\/2023\/01\/foto-pictograma-02ret.jpg\",\"datePublished\":\"2023-01-17T19:57:47+00:00\",\"dateModified\":\"2023-01-17T19:58:00+00:00\",\"author\":{\"@id\":\"https:\/\/dev.antudigital.cl\/sites\/vc\/#\/schema\/person\/c2b9da8dd545e27166fc5ab232837318\"},\"breadcrumb\":{\"@id\":\"https:\/\/dev.antudigital.cl\/sites\/vc\/museo-artequin-vina-publico-su-primera-guia-inclusiva-recorriendo-el-museo-en-pictogramas\/#breadcrumb\"},\"inLanguage\":\"es\",\"potentialAction\":[{\"@type\":\"ReadAction\",\"target\":[\"https:\/\/dev.antudigital.cl\/sites\/vc\/museo-artequin-vina-publico-su-primera-guia-inclusiva-recorriendo-el-museo-en-pictogramas\/\"]}]},{\"@type\":\"ImageObject\",\"inLanguage\":\"es\",\"@id\":\"https:\/\/dev.antudigital.cl\/sites\/vc\/museo-artequin-vina-publico-su-primera-guia-inclusiva-recorriendo-el-museo-en-pictogramas\/#primaryimage\",\"url\":\"https:\/\/dev.antudigital.cl\/sites\/vc\/wp-content\/uploads\/2023\/01\/foto-pictograma-02ret.jpg\",\"contentUrl\":\"https:\/\/dev.antudigital.cl\/sites\/vc\/wp-content\/uploads\/2023\/01\/foto-pictograma-02ret.jpg\",\"width\":1040,\"height\":780},{\"@type\":\"BreadcrumbList\",\"@id\":\"https:\/\/dev.antudigital.cl\/sites\/vc\/museo-artequin-vina-publico-su-primera-guia-inclusiva-recorriendo-el-museo-en-pictogramas\/#breadcrumb\",\"itemListElement\":[{\"@type\":\"ListItem\",\"position\":1,\"name\":\"Home\",\"item\":\"https:\/\/dev.antudigital.cl\/sites\/vc\/\"},{\"@type\":\"ListItem\",\"position\":2,\"name\":\"Museo Artequin Vi\u00f1a public\u00f3 su primera gu\u00eda inclusiva: \u201cRecorriendo el museo en pictogramas\u201d\"}]},{\"@type\":\"WebSite\",\"@id\":\"https:\/\/dev.antudigital.cl\/sites\/vc\/#website\",\"url\":\"https:\/\/dev.antudigital.cl\/sites\/vc\/\",\"name\":\"Valpara\u00ed\u00adso Creativo\",\"description\":\"\",\"potentialAction\":[{\"@type\":\"SearchAction\",\"target\":{\"@type\":\"EntryPoint\",\"urlTemplate\":\"https:\/\/dev.antudigital.cl\/sites\/vc\/?s={search_term_string}\"},\"query-input\":{\"@type\":\"PropertyValueSpecification\",\"valueRequired\":true,\"valueName\":\"search_term_string\"}}],\"inLanguage\":\"es\"},{\"@type\":\"Person\",\"@id\":\"https:\/\/dev.antudigital.cl\/sites\/vc\/#\/schema\/person\/c2b9da8dd545e27166fc5ab232837318\",\"name\":\"Valpara\u00edso Creativo\",\"description\":\"Periodista de cultura en la Regi\u00f3n de Valpara\u00edso.\",\"url\":\"https:\/\/dev.antudigital.cl\/sites\/vc\/author\/valpoadmin\/\"}]}<\/script>\n<!-- \/ Yoast SEO plugin. -->","yoast_head_json":{"title":"Museo Artequin Vi\u00f1a public\u00f3 su primera gu\u00eda inclusiva: \u201cRecorriendo el museo en pictogramas\u201d - Valpara\u00ed\u00adso Creativo","robots":{"index":"index","follow":"follow","max-snippet":"max-snippet:-1","max-image-preview":"max-image-preview:large","max-video-preview":"max-video-preview:-1"},"canonical":"https:\/\/dev.antudigital.cl\/sites\/vc\/museo-artequin-vina-publico-su-primera-guia-inclusiva-recorriendo-el-museo-en-pictogramas\/","og_locale":"es_ES","og_type":"article","og_title":"Museo Artequin Vi\u00f1a public\u00f3 su primera gu\u00eda inclusiva: \u201cRecorriendo el museo en pictogramas\u201d - Valpara\u00ed\u00adso Creativo","og_description":"El libro autoguiado, est\u00e1 dise\u00f1ado con lenguaje accesible e invita a recorrer el museo revisando diferentes tem\u00e1ticas del arte. El Museo Artequin Vi\u00f1a public\u00f3 la gu\u00eda \u201cRecorriendo el museo en pictogramas\u201d. El material est\u00e1 pensado en facilitar el recorrido por las salas a trav\u00e9s de im\u00e1genes gr\u00e1ficas con conceptos simples, siendo su uso accesible a [&hellip;]","og_url":"https:\/\/dev.antudigital.cl\/sites\/vc\/museo-artequin-vina-publico-su-primera-guia-inclusiva-recorriendo-el-museo-en-pictogramas\/","og_site_name":"Valpara\u00ed\u00adso Creativo","article_published_time":"2023-01-17T19:57:47+00:00","article_modified_time":"2023-01-17T19:58:00+00:00","og_image":[{"width":1040,"height":780,"url":"https:\/\/dev.antudigital.cl\/sites\/vc\/wp-content\/uploads\/2023\/01\/foto-pictograma-02ret.jpg","type":"image\/jpeg"}],"author":"Valpara\u00edso Creativo","twitter_card":"summary_large_image","twitter_misc":{"Escrito por":"Valpara\u00edso Creativo","Tiempo de lectura":"2 minutos"},"schema":{"@context":"https:\/\/schema.org","@graph":[{"@type":"Article","@id":"https:\/\/dev.antudigital.cl\/sites\/vc\/museo-artequin-vina-publico-su-primera-guia-inclusiva-recorriendo-el-museo-en-pictogramas\/#article","isPartOf":{"@id":"https:\/\/dev.antudigital.cl\/sites\/vc\/museo-artequin-vina-publico-su-primera-guia-inclusiva-recorriendo-el-museo-en-pictogramas\/"},"author":{"name":"Valpara\u00edso Creativo","@id":"https:\/\/dev.antudigital.cl\/sites\/vc\/#\/schema\/person\/c2b9da8dd545e27166fc5ab232837318"},"headline":"Museo Artequin Vi\u00f1a public\u00f3 su primera gu\u00eda inclusiva: \u201cRecorriendo el museo en pictogramas\u201d","datePublished":"2023-01-17T19:57:47+00:00","dateModified":"2023-01-17T19:58:00+00:00","mainEntityOfPage":{"@id":"https:\/\/dev.antudigital.cl\/sites\/vc\/museo-artequin-vina-publico-su-primera-guia-inclusiva-recorriendo-el-museo-en-pictogramas\/"},"wordCount":297,"commentCount":0,"image":{"@id":"https:\/\/dev.antudigital.cl\/sites\/vc\/museo-artequin-vina-publico-su-primera-guia-inclusiva-recorriendo-el-museo-en-pictogramas\/#primaryimage"},"thumbnailUrl":"https:\/\/dev.antudigital.cl\/sites\/vc\/wp-content\/uploads\/2023\/01\/foto-pictograma-02ret.jpg","articleSection":["Noticia"],"inLanguage":"es","potentialAction":[{"@type":"CommentAction","name":"Comment","target":["https:\/\/dev.antudigital.cl\/sites\/vc\/museo-artequin-vina-publico-su-primera-guia-inclusiva-recorriendo-el-museo-en-pictogramas\/#respond"]}]},{"@type":"WebPage","@id":"https:\/\/dev.antudigital.cl\/sites\/vc\/museo-artequin-vina-publico-su-primera-guia-inclusiva-recorriendo-el-museo-en-pictogramas\/","url":"https:\/\/dev.antudigital.cl\/sites\/vc\/museo-artequin-vina-publico-su-primera-guia-inclusiva-recorriendo-el-museo-en-pictogramas\/","name":"Museo Artequin Vi\u00f1a public\u00f3 su primera gu\u00eda inclusiva: \u201cRecorriendo el museo en pictogramas\u201d - Valpara\u00ed\u00adso Creativo","isPartOf":{"@id":"https:\/\/dev.antudigital.cl\/sites\/vc\/#website"},"primaryImageOfPage":{"@id":"https:\/\/dev.antudigital.cl\/sites\/vc\/museo-artequin-vina-publico-su-primera-guia-inclusiva-recorriendo-el-museo-en-pictogramas\/#primaryimage"},"image":{"@id":"https:\/\/dev.antudigital.cl\/sites\/vc\/museo-artequin-vina-publico-su-primera-guia-inclusiva-recorriendo-el-museo-en-pictogramas\/#primaryimage"},"thumbnailUrl":"https:\/\/dev.antudigital.cl\/sites\/vc\/wp-content\/uploads\/2023\/01\/foto-pictograma-02ret.jpg","datePublished":"2023-01-17T19:57:47+00:00","dateModified":"2023-01-17T19:58:00+00:00","author":{"@id":"https:\/\/dev.antudigital.cl\/sites\/vc\/#\/schema\/person\/c2b9da8dd545e27166fc5ab232837318"},"breadcrumb":{"@id":"https:\/\/dev.antudigital.cl\/sites\/vc\/museo-artequin-vina-publico-su-primera-guia-inclusiva-recorriendo-el-museo-en-pictogramas\/#breadcrumb"},"inLanguage":"es","potentialAction":[{"@type":"ReadAction","target":["https:\/\/dev.antudigital.cl\/sites\/vc\/museo-artequin-vina-publico-su-primera-guia-inclusiva-recorriendo-el-museo-en-pictogramas\/"]}]},{"@type":"ImageObject","inLanguage":"es","@id":"https:\/\/dev.antudigital.cl\/sites\/vc\/museo-artequin-vina-publico-su-primera-guia-inclusiva-recorriendo-el-museo-en-pictogramas\/#primaryimage","url":"https:\/\/dev.antudigital.cl\/sites\/vc\/wp-content\/uploads\/2023\/01\/foto-pictograma-02ret.jpg","contentUrl":"https:\/\/dev.antudigital.cl\/sites\/vc\/wp-content\/uploads\/2023\/01\/foto-pictograma-02ret.jpg","width":1040,"height":780},{"@type":"BreadcrumbList","@id":"https:\/\/dev.antudigital.cl\/sites\/vc\/museo-artequin-vina-publico-su-primera-guia-inclusiva-recorriendo-el-museo-en-pictogramas\/#breadcrumb","itemListElement":[{"@type":"ListItem","position":1,"name":"Home","item":"https:\/\/dev.antudigital.cl\/sites\/vc\/"},{"@type":"ListItem","position":2,"name":"Museo Artequin Vi\u00f1a public\u00f3 su primera gu\u00eda inclusiva: \u201cRecorriendo el museo en pictogramas\u201d"}]},{"@type":"WebSite","@id":"https:\/\/dev.antudigital.cl\/sites\/vc\/#website","url":"https:\/\/dev.antudigital.cl\/sites\/vc\/","name":"Valpara\u00ed\u00adso Creativo","description":"","potentialAction":[{"@type":"SearchAction","target":{"@type":"EntryPoint","urlTemplate":"https:\/\/dev.antudigital.cl\/sites\/vc\/?s={search_term_string}"},"query-input":{"@type":"PropertyValueSpecification","valueRequired":true,"valueName":"search_term_string"}}],"inLanguage":"es"},{"@type":"Person","@id":"https:\/\/dev.antudigital.cl\/sites\/vc\/#\/schema\/person\/c2b9da8dd545e27166fc5ab232837318","name":"Valpara\u00edso Creativo","description":"Periodista de cultura en la Regi\u00f3n de Valpara\u00edso.","url":"https:\/\/dev.antudigital.cl\/sites\/vc\/author\/valpoadmin\/"}]}},"_links":{"self":[{"href":"https:\/\/dev.antudigital.cl\/sites\/vc\/wp-json\/wp\/v2\/posts\/12457","targetHints":{"allow":["GET"]}}],"collection":[{"href":"https:\/\/dev.antudigital.cl\/sites\/vc\/wp-json\/wp\/v2\/posts"}],"about":[{"href":"https:\/\/dev.antudigital.cl\/sites\/vc\/wp-json\/wp\/v2\/types\/post"}],"author":[{"embeddable":true,"href":"https:\/\/dev.antudigital.cl\/sites\/vc\/wp-json\/wp\/v2\/users\/1"}],"replies":[{"embeddable":true,"href":"https:\/\/dev.antudigital.cl\/sites\/vc\/wp-json\/wp\/v2\/comments?post=12457"}],"version-history":[{"count":1,"href":"https:\/\/dev.antudigital.cl\/sites\/vc\/wp-json\/wp\/v2\/posts\/12457\/revisions"}],"predecessor-version":[{"id":12460,"href":"https:\/\/dev.antudigital.cl\/sites\/vc\/wp-json\/wp\/v2\/posts\/12457\/revisions\/12460"}],"wp:featuredmedia":[{"embeddable":true,"href":"https:\/\/dev.antudigital.cl\/sites\/vc\/wp-json\/wp\/v2\/media\/12458"}],"wp:attachment":[{"href":"https:\/\/dev.antudigital.cl\/sites\/vc\/wp-json\/wp\/v2\/media?parent=12457"}],"wp:term":[{"taxonomy":"category","embeddable":true,"href":"https:\/\/dev.antudigital.cl\/sites\/vc\/wp-json\/wp\/v2\/categories?post=12457"},{"taxonomy":"post_tag","embeddable":true,"href":"https:\/\/dev.antudigital.cl\/sites\/vc\/wp-json\/wp\/v2\/tags?post=12457"}],"curies":[{"name":"wp","href":"https:\/\/api.w.org\/{rel}","templated":true}]}}