{"id":12461,"date":"2023-01-17T20:01:48","date_gmt":"2023-01-17T20:01:48","guid":{"rendered":"https:\/\/www.valparaisocreativo.cl\/?p=12461"},"modified":"2023-01-17T20:01:52","modified_gmt":"2023-01-17T20:01:52","slug":"se-acerca-la-version-numero-15-de-fecich","status":"publish","type":"post","link":"https:\/\/dev.antudigital.cl\/sites\/vc\/se-acerca-la-version-numero-15-de-fecich\/","title":{"rendered":"Se acerca la versi\u00f3n n\u00famero 15 de FECICH"},"content":{"rendered":"\n<p>Del&nbsp;<strong>viernes 20 al s\u00e1bado 28 de enero<\/strong>&nbsp;se realizar\u00e1 una nueva edici\u00f3n del&nbsp;<strong>Festival de Cine Chileno,<\/strong>&nbsp;<strong>FECICH,&nbsp;<\/strong>evento que&nbsp;<strong>celebrar\u00e1 sus quince a\u00f1os&nbsp;<\/strong>en el&nbsp;<strong>Teatro Municipal Juan Bustos Ram\u00edrez de Quilpu\u00e9 y Teatro Municipal Pompeya de Villa Alemana&nbsp;<\/strong>con pel\u00edculas para todos los gustos y todas las edades, destacando una muestra infantil y familiar.<\/p>\n\n\n\n<p>FECICH es&nbsp;<strong>organizado&nbsp;<\/strong>por el&nbsp;<strong>Centro Cultural Quilpu\u00e9 Audiovisual<\/strong>,&nbsp;<strong>financiado&nbsp;<\/strong>por el&nbsp;<strong>Fondo de Fomento Audiovisual Convocatoria 2022 del Ministerio de las Culturas, las Artes y el Patrimonio<\/strong>; y cuenta con el&nbsp;<strong>auspicio de la Ilustre Municipalidad de Quilpu\u00e9 y la colaboraci\u00f3n de la Ilustre Municipalidad de Villa Alemana, Duoc UC Sede Vi\u00f1a del Mar y EFE Trenes de Chile.&nbsp;<\/strong>Adem\u00e1s del apoyo de la&nbsp;<strong>Municipalidad de Quillota, Quintero, Llay Llay y Casablanca.<\/strong><\/p>\n\n\n\n<p>Esta nueva edici\u00f3n contar\u00e1 con&nbsp;<strong>funciones presenciales gratuitas y<\/strong>&nbsp;una importante&nbsp;<strong>muestra online<\/strong>&nbsp;gracias a la&nbsp;<strong>colaboraci\u00f3n de la Cineteca Nacional de Chile<\/strong><em>: \u201cA 50 a\u00f1os del Golpe de Estado en Chile, el cine de Angelina V\u00e1zquez y Orlando L\u00fcbbert\u201d<\/em>, la cual&nbsp;<strong>estar\u00e1 disponible en&nbsp;<\/strong><a href=\"http:\/\/www.fecich.cl\/\"><strong>www.fecich.cl<\/strong><\/a><strong>&nbsp;desde el 14 al 28 de enero de 2023.<\/strong><\/p>\n\n\n\n<p>Seg\u00fan detalla&nbsp;<strong>Pamela G\u00f3mez, Programadora del festival,<\/strong>&nbsp;<em>\u201cGran parte de las pel\u00edculas que se exhibir\u00e1n, ser\u00e1 primera vez que se encuentran con el p\u00fablico de Quilpu\u00e9, incluso de la Quinta Regi\u00f3n, por lo que esperamos con emoci\u00f3n reunir a espectadores y realizadores. La programaci\u00f3n de este a\u00f1o refleja en tem\u00e1ticas los intereses que estos 15 a\u00f1os han cruzado el festival, como la crisis medioambiental (muy importante para la regi\u00f3n), Derechos Humanos desde distintas perspectivas y territorios, Identidad de g\u00e9nero, movimientos y momentos sociales, reivindicaci\u00f3n de artistas nacionales, entre otros\u201d.<\/em><\/p>\n\n\n\n<p><strong>PROGRAMACI\u00d3N<\/strong><br>Para las&nbsp;<strong>funciones en Quilpu\u00e9<\/strong>, la&nbsp;<strong>pel\u00edcula encargada de abrir el certamen<\/strong>&nbsp;ser\u00e1&nbsp;<strong>\u201cBlanquita\u201d<\/strong>&nbsp;del director Fernando Guzzoni. La cinta, inspirada en el&nbsp;<em>caso Spiniak<\/em>, cuenta la historia de Blanca, una residente de un hogar de acogida de 18 a\u00f1os, quien es la testigo clave en un esc\u00e1ndalo que involucra a ni\u00f1os, pol\u00edticos y hombres ricos que participan en fiestas sexuales.<\/p>\n\n\n\n<p>Posteriormente, entre el&nbsp;<strong>s\u00e1bado 21 y mi\u00e9rcoles 25<\/strong>&nbsp;se desarrollar\u00e1 la&nbsp;<strong>Competencia Radiograf\u00eda Nacional<\/strong>, en la que&nbsp;<strong>10 cortometrajes y 10 largometrajes<\/strong>&nbsp;competir\u00e1n por el premio a la&nbsp;<strong>Mejor Pel\u00edcula FECICH 2023.<\/strong>&nbsp;Dichas pel\u00edculas, en la mayor\u00eda de los casos, son pre-estrenos, que buscan reflexionar y emocionar sobre lo que significa vivir y habitar nuestro pa\u00eds, desde las distintas miradas y perspectivas que se ciernen sobre el territorio y las diversidades que ello conlleva.<\/p>\n\n\n\n<p>Y del&nbsp;<strong>jueves 26 al s\u00e1bado 28<\/strong>&nbsp;ser\u00e1 el turno de la&nbsp;<strong>Muestra Cosecha del A\u00f1o,&nbsp;<\/strong>con pel\u00edculas como&nbsp;<strong>\u201cLa vaca que cant\u00f3 una canci\u00f3n hacia el futuro<\/strong>\u201d, dirigida por Francisca Alegr\u00eda y protagonizada por Leonor Varela o&nbsp;<strong>\u201cEl Castigo\u201d<\/strong>, la \u00faltima pel\u00edcula de Mat\u00edas Bize, protagonizada por Antonia Zegers, N\u00e9stor Cantillana y Catalina Saavedra.<\/p>\n\n\n\n<p>Por otro lado, en&nbsp;<strong>Villa Alemana<\/strong>, desde el&nbsp;<strong>s\u00e1bado 21 al jueves 26&nbsp;<\/strong>se emitir\u00e1 la&nbsp;<strong>Muestra Cosecha del A\u00f1o<\/strong>&nbsp;con 5 pel\u00edculas del g\u00e9nero documental y ficci\u00f3n:&nbsp;<strong>\u201cKarnawal\u201d<\/strong>,&nbsp;<strong>\u201cZurita y los asistentes\u201d<\/strong>,&nbsp;<strong>\u201cEl Pa(de)ciente\u201d<\/strong>,&nbsp;<strong>\u201cUn lugar llamado dignidad\u201d<\/strong>&nbsp;y&nbsp;<strong>\u201cEl retrato de ella\u201d<\/strong>.<\/p>\n\n\n\n<p>Y del&nbsp;<strong>lunes 23 al viernes 27<\/strong>&nbsp;se desarrollar\u00e1 la<strong>&nbsp;Muestra P\u00fablicos del Futuro<\/strong>&nbsp;con la exhibici\u00f3n de&nbsp;<strong>\u201cMatar a un hombre\u201d, \u201cLas Analfabetas\u201d, \u201cEl viento sabe que vuelvo a casa\u201d, \u201cTierra Sola\u201d y \u201cEl pacto de Adriana\u201d.&nbsp;<\/strong>&nbsp;Estas pel\u00edculas fueron seleccionadas por los participantes del Taller de Curator\u00eda Participativa, realizado en el marco de la 6ta Escuela de Espectadores de Cine Chileno de FECICH. Por otro lado, los conversatorios de estas pel\u00edculas ser\u00e1n moderados por participantes del Taller de Moderadores de la misma escuela de espectadores.<\/p>\n\n\n\n<p><strong>Muestra infantil y familiar<\/strong><br>Este a\u00f1o, FECICH, quiso dar un espacio a las familias, es por ello que se realizar\u00e1 la&nbsp;<strong>Muestra infantil y familiar<\/strong>, en la que se exhibir\u00e1n t\u00edtulos como&nbsp;<strong>\u201c31 minutos, la pel\u00edcula\u201d<\/strong>,&nbsp;<strong>\u201cNahuel y el libro m\u00e1gico\u201d<\/strong>,&nbsp;<strong>\u201cOg\u00fa y Mampato en Rapanui\u201d<\/strong>,&nbsp;<strong>\u201cEl Regalo\u201d<\/strong>&nbsp;y \u201c<strong>Series para ni\u00f1os y ni\u00f1as del CNTV Infantil\u201d.<\/strong><\/p>\n\n\n\n<p>Al respecto,\u00a0<strong>Sebasti\u00e1n Cartajena<\/strong>,\u00a0<strong>Director Art\u00edstico de FECICH<\/strong>, afirma:\u00a0<em>\u201cDesde los inicios de FECICH, siempre contamos con cine chileno dirigido a las familias. Sin embargo, en los \u00faltimos a\u00f1os nos hab\u00eda sido imposible programarlo. En nuestra celebraci\u00f3n de los 15 a\u00f1os, era necesario volver a incorporar esta franja con t\u00edtulos cl\u00e1sicos como El Regalo o 31 Minutos, que tambi\u00e9n est\u00e1n cumpliendo 15 a\u00f1os. As\u00ed como darle lugar a la animaci\u00f3n chilena con Nahuel y el libro m\u00e1gico o a trav\u00e9s de series de animaci\u00f3n del CNTV Infantil. Es una instancia de la cual debemos hacernos cargo como festival y que, adem\u00e1s, debe perdurar en el tiempo\u201d.<\/em><\/p>\n\n\n\n<figure class=\"wp-block-image size-large\"><img fetchpriority=\"high\" decoding=\"async\" width=\"1024\" height=\"768\" src=\"https:\/\/www.valparaisocreativo.cl\/wp-content\/uploads\/2023\/01\/Grilla-Programacion-F15-1536x1152-1-1024x768.jpeg\" alt=\"\" class=\"wp-image-12462\" srcset=\"https:\/\/dev.antudigital.cl\/sites\/vc\/wp-content\/uploads\/2023\/01\/Grilla-Programacion-F15-1536x1152-1-1024x768.jpeg 1024w, https:\/\/dev.antudigital.cl\/sites\/vc\/wp-content\/uploads\/2023\/01\/Grilla-Programacion-F15-1536x1152-1-300x225.jpeg 300w, https:\/\/dev.antudigital.cl\/sites\/vc\/wp-content\/uploads\/2023\/01\/Grilla-Programacion-F15-1536x1152-1-768x576.jpeg 768w, https:\/\/dev.antudigital.cl\/sites\/vc\/wp-content\/uploads\/2023\/01\/Grilla-Programacion-F15-1536x1152-1-510x382.jpeg 510w, https:\/\/dev.antudigital.cl\/sites\/vc\/wp-content\/uploads\/2023\/01\/Grilla-Programacion-F15-1536x1152-1-1080x810.jpeg 1080w, https:\/\/dev.antudigital.cl\/sites\/vc\/wp-content\/uploads\/2023\/01\/Grilla-Programacion-F15-1536x1152-1-1280x960.jpeg 1280w, https:\/\/dev.antudigital.cl\/sites\/vc\/wp-content\/uploads\/2023\/01\/Grilla-Programacion-F15-1536x1152-1-980x735.jpeg 980w, https:\/\/dev.antudigital.cl\/sites\/vc\/wp-content\/uploads\/2023\/01\/Grilla-Programacion-F15-1536x1152-1-480x360.jpeg 480w, https:\/\/dev.antudigital.cl\/sites\/vc\/wp-content\/uploads\/2023\/01\/Grilla-Programacion-F15-1536x1152-1.jpeg 1536w\" sizes=\"(max-width: 1024px) 100vw, 1024px\" \/><\/figure>\n\n\n\n<p><strong>HOMENAJES<\/strong><br>Cada a\u00f1o, FECICH reconoce con el Premio Cine Chileno a destacadas personalidades del medio cinematogr\u00e1fico. Por ello, en la<strong>&nbsp;Inauguraci\u00f3n<\/strong>, se reconocer\u00e1 a la actriz&nbsp;<strong>Amparo Noguera&nbsp;<\/strong>por su&nbsp;<strong>Trayectoria Actoral en Cine<\/strong>, y se premiar\u00e1 a la cineasta&nbsp;<strong>Angelina V\u00e1zquez Riveiro&nbsp;<\/strong>por su&nbsp;<strong>Aporte al Desarrollo Cinematogr\u00e1fico Nacional<\/strong>.<\/p>\n\n\n\n<p>Y para la&nbsp;<strong>Clausura<\/strong>, se reconocer\u00e1 a&nbsp;<strong>Alejandro Trejo<\/strong>&nbsp;por su&nbsp;<strong>Trayectoria Actoral en Cine&nbsp;<\/strong>y al cineasta&nbsp;<strong>Orlando L\u00fcbbert,&nbsp;<\/strong>por su&nbsp;<strong>Aporte al Desarrollo Cinematogr\u00e1fico Nacional<\/strong>. La pel\u00edcula que se encargar\u00e1 de cerrar los 15 a\u00f1os de FECICH ser\u00e1&nbsp;<strong>\u201cTaxi para tres\u201d<\/strong>.<\/p>\n\n\n\n<p>Por otro lado, la ceremonia de inauguraci\u00f3n ser\u00e1 animada por la actriz y gestora cultura,<strong>&nbsp;Patricia Rivadeneira.<\/strong>&nbsp;Y la clausura, por la&nbsp;<strong>actriz<\/strong>&nbsp;<strong>Katty Kowaleczko&nbsp;<\/strong>junto al&nbsp;<strong>actor Daniel Mu\u00f1oz.<\/strong><\/p>\n\n\n\n<p><strong>CINE CHILENO EN CONSTRUCCI\u00d3N<\/strong><br>El \u00e1rea Industria de FECICH sigue cumpliendo la misi\u00f3n de dar soporte a las distintas obras, en sus formatos de cortometrajes y largometrajes, que no han podido ser terminadas. Este a\u00f1o, se cont\u00f3 con una exitosa convocatoria que reuni\u00f3 a m\u00e1s de 70 pel\u00edculas chilenas de diversas regiones del pa\u00eds. Los proyectos seleccionados contar\u00e1n con asesor\u00edas durante tres d\u00edas de festival y premios que entregan distintas empresas que permitir\u00e1n a las y los realizadores finalizar sus obras.<\/p>\n\n\n\n<p>Para m\u00e1s detalles puedes visitar <a href=\"https:\/\/fecich.cl\/programacion-oficial-fecich-15\/\">el sitio oficial de FECICH<\/a><\/p>\n","protected":false},"excerpt":{"rendered":"<p>Del&nbsp;viernes 20 al s\u00e1bado 28 de enero&nbsp;se realizar\u00e1 una nueva edici\u00f3n del&nbsp;Festival de Cine Chileno,&nbsp;FECICH,&nbsp;evento que&nbsp;celebrar\u00e1 sus quince a\u00f1os&nbsp;en el&nbsp;Teatro Municipal Juan Bustos Ram\u00edrez de Quilpu\u00e9 y Teatro Municipal Pompeya de Villa Alemana&nbsp;con pel\u00edculas para todos los gustos y todas las edades, destacando una muestra infantil y familiar. FECICH es&nbsp;organizado&nbsp;por el&nbsp;Centro Cultural Quilpu\u00e9 Audiovisual,&nbsp;financiado&nbsp;por el&nbsp;Fondo [&hellip;]<\/p>\n","protected":false},"author":1,"featured_media":12463,"comment_status":"open","ping_status":"closed","sticky":false,"template":"","format":"standard","meta":{"_acf_changed":false,"footnotes":""},"categories":[8],"tags":[],"class_list":["post-12461","post","type-post","status-publish","format-standard","has-post-thumbnail","hentry","category-noticia"],"acf":[],"yoast_head":"<!-- This site is optimized with the Yoast SEO plugin v27.1.1 - https:\/\/yoast.com\/product\/yoast-seo-wordpress\/ -->\n<title>Se acerca la versi\u00f3n n\u00famero 15 de FECICH - Valpara\u00ed\u00adso Creativo<\/title>\n<meta name=\"robots\" content=\"index, follow, max-snippet:-1, max-image-preview:large, max-video-preview:-1\" \/>\n<link rel=\"canonical\" href=\"https:\/\/dev.antudigital.cl\/sites\/vc\/se-acerca-la-version-numero-15-de-fecich\/\" \/>\n<meta property=\"og:locale\" content=\"es_ES\" \/>\n<meta property=\"og:type\" content=\"article\" \/>\n<meta property=\"og:title\" content=\"Se acerca la versi\u00f3n n\u00famero 15 de FECICH - Valpara\u00ed\u00adso Creativo\" \/>\n<meta property=\"og:description\" content=\"Del&nbsp;viernes 20 al s\u00e1bado 28 de enero&nbsp;se realizar\u00e1 una nueva edici\u00f3n del&nbsp;Festival de Cine Chileno,&nbsp;FECICH,&nbsp;evento que&nbsp;celebrar\u00e1 sus quince a\u00f1os&nbsp;en el&nbsp;Teatro Municipal Juan Bustos Ram\u00edrez de Quilpu\u00e9 y Teatro Municipal Pompeya de Villa Alemana&nbsp;con pel\u00edculas para todos los gustos y todas las edades, destacando una muestra infantil y familiar. FECICH es&nbsp;organizado&nbsp;por el&nbsp;Centro Cultural Quilpu\u00e9 Audiovisual,&nbsp;financiado&nbsp;por el&nbsp;Fondo [&hellip;]\" \/>\n<meta property=\"og:url\" content=\"https:\/\/dev.antudigital.cl\/sites\/vc\/se-acerca-la-version-numero-15-de-fecich\/\" \/>\n<meta property=\"og:site_name\" content=\"Valpara\u00ed\u00adso Creativo\" \/>\n<meta property=\"article:published_time\" content=\"2023-01-17T20:01:48+00:00\" \/>\n<meta property=\"article:modified_time\" content=\"2023-01-17T20:01:52+00:00\" \/>\n<meta property=\"og:image\" content=\"https:\/\/dev.antudigital.cl\/sites\/vc\/wp-content\/uploads\/2023\/01\/El-Padeciente_fecich15-e1673555513591.jpeg\" \/>\n\t<meta property=\"og:image:width\" content=\"1280\" \/>\n\t<meta property=\"og:image:height\" content=\"720\" \/>\n\t<meta property=\"og:image:type\" content=\"image\/jpeg\" \/>\n<meta name=\"author\" content=\"Valpara\u00edso Creativo\" \/>\n<meta name=\"twitter:card\" content=\"summary_large_image\" \/>\n<meta name=\"twitter:label1\" content=\"Escrito por\" \/>\n\t<meta name=\"twitter:data1\" content=\"Valpara\u00edso Creativo\" \/>\n\t<meta name=\"twitter:label2\" content=\"Tiempo de lectura\" \/>\n\t<meta name=\"twitter:data2\" content=\"5 minutos\" \/>\n<script type=\"application\/ld+json\" class=\"yoast-schema-graph\">{\"@context\":\"https:\/\/schema.org\",\"@graph\":[{\"@type\":\"Article\",\"@id\":\"https:\/\/dev.antudigital.cl\/sites\/vc\/se-acerca-la-version-numero-15-de-fecich\/#article\",\"isPartOf\":{\"@id\":\"https:\/\/dev.antudigital.cl\/sites\/vc\/se-acerca-la-version-numero-15-de-fecich\/\"},\"author\":{\"name\":\"Valpara\u00edso Creativo\",\"@id\":\"https:\/\/dev.antudigital.cl\/sites\/vc\/#\/schema\/person\/c2b9da8dd545e27166fc5ab232837318\"},\"headline\":\"Se acerca la versi\u00f3n n\u00famero 15 de FECICH\",\"datePublished\":\"2023-01-17T20:01:48+00:00\",\"dateModified\":\"2023-01-17T20:01:52+00:00\",\"mainEntityOfPage\":{\"@id\":\"https:\/\/dev.antudigital.cl\/sites\/vc\/se-acerca-la-version-numero-15-de-fecich\/\"},\"wordCount\":1157,\"commentCount\":0,\"image\":{\"@id\":\"https:\/\/dev.antudigital.cl\/sites\/vc\/se-acerca-la-version-numero-15-de-fecich\/#primaryimage\"},\"thumbnailUrl\":\"https:\/\/dev.antudigital.cl\/sites\/vc\/wp-content\/uploads\/2023\/01\/El-Padeciente_fecich15-e1673555513591.jpeg\",\"articleSection\":[\"Noticia\"],\"inLanguage\":\"es\",\"potentialAction\":[{\"@type\":\"CommentAction\",\"name\":\"Comment\",\"target\":[\"https:\/\/dev.antudigital.cl\/sites\/vc\/se-acerca-la-version-numero-15-de-fecich\/#respond\"]}]},{\"@type\":\"WebPage\",\"@id\":\"https:\/\/dev.antudigital.cl\/sites\/vc\/se-acerca-la-version-numero-15-de-fecich\/\",\"url\":\"https:\/\/dev.antudigital.cl\/sites\/vc\/se-acerca-la-version-numero-15-de-fecich\/\",\"name\":\"Se acerca la versi\u00f3n n\u00famero 15 de FECICH - Valpara\u00ed\u00adso Creativo\",\"isPartOf\":{\"@id\":\"https:\/\/dev.antudigital.cl\/sites\/vc\/#website\"},\"primaryImageOfPage\":{\"@id\":\"https:\/\/dev.antudigital.cl\/sites\/vc\/se-acerca-la-version-numero-15-de-fecich\/#primaryimage\"},\"image\":{\"@id\":\"https:\/\/dev.antudigital.cl\/sites\/vc\/se-acerca-la-version-numero-15-de-fecich\/#primaryimage\"},\"thumbnailUrl\":\"https:\/\/dev.antudigital.cl\/sites\/vc\/wp-content\/uploads\/2023\/01\/El-Padeciente_fecich15-e1673555513591.jpeg\",\"datePublished\":\"2023-01-17T20:01:48+00:00\",\"dateModified\":\"2023-01-17T20:01:52+00:00\",\"author\":{\"@id\":\"https:\/\/dev.antudigital.cl\/sites\/vc\/#\/schema\/person\/c2b9da8dd545e27166fc5ab232837318\"},\"breadcrumb\":{\"@id\":\"https:\/\/dev.antudigital.cl\/sites\/vc\/se-acerca-la-version-numero-15-de-fecich\/#breadcrumb\"},\"inLanguage\":\"es\",\"potentialAction\":[{\"@type\":\"ReadAction\",\"target\":[\"https:\/\/dev.antudigital.cl\/sites\/vc\/se-acerca-la-version-numero-15-de-fecich\/\"]}]},{\"@type\":\"ImageObject\",\"inLanguage\":\"es\",\"@id\":\"https:\/\/dev.antudigital.cl\/sites\/vc\/se-acerca-la-version-numero-15-de-fecich\/#primaryimage\",\"url\":\"https:\/\/dev.antudigital.cl\/sites\/vc\/wp-content\/uploads\/2023\/01\/El-Padeciente_fecich15-e1673555513591.jpeg\",\"contentUrl\":\"https:\/\/dev.antudigital.cl\/sites\/vc\/wp-content\/uploads\/2023\/01\/El-Padeciente_fecich15-e1673555513591.jpeg\",\"width\":1280,\"height\":720},{\"@type\":\"BreadcrumbList\",\"@id\":\"https:\/\/dev.antudigital.cl\/sites\/vc\/se-acerca-la-version-numero-15-de-fecich\/#breadcrumb\",\"itemListElement\":[{\"@type\":\"ListItem\",\"position\":1,\"name\":\"Home\",\"item\":\"https:\/\/dev.antudigital.cl\/sites\/vc\/\"},{\"@type\":\"ListItem\",\"position\":2,\"name\":\"Se acerca la versi\u00f3n n\u00famero 15 de FECICH\"}]},{\"@type\":\"WebSite\",\"@id\":\"https:\/\/dev.antudigital.cl\/sites\/vc\/#website\",\"url\":\"https:\/\/dev.antudigital.cl\/sites\/vc\/\",\"name\":\"Valpara\u00ed\u00adso Creativo\",\"description\":\"\",\"potentialAction\":[{\"@type\":\"SearchAction\",\"target\":{\"@type\":\"EntryPoint\",\"urlTemplate\":\"https:\/\/dev.antudigital.cl\/sites\/vc\/?s={search_term_string}\"},\"query-input\":{\"@type\":\"PropertyValueSpecification\",\"valueRequired\":true,\"valueName\":\"search_term_string\"}}],\"inLanguage\":\"es\"},{\"@type\":\"Person\",\"@id\":\"https:\/\/dev.antudigital.cl\/sites\/vc\/#\/schema\/person\/c2b9da8dd545e27166fc5ab232837318\",\"name\":\"Valpara\u00edso Creativo\",\"description\":\"Periodista de cultura en la Regi\u00f3n de Valpara\u00edso.\",\"url\":\"https:\/\/dev.antudigital.cl\/sites\/vc\/author\/valpoadmin\/\"}]}<\/script>\n<!-- \/ Yoast SEO plugin. -->","yoast_head_json":{"title":"Se acerca la versi\u00f3n n\u00famero 15 de FECICH - Valpara\u00ed\u00adso Creativo","robots":{"index":"index","follow":"follow","max-snippet":"max-snippet:-1","max-image-preview":"max-image-preview:large","max-video-preview":"max-video-preview:-1"},"canonical":"https:\/\/dev.antudigital.cl\/sites\/vc\/se-acerca-la-version-numero-15-de-fecich\/","og_locale":"es_ES","og_type":"article","og_title":"Se acerca la versi\u00f3n n\u00famero 15 de FECICH - Valpara\u00ed\u00adso Creativo","og_description":"Del&nbsp;viernes 20 al s\u00e1bado 28 de enero&nbsp;se realizar\u00e1 una nueva edici\u00f3n del&nbsp;Festival de Cine Chileno,&nbsp;FECICH,&nbsp;evento que&nbsp;celebrar\u00e1 sus quince a\u00f1os&nbsp;en el&nbsp;Teatro Municipal Juan Bustos Ram\u00edrez de Quilpu\u00e9 y Teatro Municipal Pompeya de Villa Alemana&nbsp;con pel\u00edculas para todos los gustos y todas las edades, destacando una muestra infantil y familiar. FECICH es&nbsp;organizado&nbsp;por el&nbsp;Centro Cultural Quilpu\u00e9 Audiovisual,&nbsp;financiado&nbsp;por el&nbsp;Fondo [&hellip;]","og_url":"https:\/\/dev.antudigital.cl\/sites\/vc\/se-acerca-la-version-numero-15-de-fecich\/","og_site_name":"Valpara\u00ed\u00adso Creativo","article_published_time":"2023-01-17T20:01:48+00:00","article_modified_time":"2023-01-17T20:01:52+00:00","og_image":[{"width":1280,"height":720,"url":"https:\/\/dev.antudigital.cl\/sites\/vc\/wp-content\/uploads\/2023\/01\/El-Padeciente_fecich15-e1673555513591.jpeg","type":"image\/jpeg"}],"author":"Valpara\u00edso Creativo","twitter_card":"summary_large_image","twitter_misc":{"Escrito por":"Valpara\u00edso Creativo","Tiempo de lectura":"5 minutos"},"schema":{"@context":"https:\/\/schema.org","@graph":[{"@type":"Article","@id":"https:\/\/dev.antudigital.cl\/sites\/vc\/se-acerca-la-version-numero-15-de-fecich\/#article","isPartOf":{"@id":"https:\/\/dev.antudigital.cl\/sites\/vc\/se-acerca-la-version-numero-15-de-fecich\/"},"author":{"name":"Valpara\u00edso Creativo","@id":"https:\/\/dev.antudigital.cl\/sites\/vc\/#\/schema\/person\/c2b9da8dd545e27166fc5ab232837318"},"headline":"Se acerca la versi\u00f3n n\u00famero 15 de FECICH","datePublished":"2023-01-17T20:01:48+00:00","dateModified":"2023-01-17T20:01:52+00:00","mainEntityOfPage":{"@id":"https:\/\/dev.antudigital.cl\/sites\/vc\/se-acerca-la-version-numero-15-de-fecich\/"},"wordCount":1157,"commentCount":0,"image":{"@id":"https:\/\/dev.antudigital.cl\/sites\/vc\/se-acerca-la-version-numero-15-de-fecich\/#primaryimage"},"thumbnailUrl":"https:\/\/dev.antudigital.cl\/sites\/vc\/wp-content\/uploads\/2023\/01\/El-Padeciente_fecich15-e1673555513591.jpeg","articleSection":["Noticia"],"inLanguage":"es","potentialAction":[{"@type":"CommentAction","name":"Comment","target":["https:\/\/dev.antudigital.cl\/sites\/vc\/se-acerca-la-version-numero-15-de-fecich\/#respond"]}]},{"@type":"WebPage","@id":"https:\/\/dev.antudigital.cl\/sites\/vc\/se-acerca-la-version-numero-15-de-fecich\/","url":"https:\/\/dev.antudigital.cl\/sites\/vc\/se-acerca-la-version-numero-15-de-fecich\/","name":"Se acerca la versi\u00f3n n\u00famero 15 de FECICH - Valpara\u00ed\u00adso Creativo","isPartOf":{"@id":"https:\/\/dev.antudigital.cl\/sites\/vc\/#website"},"primaryImageOfPage":{"@id":"https:\/\/dev.antudigital.cl\/sites\/vc\/se-acerca-la-version-numero-15-de-fecich\/#primaryimage"},"image":{"@id":"https:\/\/dev.antudigital.cl\/sites\/vc\/se-acerca-la-version-numero-15-de-fecich\/#primaryimage"},"thumbnailUrl":"https:\/\/dev.antudigital.cl\/sites\/vc\/wp-content\/uploads\/2023\/01\/El-Padeciente_fecich15-e1673555513591.jpeg","datePublished":"2023-01-17T20:01:48+00:00","dateModified":"2023-01-17T20:01:52+00:00","author":{"@id":"https:\/\/dev.antudigital.cl\/sites\/vc\/#\/schema\/person\/c2b9da8dd545e27166fc5ab232837318"},"breadcrumb":{"@id":"https:\/\/dev.antudigital.cl\/sites\/vc\/se-acerca-la-version-numero-15-de-fecich\/#breadcrumb"},"inLanguage":"es","potentialAction":[{"@type":"ReadAction","target":["https:\/\/dev.antudigital.cl\/sites\/vc\/se-acerca-la-version-numero-15-de-fecich\/"]}]},{"@type":"ImageObject","inLanguage":"es","@id":"https:\/\/dev.antudigital.cl\/sites\/vc\/se-acerca-la-version-numero-15-de-fecich\/#primaryimage","url":"https:\/\/dev.antudigital.cl\/sites\/vc\/wp-content\/uploads\/2023\/01\/El-Padeciente_fecich15-e1673555513591.jpeg","contentUrl":"https:\/\/dev.antudigital.cl\/sites\/vc\/wp-content\/uploads\/2023\/01\/El-Padeciente_fecich15-e1673555513591.jpeg","width":1280,"height":720},{"@type":"BreadcrumbList","@id":"https:\/\/dev.antudigital.cl\/sites\/vc\/se-acerca-la-version-numero-15-de-fecich\/#breadcrumb","itemListElement":[{"@type":"ListItem","position":1,"name":"Home","item":"https:\/\/dev.antudigital.cl\/sites\/vc\/"},{"@type":"ListItem","position":2,"name":"Se acerca la versi\u00f3n n\u00famero 15 de FECICH"}]},{"@type":"WebSite","@id":"https:\/\/dev.antudigital.cl\/sites\/vc\/#website","url":"https:\/\/dev.antudigital.cl\/sites\/vc\/","name":"Valpara\u00ed\u00adso Creativo","description":"","potentialAction":[{"@type":"SearchAction","target":{"@type":"EntryPoint","urlTemplate":"https:\/\/dev.antudigital.cl\/sites\/vc\/?s={search_term_string}"},"query-input":{"@type":"PropertyValueSpecification","valueRequired":true,"valueName":"search_term_string"}}],"inLanguage":"es"},{"@type":"Person","@id":"https:\/\/dev.antudigital.cl\/sites\/vc\/#\/schema\/person\/c2b9da8dd545e27166fc5ab232837318","name":"Valpara\u00edso Creativo","description":"Periodista de cultura en la Regi\u00f3n de Valpara\u00edso.","url":"https:\/\/dev.antudigital.cl\/sites\/vc\/author\/valpoadmin\/"}]}},"_links":{"self":[{"href":"https:\/\/dev.antudigital.cl\/sites\/vc\/wp-json\/wp\/v2\/posts\/12461","targetHints":{"allow":["GET"]}}],"collection":[{"href":"https:\/\/dev.antudigital.cl\/sites\/vc\/wp-json\/wp\/v2\/posts"}],"about":[{"href":"https:\/\/dev.antudigital.cl\/sites\/vc\/wp-json\/wp\/v2\/types\/post"}],"author":[{"embeddable":true,"href":"https:\/\/dev.antudigital.cl\/sites\/vc\/wp-json\/wp\/v2\/users\/1"}],"replies":[{"embeddable":true,"href":"https:\/\/dev.antudigital.cl\/sites\/vc\/wp-json\/wp\/v2\/comments?post=12461"}],"version-history":[{"count":1,"href":"https:\/\/dev.antudigital.cl\/sites\/vc\/wp-json\/wp\/v2\/posts\/12461\/revisions"}],"predecessor-version":[{"id":12464,"href":"https:\/\/dev.antudigital.cl\/sites\/vc\/wp-json\/wp\/v2\/posts\/12461\/revisions\/12464"}],"wp:featuredmedia":[{"embeddable":true,"href":"https:\/\/dev.antudigital.cl\/sites\/vc\/wp-json\/wp\/v2\/media\/12463"}],"wp:attachment":[{"href":"https:\/\/dev.antudigital.cl\/sites\/vc\/wp-json\/wp\/v2\/media?parent=12461"}],"wp:term":[{"taxonomy":"category","embeddable":true,"href":"https:\/\/dev.antudigital.cl\/sites\/vc\/wp-json\/wp\/v2\/categories?post=12461"},{"taxonomy":"post_tag","embeddable":true,"href":"https:\/\/dev.antudigital.cl\/sites\/vc\/wp-json\/wp\/v2\/tags?post=12461"}],"curies":[{"name":"wp","href":"https:\/\/api.w.org\/{rel}","templated":true}]}}