{"id":12475,"date":"2023-01-23T21:51:17","date_gmt":"2023-01-23T21:51:17","guid":{"rendered":"https:\/\/www.valparaisocreativo.cl\/?p=12475"},"modified":"2023-01-23T21:51:20","modified_gmt":"2023-01-23T21:51:20","slug":"comenzo-festival-excentrico-2023","status":"publish","type":"post","link":"https:\/\/dev.antudigital.cl\/sites\/vc\/comenzo-festival-excentrico-2023\/","title":{"rendered":"Comenz\u00f3 Festival Exc\u00e9ntrico 2023"},"content":{"rendered":"\n<p>Del 23 al 25 de enero Insomnia Teatro Condell estar\u00e1 presentando una nueva edici\u00f3n de la Muestra Internacional de Pornograf\u00edas Cr\u00edticas\u00a0<a href=\"https:\/\/www.instagram.com\/excentrico.fest\/\">@excentrico.fest<\/a><\/p>\n\n\n\n<p> Tomando como l\u00ednea editorial el concepto de la distop\u00eda, el programa de la muestra ofrece un panorama de obras f\u00edlmicas que acuden al lenguaje pornogr\u00e1fico como soporte de cr\u00edtica y experimentaci\u00f3n po\u00e9tica, abordando cr\u00edticamente diversos asuntos como el extractivismo, la supremac\u00eda especista, la reproducci\u00f3n compulsiva y la normalizaci\u00f3n del deseo contenido en los confines de lo humano.<\/p>\n\n\n\n<p>Ser\u00e1n 9 funciones y un total de 46 obras de m\u00e1s de 13 pa\u00edses.<\/p>\n\n\n\n<p>La entrada por funci\u00f3n tiene un costo de $4.000 y el abono que da acceso a la totalidad de funciones tiene un costo de $20.000. Ambos pueden ser adquiridos directamente en la boleter\u00eda del cine o mediante compra online v\u00eda transferencia bancaria.<\/p>\n\n\n\n<p>&#x1f51e; Tanto la venta como el acceso a las funciones de Exc\u00e9ntrico se encuentra limitada a personas mayores de 18 a\u00f1os.<\/p>\n\n\n\n<p>&#x1f449;Puedes encontrar m\u00e1s informaci\u00f3n en www.excentricofest.com<\/p>\n\n\n\n<figure class=\"wp-block-image size-full\"><img fetchpriority=\"high\" decoding=\"async\" width=\"594\" height=\"596\" src=\"https:\/\/www.valparaisocreativo.cl\/wp-content\/uploads\/2023\/01\/Captura-de-Pantalla-2023-01-23-a-las-18.44.51.png\" alt=\"\" class=\"wp-image-12476\" srcset=\"https:\/\/dev.antudigital.cl\/sites\/vc\/wp-content\/uploads\/2023\/01\/Captura-de-Pantalla-2023-01-23-a-las-18.44.51.png 594w, https:\/\/dev.antudigital.cl\/sites\/vc\/wp-content\/uploads\/2023\/01\/Captura-de-Pantalla-2023-01-23-a-las-18.44.51-300x300.png 300w, https:\/\/dev.antudigital.cl\/sites\/vc\/wp-content\/uploads\/2023\/01\/Captura-de-Pantalla-2023-01-23-a-las-18.44.51-150x150.png 150w, https:\/\/dev.antudigital.cl\/sites\/vc\/wp-content\/uploads\/2023\/01\/Captura-de-Pantalla-2023-01-23-a-las-18.44.51-480x482.png 480w\" sizes=\"(max-width: 594px) 100vw, 594px\" \/><\/figure>\n","protected":false},"excerpt":{"rendered":"<p>Del 23 al 25 de enero Insomnia Teatro Condell estar\u00e1 presentando una nueva edici\u00f3n de la Muestra Internacional de Pornograf\u00edas Cr\u00edticas\u00a0@excentrico.fest Tomando como l\u00ednea editorial el concepto de la distop\u00eda, el programa de la muestra ofrece un panorama de obras f\u00edlmicas que acuden al lenguaje pornogr\u00e1fico como soporte de cr\u00edtica y experimentaci\u00f3n po\u00e9tica, abordando cr\u00edticamente [&hellip;]<\/p>\n","protected":false},"author":1,"featured_media":12477,"comment_status":"open","ping_status":"closed","sticky":false,"template":"","format":"standard","meta":{"_acf_changed":false,"footnotes":""},"categories":[8],"tags":[],"class_list":["post-12475","post","type-post","status-publish","format-standard","has-post-thumbnail","hentry","category-noticia"],"acf":[],"yoast_head":"<!-- This site is optimized with the Yoast SEO plugin v27.1.1 - https:\/\/yoast.com\/product\/yoast-seo-wordpress\/ -->\n<title>Comenz\u00f3 Festival Exc\u00e9ntrico 2023 - Valpara\u00ed\u00adso Creativo<\/title>\n<meta name=\"robots\" content=\"index, follow, max-snippet:-1, max-image-preview:large, max-video-preview:-1\" \/>\n<link rel=\"canonical\" href=\"https:\/\/dev.antudigital.cl\/sites\/vc\/comenzo-festival-excentrico-2023\/\" \/>\n<meta property=\"og:locale\" content=\"es_ES\" \/>\n<meta property=\"og:type\" content=\"article\" \/>\n<meta property=\"og:title\" content=\"Comenz\u00f3 Festival Exc\u00e9ntrico 2023 - Valpara\u00ed\u00adso Creativo\" \/>\n<meta property=\"og:description\" content=\"Del 23 al 25 de enero Insomnia Teatro Condell estar\u00e1 presentando una nueva edici\u00f3n de la Muestra Internacional de Pornograf\u00edas Cr\u00edticas\u00a0@excentrico.fest Tomando como l\u00ednea editorial el concepto de la distop\u00eda, el programa de la muestra ofrece un panorama de obras f\u00edlmicas que acuden al lenguaje pornogr\u00e1fico como soporte de cr\u00edtica y experimentaci\u00f3n po\u00e9tica, abordando cr\u00edticamente [&hellip;]\" \/>\n<meta property=\"og:url\" content=\"https:\/\/dev.antudigital.cl\/sites\/vc\/comenzo-festival-excentrico-2023\/\" \/>\n<meta property=\"og:site_name\" content=\"Valpara\u00ed\u00adso Creativo\" \/>\n<meta property=\"article:published_time\" content=\"2023-01-23T21:51:17+00:00\" \/>\n<meta property=\"article:modified_time\" content=\"2023-01-23T21:51:20+00:00\" \/>\n<meta property=\"og:image\" content=\"https:\/\/dev.antudigital.cl\/sites\/vc\/wp-content\/uploads\/2023\/01\/Captura-de-Pantalla-2023-01-23-a-las-18.49.48.png\" \/>\n\t<meta property=\"og:image:width\" content=\"1096\" \/>\n\t<meta property=\"og:image:height\" content=\"600\" \/>\n\t<meta property=\"og:image:type\" content=\"image\/png\" \/>\n<meta name=\"author\" content=\"Valpara\u00edso Creativo\" \/>\n<meta name=\"twitter:card\" content=\"summary_large_image\" \/>\n<meta name=\"twitter:label1\" content=\"Escrito por\" \/>\n\t<meta name=\"twitter:data1\" content=\"Valpara\u00edso Creativo\" \/>\n\t<meta name=\"twitter:label2\" content=\"Tiempo de lectura\" \/>\n\t<meta name=\"twitter:data2\" content=\"1 minuto\" \/>\n<script type=\"application\/ld+json\" class=\"yoast-schema-graph\">{\"@context\":\"https:\/\/schema.org\",\"@graph\":[{\"@type\":\"Article\",\"@id\":\"https:\/\/dev.antudigital.cl\/sites\/vc\/comenzo-festival-excentrico-2023\/#article\",\"isPartOf\":{\"@id\":\"https:\/\/dev.antudigital.cl\/sites\/vc\/comenzo-festival-excentrico-2023\/\"},\"author\":{\"name\":\"Valpara\u00edso Creativo\",\"@id\":\"https:\/\/dev.antudigital.cl\/sites\/vc\/#\/schema\/person\/c2b9da8dd545e27166fc5ab232837318\"},\"headline\":\"Comenz\u00f3 Festival Exc\u00e9ntrico 2023\",\"datePublished\":\"2023-01-23T21:51:17+00:00\",\"dateModified\":\"2023-01-23T21:51:20+00:00\",\"mainEntityOfPage\":{\"@id\":\"https:\/\/dev.antudigital.cl\/sites\/vc\/comenzo-festival-excentrico-2023\/\"},\"wordCount\":189,\"commentCount\":0,\"image\":{\"@id\":\"https:\/\/dev.antudigital.cl\/sites\/vc\/comenzo-festival-excentrico-2023\/#primaryimage\"},\"thumbnailUrl\":\"https:\/\/dev.antudigital.cl\/sites\/vc\/wp-content\/uploads\/2023\/01\/Captura-de-Pantalla-2023-01-23-a-las-18.49.48.png\",\"articleSection\":[\"Noticia\"],\"inLanguage\":\"es\",\"potentialAction\":[{\"@type\":\"CommentAction\",\"name\":\"Comment\",\"target\":[\"https:\/\/dev.antudigital.cl\/sites\/vc\/comenzo-festival-excentrico-2023\/#respond\"]}]},{\"@type\":\"WebPage\",\"@id\":\"https:\/\/dev.antudigital.cl\/sites\/vc\/comenzo-festival-excentrico-2023\/\",\"url\":\"https:\/\/dev.antudigital.cl\/sites\/vc\/comenzo-festival-excentrico-2023\/\",\"name\":\"Comenz\u00f3 Festival Exc\u00e9ntrico 2023 - Valpara\u00ed\u00adso Creativo\",\"isPartOf\":{\"@id\":\"https:\/\/dev.antudigital.cl\/sites\/vc\/#website\"},\"primaryImageOfPage\":{\"@id\":\"https:\/\/dev.antudigital.cl\/sites\/vc\/comenzo-festival-excentrico-2023\/#primaryimage\"},\"image\":{\"@id\":\"https:\/\/dev.antudigital.cl\/sites\/vc\/comenzo-festival-excentrico-2023\/#primaryimage\"},\"thumbnailUrl\":\"https:\/\/dev.antudigital.cl\/sites\/vc\/wp-content\/uploads\/2023\/01\/Captura-de-Pantalla-2023-01-23-a-las-18.49.48.png\",\"datePublished\":\"2023-01-23T21:51:17+00:00\",\"dateModified\":\"2023-01-23T21:51:20+00:00\",\"author\":{\"@id\":\"https:\/\/dev.antudigital.cl\/sites\/vc\/#\/schema\/person\/c2b9da8dd545e27166fc5ab232837318\"},\"breadcrumb\":{\"@id\":\"https:\/\/dev.antudigital.cl\/sites\/vc\/comenzo-festival-excentrico-2023\/#breadcrumb\"},\"inLanguage\":\"es\",\"potentialAction\":[{\"@type\":\"ReadAction\",\"target\":[\"https:\/\/dev.antudigital.cl\/sites\/vc\/comenzo-festival-excentrico-2023\/\"]}]},{\"@type\":\"ImageObject\",\"inLanguage\":\"es\",\"@id\":\"https:\/\/dev.antudigital.cl\/sites\/vc\/comenzo-festival-excentrico-2023\/#primaryimage\",\"url\":\"https:\/\/dev.antudigital.cl\/sites\/vc\/wp-content\/uploads\/2023\/01\/Captura-de-Pantalla-2023-01-23-a-las-18.49.48.png\",\"contentUrl\":\"https:\/\/dev.antudigital.cl\/sites\/vc\/wp-content\/uploads\/2023\/01\/Captura-de-Pantalla-2023-01-23-a-las-18.49.48.png\",\"width\":1096,\"height\":600},{\"@type\":\"BreadcrumbList\",\"@id\":\"https:\/\/dev.antudigital.cl\/sites\/vc\/comenzo-festival-excentrico-2023\/#breadcrumb\",\"itemListElement\":[{\"@type\":\"ListItem\",\"position\":1,\"name\":\"Home\",\"item\":\"https:\/\/dev.antudigital.cl\/sites\/vc\/\"},{\"@type\":\"ListItem\",\"position\":2,\"name\":\"Comenz\u00f3 Festival Exc\u00e9ntrico 2023\"}]},{\"@type\":\"WebSite\",\"@id\":\"https:\/\/dev.antudigital.cl\/sites\/vc\/#website\",\"url\":\"https:\/\/dev.antudigital.cl\/sites\/vc\/\",\"name\":\"Valpara\u00ed\u00adso Creativo\",\"description\":\"\",\"potentialAction\":[{\"@type\":\"SearchAction\",\"target\":{\"@type\":\"EntryPoint\",\"urlTemplate\":\"https:\/\/dev.antudigital.cl\/sites\/vc\/?s={search_term_string}\"},\"query-input\":{\"@type\":\"PropertyValueSpecification\",\"valueRequired\":true,\"valueName\":\"search_term_string\"}}],\"inLanguage\":\"es\"},{\"@type\":\"Person\",\"@id\":\"https:\/\/dev.antudigital.cl\/sites\/vc\/#\/schema\/person\/c2b9da8dd545e27166fc5ab232837318\",\"name\":\"Valpara\u00edso Creativo\",\"description\":\"Periodista de cultura en la Regi\u00f3n de Valpara\u00edso.\",\"url\":\"https:\/\/dev.antudigital.cl\/sites\/vc\/author\/valpoadmin\/\"}]}<\/script>\n<!-- \/ Yoast SEO plugin. -->","yoast_head_json":{"title":"Comenz\u00f3 Festival Exc\u00e9ntrico 2023 - Valpara\u00ed\u00adso Creativo","robots":{"index":"index","follow":"follow","max-snippet":"max-snippet:-1","max-image-preview":"max-image-preview:large","max-video-preview":"max-video-preview:-1"},"canonical":"https:\/\/dev.antudigital.cl\/sites\/vc\/comenzo-festival-excentrico-2023\/","og_locale":"es_ES","og_type":"article","og_title":"Comenz\u00f3 Festival Exc\u00e9ntrico 2023 - Valpara\u00ed\u00adso Creativo","og_description":"Del 23 al 25 de enero Insomnia Teatro Condell estar\u00e1 presentando una nueva edici\u00f3n de la Muestra Internacional de Pornograf\u00edas Cr\u00edticas\u00a0@excentrico.fest Tomando como l\u00ednea editorial el concepto de la distop\u00eda, el programa de la muestra ofrece un panorama de obras f\u00edlmicas que acuden al lenguaje pornogr\u00e1fico como soporte de cr\u00edtica y experimentaci\u00f3n po\u00e9tica, abordando cr\u00edticamente [&hellip;]","og_url":"https:\/\/dev.antudigital.cl\/sites\/vc\/comenzo-festival-excentrico-2023\/","og_site_name":"Valpara\u00ed\u00adso Creativo","article_published_time":"2023-01-23T21:51:17+00:00","article_modified_time":"2023-01-23T21:51:20+00:00","og_image":[{"width":1096,"height":600,"url":"https:\/\/dev.antudigital.cl\/sites\/vc\/wp-content\/uploads\/2023\/01\/Captura-de-Pantalla-2023-01-23-a-las-18.49.48.png","type":"image\/png"}],"author":"Valpara\u00edso Creativo","twitter_card":"summary_large_image","twitter_misc":{"Escrito por":"Valpara\u00edso Creativo","Tiempo de lectura":"1 minuto"},"schema":{"@context":"https:\/\/schema.org","@graph":[{"@type":"Article","@id":"https:\/\/dev.antudigital.cl\/sites\/vc\/comenzo-festival-excentrico-2023\/#article","isPartOf":{"@id":"https:\/\/dev.antudigital.cl\/sites\/vc\/comenzo-festival-excentrico-2023\/"},"author":{"name":"Valpara\u00edso Creativo","@id":"https:\/\/dev.antudigital.cl\/sites\/vc\/#\/schema\/person\/c2b9da8dd545e27166fc5ab232837318"},"headline":"Comenz\u00f3 Festival Exc\u00e9ntrico 2023","datePublished":"2023-01-23T21:51:17+00:00","dateModified":"2023-01-23T21:51:20+00:00","mainEntityOfPage":{"@id":"https:\/\/dev.antudigital.cl\/sites\/vc\/comenzo-festival-excentrico-2023\/"},"wordCount":189,"commentCount":0,"image":{"@id":"https:\/\/dev.antudigital.cl\/sites\/vc\/comenzo-festival-excentrico-2023\/#primaryimage"},"thumbnailUrl":"https:\/\/dev.antudigital.cl\/sites\/vc\/wp-content\/uploads\/2023\/01\/Captura-de-Pantalla-2023-01-23-a-las-18.49.48.png","articleSection":["Noticia"],"inLanguage":"es","potentialAction":[{"@type":"CommentAction","name":"Comment","target":["https:\/\/dev.antudigital.cl\/sites\/vc\/comenzo-festival-excentrico-2023\/#respond"]}]},{"@type":"WebPage","@id":"https:\/\/dev.antudigital.cl\/sites\/vc\/comenzo-festival-excentrico-2023\/","url":"https:\/\/dev.antudigital.cl\/sites\/vc\/comenzo-festival-excentrico-2023\/","name":"Comenz\u00f3 Festival Exc\u00e9ntrico 2023 - Valpara\u00ed\u00adso Creativo","isPartOf":{"@id":"https:\/\/dev.antudigital.cl\/sites\/vc\/#website"},"primaryImageOfPage":{"@id":"https:\/\/dev.antudigital.cl\/sites\/vc\/comenzo-festival-excentrico-2023\/#primaryimage"},"image":{"@id":"https:\/\/dev.antudigital.cl\/sites\/vc\/comenzo-festival-excentrico-2023\/#primaryimage"},"thumbnailUrl":"https:\/\/dev.antudigital.cl\/sites\/vc\/wp-content\/uploads\/2023\/01\/Captura-de-Pantalla-2023-01-23-a-las-18.49.48.png","datePublished":"2023-01-23T21:51:17+00:00","dateModified":"2023-01-23T21:51:20+00:00","author":{"@id":"https:\/\/dev.antudigital.cl\/sites\/vc\/#\/schema\/person\/c2b9da8dd545e27166fc5ab232837318"},"breadcrumb":{"@id":"https:\/\/dev.antudigital.cl\/sites\/vc\/comenzo-festival-excentrico-2023\/#breadcrumb"},"inLanguage":"es","potentialAction":[{"@type":"ReadAction","target":["https:\/\/dev.antudigital.cl\/sites\/vc\/comenzo-festival-excentrico-2023\/"]}]},{"@type":"ImageObject","inLanguage":"es","@id":"https:\/\/dev.antudigital.cl\/sites\/vc\/comenzo-festival-excentrico-2023\/#primaryimage","url":"https:\/\/dev.antudigital.cl\/sites\/vc\/wp-content\/uploads\/2023\/01\/Captura-de-Pantalla-2023-01-23-a-las-18.49.48.png","contentUrl":"https:\/\/dev.antudigital.cl\/sites\/vc\/wp-content\/uploads\/2023\/01\/Captura-de-Pantalla-2023-01-23-a-las-18.49.48.png","width":1096,"height":600},{"@type":"BreadcrumbList","@id":"https:\/\/dev.antudigital.cl\/sites\/vc\/comenzo-festival-excentrico-2023\/#breadcrumb","itemListElement":[{"@type":"ListItem","position":1,"name":"Home","item":"https:\/\/dev.antudigital.cl\/sites\/vc\/"},{"@type":"ListItem","position":2,"name":"Comenz\u00f3 Festival Exc\u00e9ntrico 2023"}]},{"@type":"WebSite","@id":"https:\/\/dev.antudigital.cl\/sites\/vc\/#website","url":"https:\/\/dev.antudigital.cl\/sites\/vc\/","name":"Valpara\u00ed\u00adso Creativo","description":"","potentialAction":[{"@type":"SearchAction","target":{"@type":"EntryPoint","urlTemplate":"https:\/\/dev.antudigital.cl\/sites\/vc\/?s={search_term_string}"},"query-input":{"@type":"PropertyValueSpecification","valueRequired":true,"valueName":"search_term_string"}}],"inLanguage":"es"},{"@type":"Person","@id":"https:\/\/dev.antudigital.cl\/sites\/vc\/#\/schema\/person\/c2b9da8dd545e27166fc5ab232837318","name":"Valpara\u00edso Creativo","description":"Periodista de cultura en la Regi\u00f3n de Valpara\u00edso.","url":"https:\/\/dev.antudigital.cl\/sites\/vc\/author\/valpoadmin\/"}]}},"_links":{"self":[{"href":"https:\/\/dev.antudigital.cl\/sites\/vc\/wp-json\/wp\/v2\/posts\/12475","targetHints":{"allow":["GET"]}}],"collection":[{"href":"https:\/\/dev.antudigital.cl\/sites\/vc\/wp-json\/wp\/v2\/posts"}],"about":[{"href":"https:\/\/dev.antudigital.cl\/sites\/vc\/wp-json\/wp\/v2\/types\/post"}],"author":[{"embeddable":true,"href":"https:\/\/dev.antudigital.cl\/sites\/vc\/wp-json\/wp\/v2\/users\/1"}],"replies":[{"embeddable":true,"href":"https:\/\/dev.antudigital.cl\/sites\/vc\/wp-json\/wp\/v2\/comments?post=12475"}],"version-history":[{"count":1,"href":"https:\/\/dev.antudigital.cl\/sites\/vc\/wp-json\/wp\/v2\/posts\/12475\/revisions"}],"predecessor-version":[{"id":12478,"href":"https:\/\/dev.antudigital.cl\/sites\/vc\/wp-json\/wp\/v2\/posts\/12475\/revisions\/12478"}],"wp:featuredmedia":[{"embeddable":true,"href":"https:\/\/dev.antudigital.cl\/sites\/vc\/wp-json\/wp\/v2\/media\/12477"}],"wp:attachment":[{"href":"https:\/\/dev.antudigital.cl\/sites\/vc\/wp-json\/wp\/v2\/media?parent=12475"}],"wp:term":[{"taxonomy":"category","embeddable":true,"href":"https:\/\/dev.antudigital.cl\/sites\/vc\/wp-json\/wp\/v2\/categories?post=12475"},{"taxonomy":"post_tag","embeddable":true,"href":"https:\/\/dev.antudigital.cl\/sites\/vc\/wp-json\/wp\/v2\/tags?post=12475"}],"curies":[{"name":"wp","href":"https:\/\/api.w.org\/{rel}","templated":true}]}}