{"id":12479,"date":"2023-01-23T22:28:23","date_gmt":"2023-01-23T22:28:23","guid":{"rendered":"https:\/\/www.valparaisocreativo.cl\/?p=12479"},"modified":"2023-01-23T22:28:27","modified_gmt":"2023-01-23T22:28:27","slug":"la-gran-fiesta-del-cine-chileno-en-quilpue","status":"publish","type":"post","link":"https:\/\/dev.antudigital.cl\/sites\/vc\/la-gran-fiesta-del-cine-chileno-en-quilpue\/","title":{"rendered":"La gran fiesta del cine chileno en Quilpu\u00e9"},"content":{"rendered":"\n<p>Alexis S\u00e1nchez Baeza, es Director Ejecutivo y uno de los fundadores del Festival de Cine Chileno FECICH. Este viernes 20 fue la inauguraci\u00f3n del certamen que celebra el cine nacional en diversos formatos y tem\u00e1ticas. Su trabajo adem\u00e1s abarca las comunas de Quilpu\u00e9, Quillota, Llay Llay, Villa Alemana, Quintero, Cabildo y Casablanca.&nbsp;<\/p>\n\n\n\n<p>Ac\u00e1 te contamos un poco m\u00e1s en profundidad sobre la instancia que se est\u00e1 desarrollando hasta el 28 de enero en Quilpu\u00e9 y Villa Alemana:<\/p>\n\n\n\n<p><strong>\u00bfC\u00f3mo fue el inicio de FECICH?<\/strong><\/p>\n\n\n\n<p>-Junto a Sebasti\u00e1n Cartajena, quien es Director Art\u00edstico, est\u00e1bamos estudiando cine cuando se nos ocurri\u00f3 la idea de hacer un festival de cine en Quilpu\u00e9, y que tuviese un buen v\u00ednculo con la comunidad. Sab\u00edamos que lo \u00edbamos a hacer distinto, solo de cine chileno, y nos arriesgamos en ese camino porque en ese tiempo ve\u00edamos que hab\u00eda un gran potencial con las escuelas de cine que hab\u00eda, por ejemplo, en la regi\u00f3n. Vimos que hab\u00eda m\u00e1s acceso tambi\u00e9n a hacer pel\u00edculas, por lo que se ve\u00eda que vendr\u00eda una ola de nuevos realizadores. Y junto a ellos hemos ido creciendo.<\/p>\n\n\n\n<p>Hoy somos los \u00fanicos en el pa\u00eds, y tenemos muy claro nuestro foco. Este a\u00f1o tenemos muchos pre estrenos, pel\u00edculas que nos han elegido para exhibirse. Y adem\u00e1s pasamos por distintos espacios hasta estar en el Teatro Juan Bustos Ram\u00edrez y en el Teatro Pompeya, en alianza con Villa Alemana.\u00a0<\/p>\n\n\n\n<figure class=\"wp-block-image size-large\"><img fetchpriority=\"high\" decoding=\"async\" width=\"1024\" height=\"683\" src=\"https:\/\/www.valparaisocreativo.cl\/wp-content\/uploads\/2023\/01\/Prensa-Fecich-1-copia-1024x683.jpg\" alt=\"\" class=\"wp-image-12482\" srcset=\"https:\/\/dev.antudigital.cl\/sites\/vc\/wp-content\/uploads\/2023\/01\/Prensa-Fecich-1-copia-1024x683.jpg 1024w, https:\/\/dev.antudigital.cl\/sites\/vc\/wp-content\/uploads\/2023\/01\/Prensa-Fecich-1-copia-300x200.jpg 300w, https:\/\/dev.antudigital.cl\/sites\/vc\/wp-content\/uploads\/2023\/01\/Prensa-Fecich-1-copia-768x512.jpg 768w, https:\/\/dev.antudigital.cl\/sites\/vc\/wp-content\/uploads\/2023\/01\/Prensa-Fecich-1-copia-1536x1024.jpg 1536w, https:\/\/dev.antudigital.cl\/sites\/vc\/wp-content\/uploads\/2023\/01\/Prensa-Fecich-1-copia-2048x1365.jpg 2048w, https:\/\/dev.antudigital.cl\/sites\/vc\/wp-content\/uploads\/2023\/01\/Prensa-Fecich-1-copia-1080x720.jpg 1080w, https:\/\/dev.antudigital.cl\/sites\/vc\/wp-content\/uploads\/2023\/01\/Prensa-Fecich-1-copia-1280x854.jpg 1280w, https:\/\/dev.antudigital.cl\/sites\/vc\/wp-content\/uploads\/2023\/01\/Prensa-Fecich-1-copia-980x653.jpg 980w, https:\/\/dev.antudigital.cl\/sites\/vc\/wp-content\/uploads\/2023\/01\/Prensa-Fecich-1-copia-480x320.jpg 480w\" sizes=\"(max-width: 1024px) 100vw, 1024px\" \/><\/figure>\n\n\n\n<p><strong>\u00bfC\u00f3mo ha sido la relaci\u00f3n con el p\u00fablico que han generado?<\/strong><\/p>\n\n\n\n<p>-Nosotros tenemos un \u00e1rea de gran importancia que es la de formaci\u00f3n de audiencias. Tenemos muchos v\u00ednculos con organizaciones comunitarias de las seis comunas que ahora abordamos. Siempre se hace un trabajo de vinculaci\u00f3n con la ciudadan\u00eda, por ejemplo con la Escuela de Espectadores, donde vamos formando personas para que ellos puedan ver el cine de otra manera, y puedan acercarse a la creaci\u00f3n chilena.&nbsp;<\/p>\n\n\n\n<p>Hoy en d\u00eda de hecho tenemos un jurado joven conformado por distintos colegios de la comuna, adem\u00e1s de un jurado ciudadano, que genera el Premio del P\u00fablico.<\/p>\n\n\n\n<p>El jurado ciudadano es resultado de este proceso de Escuela de Espectadores, que parte antes del Festival, y comienza con talleres en l\u00ednea que permite que los y las participantes se capaciten. Son personas con ganas de aprender y que les gusta el cine. As\u00ed que al final del proceso de formaci\u00f3n se les invita a participar del festival. Este jurado de hecho entrega el premio a Mejor Pel\u00edcula, tiene gran relevancia.<\/p>\n\n\n\n<p><strong>\u00bfC\u00f3mo funcionan el resto del a\u00f1o?<\/strong><\/p>\n\n\n\n<p>-Junto a FECICH nace el centro cultural Quilpu\u00e9 Audiovisual, que tuvimos que crear para armar el evento. Y a trav\u00e9s de esa instancia tambi\u00e9n generamos funciones en las comunas que participamos, un proyecto paralelo al Festival que se ha ido consolidando. Y ah\u00ed tenemos funciones constantemente.<\/p>\n\n\n\n<figure class=\"wp-block-image size-large\"><img decoding=\"async\" width=\"1024\" height=\"683\" src=\"https:\/\/www.valparaisocreativo.cl\/wp-content\/uploads\/2023\/01\/Prensa-Fecich-4-copia-1024x683.jpg\" alt=\"\" class=\"wp-image-12481\" srcset=\"https:\/\/dev.antudigital.cl\/sites\/vc\/wp-content\/uploads\/2023\/01\/Prensa-Fecich-4-copia-1024x683.jpg 1024w, https:\/\/dev.antudigital.cl\/sites\/vc\/wp-content\/uploads\/2023\/01\/Prensa-Fecich-4-copia-300x200.jpg 300w, https:\/\/dev.antudigital.cl\/sites\/vc\/wp-content\/uploads\/2023\/01\/Prensa-Fecich-4-copia-768x512.jpg 768w, https:\/\/dev.antudigital.cl\/sites\/vc\/wp-content\/uploads\/2023\/01\/Prensa-Fecich-4-copia-1536x1024.jpg 1536w, https:\/\/dev.antudigital.cl\/sites\/vc\/wp-content\/uploads\/2023\/01\/Prensa-Fecich-4-copia-2048x1365.jpg 2048w, https:\/\/dev.antudigital.cl\/sites\/vc\/wp-content\/uploads\/2023\/01\/Prensa-Fecich-4-copia-1080x720.jpg 1080w, https:\/\/dev.antudigital.cl\/sites\/vc\/wp-content\/uploads\/2023\/01\/Prensa-Fecich-4-copia-1280x854.jpg 1280w, https:\/\/dev.antudigital.cl\/sites\/vc\/wp-content\/uploads\/2023\/01\/Prensa-Fecich-4-copia-980x653.jpg 980w, https:\/\/dev.antudigital.cl\/sites\/vc\/wp-content\/uploads\/2023\/01\/Prensa-Fecich-4-copia-480x320.jpg 480w\" sizes=\"(max-width: 1024px) 100vw, 1024px\" \/><\/figure>\n\n\n\n<p><strong>Este a\u00f1o cumplen 15 versiones, \u00bfqu\u00e9 se viene en esta edici\u00f3n?<\/strong><\/p>\n\n\n\n<p>-Bueno, hay varias aristas. Por un lado hay diversos homenajes, como a la actriz Amparo Noguera y al actor Alejandro Trejo, y a la realizadora Angelina V\u00e1squez y Orlando L\u00fcbbert, quienes tienen un trabajo importante en dictadura y quer\u00edamos visibilizar sus historias y relevar su trabajo.<\/p>\n\n\n\n<p>Cosas entretenidas que tendremos es que vendr\u00e1n Daniel Mu\u00f1oz y Katty Kowaleczko para la clausura, y en la inauguraci\u00f3n tuvimos a Patricia Rivadeneira y Emilia Noguera. Por otra parte est\u00e1n las competencias, como Radiograf\u00eda Nacional que busca ser un reflejo del pa\u00eds, buscamos historias de todo Chile con gente de regiones y diversas tem\u00e1ticas. Ac\u00e1 hay muchos pre estrenos, lo que nos emociona bastante.&nbsp;<\/p>\n\n\n\n<p>De manera paralela tenemos un \u00e1rea de industrias que fortalece pel\u00edculas que est\u00e1n en desarrollo, por ejemplo en el caso de Bajo Sospecha, un documental que pas\u00f3 por FECICH Industria y hoy est\u00e1 en varios festivales de otras partes. A trav\u00e9s de Industria buscamos fortalecer distintos \u00e1mbitos del cine chileno, como su producci\u00f3n, difusi\u00f3n u otros.<\/p>\n\n\n\n<p><strong>\u00bfC\u00f3mo ves t\u00fa la escena nacional de los festivales relativos al cine, que en los \u00faltimos a\u00f1os cada vez hay m\u00e1s?<\/strong><\/p>\n\n\n\n<p>-Creo que la cultura es algo m\u00f3vil, que tiene cambios constantes, y ese desarrollo de pol\u00edticas culturales que hemos tenido para la descentralizaci\u00f3n y fortalecer la infraestructura. Se ha podido as\u00ed favorecer a que se hagan festivales en regiones, con m\u00e1s espacios para los realizadores nacionales, lo que no genera una competencia entre los festivales en s\u00ed, sino que cada uno se diferencia seg\u00fan l\u00ednea curatorial.<\/p>\n\n\n\n<p><strong>En tus palabras, \u00bfc\u00f3mo invitas a nuestros lectores y lectoras a participar de FECICH?<\/strong><\/p>\n\n\n\n<p>-Primero recordarles que estamos abiertos a la comunidad, el festival es totalmente gratuito, con salas amplias para que todos puedan llegar y asistir sin problemas. La invitaci\u00f3n es a disfrutar el cine chileno y conocer m\u00e1s de lo que est\u00e1 pasando en nuestro cine. Adem\u00e1s hay que aprovechar los pre estrenos, son cintas que quiz\u00e1s no lleguen a cines o plataformas, y son contenido exclusivo a ver, as\u00ed que se pueden descubrir cosas nuevas. \u00a1A disfrutar del cine chileno con todas sus riquezas!<\/p>\n\n\n\n<p>Puedes conocer su programaci\u00f3n en <a href=\"https:\/\/fecich.cl\/\">FECICH.cl<\/a> y conocer sus horarios presenciales o ver su muestra en l\u00ednea.<\/p>\n","protected":false},"excerpt":{"rendered":"<p>Alexis S\u00e1nchez Baeza, es Director Ejecutivo y uno de los fundadores del Festival de Cine Chileno FECICH. Este viernes 20 fue la inauguraci\u00f3n del certamen que celebra el cine nacional en diversos formatos y tem\u00e1ticas. Su trabajo adem\u00e1s abarca las comunas de Quilpu\u00e9, Quillota, Llay Llay, Villa Alemana, Quintero, Cabildo y Casablanca.&nbsp; Ac\u00e1 te contamos [&hellip;]<\/p>\n","protected":false},"author":1,"featured_media":12480,"comment_status":"open","ping_status":"closed","sticky":false,"template":"","format":"standard","meta":{"_acf_changed":false,"footnotes":""},"categories":[8],"tags":[],"class_list":["post-12479","post","type-post","status-publish","format-standard","has-post-thumbnail","hentry","category-noticia"],"acf":[],"yoast_head":"<!-- This site is optimized with the Yoast SEO plugin v27.1.1 - https:\/\/yoast.com\/product\/yoast-seo-wordpress\/ -->\n<title>La gran fiesta del cine chileno en Quilpu\u00e9 - Valpara\u00ed\u00adso Creativo<\/title>\n<meta name=\"robots\" content=\"index, follow, max-snippet:-1, max-image-preview:large, max-video-preview:-1\" \/>\n<link rel=\"canonical\" href=\"https:\/\/dev.antudigital.cl\/sites\/vc\/la-gran-fiesta-del-cine-chileno-en-quilpue\/\" \/>\n<meta property=\"og:locale\" content=\"es_ES\" \/>\n<meta property=\"og:type\" content=\"article\" \/>\n<meta property=\"og:title\" content=\"La gran fiesta del cine chileno en Quilpu\u00e9 - Valpara\u00ed\u00adso Creativo\" \/>\n<meta property=\"og:description\" content=\"Alexis S\u00e1nchez Baeza, es Director Ejecutivo y uno de los fundadores del Festival de Cine Chileno FECICH. Este viernes 20 fue la inauguraci\u00f3n del certamen que celebra el cine nacional en diversos formatos y tem\u00e1ticas. Su trabajo adem\u00e1s abarca las comunas de Quilpu\u00e9, Quillota, Llay Llay, Villa Alemana, Quintero, Cabildo y Casablanca.&nbsp; Ac\u00e1 te contamos [&hellip;]\" \/>\n<meta property=\"og:url\" content=\"https:\/\/dev.antudigital.cl\/sites\/vc\/la-gran-fiesta-del-cine-chileno-en-quilpue\/\" \/>\n<meta property=\"og:site_name\" content=\"Valpara\u00ed\u00adso Creativo\" \/>\n<meta property=\"article:published_time\" content=\"2023-01-23T22:28:23+00:00\" \/>\n<meta property=\"article:modified_time\" content=\"2023-01-23T22:28:27+00:00\" \/>\n<meta property=\"og:image\" content=\"https:\/\/dev.antudigital.cl\/sites\/vc\/wp-content\/uploads\/2023\/01\/Prensa-Fecich-0-copia-scaled.jpg\" \/>\n\t<meta property=\"og:image:width\" content=\"2560\" \/>\n\t<meta property=\"og:image:height\" content=\"1707\" \/>\n\t<meta property=\"og:image:type\" content=\"image\/jpeg\" \/>\n<meta name=\"author\" content=\"Valpara\u00edso Creativo\" \/>\n<meta name=\"twitter:card\" content=\"summary_large_image\" \/>\n<meta name=\"twitter:label1\" content=\"Escrito por\" \/>\n\t<meta name=\"twitter:data1\" content=\"Valpara\u00edso Creativo\" \/>\n\t<meta name=\"twitter:label2\" content=\"Tiempo de lectura\" \/>\n\t<meta name=\"twitter:data2\" content=\"5 minutos\" \/>\n<script type=\"application\/ld+json\" class=\"yoast-schema-graph\">{\"@context\":\"https:\/\/schema.org\",\"@graph\":[{\"@type\":\"Article\",\"@id\":\"https:\/\/dev.antudigital.cl\/sites\/vc\/la-gran-fiesta-del-cine-chileno-en-quilpue\/#article\",\"isPartOf\":{\"@id\":\"https:\/\/dev.antudigital.cl\/sites\/vc\/la-gran-fiesta-del-cine-chileno-en-quilpue\/\"},\"author\":{\"name\":\"Valpara\u00edso Creativo\",\"@id\":\"https:\/\/dev.antudigital.cl\/sites\/vc\/#\/schema\/person\/c2b9da8dd545e27166fc5ab232837318\"},\"headline\":\"La gran fiesta del cine chileno en Quilpu\u00e9\",\"datePublished\":\"2023-01-23T22:28:23+00:00\",\"dateModified\":\"2023-01-23T22:28:27+00:00\",\"mainEntityOfPage\":{\"@id\":\"https:\/\/dev.antudigital.cl\/sites\/vc\/la-gran-fiesta-del-cine-chileno-en-quilpue\/\"},\"wordCount\":925,\"commentCount\":0,\"image\":{\"@id\":\"https:\/\/dev.antudigital.cl\/sites\/vc\/la-gran-fiesta-del-cine-chileno-en-quilpue\/#primaryimage\"},\"thumbnailUrl\":\"https:\/\/dev.antudigital.cl\/sites\/vc\/wp-content\/uploads\/2023\/01\/Prensa-Fecich-0-copia-scaled.jpg\",\"articleSection\":[\"Noticia\"],\"inLanguage\":\"es\",\"potentialAction\":[{\"@type\":\"CommentAction\",\"name\":\"Comment\",\"target\":[\"https:\/\/dev.antudigital.cl\/sites\/vc\/la-gran-fiesta-del-cine-chileno-en-quilpue\/#respond\"]}]},{\"@type\":\"WebPage\",\"@id\":\"https:\/\/dev.antudigital.cl\/sites\/vc\/la-gran-fiesta-del-cine-chileno-en-quilpue\/\",\"url\":\"https:\/\/dev.antudigital.cl\/sites\/vc\/la-gran-fiesta-del-cine-chileno-en-quilpue\/\",\"name\":\"La gran fiesta del cine chileno en Quilpu\u00e9 - Valpara\u00ed\u00adso Creativo\",\"isPartOf\":{\"@id\":\"https:\/\/dev.antudigital.cl\/sites\/vc\/#website\"},\"primaryImageOfPage\":{\"@id\":\"https:\/\/dev.antudigital.cl\/sites\/vc\/la-gran-fiesta-del-cine-chileno-en-quilpue\/#primaryimage\"},\"image\":{\"@id\":\"https:\/\/dev.antudigital.cl\/sites\/vc\/la-gran-fiesta-del-cine-chileno-en-quilpue\/#primaryimage\"},\"thumbnailUrl\":\"https:\/\/dev.antudigital.cl\/sites\/vc\/wp-content\/uploads\/2023\/01\/Prensa-Fecich-0-copia-scaled.jpg\",\"datePublished\":\"2023-01-23T22:28:23+00:00\",\"dateModified\":\"2023-01-23T22:28:27+00:00\",\"author\":{\"@id\":\"https:\/\/dev.antudigital.cl\/sites\/vc\/#\/schema\/person\/c2b9da8dd545e27166fc5ab232837318\"},\"breadcrumb\":{\"@id\":\"https:\/\/dev.antudigital.cl\/sites\/vc\/la-gran-fiesta-del-cine-chileno-en-quilpue\/#breadcrumb\"},\"inLanguage\":\"es\",\"potentialAction\":[{\"@type\":\"ReadAction\",\"target\":[\"https:\/\/dev.antudigital.cl\/sites\/vc\/la-gran-fiesta-del-cine-chileno-en-quilpue\/\"]}]},{\"@type\":\"ImageObject\",\"inLanguage\":\"es\",\"@id\":\"https:\/\/dev.antudigital.cl\/sites\/vc\/la-gran-fiesta-del-cine-chileno-en-quilpue\/#primaryimage\",\"url\":\"https:\/\/dev.antudigital.cl\/sites\/vc\/wp-content\/uploads\/2023\/01\/Prensa-Fecich-0-copia-scaled.jpg\",\"contentUrl\":\"https:\/\/dev.antudigital.cl\/sites\/vc\/wp-content\/uploads\/2023\/01\/Prensa-Fecich-0-copia-scaled.jpg\",\"width\":2560,\"height\":1707},{\"@type\":\"BreadcrumbList\",\"@id\":\"https:\/\/dev.antudigital.cl\/sites\/vc\/la-gran-fiesta-del-cine-chileno-en-quilpue\/#breadcrumb\",\"itemListElement\":[{\"@type\":\"ListItem\",\"position\":1,\"name\":\"Home\",\"item\":\"https:\/\/dev.antudigital.cl\/sites\/vc\/\"},{\"@type\":\"ListItem\",\"position\":2,\"name\":\"La gran fiesta del cine chileno en Quilpu\u00e9\"}]},{\"@type\":\"WebSite\",\"@id\":\"https:\/\/dev.antudigital.cl\/sites\/vc\/#website\",\"url\":\"https:\/\/dev.antudigital.cl\/sites\/vc\/\",\"name\":\"Valpara\u00ed\u00adso Creativo\",\"description\":\"\",\"potentialAction\":[{\"@type\":\"SearchAction\",\"target\":{\"@type\":\"EntryPoint\",\"urlTemplate\":\"https:\/\/dev.antudigital.cl\/sites\/vc\/?s={search_term_string}\"},\"query-input\":{\"@type\":\"PropertyValueSpecification\",\"valueRequired\":true,\"valueName\":\"search_term_string\"}}],\"inLanguage\":\"es\"},{\"@type\":\"Person\",\"@id\":\"https:\/\/dev.antudigital.cl\/sites\/vc\/#\/schema\/person\/c2b9da8dd545e27166fc5ab232837318\",\"name\":\"Valpara\u00edso Creativo\",\"description\":\"Periodista de cultura en la Regi\u00f3n de Valpara\u00edso.\",\"url\":\"https:\/\/dev.antudigital.cl\/sites\/vc\/author\/valpoadmin\/\"}]}<\/script>\n<!-- \/ Yoast SEO plugin. -->","yoast_head_json":{"title":"La gran fiesta del cine chileno en Quilpu\u00e9 - Valpara\u00ed\u00adso Creativo","robots":{"index":"index","follow":"follow","max-snippet":"max-snippet:-1","max-image-preview":"max-image-preview:large","max-video-preview":"max-video-preview:-1"},"canonical":"https:\/\/dev.antudigital.cl\/sites\/vc\/la-gran-fiesta-del-cine-chileno-en-quilpue\/","og_locale":"es_ES","og_type":"article","og_title":"La gran fiesta del cine chileno en Quilpu\u00e9 - Valpara\u00ed\u00adso Creativo","og_description":"Alexis S\u00e1nchez Baeza, es Director Ejecutivo y uno de los fundadores del Festival de Cine Chileno FECICH. Este viernes 20 fue la inauguraci\u00f3n del certamen que celebra el cine nacional en diversos formatos y tem\u00e1ticas. Su trabajo adem\u00e1s abarca las comunas de Quilpu\u00e9, Quillota, Llay Llay, Villa Alemana, Quintero, Cabildo y Casablanca.&nbsp; Ac\u00e1 te contamos [&hellip;]","og_url":"https:\/\/dev.antudigital.cl\/sites\/vc\/la-gran-fiesta-del-cine-chileno-en-quilpue\/","og_site_name":"Valpara\u00ed\u00adso Creativo","article_published_time":"2023-01-23T22:28:23+00:00","article_modified_time":"2023-01-23T22:28:27+00:00","og_image":[{"width":2560,"height":1707,"url":"https:\/\/dev.antudigital.cl\/sites\/vc\/wp-content\/uploads\/2023\/01\/Prensa-Fecich-0-copia-scaled.jpg","type":"image\/jpeg"}],"author":"Valpara\u00edso Creativo","twitter_card":"summary_large_image","twitter_misc":{"Escrito por":"Valpara\u00edso Creativo","Tiempo de lectura":"5 minutos"},"schema":{"@context":"https:\/\/schema.org","@graph":[{"@type":"Article","@id":"https:\/\/dev.antudigital.cl\/sites\/vc\/la-gran-fiesta-del-cine-chileno-en-quilpue\/#article","isPartOf":{"@id":"https:\/\/dev.antudigital.cl\/sites\/vc\/la-gran-fiesta-del-cine-chileno-en-quilpue\/"},"author":{"name":"Valpara\u00edso Creativo","@id":"https:\/\/dev.antudigital.cl\/sites\/vc\/#\/schema\/person\/c2b9da8dd545e27166fc5ab232837318"},"headline":"La gran fiesta del cine chileno en Quilpu\u00e9","datePublished":"2023-01-23T22:28:23+00:00","dateModified":"2023-01-23T22:28:27+00:00","mainEntityOfPage":{"@id":"https:\/\/dev.antudigital.cl\/sites\/vc\/la-gran-fiesta-del-cine-chileno-en-quilpue\/"},"wordCount":925,"commentCount":0,"image":{"@id":"https:\/\/dev.antudigital.cl\/sites\/vc\/la-gran-fiesta-del-cine-chileno-en-quilpue\/#primaryimage"},"thumbnailUrl":"https:\/\/dev.antudigital.cl\/sites\/vc\/wp-content\/uploads\/2023\/01\/Prensa-Fecich-0-copia-scaled.jpg","articleSection":["Noticia"],"inLanguage":"es","potentialAction":[{"@type":"CommentAction","name":"Comment","target":["https:\/\/dev.antudigital.cl\/sites\/vc\/la-gran-fiesta-del-cine-chileno-en-quilpue\/#respond"]}]},{"@type":"WebPage","@id":"https:\/\/dev.antudigital.cl\/sites\/vc\/la-gran-fiesta-del-cine-chileno-en-quilpue\/","url":"https:\/\/dev.antudigital.cl\/sites\/vc\/la-gran-fiesta-del-cine-chileno-en-quilpue\/","name":"La gran fiesta del cine chileno en Quilpu\u00e9 - Valpara\u00ed\u00adso Creativo","isPartOf":{"@id":"https:\/\/dev.antudigital.cl\/sites\/vc\/#website"},"primaryImageOfPage":{"@id":"https:\/\/dev.antudigital.cl\/sites\/vc\/la-gran-fiesta-del-cine-chileno-en-quilpue\/#primaryimage"},"image":{"@id":"https:\/\/dev.antudigital.cl\/sites\/vc\/la-gran-fiesta-del-cine-chileno-en-quilpue\/#primaryimage"},"thumbnailUrl":"https:\/\/dev.antudigital.cl\/sites\/vc\/wp-content\/uploads\/2023\/01\/Prensa-Fecich-0-copia-scaled.jpg","datePublished":"2023-01-23T22:28:23+00:00","dateModified":"2023-01-23T22:28:27+00:00","author":{"@id":"https:\/\/dev.antudigital.cl\/sites\/vc\/#\/schema\/person\/c2b9da8dd545e27166fc5ab232837318"},"breadcrumb":{"@id":"https:\/\/dev.antudigital.cl\/sites\/vc\/la-gran-fiesta-del-cine-chileno-en-quilpue\/#breadcrumb"},"inLanguage":"es","potentialAction":[{"@type":"ReadAction","target":["https:\/\/dev.antudigital.cl\/sites\/vc\/la-gran-fiesta-del-cine-chileno-en-quilpue\/"]}]},{"@type":"ImageObject","inLanguage":"es","@id":"https:\/\/dev.antudigital.cl\/sites\/vc\/la-gran-fiesta-del-cine-chileno-en-quilpue\/#primaryimage","url":"https:\/\/dev.antudigital.cl\/sites\/vc\/wp-content\/uploads\/2023\/01\/Prensa-Fecich-0-copia-scaled.jpg","contentUrl":"https:\/\/dev.antudigital.cl\/sites\/vc\/wp-content\/uploads\/2023\/01\/Prensa-Fecich-0-copia-scaled.jpg","width":2560,"height":1707},{"@type":"BreadcrumbList","@id":"https:\/\/dev.antudigital.cl\/sites\/vc\/la-gran-fiesta-del-cine-chileno-en-quilpue\/#breadcrumb","itemListElement":[{"@type":"ListItem","position":1,"name":"Home","item":"https:\/\/dev.antudigital.cl\/sites\/vc\/"},{"@type":"ListItem","position":2,"name":"La gran fiesta del cine chileno en Quilpu\u00e9"}]},{"@type":"WebSite","@id":"https:\/\/dev.antudigital.cl\/sites\/vc\/#website","url":"https:\/\/dev.antudigital.cl\/sites\/vc\/","name":"Valpara\u00ed\u00adso Creativo","description":"","potentialAction":[{"@type":"SearchAction","target":{"@type":"EntryPoint","urlTemplate":"https:\/\/dev.antudigital.cl\/sites\/vc\/?s={search_term_string}"},"query-input":{"@type":"PropertyValueSpecification","valueRequired":true,"valueName":"search_term_string"}}],"inLanguage":"es"},{"@type":"Person","@id":"https:\/\/dev.antudigital.cl\/sites\/vc\/#\/schema\/person\/c2b9da8dd545e27166fc5ab232837318","name":"Valpara\u00edso Creativo","description":"Periodista de cultura en la Regi\u00f3n de Valpara\u00edso.","url":"https:\/\/dev.antudigital.cl\/sites\/vc\/author\/valpoadmin\/"}]}},"_links":{"self":[{"href":"https:\/\/dev.antudigital.cl\/sites\/vc\/wp-json\/wp\/v2\/posts\/12479","targetHints":{"allow":["GET"]}}],"collection":[{"href":"https:\/\/dev.antudigital.cl\/sites\/vc\/wp-json\/wp\/v2\/posts"}],"about":[{"href":"https:\/\/dev.antudigital.cl\/sites\/vc\/wp-json\/wp\/v2\/types\/post"}],"author":[{"embeddable":true,"href":"https:\/\/dev.antudigital.cl\/sites\/vc\/wp-json\/wp\/v2\/users\/1"}],"replies":[{"embeddable":true,"href":"https:\/\/dev.antudigital.cl\/sites\/vc\/wp-json\/wp\/v2\/comments?post=12479"}],"version-history":[{"count":1,"href":"https:\/\/dev.antudigital.cl\/sites\/vc\/wp-json\/wp\/v2\/posts\/12479\/revisions"}],"predecessor-version":[{"id":12483,"href":"https:\/\/dev.antudigital.cl\/sites\/vc\/wp-json\/wp\/v2\/posts\/12479\/revisions\/12483"}],"wp:featuredmedia":[{"embeddable":true,"href":"https:\/\/dev.antudigital.cl\/sites\/vc\/wp-json\/wp\/v2\/media\/12480"}],"wp:attachment":[{"href":"https:\/\/dev.antudigital.cl\/sites\/vc\/wp-json\/wp\/v2\/media?parent=12479"}],"wp:term":[{"taxonomy":"category","embeddable":true,"href":"https:\/\/dev.antudigital.cl\/sites\/vc\/wp-json\/wp\/v2\/categories?post=12479"},{"taxonomy":"post_tag","embeddable":true,"href":"https:\/\/dev.antudigital.cl\/sites\/vc\/wp-json\/wp\/v2\/tags?post=12479"}],"curies":[{"name":"wp","href":"https:\/\/api.w.org\/{rel}","templated":true}]}}