{"id":12485,"date":"2023-01-30T21:15:37","date_gmt":"2023-01-30T21:15:37","guid":{"rendered":"https:\/\/www.valparaisocreativo.cl\/?p=12485"},"modified":"2023-01-30T21:15:41","modified_gmt":"2023-01-30T21:15:41","slug":"7o-festival-de-jazz-de-algarrobo","status":"publish","type":"post","link":"https:\/\/dev.antudigital.cl\/sites\/vc\/7o-festival-de-jazz-de-algarrobo\/","title":{"rendered":"7\u00ba Festival de Jazz de Algarrobo"},"content":{"rendered":"\n<p>\u00a1VUELVE EL FESTIVAL DE JAZZ DE ALGARROBO EN SU S\u00c9PTIMA VERSI\u00d3N!<\/p>\n\n\n\n<p>Desde el viernes 3 al s\u00e1bado 5 de febrero se llevar\u00e1 a cabo el Festival de Jazz de Algarrobo en la Plaza Bordemar, ubicada en Av. Carlos Alessandri.<br>El VII festival de jazz junto al mar es organizado por la Casa de la Cultura de la Ilustre Municipalidad de Algarrobo y en esta versi\u00f3n tendr\u00e1 ocho bandas de jazz, con aproximadamente 100 m\u00fasicos en escena. Este a\u00f1o tendr\u00e1n en escena un espect\u00e1culo internacional de primer nivel, adem\u00e1s de grandes exponentes nacionales del Jazz Fusion, y acompa\u00f1ado siempre de la escena musical del jazz local, abriendo los fuegos el primer d\u00eda, la Big Band juvenil de Algarrobo.<\/p>\n\n\n\n<p>El VII Festival de Jazz de Algarrobo, tiene como principal objetivo posicionar a la comuna de Algarrobo como un referente en el desarrollo de la creaci\u00f3n y difusi\u00f3n del Jazz, siendo este festival una plataforma art\u00edstica a nivel provincial y regional, posicionando la m\u00fasica como un elemento protagonista para el desarrollo integral de nuestras comunidades.<\/p>\n\n\n\n<p>M\u00e1s informaci\u00f3n en <a href=\"https:\/\/www.instagram.com\/culturaalgarrobo\/\">Cultura Algarrobo<\/a><\/p>\n\n\n\n<figure class=\"wp-block-image size-full\"><img fetchpriority=\"high\" decoding=\"async\" width=\"592\" height=\"597\" src=\"https:\/\/www.valparaisocreativo.cl\/wp-content\/uploads\/2023\/01\/Captura-de-Pantalla-2023-01-30-a-las-18.12.49.png\" alt=\"\" class=\"wp-image-12487\" srcset=\"https:\/\/dev.antudigital.cl\/sites\/vc\/wp-content\/uploads\/2023\/01\/Captura-de-Pantalla-2023-01-30-a-las-18.12.49.png 592w, https:\/\/dev.antudigital.cl\/sites\/vc\/wp-content\/uploads\/2023\/01\/Captura-de-Pantalla-2023-01-30-a-las-18.12.49-297x300.png 297w, https:\/\/dev.antudigital.cl\/sites\/vc\/wp-content\/uploads\/2023\/01\/Captura-de-Pantalla-2023-01-30-a-las-18.12.49-150x150.png 150w, https:\/\/dev.antudigital.cl\/sites\/vc\/wp-content\/uploads\/2023\/01\/Captura-de-Pantalla-2023-01-30-a-las-18.12.49-480x484.png 480w\" sizes=\"(max-width: 592px) 100vw, 592px\" \/><\/figure>\n","protected":false},"excerpt":{"rendered":"<p>\u00a1VUELVE EL FESTIVAL DE JAZZ DE ALGARROBO EN SU S\u00c9PTIMA VERSI\u00d3N! Desde el viernes 3 al s\u00e1bado 5 de febrero se llevar\u00e1 a cabo el Festival de Jazz de Algarrobo en la Plaza Bordemar, ubicada en Av. Carlos Alessandri.El VII festival de jazz junto al mar es organizado por la Casa de la Cultura de [&hellip;]<\/p>\n","protected":false},"author":1,"featured_media":12486,"comment_status":"open","ping_status":"closed","sticky":false,"template":"","format":"standard","meta":{"_acf_changed":false,"footnotes":""},"categories":[8],"tags":[],"class_list":["post-12485","post","type-post","status-publish","format-standard","has-post-thumbnail","hentry","category-noticia"],"acf":[],"yoast_head":"<!-- This site is optimized with the Yoast SEO plugin v27.1.1 - https:\/\/yoast.com\/product\/yoast-seo-wordpress\/ -->\n<title>7\u00ba Festival de Jazz de Algarrobo - Valpara\u00ed\u00adso Creativo<\/title>\n<meta name=\"robots\" content=\"index, follow, max-snippet:-1, max-image-preview:large, max-video-preview:-1\" \/>\n<link rel=\"canonical\" href=\"https:\/\/dev.antudigital.cl\/sites\/vc\/7o-festival-de-jazz-de-algarrobo\/\" \/>\n<meta property=\"og:locale\" content=\"es_ES\" \/>\n<meta property=\"og:type\" content=\"article\" \/>\n<meta property=\"og:title\" content=\"7\u00ba Festival de Jazz de Algarrobo - Valpara\u00ed\u00adso Creativo\" \/>\n<meta property=\"og:description\" content=\"\u00a1VUELVE EL FESTIVAL DE JAZZ DE ALGARROBO EN SU S\u00c9PTIMA VERSI\u00d3N! Desde el viernes 3 al s\u00e1bado 5 de febrero se llevar\u00e1 a cabo el Festival de Jazz de Algarrobo en la Plaza Bordemar, ubicada en Av. Carlos Alessandri.El VII festival de jazz junto al mar es organizado por la Casa de la Cultura de [&hellip;]\" \/>\n<meta property=\"og:url\" content=\"https:\/\/dev.antudigital.cl\/sites\/vc\/7o-festival-de-jazz-de-algarrobo\/\" \/>\n<meta property=\"og:site_name\" content=\"Valpara\u00ed\u00adso Creativo\" \/>\n<meta property=\"article:published_time\" content=\"2023-01-30T21:15:37+00:00\" \/>\n<meta property=\"article:modified_time\" content=\"2023-01-30T21:15:41+00:00\" \/>\n<meta property=\"og:image\" content=\"https:\/\/dev.antudigital.cl\/sites\/vc\/wp-content\/uploads\/2023\/01\/Festival-Jazz-Algarrobo-04-1080x300-1.jpeg\" \/>\n\t<meta property=\"og:image:width\" content=\"1080\" \/>\n\t<meta property=\"og:image:height\" content=\"300\" \/>\n\t<meta property=\"og:image:type\" content=\"image\/jpeg\" \/>\n<meta name=\"author\" content=\"Valpara\u00edso Creativo\" \/>\n<meta name=\"twitter:card\" content=\"summary_large_image\" \/>\n<meta name=\"twitter:label1\" content=\"Escrito por\" \/>\n\t<meta name=\"twitter:data1\" content=\"Valpara\u00edso Creativo\" \/>\n\t<meta name=\"twitter:label2\" content=\"Tiempo de lectura\" \/>\n\t<meta name=\"twitter:data2\" content=\"2 minutos\" \/>\n<script type=\"application\/ld+json\" class=\"yoast-schema-graph\">{\"@context\":\"https:\/\/schema.org\",\"@graph\":[{\"@type\":\"Article\",\"@id\":\"https:\/\/dev.antudigital.cl\/sites\/vc\/7o-festival-de-jazz-de-algarrobo\/#article\",\"isPartOf\":{\"@id\":\"https:\/\/dev.antudigital.cl\/sites\/vc\/7o-festival-de-jazz-de-algarrobo\/\"},\"author\":{\"name\":\"Valpara\u00edso Creativo\",\"@id\":\"https:\/\/dev.antudigital.cl\/sites\/vc\/#\/schema\/person\/c2b9da8dd545e27166fc5ab232837318\"},\"headline\":\"7\u00ba Festival de Jazz de Algarrobo\",\"datePublished\":\"2023-01-30T21:15:37+00:00\",\"dateModified\":\"2023-01-30T21:15:41+00:00\",\"mainEntityOfPage\":{\"@id\":\"https:\/\/dev.antudigital.cl\/sites\/vc\/7o-festival-de-jazz-de-algarrobo\/\"},\"wordCount\":196,\"commentCount\":0,\"image\":{\"@id\":\"https:\/\/dev.antudigital.cl\/sites\/vc\/7o-festival-de-jazz-de-algarrobo\/#primaryimage\"},\"thumbnailUrl\":\"https:\/\/dev.antudigital.cl\/sites\/vc\/wp-content\/uploads\/2023\/01\/Festival-Jazz-Algarrobo-04-1080x300-1.jpeg\",\"articleSection\":[\"Noticia\"],\"inLanguage\":\"es\",\"potentialAction\":[{\"@type\":\"CommentAction\",\"name\":\"Comment\",\"target\":[\"https:\/\/dev.antudigital.cl\/sites\/vc\/7o-festival-de-jazz-de-algarrobo\/#respond\"]}]},{\"@type\":\"WebPage\",\"@id\":\"https:\/\/dev.antudigital.cl\/sites\/vc\/7o-festival-de-jazz-de-algarrobo\/\",\"url\":\"https:\/\/dev.antudigital.cl\/sites\/vc\/7o-festival-de-jazz-de-algarrobo\/\",\"name\":\"7\u00ba Festival de Jazz de Algarrobo - Valpara\u00ed\u00adso Creativo\",\"isPartOf\":{\"@id\":\"https:\/\/dev.antudigital.cl\/sites\/vc\/#website\"},\"primaryImageOfPage\":{\"@id\":\"https:\/\/dev.antudigital.cl\/sites\/vc\/7o-festival-de-jazz-de-algarrobo\/#primaryimage\"},\"image\":{\"@id\":\"https:\/\/dev.antudigital.cl\/sites\/vc\/7o-festival-de-jazz-de-algarrobo\/#primaryimage\"},\"thumbnailUrl\":\"https:\/\/dev.antudigital.cl\/sites\/vc\/wp-content\/uploads\/2023\/01\/Festival-Jazz-Algarrobo-04-1080x300-1.jpeg\",\"datePublished\":\"2023-01-30T21:15:37+00:00\",\"dateModified\":\"2023-01-30T21:15:41+00:00\",\"author\":{\"@id\":\"https:\/\/dev.antudigital.cl\/sites\/vc\/#\/schema\/person\/c2b9da8dd545e27166fc5ab232837318\"},\"breadcrumb\":{\"@id\":\"https:\/\/dev.antudigital.cl\/sites\/vc\/7o-festival-de-jazz-de-algarrobo\/#breadcrumb\"},\"inLanguage\":\"es\",\"potentialAction\":[{\"@type\":\"ReadAction\",\"target\":[\"https:\/\/dev.antudigital.cl\/sites\/vc\/7o-festival-de-jazz-de-algarrobo\/\"]}]},{\"@type\":\"ImageObject\",\"inLanguage\":\"es\",\"@id\":\"https:\/\/dev.antudigital.cl\/sites\/vc\/7o-festival-de-jazz-de-algarrobo\/#primaryimage\",\"url\":\"https:\/\/dev.antudigital.cl\/sites\/vc\/wp-content\/uploads\/2023\/01\/Festival-Jazz-Algarrobo-04-1080x300-1.jpeg\",\"contentUrl\":\"https:\/\/dev.antudigital.cl\/sites\/vc\/wp-content\/uploads\/2023\/01\/Festival-Jazz-Algarrobo-04-1080x300-1.jpeg\",\"width\":1080,\"height\":300},{\"@type\":\"BreadcrumbList\",\"@id\":\"https:\/\/dev.antudigital.cl\/sites\/vc\/7o-festival-de-jazz-de-algarrobo\/#breadcrumb\",\"itemListElement\":[{\"@type\":\"ListItem\",\"position\":1,\"name\":\"Home\",\"item\":\"https:\/\/dev.antudigital.cl\/sites\/vc\/\"},{\"@type\":\"ListItem\",\"position\":2,\"name\":\"7\u00ba Festival de Jazz de Algarrobo\"}]},{\"@type\":\"WebSite\",\"@id\":\"https:\/\/dev.antudigital.cl\/sites\/vc\/#website\",\"url\":\"https:\/\/dev.antudigital.cl\/sites\/vc\/\",\"name\":\"Valpara\u00ed\u00adso Creativo\",\"description\":\"\",\"potentialAction\":[{\"@type\":\"SearchAction\",\"target\":{\"@type\":\"EntryPoint\",\"urlTemplate\":\"https:\/\/dev.antudigital.cl\/sites\/vc\/?s={search_term_string}\"},\"query-input\":{\"@type\":\"PropertyValueSpecification\",\"valueRequired\":true,\"valueName\":\"search_term_string\"}}],\"inLanguage\":\"es\"},{\"@type\":\"Person\",\"@id\":\"https:\/\/dev.antudigital.cl\/sites\/vc\/#\/schema\/person\/c2b9da8dd545e27166fc5ab232837318\",\"name\":\"Valpara\u00edso Creativo\",\"description\":\"Periodista de cultura en la Regi\u00f3n de Valpara\u00edso.\",\"url\":\"https:\/\/dev.antudigital.cl\/sites\/vc\/author\/valpoadmin\/\"}]}<\/script>\n<!-- \/ Yoast SEO plugin. -->","yoast_head_json":{"title":"7\u00ba Festival de Jazz de Algarrobo - Valpara\u00ed\u00adso Creativo","robots":{"index":"index","follow":"follow","max-snippet":"max-snippet:-1","max-image-preview":"max-image-preview:large","max-video-preview":"max-video-preview:-1"},"canonical":"https:\/\/dev.antudigital.cl\/sites\/vc\/7o-festival-de-jazz-de-algarrobo\/","og_locale":"es_ES","og_type":"article","og_title":"7\u00ba Festival de Jazz de Algarrobo - Valpara\u00ed\u00adso Creativo","og_description":"\u00a1VUELVE EL FESTIVAL DE JAZZ DE ALGARROBO EN SU S\u00c9PTIMA VERSI\u00d3N! Desde el viernes 3 al s\u00e1bado 5 de febrero se llevar\u00e1 a cabo el Festival de Jazz de Algarrobo en la Plaza Bordemar, ubicada en Av. Carlos Alessandri.El VII festival de jazz junto al mar es organizado por la Casa de la Cultura de [&hellip;]","og_url":"https:\/\/dev.antudigital.cl\/sites\/vc\/7o-festival-de-jazz-de-algarrobo\/","og_site_name":"Valpara\u00ed\u00adso Creativo","article_published_time":"2023-01-30T21:15:37+00:00","article_modified_time":"2023-01-30T21:15:41+00:00","og_image":[{"width":1080,"height":300,"url":"https:\/\/dev.antudigital.cl\/sites\/vc\/wp-content\/uploads\/2023\/01\/Festival-Jazz-Algarrobo-04-1080x300-1.jpeg","type":"image\/jpeg"}],"author":"Valpara\u00edso Creativo","twitter_card":"summary_large_image","twitter_misc":{"Escrito por":"Valpara\u00edso Creativo","Tiempo de lectura":"2 minutos"},"schema":{"@context":"https:\/\/schema.org","@graph":[{"@type":"Article","@id":"https:\/\/dev.antudigital.cl\/sites\/vc\/7o-festival-de-jazz-de-algarrobo\/#article","isPartOf":{"@id":"https:\/\/dev.antudigital.cl\/sites\/vc\/7o-festival-de-jazz-de-algarrobo\/"},"author":{"name":"Valpara\u00edso Creativo","@id":"https:\/\/dev.antudigital.cl\/sites\/vc\/#\/schema\/person\/c2b9da8dd545e27166fc5ab232837318"},"headline":"7\u00ba Festival de Jazz de Algarrobo","datePublished":"2023-01-30T21:15:37+00:00","dateModified":"2023-01-30T21:15:41+00:00","mainEntityOfPage":{"@id":"https:\/\/dev.antudigital.cl\/sites\/vc\/7o-festival-de-jazz-de-algarrobo\/"},"wordCount":196,"commentCount":0,"image":{"@id":"https:\/\/dev.antudigital.cl\/sites\/vc\/7o-festival-de-jazz-de-algarrobo\/#primaryimage"},"thumbnailUrl":"https:\/\/dev.antudigital.cl\/sites\/vc\/wp-content\/uploads\/2023\/01\/Festival-Jazz-Algarrobo-04-1080x300-1.jpeg","articleSection":["Noticia"],"inLanguage":"es","potentialAction":[{"@type":"CommentAction","name":"Comment","target":["https:\/\/dev.antudigital.cl\/sites\/vc\/7o-festival-de-jazz-de-algarrobo\/#respond"]}]},{"@type":"WebPage","@id":"https:\/\/dev.antudigital.cl\/sites\/vc\/7o-festival-de-jazz-de-algarrobo\/","url":"https:\/\/dev.antudigital.cl\/sites\/vc\/7o-festival-de-jazz-de-algarrobo\/","name":"7\u00ba Festival de Jazz de Algarrobo - Valpara\u00ed\u00adso Creativo","isPartOf":{"@id":"https:\/\/dev.antudigital.cl\/sites\/vc\/#website"},"primaryImageOfPage":{"@id":"https:\/\/dev.antudigital.cl\/sites\/vc\/7o-festival-de-jazz-de-algarrobo\/#primaryimage"},"image":{"@id":"https:\/\/dev.antudigital.cl\/sites\/vc\/7o-festival-de-jazz-de-algarrobo\/#primaryimage"},"thumbnailUrl":"https:\/\/dev.antudigital.cl\/sites\/vc\/wp-content\/uploads\/2023\/01\/Festival-Jazz-Algarrobo-04-1080x300-1.jpeg","datePublished":"2023-01-30T21:15:37+00:00","dateModified":"2023-01-30T21:15:41+00:00","author":{"@id":"https:\/\/dev.antudigital.cl\/sites\/vc\/#\/schema\/person\/c2b9da8dd545e27166fc5ab232837318"},"breadcrumb":{"@id":"https:\/\/dev.antudigital.cl\/sites\/vc\/7o-festival-de-jazz-de-algarrobo\/#breadcrumb"},"inLanguage":"es","potentialAction":[{"@type":"ReadAction","target":["https:\/\/dev.antudigital.cl\/sites\/vc\/7o-festival-de-jazz-de-algarrobo\/"]}]},{"@type":"ImageObject","inLanguage":"es","@id":"https:\/\/dev.antudigital.cl\/sites\/vc\/7o-festival-de-jazz-de-algarrobo\/#primaryimage","url":"https:\/\/dev.antudigital.cl\/sites\/vc\/wp-content\/uploads\/2023\/01\/Festival-Jazz-Algarrobo-04-1080x300-1.jpeg","contentUrl":"https:\/\/dev.antudigital.cl\/sites\/vc\/wp-content\/uploads\/2023\/01\/Festival-Jazz-Algarrobo-04-1080x300-1.jpeg","width":1080,"height":300},{"@type":"BreadcrumbList","@id":"https:\/\/dev.antudigital.cl\/sites\/vc\/7o-festival-de-jazz-de-algarrobo\/#breadcrumb","itemListElement":[{"@type":"ListItem","position":1,"name":"Home","item":"https:\/\/dev.antudigital.cl\/sites\/vc\/"},{"@type":"ListItem","position":2,"name":"7\u00ba Festival de Jazz de Algarrobo"}]},{"@type":"WebSite","@id":"https:\/\/dev.antudigital.cl\/sites\/vc\/#website","url":"https:\/\/dev.antudigital.cl\/sites\/vc\/","name":"Valpara\u00ed\u00adso Creativo","description":"","potentialAction":[{"@type":"SearchAction","target":{"@type":"EntryPoint","urlTemplate":"https:\/\/dev.antudigital.cl\/sites\/vc\/?s={search_term_string}"},"query-input":{"@type":"PropertyValueSpecification","valueRequired":true,"valueName":"search_term_string"}}],"inLanguage":"es"},{"@type":"Person","@id":"https:\/\/dev.antudigital.cl\/sites\/vc\/#\/schema\/person\/c2b9da8dd545e27166fc5ab232837318","name":"Valpara\u00edso Creativo","description":"Periodista de cultura en la Regi\u00f3n de Valpara\u00edso.","url":"https:\/\/dev.antudigital.cl\/sites\/vc\/author\/valpoadmin\/"}]}},"_links":{"self":[{"href":"https:\/\/dev.antudigital.cl\/sites\/vc\/wp-json\/wp\/v2\/posts\/12485","targetHints":{"allow":["GET"]}}],"collection":[{"href":"https:\/\/dev.antudigital.cl\/sites\/vc\/wp-json\/wp\/v2\/posts"}],"about":[{"href":"https:\/\/dev.antudigital.cl\/sites\/vc\/wp-json\/wp\/v2\/types\/post"}],"author":[{"embeddable":true,"href":"https:\/\/dev.antudigital.cl\/sites\/vc\/wp-json\/wp\/v2\/users\/1"}],"replies":[{"embeddable":true,"href":"https:\/\/dev.antudigital.cl\/sites\/vc\/wp-json\/wp\/v2\/comments?post=12485"}],"version-history":[{"count":1,"href":"https:\/\/dev.antudigital.cl\/sites\/vc\/wp-json\/wp\/v2\/posts\/12485\/revisions"}],"predecessor-version":[{"id":12488,"href":"https:\/\/dev.antudigital.cl\/sites\/vc\/wp-json\/wp\/v2\/posts\/12485\/revisions\/12488"}],"wp:featuredmedia":[{"embeddable":true,"href":"https:\/\/dev.antudigital.cl\/sites\/vc\/wp-json\/wp\/v2\/media\/12486"}],"wp:attachment":[{"href":"https:\/\/dev.antudigital.cl\/sites\/vc\/wp-json\/wp\/v2\/media?parent=12485"}],"wp:term":[{"taxonomy":"category","embeddable":true,"href":"https:\/\/dev.antudigital.cl\/sites\/vc\/wp-json\/wp\/v2\/categories?post=12485"},{"taxonomy":"post_tag","embeddable":true,"href":"https:\/\/dev.antudigital.cl\/sites\/vc\/wp-json\/wp\/v2\/tags?post=12485"}],"curies":[{"name":"wp","href":"https:\/\/api.w.org\/{rel}","templated":true}]}}