{"id":12489,"date":"2023-01-30T21:26:59","date_gmt":"2023-01-30T21:26:59","guid":{"rendered":"https:\/\/www.valparaisocreativo.cl\/?p=12489"},"modified":"2023-01-30T21:27:05","modified_gmt":"2023-01-30T21:27:05","slug":"atencion-musicos-y-musicas-descubre-este-llamado-de-fondos-cultura","status":"publish","type":"post","link":"https:\/\/dev.antudigital.cl\/sites\/vc\/atencion-musicos-y-musicas-descubre-este-llamado-de-fondos-cultura\/","title":{"rendered":"Atenci\u00f3n m\u00fasicos y m\u00fasicas: descubre este llamado de Fondos Cultura"},"content":{"rendered":"\n<p>Se abri\u00f3 el primer llamado a postulaci\u00f3n de la L\u00ednea de Apoyo a la Circulaci\u00f3n de la M\u00fasica Chilena 2023 (Ventanilla Abierta). Invitamos a todas y todos a revisar con atenci\u00f3n las bases y sus modificaciones para postular hasta el 24 de febrero, ingresando a <strong>www.fondosdecultura.cl.<\/strong><\/p>\n\n\n\n<p>Recuerden que El martes 31 de enero a las 12:00 horas, se realizar\u00e1 una charla de capacitaci\u00f3n online sobre la L\u00ednea de Circulaci\u00f3n Musical 2023.<\/p>\n\n\n\n<p>La invitaci\u00f3n est\u00e1 dirigida a los distintos agentes del sector a postular proyectos cuyo objetivo sea contribuir al posicionamiento de m\u00fasicos, mediadores, investigadores y profesionales chilenos en los circuitos nacionales o extranjeros, mediante la difusi\u00f3n de su trabajo y el fomento de generaci\u00f3n de redes de intercambio en territorio chileno y en el exterior. <\/p>\n\n\n\n<p>M\u00e1s informaci\u00f3n en <a href=\"https:\/\/www.instagram.com\/culturas_cl\/\">Culturas_CL<\/a><\/p>\n\n\n\n<figure class=\"wp-block-image size-full\"><img fetchpriority=\"high\" decoding=\"async\" width=\"473\" height=\"591\" src=\"https:\/\/www.valparaisocreativo.cl\/wp-content\/uploads\/2023\/01\/Captura-de-Pantalla-2023-01-30-a-las-18.25.03.png\" alt=\"\" class=\"wp-image-12490\" srcset=\"https:\/\/dev.antudigital.cl\/sites\/vc\/wp-content\/uploads\/2023\/01\/Captura-de-Pantalla-2023-01-30-a-las-18.25.03.png 473w, https:\/\/dev.antudigital.cl\/sites\/vc\/wp-content\/uploads\/2023\/01\/Captura-de-Pantalla-2023-01-30-a-las-18.25.03-240x300.png 240w\" sizes=\"(max-width: 473px) 100vw, 473px\" \/><\/figure>\n","protected":false},"excerpt":{"rendered":"<p>Se abri\u00f3 el primer llamado a postulaci\u00f3n de la L\u00ednea de Apoyo a la Circulaci\u00f3n de la M\u00fasica Chilena 2023 (Ventanilla Abierta). Invitamos a todas y todos a revisar con atenci\u00f3n las bases y sus modificaciones para postular hasta el 24 de febrero, ingresando a www.fondosdecultura.cl. Recuerden que El martes 31 de enero a las [&hellip;]<\/p>\n","protected":false},"author":1,"featured_media":12491,"comment_status":"open","ping_status":"closed","sticky":false,"template":"","format":"standard","meta":{"_acf_changed":false,"footnotes":""},"categories":[8],"tags":[],"class_list":["post-12489","post","type-post","status-publish","format-standard","has-post-thumbnail","hentry","category-noticia"],"acf":[],"yoast_head":"<!-- This site is optimized with the Yoast SEO plugin v27.1.1 - https:\/\/yoast.com\/product\/yoast-seo-wordpress\/ -->\n<title>Atenci\u00f3n m\u00fasicos y m\u00fasicas: descubre este llamado de Fondos Cultura - Valpara\u00ed\u00adso Creativo<\/title>\n<meta name=\"robots\" content=\"index, follow, max-snippet:-1, max-image-preview:large, max-video-preview:-1\" \/>\n<link rel=\"canonical\" href=\"https:\/\/dev.antudigital.cl\/sites\/vc\/atencion-musicos-y-musicas-descubre-este-llamado-de-fondos-cultura\/\" \/>\n<meta property=\"og:locale\" content=\"es_ES\" \/>\n<meta property=\"og:type\" content=\"article\" \/>\n<meta property=\"og:title\" content=\"Atenci\u00f3n m\u00fasicos y m\u00fasicas: descubre este llamado de Fondos Cultura - Valpara\u00ed\u00adso Creativo\" \/>\n<meta property=\"og:description\" content=\"Se abri\u00f3 el primer llamado a postulaci\u00f3n de la L\u00ednea de Apoyo a la Circulaci\u00f3n de la M\u00fasica Chilena 2023 (Ventanilla Abierta). Invitamos a todas y todos a revisar con atenci\u00f3n las bases y sus modificaciones para postular hasta el 24 de febrero, ingresando a www.fondosdecultura.cl. Recuerden que El martes 31 de enero a las [&hellip;]\" \/>\n<meta property=\"og:url\" content=\"https:\/\/dev.antudigital.cl\/sites\/vc\/atencion-musicos-y-musicas-descubre-este-llamado-de-fondos-cultura\/\" \/>\n<meta property=\"og:site_name\" content=\"Valpara\u00ed\u00adso Creativo\" \/>\n<meta property=\"article:published_time\" content=\"2023-01-30T21:26:59+00:00\" \/>\n<meta property=\"article:modified_time\" content=\"2023-01-30T21:27:05+00:00\" \/>\n<meta property=\"og:image\" content=\"https:\/\/dev.antudigital.cl\/sites\/vc\/wp-content\/uploads\/2023\/01\/Captura-de-Pantalla-2023-01-30-a-las-18.25.08.png\" \/>\n\t<meta property=\"og:image:width\" content=\"594\" \/>\n\t<meta property=\"og:image:height\" content=\"393\" \/>\n\t<meta property=\"og:image:type\" content=\"image\/png\" \/>\n<meta name=\"author\" content=\"Valpara\u00edso Creativo\" \/>\n<meta name=\"twitter:card\" content=\"summary_large_image\" \/>\n<meta name=\"twitter:label1\" content=\"Escrito por\" \/>\n\t<meta name=\"twitter:data1\" content=\"Valpara\u00edso Creativo\" \/>\n\t<meta name=\"twitter:label2\" content=\"Tiempo de lectura\" \/>\n\t<meta name=\"twitter:data2\" content=\"1 minuto\" \/>\n<script type=\"application\/ld+json\" class=\"yoast-schema-graph\">{\"@context\":\"https:\/\/schema.org\",\"@graph\":[{\"@type\":\"Article\",\"@id\":\"https:\/\/dev.antudigital.cl\/sites\/vc\/atencion-musicos-y-musicas-descubre-este-llamado-de-fondos-cultura\/#article\",\"isPartOf\":{\"@id\":\"https:\/\/dev.antudigital.cl\/sites\/vc\/atencion-musicos-y-musicas-descubre-este-llamado-de-fondos-cultura\/\"},\"author\":{\"name\":\"Valpara\u00edso Creativo\",\"@id\":\"https:\/\/dev.antudigital.cl\/sites\/vc\/#\/schema\/person\/c2b9da8dd545e27166fc5ab232837318\"},\"headline\":\"Atenci\u00f3n m\u00fasicos y m\u00fasicas: descubre este llamado de Fondos Cultura\",\"datePublished\":\"2023-01-30T21:26:59+00:00\",\"dateModified\":\"2023-01-30T21:27:05+00:00\",\"mainEntityOfPage\":{\"@id\":\"https:\/\/dev.antudigital.cl\/sites\/vc\/atencion-musicos-y-musicas-descubre-este-llamado-de-fondos-cultura\/\"},\"wordCount\":154,\"commentCount\":0,\"image\":{\"@id\":\"https:\/\/dev.antudigital.cl\/sites\/vc\/atencion-musicos-y-musicas-descubre-este-llamado-de-fondos-cultura\/#primaryimage\"},\"thumbnailUrl\":\"https:\/\/dev.antudigital.cl\/sites\/vc\/wp-content\/uploads\/2023\/01\/Captura-de-Pantalla-2023-01-30-a-las-18.25.08.png\",\"articleSection\":[\"Noticia\"],\"inLanguage\":\"es\",\"potentialAction\":[{\"@type\":\"CommentAction\",\"name\":\"Comment\",\"target\":[\"https:\/\/dev.antudigital.cl\/sites\/vc\/atencion-musicos-y-musicas-descubre-este-llamado-de-fondos-cultura\/#respond\"]}]},{\"@type\":\"WebPage\",\"@id\":\"https:\/\/dev.antudigital.cl\/sites\/vc\/atencion-musicos-y-musicas-descubre-este-llamado-de-fondos-cultura\/\",\"url\":\"https:\/\/dev.antudigital.cl\/sites\/vc\/atencion-musicos-y-musicas-descubre-este-llamado-de-fondos-cultura\/\",\"name\":\"Atenci\u00f3n m\u00fasicos y m\u00fasicas: descubre este llamado de Fondos Cultura - Valpara\u00ed\u00adso Creativo\",\"isPartOf\":{\"@id\":\"https:\/\/dev.antudigital.cl\/sites\/vc\/#website\"},\"primaryImageOfPage\":{\"@id\":\"https:\/\/dev.antudigital.cl\/sites\/vc\/atencion-musicos-y-musicas-descubre-este-llamado-de-fondos-cultura\/#primaryimage\"},\"image\":{\"@id\":\"https:\/\/dev.antudigital.cl\/sites\/vc\/atencion-musicos-y-musicas-descubre-este-llamado-de-fondos-cultura\/#primaryimage\"},\"thumbnailUrl\":\"https:\/\/dev.antudigital.cl\/sites\/vc\/wp-content\/uploads\/2023\/01\/Captura-de-Pantalla-2023-01-30-a-las-18.25.08.png\",\"datePublished\":\"2023-01-30T21:26:59+00:00\",\"dateModified\":\"2023-01-30T21:27:05+00:00\",\"author\":{\"@id\":\"https:\/\/dev.antudigital.cl\/sites\/vc\/#\/schema\/person\/c2b9da8dd545e27166fc5ab232837318\"},\"breadcrumb\":{\"@id\":\"https:\/\/dev.antudigital.cl\/sites\/vc\/atencion-musicos-y-musicas-descubre-este-llamado-de-fondos-cultura\/#breadcrumb\"},\"inLanguage\":\"es\",\"potentialAction\":[{\"@type\":\"ReadAction\",\"target\":[\"https:\/\/dev.antudigital.cl\/sites\/vc\/atencion-musicos-y-musicas-descubre-este-llamado-de-fondos-cultura\/\"]}]},{\"@type\":\"ImageObject\",\"inLanguage\":\"es\",\"@id\":\"https:\/\/dev.antudigital.cl\/sites\/vc\/atencion-musicos-y-musicas-descubre-este-llamado-de-fondos-cultura\/#primaryimage\",\"url\":\"https:\/\/dev.antudigital.cl\/sites\/vc\/wp-content\/uploads\/2023\/01\/Captura-de-Pantalla-2023-01-30-a-las-18.25.08.png\",\"contentUrl\":\"https:\/\/dev.antudigital.cl\/sites\/vc\/wp-content\/uploads\/2023\/01\/Captura-de-Pantalla-2023-01-30-a-las-18.25.08.png\",\"width\":594,\"height\":393},{\"@type\":\"BreadcrumbList\",\"@id\":\"https:\/\/dev.antudigital.cl\/sites\/vc\/atencion-musicos-y-musicas-descubre-este-llamado-de-fondos-cultura\/#breadcrumb\",\"itemListElement\":[{\"@type\":\"ListItem\",\"position\":1,\"name\":\"Home\",\"item\":\"https:\/\/dev.antudigital.cl\/sites\/vc\/\"},{\"@type\":\"ListItem\",\"position\":2,\"name\":\"Atenci\u00f3n m\u00fasicos y m\u00fasicas: descubre este llamado de Fondos Cultura\"}]},{\"@type\":\"WebSite\",\"@id\":\"https:\/\/dev.antudigital.cl\/sites\/vc\/#website\",\"url\":\"https:\/\/dev.antudigital.cl\/sites\/vc\/\",\"name\":\"Valpara\u00ed\u00adso Creativo\",\"description\":\"\",\"potentialAction\":[{\"@type\":\"SearchAction\",\"target\":{\"@type\":\"EntryPoint\",\"urlTemplate\":\"https:\/\/dev.antudigital.cl\/sites\/vc\/?s={search_term_string}\"},\"query-input\":{\"@type\":\"PropertyValueSpecification\",\"valueRequired\":true,\"valueName\":\"search_term_string\"}}],\"inLanguage\":\"es\"},{\"@type\":\"Person\",\"@id\":\"https:\/\/dev.antudigital.cl\/sites\/vc\/#\/schema\/person\/c2b9da8dd545e27166fc5ab232837318\",\"name\":\"Valpara\u00edso Creativo\",\"description\":\"Periodista de cultura en la Regi\u00f3n de Valpara\u00edso.\",\"url\":\"https:\/\/dev.antudigital.cl\/sites\/vc\/author\/valpoadmin\/\"}]}<\/script>\n<!-- \/ Yoast SEO plugin. -->","yoast_head_json":{"title":"Atenci\u00f3n m\u00fasicos y m\u00fasicas: descubre este llamado de Fondos Cultura - Valpara\u00ed\u00adso Creativo","robots":{"index":"index","follow":"follow","max-snippet":"max-snippet:-1","max-image-preview":"max-image-preview:large","max-video-preview":"max-video-preview:-1"},"canonical":"https:\/\/dev.antudigital.cl\/sites\/vc\/atencion-musicos-y-musicas-descubre-este-llamado-de-fondos-cultura\/","og_locale":"es_ES","og_type":"article","og_title":"Atenci\u00f3n m\u00fasicos y m\u00fasicas: descubre este llamado de Fondos Cultura - Valpara\u00ed\u00adso Creativo","og_description":"Se abri\u00f3 el primer llamado a postulaci\u00f3n de la L\u00ednea de Apoyo a la Circulaci\u00f3n de la M\u00fasica Chilena 2023 (Ventanilla Abierta). Invitamos a todas y todos a revisar con atenci\u00f3n las bases y sus modificaciones para postular hasta el 24 de febrero, ingresando a www.fondosdecultura.cl. Recuerden que El martes 31 de enero a las [&hellip;]","og_url":"https:\/\/dev.antudigital.cl\/sites\/vc\/atencion-musicos-y-musicas-descubre-este-llamado-de-fondos-cultura\/","og_site_name":"Valpara\u00ed\u00adso Creativo","article_published_time":"2023-01-30T21:26:59+00:00","article_modified_time":"2023-01-30T21:27:05+00:00","og_image":[{"width":594,"height":393,"url":"https:\/\/dev.antudigital.cl\/sites\/vc\/wp-content\/uploads\/2023\/01\/Captura-de-Pantalla-2023-01-30-a-las-18.25.08.png","type":"image\/png"}],"author":"Valpara\u00edso Creativo","twitter_card":"summary_large_image","twitter_misc":{"Escrito por":"Valpara\u00edso Creativo","Tiempo de lectura":"1 minuto"},"schema":{"@context":"https:\/\/schema.org","@graph":[{"@type":"Article","@id":"https:\/\/dev.antudigital.cl\/sites\/vc\/atencion-musicos-y-musicas-descubre-este-llamado-de-fondos-cultura\/#article","isPartOf":{"@id":"https:\/\/dev.antudigital.cl\/sites\/vc\/atencion-musicos-y-musicas-descubre-este-llamado-de-fondos-cultura\/"},"author":{"name":"Valpara\u00edso Creativo","@id":"https:\/\/dev.antudigital.cl\/sites\/vc\/#\/schema\/person\/c2b9da8dd545e27166fc5ab232837318"},"headline":"Atenci\u00f3n m\u00fasicos y m\u00fasicas: descubre este llamado de Fondos Cultura","datePublished":"2023-01-30T21:26:59+00:00","dateModified":"2023-01-30T21:27:05+00:00","mainEntityOfPage":{"@id":"https:\/\/dev.antudigital.cl\/sites\/vc\/atencion-musicos-y-musicas-descubre-este-llamado-de-fondos-cultura\/"},"wordCount":154,"commentCount":0,"image":{"@id":"https:\/\/dev.antudigital.cl\/sites\/vc\/atencion-musicos-y-musicas-descubre-este-llamado-de-fondos-cultura\/#primaryimage"},"thumbnailUrl":"https:\/\/dev.antudigital.cl\/sites\/vc\/wp-content\/uploads\/2023\/01\/Captura-de-Pantalla-2023-01-30-a-las-18.25.08.png","articleSection":["Noticia"],"inLanguage":"es","potentialAction":[{"@type":"CommentAction","name":"Comment","target":["https:\/\/dev.antudigital.cl\/sites\/vc\/atencion-musicos-y-musicas-descubre-este-llamado-de-fondos-cultura\/#respond"]}]},{"@type":"WebPage","@id":"https:\/\/dev.antudigital.cl\/sites\/vc\/atencion-musicos-y-musicas-descubre-este-llamado-de-fondos-cultura\/","url":"https:\/\/dev.antudigital.cl\/sites\/vc\/atencion-musicos-y-musicas-descubre-este-llamado-de-fondos-cultura\/","name":"Atenci\u00f3n m\u00fasicos y m\u00fasicas: descubre este llamado de Fondos Cultura - Valpara\u00ed\u00adso Creativo","isPartOf":{"@id":"https:\/\/dev.antudigital.cl\/sites\/vc\/#website"},"primaryImageOfPage":{"@id":"https:\/\/dev.antudigital.cl\/sites\/vc\/atencion-musicos-y-musicas-descubre-este-llamado-de-fondos-cultura\/#primaryimage"},"image":{"@id":"https:\/\/dev.antudigital.cl\/sites\/vc\/atencion-musicos-y-musicas-descubre-este-llamado-de-fondos-cultura\/#primaryimage"},"thumbnailUrl":"https:\/\/dev.antudigital.cl\/sites\/vc\/wp-content\/uploads\/2023\/01\/Captura-de-Pantalla-2023-01-30-a-las-18.25.08.png","datePublished":"2023-01-30T21:26:59+00:00","dateModified":"2023-01-30T21:27:05+00:00","author":{"@id":"https:\/\/dev.antudigital.cl\/sites\/vc\/#\/schema\/person\/c2b9da8dd545e27166fc5ab232837318"},"breadcrumb":{"@id":"https:\/\/dev.antudigital.cl\/sites\/vc\/atencion-musicos-y-musicas-descubre-este-llamado-de-fondos-cultura\/#breadcrumb"},"inLanguage":"es","potentialAction":[{"@type":"ReadAction","target":["https:\/\/dev.antudigital.cl\/sites\/vc\/atencion-musicos-y-musicas-descubre-este-llamado-de-fondos-cultura\/"]}]},{"@type":"ImageObject","inLanguage":"es","@id":"https:\/\/dev.antudigital.cl\/sites\/vc\/atencion-musicos-y-musicas-descubre-este-llamado-de-fondos-cultura\/#primaryimage","url":"https:\/\/dev.antudigital.cl\/sites\/vc\/wp-content\/uploads\/2023\/01\/Captura-de-Pantalla-2023-01-30-a-las-18.25.08.png","contentUrl":"https:\/\/dev.antudigital.cl\/sites\/vc\/wp-content\/uploads\/2023\/01\/Captura-de-Pantalla-2023-01-30-a-las-18.25.08.png","width":594,"height":393},{"@type":"BreadcrumbList","@id":"https:\/\/dev.antudigital.cl\/sites\/vc\/atencion-musicos-y-musicas-descubre-este-llamado-de-fondos-cultura\/#breadcrumb","itemListElement":[{"@type":"ListItem","position":1,"name":"Home","item":"https:\/\/dev.antudigital.cl\/sites\/vc\/"},{"@type":"ListItem","position":2,"name":"Atenci\u00f3n m\u00fasicos y m\u00fasicas: descubre este llamado de Fondos Cultura"}]},{"@type":"WebSite","@id":"https:\/\/dev.antudigital.cl\/sites\/vc\/#website","url":"https:\/\/dev.antudigital.cl\/sites\/vc\/","name":"Valpara\u00ed\u00adso Creativo","description":"","potentialAction":[{"@type":"SearchAction","target":{"@type":"EntryPoint","urlTemplate":"https:\/\/dev.antudigital.cl\/sites\/vc\/?s={search_term_string}"},"query-input":{"@type":"PropertyValueSpecification","valueRequired":true,"valueName":"search_term_string"}}],"inLanguage":"es"},{"@type":"Person","@id":"https:\/\/dev.antudigital.cl\/sites\/vc\/#\/schema\/person\/c2b9da8dd545e27166fc5ab232837318","name":"Valpara\u00edso Creativo","description":"Periodista de cultura en la Regi\u00f3n de Valpara\u00edso.","url":"https:\/\/dev.antudigital.cl\/sites\/vc\/author\/valpoadmin\/"}]}},"_links":{"self":[{"href":"https:\/\/dev.antudigital.cl\/sites\/vc\/wp-json\/wp\/v2\/posts\/12489","targetHints":{"allow":["GET"]}}],"collection":[{"href":"https:\/\/dev.antudigital.cl\/sites\/vc\/wp-json\/wp\/v2\/posts"}],"about":[{"href":"https:\/\/dev.antudigital.cl\/sites\/vc\/wp-json\/wp\/v2\/types\/post"}],"author":[{"embeddable":true,"href":"https:\/\/dev.antudigital.cl\/sites\/vc\/wp-json\/wp\/v2\/users\/1"}],"replies":[{"embeddable":true,"href":"https:\/\/dev.antudigital.cl\/sites\/vc\/wp-json\/wp\/v2\/comments?post=12489"}],"version-history":[{"count":1,"href":"https:\/\/dev.antudigital.cl\/sites\/vc\/wp-json\/wp\/v2\/posts\/12489\/revisions"}],"predecessor-version":[{"id":12492,"href":"https:\/\/dev.antudigital.cl\/sites\/vc\/wp-json\/wp\/v2\/posts\/12489\/revisions\/12492"}],"wp:featuredmedia":[{"embeddable":true,"href":"https:\/\/dev.antudigital.cl\/sites\/vc\/wp-json\/wp\/v2\/media\/12491"}],"wp:attachment":[{"href":"https:\/\/dev.antudigital.cl\/sites\/vc\/wp-json\/wp\/v2\/media?parent=12489"}],"wp:term":[{"taxonomy":"category","embeddable":true,"href":"https:\/\/dev.antudigital.cl\/sites\/vc\/wp-json\/wp\/v2\/categories?post=12489"},{"taxonomy":"post_tag","embeddable":true,"href":"https:\/\/dev.antudigital.cl\/sites\/vc\/wp-json\/wp\/v2\/tags?post=12489"}],"curies":[{"name":"wp","href":"https:\/\/api.w.org\/{rel}","templated":true}]}}