{"id":12493,"date":"2023-01-30T21:44:51","date_gmt":"2023-01-30T21:44:51","guid":{"rendered":"https:\/\/www.valparaisocreativo.cl\/?p=12493"},"modified":"2023-01-30T21:45:03","modified_gmt":"2023-01-30T21:45:03","slug":"ya-no-queda-nada-para-festival-trotamundos","status":"publish","type":"post","link":"https:\/\/dev.antudigital.cl\/sites\/vc\/ya-no-queda-nada-para-festival-trotamundos\/","title":{"rendered":"Ya no queda nada para Festival Trotamundos"},"content":{"rendered":"\n<p><strong>Festival Trotamundos Quilpu\u00e9<br>Sabado 04 Febrero 2023<br>desde las 12:00hrs a 00:00hrs<\/strong><br><br>Con una vasta trayectoria en la ciudad del Sol, Trotamundos Terraza realiza su primer festival en el Aut\u00f3dromo Gustavo Felo Rivera Quilpu\u00e9. Desde el medio d\u00eda se presentar\u00e1n m\u00e1s de 20 artistas en una jornada de 10 horas de m\u00fasica y diversi\u00f3n.<br><br>Con un grato ambiente familiar, que unen la pasi\u00f3n por la m\u00fasica y el deporte automovil\u00edstico en este m\u00edtico lugar.<br><br>Los emprendedores locales sin duda estar\u00e1n presentes, d\u00e1ndole visibilidad a su gran aporte a la ciudad en el \u00e1rea de la gastronom\u00eda y presentando su arte en una variada feria de dise\u00f1o independiente.<br>\u00a0<br>La cartelera se destaca con la participaci\u00f3n de Aterciopelados Banda Colombiana icono en la m\u00fasica Latinoamericana, con un importante mensaje social liderada por su vocalista Andrea Echeverri, quienes vuelve al pa\u00eds luego de 5 a\u00f1os de su \u00faltima visita, siendo Quilpu\u00e9 su \u00fanica parada.<br>\u00a0<br>A ella se les suma una diversa parrilla nacional de diversos estilos y sonidos del mundo.<br>Los Reyes de La Cumbia Chico Trujillo, el Rock de los Hermanos Ilabaca, todo el POP de Supernova, el canto a la tierra de Newen Afrobeat el todo el hip hop de la mano de Matiah chinaski , Martin Benavides \u00a0&amp; Dj Perez<br>\u00a0<br>Las bandas locales ser\u00e1n los representantes de las regiones, como lo son:<br>The mouts desde Calama<br>La Ruda Marga &#8211; Quilpu\u00e9<br>La Klandestina &#8211; Valparaiso<br>Feocci de Caraccioli &#8211; Calera<br>\u00a0<br>Los DJ\u2019S Osvaldo Solorza, Victor Aranda, Byte y muchos m\u00e1s ser\u00e1n los hots mas motivados para que disfrutemos minuto a minuto lo que ser\u00e1 nuestro maravilloso festival!<br><br>Las entradas est\u00e1n disponibles en www.passline.cl . Tickets f\u00edsicos sin cargo por servicio en Trotamundos Terraza \u2013 Anibal Pinto 851. Quilpu\u00e9<br>Los menores de edad gratis hasta los 12 a\u00f1os acompa\u00f1ados por uno de sus padres.<br><br>Los Valores :<br>En Verde \u2013 20.000 AGOTADAS<br>General 25.000 (Hasta Agotar Stock)<br><br>Siguenos:<br>https:\/\/www.instagram.com\/festivaltrotamundos<\/p>\n\n\n\n<p>Compra tus entradas en <a href=\"https:\/\/www.passline.com\/eventos\/festival-trotamundos-quilpue\">passline<\/a><\/p>\n\n\n\n<figure class=\"wp-block-image size-full\"><img fetchpriority=\"high\" decoding=\"async\" width=\"550\" height=\"557\" src=\"https:\/\/www.valparaisocreativo.cl\/wp-content\/uploads\/2023\/01\/Captura-de-Pantalla-2023-01-30-a-las-18.35.15.png\" alt=\"\" class=\"wp-image-12494\" srcset=\"https:\/\/dev.antudigital.cl\/sites\/vc\/wp-content\/uploads\/2023\/01\/Captura-de-Pantalla-2023-01-30-a-las-18.35.15.png 550w, https:\/\/dev.antudigital.cl\/sites\/vc\/wp-content\/uploads\/2023\/01\/Captura-de-Pantalla-2023-01-30-a-las-18.35.15-296x300.png 296w, https:\/\/dev.antudigital.cl\/sites\/vc\/wp-content\/uploads\/2023\/01\/Captura-de-Pantalla-2023-01-30-a-las-18.35.15-480x486.png 480w\" sizes=\"(max-width: 550px) 100vw, 550px\" \/><\/figure>\n","protected":false},"excerpt":{"rendered":"<p>Festival Trotamundos Quilpu\u00e9Sabado 04 Febrero 2023desde las 12:00hrs a 00:00hrs Con una vasta trayectoria en la ciudad del Sol, Trotamundos Terraza realiza su primer festival en el Aut\u00f3dromo Gustavo Felo Rivera Quilpu\u00e9. Desde el medio d\u00eda se presentar\u00e1n m\u00e1s de 20 artistas en una jornada de 10 horas de m\u00fasica y diversi\u00f3n. Con un grato [&hellip;]<\/p>\n","protected":false},"author":1,"featured_media":12495,"comment_status":"open","ping_status":"closed","sticky":false,"template":"","format":"standard","meta":{"_acf_changed":false,"footnotes":""},"categories":[8],"tags":[],"class_list":["post-12493","post","type-post","status-publish","format-standard","has-post-thumbnail","hentry","category-noticia"],"acf":[],"yoast_head":"<!-- This site is optimized with the Yoast SEO plugin v27.1.1 - https:\/\/yoast.com\/product\/yoast-seo-wordpress\/ -->\n<title>Ya no queda nada para Festival Trotamundos - Valpara\u00ed\u00adso Creativo<\/title>\n<meta name=\"robots\" content=\"index, follow, max-snippet:-1, max-image-preview:large, max-video-preview:-1\" \/>\n<link rel=\"canonical\" href=\"https:\/\/dev.antudigital.cl\/sites\/vc\/ya-no-queda-nada-para-festival-trotamundos\/\" \/>\n<meta property=\"og:locale\" content=\"es_ES\" \/>\n<meta property=\"og:type\" content=\"article\" \/>\n<meta property=\"og:title\" content=\"Ya no queda nada para Festival Trotamundos - Valpara\u00ed\u00adso Creativo\" \/>\n<meta property=\"og:description\" content=\"Festival Trotamundos Quilpu\u00e9Sabado 04 Febrero 2023desde las 12:00hrs a 00:00hrs Con una vasta trayectoria en la ciudad del Sol, Trotamundos Terraza realiza su primer festival en el Aut\u00f3dromo Gustavo Felo Rivera Quilpu\u00e9. Desde el medio d\u00eda se presentar\u00e1n m\u00e1s de 20 artistas en una jornada de 10 horas de m\u00fasica y diversi\u00f3n. Con un grato [&hellip;]\" \/>\n<meta property=\"og:url\" content=\"https:\/\/dev.antudigital.cl\/sites\/vc\/ya-no-queda-nada-para-festival-trotamundos\/\" \/>\n<meta property=\"og:site_name\" content=\"Valpara\u00ed\u00adso Creativo\" \/>\n<meta property=\"article:published_time\" content=\"2023-01-30T21:44:51+00:00\" \/>\n<meta property=\"article:modified_time\" content=\"2023-01-30T21:45:03+00:00\" \/>\n<meta property=\"og:image\" content=\"https:\/\/dev.antudigital.cl\/sites\/vc\/wp-content\/uploads\/2023\/01\/313311908_5974789422533405_5960755370084605872_n.jpg\" \/>\n\t<meta property=\"og:image:width\" content=\"1182\" \/>\n\t<meta property=\"og:image:height\" content=\"438\" \/>\n\t<meta property=\"og:image:type\" content=\"image\/jpeg\" \/>\n<meta name=\"author\" content=\"Valpara\u00edso Creativo\" \/>\n<meta name=\"twitter:card\" content=\"summary_large_image\" \/>\n<meta name=\"twitter:label1\" content=\"Escrito por\" \/>\n\t<meta name=\"twitter:data1\" content=\"Valpara\u00edso Creativo\" \/>\n\t<meta name=\"twitter:label2\" content=\"Tiempo de lectura\" \/>\n\t<meta name=\"twitter:data2\" content=\"2 minutos\" \/>\n<script type=\"application\/ld+json\" class=\"yoast-schema-graph\">{\"@context\":\"https:\/\/schema.org\",\"@graph\":[{\"@type\":\"Article\",\"@id\":\"https:\/\/dev.antudigital.cl\/sites\/vc\/ya-no-queda-nada-para-festival-trotamundos\/#article\",\"isPartOf\":{\"@id\":\"https:\/\/dev.antudigital.cl\/sites\/vc\/ya-no-queda-nada-para-festival-trotamundos\/\"},\"author\":{\"name\":\"Valpara\u00edso Creativo\",\"@id\":\"https:\/\/dev.antudigital.cl\/sites\/vc\/#\/schema\/person\/c2b9da8dd545e27166fc5ab232837318\"},\"headline\":\"Ya no queda nada para Festival Trotamundos\",\"datePublished\":\"2023-01-30T21:44:51+00:00\",\"dateModified\":\"2023-01-30T21:45:03+00:00\",\"mainEntityOfPage\":{\"@id\":\"https:\/\/dev.antudigital.cl\/sites\/vc\/ya-no-queda-nada-para-festival-trotamundos\/\"},\"wordCount\":345,\"commentCount\":0,\"image\":{\"@id\":\"https:\/\/dev.antudigital.cl\/sites\/vc\/ya-no-queda-nada-para-festival-trotamundos\/#primaryimage\"},\"thumbnailUrl\":\"https:\/\/dev.antudigital.cl\/sites\/vc\/wp-content\/uploads\/2023\/01\/313311908_5974789422533405_5960755370084605872_n.jpg\",\"articleSection\":[\"Noticia\"],\"inLanguage\":\"es\",\"potentialAction\":[{\"@type\":\"CommentAction\",\"name\":\"Comment\",\"target\":[\"https:\/\/dev.antudigital.cl\/sites\/vc\/ya-no-queda-nada-para-festival-trotamundos\/#respond\"]}]},{\"@type\":\"WebPage\",\"@id\":\"https:\/\/dev.antudigital.cl\/sites\/vc\/ya-no-queda-nada-para-festival-trotamundos\/\",\"url\":\"https:\/\/dev.antudigital.cl\/sites\/vc\/ya-no-queda-nada-para-festival-trotamundos\/\",\"name\":\"Ya no queda nada para Festival Trotamundos - Valpara\u00ed\u00adso Creativo\",\"isPartOf\":{\"@id\":\"https:\/\/dev.antudigital.cl\/sites\/vc\/#website\"},\"primaryImageOfPage\":{\"@id\":\"https:\/\/dev.antudigital.cl\/sites\/vc\/ya-no-queda-nada-para-festival-trotamundos\/#primaryimage\"},\"image\":{\"@id\":\"https:\/\/dev.antudigital.cl\/sites\/vc\/ya-no-queda-nada-para-festival-trotamundos\/#primaryimage\"},\"thumbnailUrl\":\"https:\/\/dev.antudigital.cl\/sites\/vc\/wp-content\/uploads\/2023\/01\/313311908_5974789422533405_5960755370084605872_n.jpg\",\"datePublished\":\"2023-01-30T21:44:51+00:00\",\"dateModified\":\"2023-01-30T21:45:03+00:00\",\"author\":{\"@id\":\"https:\/\/dev.antudigital.cl\/sites\/vc\/#\/schema\/person\/c2b9da8dd545e27166fc5ab232837318\"},\"breadcrumb\":{\"@id\":\"https:\/\/dev.antudigital.cl\/sites\/vc\/ya-no-queda-nada-para-festival-trotamundos\/#breadcrumb\"},\"inLanguage\":\"es\",\"potentialAction\":[{\"@type\":\"ReadAction\",\"target\":[\"https:\/\/dev.antudigital.cl\/sites\/vc\/ya-no-queda-nada-para-festival-trotamundos\/\"]}]},{\"@type\":\"ImageObject\",\"inLanguage\":\"es\",\"@id\":\"https:\/\/dev.antudigital.cl\/sites\/vc\/ya-no-queda-nada-para-festival-trotamundos\/#primaryimage\",\"url\":\"https:\/\/dev.antudigital.cl\/sites\/vc\/wp-content\/uploads\/2023\/01\/313311908_5974789422533405_5960755370084605872_n.jpg\",\"contentUrl\":\"https:\/\/dev.antudigital.cl\/sites\/vc\/wp-content\/uploads\/2023\/01\/313311908_5974789422533405_5960755370084605872_n.jpg\",\"width\":1182,\"height\":438},{\"@type\":\"BreadcrumbList\",\"@id\":\"https:\/\/dev.antudigital.cl\/sites\/vc\/ya-no-queda-nada-para-festival-trotamundos\/#breadcrumb\",\"itemListElement\":[{\"@type\":\"ListItem\",\"position\":1,\"name\":\"Home\",\"item\":\"https:\/\/dev.antudigital.cl\/sites\/vc\/\"},{\"@type\":\"ListItem\",\"position\":2,\"name\":\"Ya no queda nada para Festival Trotamundos\"}]},{\"@type\":\"WebSite\",\"@id\":\"https:\/\/dev.antudigital.cl\/sites\/vc\/#website\",\"url\":\"https:\/\/dev.antudigital.cl\/sites\/vc\/\",\"name\":\"Valpara\u00ed\u00adso Creativo\",\"description\":\"\",\"potentialAction\":[{\"@type\":\"SearchAction\",\"target\":{\"@type\":\"EntryPoint\",\"urlTemplate\":\"https:\/\/dev.antudigital.cl\/sites\/vc\/?s={search_term_string}\"},\"query-input\":{\"@type\":\"PropertyValueSpecification\",\"valueRequired\":true,\"valueName\":\"search_term_string\"}}],\"inLanguage\":\"es\"},{\"@type\":\"Person\",\"@id\":\"https:\/\/dev.antudigital.cl\/sites\/vc\/#\/schema\/person\/c2b9da8dd545e27166fc5ab232837318\",\"name\":\"Valpara\u00edso Creativo\",\"description\":\"Periodista de cultura en la Regi\u00f3n de Valpara\u00edso.\",\"url\":\"https:\/\/dev.antudigital.cl\/sites\/vc\/author\/valpoadmin\/\"}]}<\/script>\n<!-- \/ Yoast SEO plugin. -->","yoast_head_json":{"title":"Ya no queda nada para Festival Trotamundos - Valpara\u00ed\u00adso Creativo","robots":{"index":"index","follow":"follow","max-snippet":"max-snippet:-1","max-image-preview":"max-image-preview:large","max-video-preview":"max-video-preview:-1"},"canonical":"https:\/\/dev.antudigital.cl\/sites\/vc\/ya-no-queda-nada-para-festival-trotamundos\/","og_locale":"es_ES","og_type":"article","og_title":"Ya no queda nada para Festival Trotamundos - Valpara\u00ed\u00adso Creativo","og_description":"Festival Trotamundos Quilpu\u00e9Sabado 04 Febrero 2023desde las 12:00hrs a 00:00hrs Con una vasta trayectoria en la ciudad del Sol, Trotamundos Terraza realiza su primer festival en el Aut\u00f3dromo Gustavo Felo Rivera Quilpu\u00e9. Desde el medio d\u00eda se presentar\u00e1n m\u00e1s de 20 artistas en una jornada de 10 horas de m\u00fasica y diversi\u00f3n. Con un grato [&hellip;]","og_url":"https:\/\/dev.antudigital.cl\/sites\/vc\/ya-no-queda-nada-para-festival-trotamundos\/","og_site_name":"Valpara\u00ed\u00adso Creativo","article_published_time":"2023-01-30T21:44:51+00:00","article_modified_time":"2023-01-30T21:45:03+00:00","og_image":[{"width":1182,"height":438,"url":"https:\/\/dev.antudigital.cl\/sites\/vc\/wp-content\/uploads\/2023\/01\/313311908_5974789422533405_5960755370084605872_n.jpg","type":"image\/jpeg"}],"author":"Valpara\u00edso Creativo","twitter_card":"summary_large_image","twitter_misc":{"Escrito por":"Valpara\u00edso Creativo","Tiempo de lectura":"2 minutos"},"schema":{"@context":"https:\/\/schema.org","@graph":[{"@type":"Article","@id":"https:\/\/dev.antudigital.cl\/sites\/vc\/ya-no-queda-nada-para-festival-trotamundos\/#article","isPartOf":{"@id":"https:\/\/dev.antudigital.cl\/sites\/vc\/ya-no-queda-nada-para-festival-trotamundos\/"},"author":{"name":"Valpara\u00edso Creativo","@id":"https:\/\/dev.antudigital.cl\/sites\/vc\/#\/schema\/person\/c2b9da8dd545e27166fc5ab232837318"},"headline":"Ya no queda nada para Festival Trotamundos","datePublished":"2023-01-30T21:44:51+00:00","dateModified":"2023-01-30T21:45:03+00:00","mainEntityOfPage":{"@id":"https:\/\/dev.antudigital.cl\/sites\/vc\/ya-no-queda-nada-para-festival-trotamundos\/"},"wordCount":345,"commentCount":0,"image":{"@id":"https:\/\/dev.antudigital.cl\/sites\/vc\/ya-no-queda-nada-para-festival-trotamundos\/#primaryimage"},"thumbnailUrl":"https:\/\/dev.antudigital.cl\/sites\/vc\/wp-content\/uploads\/2023\/01\/313311908_5974789422533405_5960755370084605872_n.jpg","articleSection":["Noticia"],"inLanguage":"es","potentialAction":[{"@type":"CommentAction","name":"Comment","target":["https:\/\/dev.antudigital.cl\/sites\/vc\/ya-no-queda-nada-para-festival-trotamundos\/#respond"]}]},{"@type":"WebPage","@id":"https:\/\/dev.antudigital.cl\/sites\/vc\/ya-no-queda-nada-para-festival-trotamundos\/","url":"https:\/\/dev.antudigital.cl\/sites\/vc\/ya-no-queda-nada-para-festival-trotamundos\/","name":"Ya no queda nada para Festival Trotamundos - Valpara\u00ed\u00adso Creativo","isPartOf":{"@id":"https:\/\/dev.antudigital.cl\/sites\/vc\/#website"},"primaryImageOfPage":{"@id":"https:\/\/dev.antudigital.cl\/sites\/vc\/ya-no-queda-nada-para-festival-trotamundos\/#primaryimage"},"image":{"@id":"https:\/\/dev.antudigital.cl\/sites\/vc\/ya-no-queda-nada-para-festival-trotamundos\/#primaryimage"},"thumbnailUrl":"https:\/\/dev.antudigital.cl\/sites\/vc\/wp-content\/uploads\/2023\/01\/313311908_5974789422533405_5960755370084605872_n.jpg","datePublished":"2023-01-30T21:44:51+00:00","dateModified":"2023-01-30T21:45:03+00:00","author":{"@id":"https:\/\/dev.antudigital.cl\/sites\/vc\/#\/schema\/person\/c2b9da8dd545e27166fc5ab232837318"},"breadcrumb":{"@id":"https:\/\/dev.antudigital.cl\/sites\/vc\/ya-no-queda-nada-para-festival-trotamundos\/#breadcrumb"},"inLanguage":"es","potentialAction":[{"@type":"ReadAction","target":["https:\/\/dev.antudigital.cl\/sites\/vc\/ya-no-queda-nada-para-festival-trotamundos\/"]}]},{"@type":"ImageObject","inLanguage":"es","@id":"https:\/\/dev.antudigital.cl\/sites\/vc\/ya-no-queda-nada-para-festival-trotamundos\/#primaryimage","url":"https:\/\/dev.antudigital.cl\/sites\/vc\/wp-content\/uploads\/2023\/01\/313311908_5974789422533405_5960755370084605872_n.jpg","contentUrl":"https:\/\/dev.antudigital.cl\/sites\/vc\/wp-content\/uploads\/2023\/01\/313311908_5974789422533405_5960755370084605872_n.jpg","width":1182,"height":438},{"@type":"BreadcrumbList","@id":"https:\/\/dev.antudigital.cl\/sites\/vc\/ya-no-queda-nada-para-festival-trotamundos\/#breadcrumb","itemListElement":[{"@type":"ListItem","position":1,"name":"Home","item":"https:\/\/dev.antudigital.cl\/sites\/vc\/"},{"@type":"ListItem","position":2,"name":"Ya no queda nada para Festival Trotamundos"}]},{"@type":"WebSite","@id":"https:\/\/dev.antudigital.cl\/sites\/vc\/#website","url":"https:\/\/dev.antudigital.cl\/sites\/vc\/","name":"Valpara\u00ed\u00adso Creativo","description":"","potentialAction":[{"@type":"SearchAction","target":{"@type":"EntryPoint","urlTemplate":"https:\/\/dev.antudigital.cl\/sites\/vc\/?s={search_term_string}"},"query-input":{"@type":"PropertyValueSpecification","valueRequired":true,"valueName":"search_term_string"}}],"inLanguage":"es"},{"@type":"Person","@id":"https:\/\/dev.antudigital.cl\/sites\/vc\/#\/schema\/person\/c2b9da8dd545e27166fc5ab232837318","name":"Valpara\u00edso Creativo","description":"Periodista de cultura en la Regi\u00f3n de Valpara\u00edso.","url":"https:\/\/dev.antudigital.cl\/sites\/vc\/author\/valpoadmin\/"}]}},"_links":{"self":[{"href":"https:\/\/dev.antudigital.cl\/sites\/vc\/wp-json\/wp\/v2\/posts\/12493","targetHints":{"allow":["GET"]}}],"collection":[{"href":"https:\/\/dev.antudigital.cl\/sites\/vc\/wp-json\/wp\/v2\/posts"}],"about":[{"href":"https:\/\/dev.antudigital.cl\/sites\/vc\/wp-json\/wp\/v2\/types\/post"}],"author":[{"embeddable":true,"href":"https:\/\/dev.antudigital.cl\/sites\/vc\/wp-json\/wp\/v2\/users\/1"}],"replies":[{"embeddable":true,"href":"https:\/\/dev.antudigital.cl\/sites\/vc\/wp-json\/wp\/v2\/comments?post=12493"}],"version-history":[{"count":1,"href":"https:\/\/dev.antudigital.cl\/sites\/vc\/wp-json\/wp\/v2\/posts\/12493\/revisions"}],"predecessor-version":[{"id":12496,"href":"https:\/\/dev.antudigital.cl\/sites\/vc\/wp-json\/wp\/v2\/posts\/12493\/revisions\/12496"}],"wp:featuredmedia":[{"embeddable":true,"href":"https:\/\/dev.antudigital.cl\/sites\/vc\/wp-json\/wp\/v2\/media\/12495"}],"wp:attachment":[{"href":"https:\/\/dev.antudigital.cl\/sites\/vc\/wp-json\/wp\/v2\/media?parent=12493"}],"wp:term":[{"taxonomy":"category","embeddable":true,"href":"https:\/\/dev.antudigital.cl\/sites\/vc\/wp-json\/wp\/v2\/categories?post=12493"},{"taxonomy":"post_tag","embeddable":true,"href":"https:\/\/dev.antudigital.cl\/sites\/vc\/wp-json\/wp\/v2\/tags?post=12493"}],"curies":[{"name":"wp","href":"https:\/\/api.w.org\/{rel}","templated":true}]}}