{"id":12505,"date":"2023-01-30T22:11:49","date_gmt":"2023-01-30T22:11:49","guid":{"rendered":"https:\/\/www.valparaisocreativo.cl\/?p=12505"},"modified":"2023-01-30T22:11:53","modified_gmt":"2023-01-30T22:11:53","slug":"recorridos-patrimoniales-en-el-museo-universitario-del-grabado","status":"publish","type":"post","link":"https:\/\/dev.antudigital.cl\/sites\/vc\/recorridos-patrimoniales-en-el-museo-universitario-del-grabado\/","title":{"rendered":"Recorridos Patrimoniales en el Museo Universitario del Grabado"},"content":{"rendered":"\n<p>El Museo Universitario del Grabado en colaboraci\u00f3n con la carrera T\u00e9cnico en Restauraci\u00f3n Patrimoniales de Duoc UC (<a href=\"https:\/\/www.instagram.com\/duocuc_valparaiso\/\">@duocuc_valparaiso<\/a>\u00a0) Sede Valpara\u00edso inician sus recorridos patrimoniales.<\/p>\n\n\n\n<p>La visita guiada profundizar\u00e1 tem\u00e1ticas del inmueble restaurado patrimonialmente y se podr\u00e1 conocer el significado, procesos y t\u00e9cnicas que se utilizaron en el proyecto de rehabilitaci\u00f3n de la casona museal.<\/p>\n\n\n\n<p>Los recorridos se realizar\u00e1n a las 11:00 y a las 16:00 horas, tendr\u00e1n un valor de $1.500 por persona y ser\u00e1n con cupos limitados e inscripci\u00f3n previa en el link:<\/p>\n\n\n\n<p><a href=\"https:\/\/forms.gle\/fBu4ySmkCUX7mJyx7\">https:\/\/forms.gle\/fBu4ySmkCUX7mJyx7<\/a><\/p>\n\n\n\n<p> <a href=\"https:\/\/www.instagram.com\/mugupla\/\">M\u00e1s detalles en MUG UPLA<\/a><\/p>\n\n\n\n<figure class=\"wp-block-image size-full\"><img fetchpriority=\"high\" decoding=\"async\" width=\"611\" height=\"615\" src=\"https:\/\/www.valparaisocreativo.cl\/wp-content\/uploads\/2023\/01\/Captura-de-Pantalla-2023-01-30-a-las-19.10.45.png\" alt=\"\" class=\"wp-image-12507\" srcset=\"https:\/\/dev.antudigital.cl\/sites\/vc\/wp-content\/uploads\/2023\/01\/Captura-de-Pantalla-2023-01-30-a-las-19.10.45.png 611w, https:\/\/dev.antudigital.cl\/sites\/vc\/wp-content\/uploads\/2023\/01\/Captura-de-Pantalla-2023-01-30-a-las-19.10.45-298x300.png 298w, https:\/\/dev.antudigital.cl\/sites\/vc\/wp-content\/uploads\/2023\/01\/Captura-de-Pantalla-2023-01-30-a-las-19.10.45-150x150.png 150w, https:\/\/dev.antudigital.cl\/sites\/vc\/wp-content\/uploads\/2023\/01\/Captura-de-Pantalla-2023-01-30-a-las-19.10.45-480x483.png 480w\" sizes=\"(max-width: 611px) 100vw, 611px\" \/><\/figure>\n","protected":false},"excerpt":{"rendered":"<p>El Museo Universitario del Grabado en colaboraci\u00f3n con la carrera T\u00e9cnico en Restauraci\u00f3n Patrimoniales de Duoc UC (@duocuc_valparaiso\u00a0) Sede Valpara\u00edso inician sus recorridos patrimoniales. La visita guiada profundizar\u00e1 tem\u00e1ticas del inmueble restaurado patrimonialmente y se podr\u00e1 conocer el significado, procesos y t\u00e9cnicas que se utilizaron en el proyecto de rehabilitaci\u00f3n de la casona museal. Los [&hellip;]<\/p>\n","protected":false},"author":1,"featured_media":12506,"comment_status":"open","ping_status":"closed","sticky":false,"template":"","format":"standard","meta":{"_acf_changed":false,"footnotes":""},"categories":[8],"tags":[],"class_list":["post-12505","post","type-post","status-publish","format-standard","has-post-thumbnail","hentry","category-noticia"],"acf":[],"yoast_head":"<!-- This site is optimized with the Yoast SEO plugin v27.1.1 - https:\/\/yoast.com\/product\/yoast-seo-wordpress\/ -->\n<title>Recorridos Patrimoniales en el Museo Universitario del Grabado - Valpara\u00ed\u00adso Creativo<\/title>\n<meta name=\"robots\" content=\"index, follow, max-snippet:-1, max-image-preview:large, max-video-preview:-1\" \/>\n<link rel=\"canonical\" href=\"https:\/\/dev.antudigital.cl\/sites\/vc\/recorridos-patrimoniales-en-el-museo-universitario-del-grabado\/\" \/>\n<meta property=\"og:locale\" content=\"es_ES\" \/>\n<meta property=\"og:type\" content=\"article\" \/>\n<meta property=\"og:title\" content=\"Recorridos Patrimoniales en el Museo Universitario del Grabado - Valpara\u00ed\u00adso Creativo\" \/>\n<meta property=\"og:description\" content=\"El Museo Universitario del Grabado en colaboraci\u00f3n con la carrera T\u00e9cnico en Restauraci\u00f3n Patrimoniales de Duoc UC (@duocuc_valparaiso\u00a0) Sede Valpara\u00edso inician sus recorridos patrimoniales. La visita guiada profundizar\u00e1 tem\u00e1ticas del inmueble restaurado patrimonialmente y se podr\u00e1 conocer el significado, procesos y t\u00e9cnicas que se utilizaron en el proyecto de rehabilitaci\u00f3n de la casona museal. Los [&hellip;]\" \/>\n<meta property=\"og:url\" content=\"https:\/\/dev.antudigital.cl\/sites\/vc\/recorridos-patrimoniales-en-el-museo-universitario-del-grabado\/\" \/>\n<meta property=\"og:site_name\" content=\"Valpara\u00ed\u00adso Creativo\" \/>\n<meta property=\"article:published_time\" content=\"2023-01-30T22:11:49+00:00\" \/>\n<meta property=\"article:modified_time\" content=\"2023-01-30T22:11:53+00:00\" \/>\n<meta property=\"og:image\" content=\"https:\/\/dev.antudigital.cl\/sites\/vc\/wp-content\/uploads\/2023\/01\/mug10.jpeg\" \/>\n\t<meta property=\"og:image:width\" content=\"1000\" \/>\n\t<meta property=\"og:image:height\" content=\"667\" \/>\n\t<meta property=\"og:image:type\" content=\"image\/jpeg\" \/>\n<meta name=\"author\" content=\"Valpara\u00edso Creativo\" \/>\n<meta name=\"twitter:card\" content=\"summary_large_image\" \/>\n<meta name=\"twitter:label1\" content=\"Escrito por\" \/>\n\t<meta name=\"twitter:data1\" content=\"Valpara\u00edso Creativo\" \/>\n\t<meta name=\"twitter:label2\" content=\"Tiempo de lectura\" \/>\n\t<meta name=\"twitter:data2\" content=\"1 minuto\" \/>\n<script type=\"application\/ld+json\" class=\"yoast-schema-graph\">{\"@context\":\"https:\/\/schema.org\",\"@graph\":[{\"@type\":\"Article\",\"@id\":\"https:\/\/dev.antudigital.cl\/sites\/vc\/recorridos-patrimoniales-en-el-museo-universitario-del-grabado\/#article\",\"isPartOf\":{\"@id\":\"https:\/\/dev.antudigital.cl\/sites\/vc\/recorridos-patrimoniales-en-el-museo-universitario-del-grabado\/\"},\"author\":{\"name\":\"Valpara\u00edso Creativo\",\"@id\":\"https:\/\/dev.antudigital.cl\/sites\/vc\/#\/schema\/person\/c2b9da8dd545e27166fc5ab232837318\"},\"headline\":\"Recorridos Patrimoniales en el Museo Universitario del Grabado\",\"datePublished\":\"2023-01-30T22:11:49+00:00\",\"dateModified\":\"2023-01-30T22:11:53+00:00\",\"mainEntityOfPage\":{\"@id\":\"https:\/\/dev.antudigital.cl\/sites\/vc\/recorridos-patrimoniales-en-el-museo-universitario-del-grabado\/\"},\"wordCount\":113,\"commentCount\":0,\"image\":{\"@id\":\"https:\/\/dev.antudigital.cl\/sites\/vc\/recorridos-patrimoniales-en-el-museo-universitario-del-grabado\/#primaryimage\"},\"thumbnailUrl\":\"https:\/\/dev.antudigital.cl\/sites\/vc\/wp-content\/uploads\/2023\/01\/mug10.jpeg\",\"articleSection\":[\"Noticia\"],\"inLanguage\":\"es\",\"potentialAction\":[{\"@type\":\"CommentAction\",\"name\":\"Comment\",\"target\":[\"https:\/\/dev.antudigital.cl\/sites\/vc\/recorridos-patrimoniales-en-el-museo-universitario-del-grabado\/#respond\"]}]},{\"@type\":\"WebPage\",\"@id\":\"https:\/\/dev.antudigital.cl\/sites\/vc\/recorridos-patrimoniales-en-el-museo-universitario-del-grabado\/\",\"url\":\"https:\/\/dev.antudigital.cl\/sites\/vc\/recorridos-patrimoniales-en-el-museo-universitario-del-grabado\/\",\"name\":\"Recorridos Patrimoniales en el Museo Universitario del Grabado - Valpara\u00ed\u00adso Creativo\",\"isPartOf\":{\"@id\":\"https:\/\/dev.antudigital.cl\/sites\/vc\/#website\"},\"primaryImageOfPage\":{\"@id\":\"https:\/\/dev.antudigital.cl\/sites\/vc\/recorridos-patrimoniales-en-el-museo-universitario-del-grabado\/#primaryimage\"},\"image\":{\"@id\":\"https:\/\/dev.antudigital.cl\/sites\/vc\/recorridos-patrimoniales-en-el-museo-universitario-del-grabado\/#primaryimage\"},\"thumbnailUrl\":\"https:\/\/dev.antudigital.cl\/sites\/vc\/wp-content\/uploads\/2023\/01\/mug10.jpeg\",\"datePublished\":\"2023-01-30T22:11:49+00:00\",\"dateModified\":\"2023-01-30T22:11:53+00:00\",\"author\":{\"@id\":\"https:\/\/dev.antudigital.cl\/sites\/vc\/#\/schema\/person\/c2b9da8dd545e27166fc5ab232837318\"},\"breadcrumb\":{\"@id\":\"https:\/\/dev.antudigital.cl\/sites\/vc\/recorridos-patrimoniales-en-el-museo-universitario-del-grabado\/#breadcrumb\"},\"inLanguage\":\"es\",\"potentialAction\":[{\"@type\":\"ReadAction\",\"target\":[\"https:\/\/dev.antudigital.cl\/sites\/vc\/recorridos-patrimoniales-en-el-museo-universitario-del-grabado\/\"]}]},{\"@type\":\"ImageObject\",\"inLanguage\":\"es\",\"@id\":\"https:\/\/dev.antudigital.cl\/sites\/vc\/recorridos-patrimoniales-en-el-museo-universitario-del-grabado\/#primaryimage\",\"url\":\"https:\/\/dev.antudigital.cl\/sites\/vc\/wp-content\/uploads\/2023\/01\/mug10.jpeg\",\"contentUrl\":\"https:\/\/dev.antudigital.cl\/sites\/vc\/wp-content\/uploads\/2023\/01\/mug10.jpeg\",\"width\":1000,\"height\":667},{\"@type\":\"BreadcrumbList\",\"@id\":\"https:\/\/dev.antudigital.cl\/sites\/vc\/recorridos-patrimoniales-en-el-museo-universitario-del-grabado\/#breadcrumb\",\"itemListElement\":[{\"@type\":\"ListItem\",\"position\":1,\"name\":\"Home\",\"item\":\"https:\/\/dev.antudigital.cl\/sites\/vc\/\"},{\"@type\":\"ListItem\",\"position\":2,\"name\":\"Recorridos Patrimoniales en el Museo Universitario del Grabado\"}]},{\"@type\":\"WebSite\",\"@id\":\"https:\/\/dev.antudigital.cl\/sites\/vc\/#website\",\"url\":\"https:\/\/dev.antudigital.cl\/sites\/vc\/\",\"name\":\"Valpara\u00ed\u00adso Creativo\",\"description\":\"\",\"potentialAction\":[{\"@type\":\"SearchAction\",\"target\":{\"@type\":\"EntryPoint\",\"urlTemplate\":\"https:\/\/dev.antudigital.cl\/sites\/vc\/?s={search_term_string}\"},\"query-input\":{\"@type\":\"PropertyValueSpecification\",\"valueRequired\":true,\"valueName\":\"search_term_string\"}}],\"inLanguage\":\"es\"},{\"@type\":\"Person\",\"@id\":\"https:\/\/dev.antudigital.cl\/sites\/vc\/#\/schema\/person\/c2b9da8dd545e27166fc5ab232837318\",\"name\":\"Valpara\u00edso Creativo\",\"description\":\"Periodista de cultura en la Regi\u00f3n de Valpara\u00edso.\",\"url\":\"https:\/\/dev.antudigital.cl\/sites\/vc\/author\/valpoadmin\/\"}]}<\/script>\n<!-- \/ Yoast SEO plugin. -->","yoast_head_json":{"title":"Recorridos Patrimoniales en el Museo Universitario del Grabado - Valpara\u00ed\u00adso Creativo","robots":{"index":"index","follow":"follow","max-snippet":"max-snippet:-1","max-image-preview":"max-image-preview:large","max-video-preview":"max-video-preview:-1"},"canonical":"https:\/\/dev.antudigital.cl\/sites\/vc\/recorridos-patrimoniales-en-el-museo-universitario-del-grabado\/","og_locale":"es_ES","og_type":"article","og_title":"Recorridos Patrimoniales en el Museo Universitario del Grabado - Valpara\u00ed\u00adso Creativo","og_description":"El Museo Universitario del Grabado en colaboraci\u00f3n con la carrera T\u00e9cnico en Restauraci\u00f3n Patrimoniales de Duoc UC (@duocuc_valparaiso\u00a0) Sede Valpara\u00edso inician sus recorridos patrimoniales. La visita guiada profundizar\u00e1 tem\u00e1ticas del inmueble restaurado patrimonialmente y se podr\u00e1 conocer el significado, procesos y t\u00e9cnicas que se utilizaron en el proyecto de rehabilitaci\u00f3n de la casona museal. Los [&hellip;]","og_url":"https:\/\/dev.antudigital.cl\/sites\/vc\/recorridos-patrimoniales-en-el-museo-universitario-del-grabado\/","og_site_name":"Valpara\u00ed\u00adso Creativo","article_published_time":"2023-01-30T22:11:49+00:00","article_modified_time":"2023-01-30T22:11:53+00:00","og_image":[{"width":1000,"height":667,"url":"https:\/\/dev.antudigital.cl\/sites\/vc\/wp-content\/uploads\/2023\/01\/mug10.jpeg","type":"image\/jpeg"}],"author":"Valpara\u00edso Creativo","twitter_card":"summary_large_image","twitter_misc":{"Escrito por":"Valpara\u00edso Creativo","Tiempo de lectura":"1 minuto"},"schema":{"@context":"https:\/\/schema.org","@graph":[{"@type":"Article","@id":"https:\/\/dev.antudigital.cl\/sites\/vc\/recorridos-patrimoniales-en-el-museo-universitario-del-grabado\/#article","isPartOf":{"@id":"https:\/\/dev.antudigital.cl\/sites\/vc\/recorridos-patrimoniales-en-el-museo-universitario-del-grabado\/"},"author":{"name":"Valpara\u00edso Creativo","@id":"https:\/\/dev.antudigital.cl\/sites\/vc\/#\/schema\/person\/c2b9da8dd545e27166fc5ab232837318"},"headline":"Recorridos Patrimoniales en el Museo Universitario del Grabado","datePublished":"2023-01-30T22:11:49+00:00","dateModified":"2023-01-30T22:11:53+00:00","mainEntityOfPage":{"@id":"https:\/\/dev.antudigital.cl\/sites\/vc\/recorridos-patrimoniales-en-el-museo-universitario-del-grabado\/"},"wordCount":113,"commentCount":0,"image":{"@id":"https:\/\/dev.antudigital.cl\/sites\/vc\/recorridos-patrimoniales-en-el-museo-universitario-del-grabado\/#primaryimage"},"thumbnailUrl":"https:\/\/dev.antudigital.cl\/sites\/vc\/wp-content\/uploads\/2023\/01\/mug10.jpeg","articleSection":["Noticia"],"inLanguage":"es","potentialAction":[{"@type":"CommentAction","name":"Comment","target":["https:\/\/dev.antudigital.cl\/sites\/vc\/recorridos-patrimoniales-en-el-museo-universitario-del-grabado\/#respond"]}]},{"@type":"WebPage","@id":"https:\/\/dev.antudigital.cl\/sites\/vc\/recorridos-patrimoniales-en-el-museo-universitario-del-grabado\/","url":"https:\/\/dev.antudigital.cl\/sites\/vc\/recorridos-patrimoniales-en-el-museo-universitario-del-grabado\/","name":"Recorridos Patrimoniales en el Museo Universitario del Grabado - Valpara\u00ed\u00adso Creativo","isPartOf":{"@id":"https:\/\/dev.antudigital.cl\/sites\/vc\/#website"},"primaryImageOfPage":{"@id":"https:\/\/dev.antudigital.cl\/sites\/vc\/recorridos-patrimoniales-en-el-museo-universitario-del-grabado\/#primaryimage"},"image":{"@id":"https:\/\/dev.antudigital.cl\/sites\/vc\/recorridos-patrimoniales-en-el-museo-universitario-del-grabado\/#primaryimage"},"thumbnailUrl":"https:\/\/dev.antudigital.cl\/sites\/vc\/wp-content\/uploads\/2023\/01\/mug10.jpeg","datePublished":"2023-01-30T22:11:49+00:00","dateModified":"2023-01-30T22:11:53+00:00","author":{"@id":"https:\/\/dev.antudigital.cl\/sites\/vc\/#\/schema\/person\/c2b9da8dd545e27166fc5ab232837318"},"breadcrumb":{"@id":"https:\/\/dev.antudigital.cl\/sites\/vc\/recorridos-patrimoniales-en-el-museo-universitario-del-grabado\/#breadcrumb"},"inLanguage":"es","potentialAction":[{"@type":"ReadAction","target":["https:\/\/dev.antudigital.cl\/sites\/vc\/recorridos-patrimoniales-en-el-museo-universitario-del-grabado\/"]}]},{"@type":"ImageObject","inLanguage":"es","@id":"https:\/\/dev.antudigital.cl\/sites\/vc\/recorridos-patrimoniales-en-el-museo-universitario-del-grabado\/#primaryimage","url":"https:\/\/dev.antudigital.cl\/sites\/vc\/wp-content\/uploads\/2023\/01\/mug10.jpeg","contentUrl":"https:\/\/dev.antudigital.cl\/sites\/vc\/wp-content\/uploads\/2023\/01\/mug10.jpeg","width":1000,"height":667},{"@type":"BreadcrumbList","@id":"https:\/\/dev.antudigital.cl\/sites\/vc\/recorridos-patrimoniales-en-el-museo-universitario-del-grabado\/#breadcrumb","itemListElement":[{"@type":"ListItem","position":1,"name":"Home","item":"https:\/\/dev.antudigital.cl\/sites\/vc\/"},{"@type":"ListItem","position":2,"name":"Recorridos Patrimoniales en el Museo Universitario del Grabado"}]},{"@type":"WebSite","@id":"https:\/\/dev.antudigital.cl\/sites\/vc\/#website","url":"https:\/\/dev.antudigital.cl\/sites\/vc\/","name":"Valpara\u00ed\u00adso Creativo","description":"","potentialAction":[{"@type":"SearchAction","target":{"@type":"EntryPoint","urlTemplate":"https:\/\/dev.antudigital.cl\/sites\/vc\/?s={search_term_string}"},"query-input":{"@type":"PropertyValueSpecification","valueRequired":true,"valueName":"search_term_string"}}],"inLanguage":"es"},{"@type":"Person","@id":"https:\/\/dev.antudigital.cl\/sites\/vc\/#\/schema\/person\/c2b9da8dd545e27166fc5ab232837318","name":"Valpara\u00edso Creativo","description":"Periodista de cultura en la Regi\u00f3n de Valpara\u00edso.","url":"https:\/\/dev.antudigital.cl\/sites\/vc\/author\/valpoadmin\/"}]}},"_links":{"self":[{"href":"https:\/\/dev.antudigital.cl\/sites\/vc\/wp-json\/wp\/v2\/posts\/12505","targetHints":{"allow":["GET"]}}],"collection":[{"href":"https:\/\/dev.antudigital.cl\/sites\/vc\/wp-json\/wp\/v2\/posts"}],"about":[{"href":"https:\/\/dev.antudigital.cl\/sites\/vc\/wp-json\/wp\/v2\/types\/post"}],"author":[{"embeddable":true,"href":"https:\/\/dev.antudigital.cl\/sites\/vc\/wp-json\/wp\/v2\/users\/1"}],"replies":[{"embeddable":true,"href":"https:\/\/dev.antudigital.cl\/sites\/vc\/wp-json\/wp\/v2\/comments?post=12505"}],"version-history":[{"count":1,"href":"https:\/\/dev.antudigital.cl\/sites\/vc\/wp-json\/wp\/v2\/posts\/12505\/revisions"}],"predecessor-version":[{"id":12508,"href":"https:\/\/dev.antudigital.cl\/sites\/vc\/wp-json\/wp\/v2\/posts\/12505\/revisions\/12508"}],"wp:featuredmedia":[{"embeddable":true,"href":"https:\/\/dev.antudigital.cl\/sites\/vc\/wp-json\/wp\/v2\/media\/12506"}],"wp:attachment":[{"href":"https:\/\/dev.antudigital.cl\/sites\/vc\/wp-json\/wp\/v2\/media?parent=12505"}],"wp:term":[{"taxonomy":"category","embeddable":true,"href":"https:\/\/dev.antudigital.cl\/sites\/vc\/wp-json\/wp\/v2\/categories?post=12505"},{"taxonomy":"post_tag","embeddable":true,"href":"https:\/\/dev.antudigital.cl\/sites\/vc\/wp-json\/wp\/v2\/tags?post=12505"}],"curies":[{"name":"wp","href":"https:\/\/api.w.org\/{rel}","templated":true}]}}