{"id":12516,"date":"2023-01-30T22:19:19","date_gmt":"2023-01-30T22:19:19","guid":{"rendered":"https:\/\/www.valparaisocreativo.cl\/?p=12516"},"modified":"2023-01-30T22:19:28","modified_gmt":"2023-01-30T22:19:28","slug":"conoce-mas-sobre-puerto-salvaje-de-musica-del-sur-y-valparaiso-creativo","status":"publish","type":"post","link":"https:\/\/dev.antudigital.cl\/sites\/vc\/conoce-mas-sobre-puerto-salvaje-de-musica-del-sur-y-valparaiso-creativo\/","title":{"rendered":"Conoce m\u00e1s sobre \u00abPuerto Salvaje\u00bb de M\u00fasica del Sur y Valpara\u00edso Creativo"},"content":{"rendered":"\n<p>El Sello <a href=\"https:\/\/www.instagram.com\/musicadelsur__chile\/\">\u201cM\u00fasicadelSur\u201d<\/a>, con el apoyo del programa Valpara\u00edso Creativo de Corfo, entreg\u00f3 c\u00f3digos QR con una playlist de m\u00fasica porte\u00f1a a 10 bares de la ciudad puerto, fomentando de esta manera la difusi\u00f3n de los sonidos locales<\/p>\n\n\n\n<p>En el Bar \u201cSin ti no vivo\u201d de la ciudad puerto y con las presentaciones en vivo de los artistas locales Kennya Comesa\u00f1a. Valentina Peralta y P\u00e1jaro Provinciano, se realiz\u00f3 el cierre del proyecto \u201cPuerto Salvaje\u201d del Sello \u201cM\u00fasicadelSur\u201d con el apoyo del Programa \u201cValpara\u00edso Creativo\u201d de Corfo. En la jornada se destacaron los resultados de esta iniciativa que consisti\u00f3 en la entrega de tarjetas con c\u00f3digos QR con una playlist de Spotify llamada \u201cPuerto Salvaje\u201d, que contiene las canciones de los artistas de este sello porte\u00f1o, a 10 locales de m\u00fasica en vivo de la ciudad.<\/p>\n\n\n\n<p>Al respecto, el director ejecutivo de \u201cM\u00fasicadelSur\u201d, Ricardo N\u00fa\u00f1ez, expres\u00f3 que \u201cnos sentimos muy contentos, porque distribuimos estas tarjetas en 10 locales de Valpara\u00edso, logrando as\u00ed tambi\u00e9n que la m\u00fasica se difunda gracias a la gente. Han subido las reproducciones de cada canci\u00f3n de la lista, se han concretado conciertos y lo bueno es que se termina el proyecto, pero los c\u00f3digos QR siguen en los locales, as\u00ed que el llamado a toda la comunidad es a seguir escuchando la lista y de esta manera apoyar la m\u00fasica local\u201d.<\/p>\n\n\n\n<p>En tanto, la compositora y cantante porte\u00f1a, Kennya Comesa\u00f1a, que se present\u00f3 en vivo durante la actividad de cierre de este proyecto, coment\u00f3 que \u201ces necesario seguir desarrollando instancias como estas que permitan mostrar el trabajo musical. Y este proyecto de la playlist \u2018Puerto Salvaje\u201d me parece notable, es una muy buena forma de compartir nuestra m\u00fasica y que haya sido en varios locales tambi\u00e9n es genial porque as\u00ed ellos nutren sus propias listas de reproducci\u00f3n con m\u00fasica local\u201d.<\/p>\n\n\n\n<p>Conoce m\u00e1s en las redes sociales de<a href=\"https:\/\/www.instagram.com\/musicadelsur__chile\/\"> M\u00fasicaDelSur<\/a><\/p>\n","protected":false},"excerpt":{"rendered":"<p>El Sello \u201cM\u00fasicadelSur\u201d, con el apoyo del programa Valpara\u00edso Creativo de Corfo, entreg\u00f3 c\u00f3digos QR con una playlist de m\u00fasica porte\u00f1a a 10 bares de la ciudad puerto, fomentando de esta manera la difusi\u00f3n de los sonidos locales En el Bar \u201cSin ti no vivo\u201d de la ciudad puerto y con las presentaciones en vivo [&hellip;]<\/p>\n","protected":false},"author":1,"featured_media":12517,"comment_status":"open","ping_status":"closed","sticky":false,"template":"","format":"standard","meta":{"_acf_changed":false,"footnotes":""},"categories":[8],"tags":[],"class_list":["post-12516","post","type-post","status-publish","format-standard","has-post-thumbnail","hentry","category-noticia"],"acf":[],"yoast_head":"<!-- This site is optimized with the Yoast SEO plugin v27.1.1 - https:\/\/yoast.com\/product\/yoast-seo-wordpress\/ -->\n<title>Conoce m\u00e1s sobre &quot;Puerto Salvaje&quot; de M\u00fasica del Sur y Valpara\u00edso Creativo - Valpara\u00ed\u00adso Creativo<\/title>\n<meta name=\"robots\" content=\"index, follow, max-snippet:-1, max-image-preview:large, max-video-preview:-1\" \/>\n<link rel=\"canonical\" href=\"https:\/\/dev.antudigital.cl\/sites\/vc\/conoce-mas-sobre-puerto-salvaje-de-musica-del-sur-y-valparaiso-creativo\/\" \/>\n<meta property=\"og:locale\" content=\"es_ES\" \/>\n<meta property=\"og:type\" content=\"article\" \/>\n<meta property=\"og:title\" content=\"Conoce m\u00e1s sobre &quot;Puerto Salvaje&quot; de M\u00fasica del Sur y Valpara\u00edso Creativo - Valpara\u00ed\u00adso Creativo\" \/>\n<meta property=\"og:description\" content=\"El Sello \u201cM\u00fasicadelSur\u201d, con el apoyo del programa Valpara\u00edso Creativo de Corfo, entreg\u00f3 c\u00f3digos QR con una playlist de m\u00fasica porte\u00f1a a 10 bares de la ciudad puerto, fomentando de esta manera la difusi\u00f3n de los sonidos locales En el Bar \u201cSin ti no vivo\u201d de la ciudad puerto y con las presentaciones en vivo [&hellip;]\" \/>\n<meta property=\"og:url\" content=\"https:\/\/dev.antudigital.cl\/sites\/vc\/conoce-mas-sobre-puerto-salvaje-de-musica-del-sur-y-valparaiso-creativo\/\" \/>\n<meta property=\"og:site_name\" content=\"Valpara\u00ed\u00adso Creativo\" \/>\n<meta property=\"article:published_time\" content=\"2023-01-30T22:19:19+00:00\" \/>\n<meta property=\"article:modified_time\" content=\"2023-01-30T22:19:28+00:00\" \/>\n<meta property=\"og:image\" content=\"https:\/\/dev.antudigital.cl\/sites\/vc\/wp-content\/uploads\/2023\/01\/Captura-de-Pantalla-2023-01-30-a-las-19.18.08.png\" \/>\n\t<meta property=\"og:image:width\" content=\"322\" \/>\n\t<meta property=\"og:image:height\" content=\"269\" \/>\n\t<meta property=\"og:image:type\" content=\"image\/png\" \/>\n<meta name=\"author\" content=\"Valpara\u00edso Creativo\" \/>\n<meta name=\"twitter:card\" content=\"summary_large_image\" \/>\n<meta name=\"twitter:label1\" content=\"Escrito por\" \/>\n\t<meta name=\"twitter:data1\" content=\"Valpara\u00edso Creativo\" \/>\n\t<meta name=\"twitter:label2\" content=\"Tiempo de lectura\" \/>\n\t<meta name=\"twitter:data2\" content=\"2 minutos\" \/>\n<script type=\"application\/ld+json\" class=\"yoast-schema-graph\">{\"@context\":\"https:\/\/schema.org\",\"@graph\":[{\"@type\":\"Article\",\"@id\":\"https:\/\/dev.antudigital.cl\/sites\/vc\/conoce-mas-sobre-puerto-salvaje-de-musica-del-sur-y-valparaiso-creativo\/#article\",\"isPartOf\":{\"@id\":\"https:\/\/dev.antudigital.cl\/sites\/vc\/conoce-mas-sobre-puerto-salvaje-de-musica-del-sur-y-valparaiso-creativo\/\"},\"author\":{\"name\":\"Valpara\u00edso Creativo\",\"@id\":\"https:\/\/dev.antudigital.cl\/sites\/vc\/#\/schema\/person\/c2b9da8dd545e27166fc5ab232837318\"},\"headline\":\"Conoce m\u00e1s sobre \u00abPuerto Salvaje\u00bb de M\u00fasica del Sur y Valpara\u00edso Creativo\",\"datePublished\":\"2023-01-30T22:19:19+00:00\",\"dateModified\":\"2023-01-30T22:19:28+00:00\",\"mainEntityOfPage\":{\"@id\":\"https:\/\/dev.antudigital.cl\/sites\/vc\/conoce-mas-sobre-puerto-salvaje-de-musica-del-sur-y-valparaiso-creativo\/\"},\"wordCount\":352,\"commentCount\":0,\"image\":{\"@id\":\"https:\/\/dev.antudigital.cl\/sites\/vc\/conoce-mas-sobre-puerto-salvaje-de-musica-del-sur-y-valparaiso-creativo\/#primaryimage\"},\"thumbnailUrl\":\"https:\/\/dev.antudigital.cl\/sites\/vc\/wp-content\/uploads\/2023\/01\/Captura-de-Pantalla-2023-01-30-a-las-19.18.08.png\",\"articleSection\":[\"Noticia\"],\"inLanguage\":\"es\",\"potentialAction\":[{\"@type\":\"CommentAction\",\"name\":\"Comment\",\"target\":[\"https:\/\/dev.antudigital.cl\/sites\/vc\/conoce-mas-sobre-puerto-salvaje-de-musica-del-sur-y-valparaiso-creativo\/#respond\"]}]},{\"@type\":\"WebPage\",\"@id\":\"https:\/\/dev.antudigital.cl\/sites\/vc\/conoce-mas-sobre-puerto-salvaje-de-musica-del-sur-y-valparaiso-creativo\/\",\"url\":\"https:\/\/dev.antudigital.cl\/sites\/vc\/conoce-mas-sobre-puerto-salvaje-de-musica-del-sur-y-valparaiso-creativo\/\",\"name\":\"Conoce m\u00e1s sobre \\\"Puerto Salvaje\\\" de M\u00fasica del Sur y Valpara\u00edso Creativo - Valpara\u00ed\u00adso Creativo\",\"isPartOf\":{\"@id\":\"https:\/\/dev.antudigital.cl\/sites\/vc\/#website\"},\"primaryImageOfPage\":{\"@id\":\"https:\/\/dev.antudigital.cl\/sites\/vc\/conoce-mas-sobre-puerto-salvaje-de-musica-del-sur-y-valparaiso-creativo\/#primaryimage\"},\"image\":{\"@id\":\"https:\/\/dev.antudigital.cl\/sites\/vc\/conoce-mas-sobre-puerto-salvaje-de-musica-del-sur-y-valparaiso-creativo\/#primaryimage\"},\"thumbnailUrl\":\"https:\/\/dev.antudigital.cl\/sites\/vc\/wp-content\/uploads\/2023\/01\/Captura-de-Pantalla-2023-01-30-a-las-19.18.08.png\",\"datePublished\":\"2023-01-30T22:19:19+00:00\",\"dateModified\":\"2023-01-30T22:19:28+00:00\",\"author\":{\"@id\":\"https:\/\/dev.antudigital.cl\/sites\/vc\/#\/schema\/person\/c2b9da8dd545e27166fc5ab232837318\"},\"breadcrumb\":{\"@id\":\"https:\/\/dev.antudigital.cl\/sites\/vc\/conoce-mas-sobre-puerto-salvaje-de-musica-del-sur-y-valparaiso-creativo\/#breadcrumb\"},\"inLanguage\":\"es\",\"potentialAction\":[{\"@type\":\"ReadAction\",\"target\":[\"https:\/\/dev.antudigital.cl\/sites\/vc\/conoce-mas-sobre-puerto-salvaje-de-musica-del-sur-y-valparaiso-creativo\/\"]}]},{\"@type\":\"ImageObject\",\"inLanguage\":\"es\",\"@id\":\"https:\/\/dev.antudigital.cl\/sites\/vc\/conoce-mas-sobre-puerto-salvaje-de-musica-del-sur-y-valparaiso-creativo\/#primaryimage\",\"url\":\"https:\/\/dev.antudigital.cl\/sites\/vc\/wp-content\/uploads\/2023\/01\/Captura-de-Pantalla-2023-01-30-a-las-19.18.08.png\",\"contentUrl\":\"https:\/\/dev.antudigital.cl\/sites\/vc\/wp-content\/uploads\/2023\/01\/Captura-de-Pantalla-2023-01-30-a-las-19.18.08.png\",\"width\":322,\"height\":269},{\"@type\":\"BreadcrumbList\",\"@id\":\"https:\/\/dev.antudigital.cl\/sites\/vc\/conoce-mas-sobre-puerto-salvaje-de-musica-del-sur-y-valparaiso-creativo\/#breadcrumb\",\"itemListElement\":[{\"@type\":\"ListItem\",\"position\":1,\"name\":\"Home\",\"item\":\"https:\/\/dev.antudigital.cl\/sites\/vc\/\"},{\"@type\":\"ListItem\",\"position\":2,\"name\":\"Conoce m\u00e1s sobre \u00abPuerto Salvaje\u00bb de M\u00fasica del Sur y Valpara\u00edso Creativo\"}]},{\"@type\":\"WebSite\",\"@id\":\"https:\/\/dev.antudigital.cl\/sites\/vc\/#website\",\"url\":\"https:\/\/dev.antudigital.cl\/sites\/vc\/\",\"name\":\"Valpara\u00ed\u00adso Creativo\",\"description\":\"\",\"potentialAction\":[{\"@type\":\"SearchAction\",\"target\":{\"@type\":\"EntryPoint\",\"urlTemplate\":\"https:\/\/dev.antudigital.cl\/sites\/vc\/?s={search_term_string}\"},\"query-input\":{\"@type\":\"PropertyValueSpecification\",\"valueRequired\":true,\"valueName\":\"search_term_string\"}}],\"inLanguage\":\"es\"},{\"@type\":\"Person\",\"@id\":\"https:\/\/dev.antudigital.cl\/sites\/vc\/#\/schema\/person\/c2b9da8dd545e27166fc5ab232837318\",\"name\":\"Valpara\u00edso Creativo\",\"description\":\"Periodista de cultura en la Regi\u00f3n de Valpara\u00edso.\",\"url\":\"https:\/\/dev.antudigital.cl\/sites\/vc\/author\/valpoadmin\/\"}]}<\/script>\n<!-- \/ Yoast SEO plugin. -->","yoast_head_json":{"title":"Conoce m\u00e1s sobre \"Puerto Salvaje\" de M\u00fasica del Sur y Valpara\u00edso Creativo - Valpara\u00ed\u00adso Creativo","robots":{"index":"index","follow":"follow","max-snippet":"max-snippet:-1","max-image-preview":"max-image-preview:large","max-video-preview":"max-video-preview:-1"},"canonical":"https:\/\/dev.antudigital.cl\/sites\/vc\/conoce-mas-sobre-puerto-salvaje-de-musica-del-sur-y-valparaiso-creativo\/","og_locale":"es_ES","og_type":"article","og_title":"Conoce m\u00e1s sobre \"Puerto Salvaje\" de M\u00fasica del Sur y Valpara\u00edso Creativo - Valpara\u00ed\u00adso Creativo","og_description":"El Sello \u201cM\u00fasicadelSur\u201d, con el apoyo del programa Valpara\u00edso Creativo de Corfo, entreg\u00f3 c\u00f3digos QR con una playlist de m\u00fasica porte\u00f1a a 10 bares de la ciudad puerto, fomentando de esta manera la difusi\u00f3n de los sonidos locales En el Bar \u201cSin ti no vivo\u201d de la ciudad puerto y con las presentaciones en vivo [&hellip;]","og_url":"https:\/\/dev.antudigital.cl\/sites\/vc\/conoce-mas-sobre-puerto-salvaje-de-musica-del-sur-y-valparaiso-creativo\/","og_site_name":"Valpara\u00ed\u00adso Creativo","article_published_time":"2023-01-30T22:19:19+00:00","article_modified_time":"2023-01-30T22:19:28+00:00","og_image":[{"width":322,"height":269,"url":"https:\/\/dev.antudigital.cl\/sites\/vc\/wp-content\/uploads\/2023\/01\/Captura-de-Pantalla-2023-01-30-a-las-19.18.08.png","type":"image\/png"}],"author":"Valpara\u00edso Creativo","twitter_card":"summary_large_image","twitter_misc":{"Escrito por":"Valpara\u00edso Creativo","Tiempo de lectura":"2 minutos"},"schema":{"@context":"https:\/\/schema.org","@graph":[{"@type":"Article","@id":"https:\/\/dev.antudigital.cl\/sites\/vc\/conoce-mas-sobre-puerto-salvaje-de-musica-del-sur-y-valparaiso-creativo\/#article","isPartOf":{"@id":"https:\/\/dev.antudigital.cl\/sites\/vc\/conoce-mas-sobre-puerto-salvaje-de-musica-del-sur-y-valparaiso-creativo\/"},"author":{"name":"Valpara\u00edso Creativo","@id":"https:\/\/dev.antudigital.cl\/sites\/vc\/#\/schema\/person\/c2b9da8dd545e27166fc5ab232837318"},"headline":"Conoce m\u00e1s sobre \u00abPuerto Salvaje\u00bb de M\u00fasica del Sur y Valpara\u00edso Creativo","datePublished":"2023-01-30T22:19:19+00:00","dateModified":"2023-01-30T22:19:28+00:00","mainEntityOfPage":{"@id":"https:\/\/dev.antudigital.cl\/sites\/vc\/conoce-mas-sobre-puerto-salvaje-de-musica-del-sur-y-valparaiso-creativo\/"},"wordCount":352,"commentCount":0,"image":{"@id":"https:\/\/dev.antudigital.cl\/sites\/vc\/conoce-mas-sobre-puerto-salvaje-de-musica-del-sur-y-valparaiso-creativo\/#primaryimage"},"thumbnailUrl":"https:\/\/dev.antudigital.cl\/sites\/vc\/wp-content\/uploads\/2023\/01\/Captura-de-Pantalla-2023-01-30-a-las-19.18.08.png","articleSection":["Noticia"],"inLanguage":"es","potentialAction":[{"@type":"CommentAction","name":"Comment","target":["https:\/\/dev.antudigital.cl\/sites\/vc\/conoce-mas-sobre-puerto-salvaje-de-musica-del-sur-y-valparaiso-creativo\/#respond"]}]},{"@type":"WebPage","@id":"https:\/\/dev.antudigital.cl\/sites\/vc\/conoce-mas-sobre-puerto-salvaje-de-musica-del-sur-y-valparaiso-creativo\/","url":"https:\/\/dev.antudigital.cl\/sites\/vc\/conoce-mas-sobre-puerto-salvaje-de-musica-del-sur-y-valparaiso-creativo\/","name":"Conoce m\u00e1s sobre \"Puerto Salvaje\" de M\u00fasica del Sur y Valpara\u00edso Creativo - Valpara\u00ed\u00adso Creativo","isPartOf":{"@id":"https:\/\/dev.antudigital.cl\/sites\/vc\/#website"},"primaryImageOfPage":{"@id":"https:\/\/dev.antudigital.cl\/sites\/vc\/conoce-mas-sobre-puerto-salvaje-de-musica-del-sur-y-valparaiso-creativo\/#primaryimage"},"image":{"@id":"https:\/\/dev.antudigital.cl\/sites\/vc\/conoce-mas-sobre-puerto-salvaje-de-musica-del-sur-y-valparaiso-creativo\/#primaryimage"},"thumbnailUrl":"https:\/\/dev.antudigital.cl\/sites\/vc\/wp-content\/uploads\/2023\/01\/Captura-de-Pantalla-2023-01-30-a-las-19.18.08.png","datePublished":"2023-01-30T22:19:19+00:00","dateModified":"2023-01-30T22:19:28+00:00","author":{"@id":"https:\/\/dev.antudigital.cl\/sites\/vc\/#\/schema\/person\/c2b9da8dd545e27166fc5ab232837318"},"breadcrumb":{"@id":"https:\/\/dev.antudigital.cl\/sites\/vc\/conoce-mas-sobre-puerto-salvaje-de-musica-del-sur-y-valparaiso-creativo\/#breadcrumb"},"inLanguage":"es","potentialAction":[{"@type":"ReadAction","target":["https:\/\/dev.antudigital.cl\/sites\/vc\/conoce-mas-sobre-puerto-salvaje-de-musica-del-sur-y-valparaiso-creativo\/"]}]},{"@type":"ImageObject","inLanguage":"es","@id":"https:\/\/dev.antudigital.cl\/sites\/vc\/conoce-mas-sobre-puerto-salvaje-de-musica-del-sur-y-valparaiso-creativo\/#primaryimage","url":"https:\/\/dev.antudigital.cl\/sites\/vc\/wp-content\/uploads\/2023\/01\/Captura-de-Pantalla-2023-01-30-a-las-19.18.08.png","contentUrl":"https:\/\/dev.antudigital.cl\/sites\/vc\/wp-content\/uploads\/2023\/01\/Captura-de-Pantalla-2023-01-30-a-las-19.18.08.png","width":322,"height":269},{"@type":"BreadcrumbList","@id":"https:\/\/dev.antudigital.cl\/sites\/vc\/conoce-mas-sobre-puerto-salvaje-de-musica-del-sur-y-valparaiso-creativo\/#breadcrumb","itemListElement":[{"@type":"ListItem","position":1,"name":"Home","item":"https:\/\/dev.antudigital.cl\/sites\/vc\/"},{"@type":"ListItem","position":2,"name":"Conoce m\u00e1s sobre \u00abPuerto Salvaje\u00bb de M\u00fasica del Sur y Valpara\u00edso Creativo"}]},{"@type":"WebSite","@id":"https:\/\/dev.antudigital.cl\/sites\/vc\/#website","url":"https:\/\/dev.antudigital.cl\/sites\/vc\/","name":"Valpara\u00ed\u00adso Creativo","description":"","potentialAction":[{"@type":"SearchAction","target":{"@type":"EntryPoint","urlTemplate":"https:\/\/dev.antudigital.cl\/sites\/vc\/?s={search_term_string}"},"query-input":{"@type":"PropertyValueSpecification","valueRequired":true,"valueName":"search_term_string"}}],"inLanguage":"es"},{"@type":"Person","@id":"https:\/\/dev.antudigital.cl\/sites\/vc\/#\/schema\/person\/c2b9da8dd545e27166fc5ab232837318","name":"Valpara\u00edso Creativo","description":"Periodista de cultura en la Regi\u00f3n de Valpara\u00edso.","url":"https:\/\/dev.antudigital.cl\/sites\/vc\/author\/valpoadmin\/"}]}},"_links":{"self":[{"href":"https:\/\/dev.antudigital.cl\/sites\/vc\/wp-json\/wp\/v2\/posts\/12516","targetHints":{"allow":["GET"]}}],"collection":[{"href":"https:\/\/dev.antudigital.cl\/sites\/vc\/wp-json\/wp\/v2\/posts"}],"about":[{"href":"https:\/\/dev.antudigital.cl\/sites\/vc\/wp-json\/wp\/v2\/types\/post"}],"author":[{"embeddable":true,"href":"https:\/\/dev.antudigital.cl\/sites\/vc\/wp-json\/wp\/v2\/users\/1"}],"replies":[{"embeddable":true,"href":"https:\/\/dev.antudigital.cl\/sites\/vc\/wp-json\/wp\/v2\/comments?post=12516"}],"version-history":[{"count":1,"href":"https:\/\/dev.antudigital.cl\/sites\/vc\/wp-json\/wp\/v2\/posts\/12516\/revisions"}],"predecessor-version":[{"id":12518,"href":"https:\/\/dev.antudigital.cl\/sites\/vc\/wp-json\/wp\/v2\/posts\/12516\/revisions\/12518"}],"wp:featuredmedia":[{"embeddable":true,"href":"https:\/\/dev.antudigital.cl\/sites\/vc\/wp-json\/wp\/v2\/media\/12517"}],"wp:attachment":[{"href":"https:\/\/dev.antudigital.cl\/sites\/vc\/wp-json\/wp\/v2\/media?parent=12516"}],"wp:term":[{"taxonomy":"category","embeddable":true,"href":"https:\/\/dev.antudigital.cl\/sites\/vc\/wp-json\/wp\/v2\/categories?post=12516"},{"taxonomy":"post_tag","embeddable":true,"href":"https:\/\/dev.antudigital.cl\/sites\/vc\/wp-json\/wp\/v2\/tags?post=12516"}],"curies":[{"name":"wp","href":"https:\/\/api.w.org\/{rel}","templated":true}]}}