{"id":12519,"date":"2023-01-30T22:23:34","date_gmt":"2023-01-30T22:23:34","guid":{"rendered":"https:\/\/www.valparaisocreativo.cl\/?p=12519"},"modified":"2023-01-30T22:23:38","modified_gmt":"2023-01-30T22:23:38","slug":"1er-festival-de-industrias-creativas-de-cartagena","status":"publish","type":"post","link":"https:\/\/dev.antudigital.cl\/sites\/vc\/1er-festival-de-industrias-creativas-de-cartagena\/","title":{"rendered":"1er Festival de Industrias Creativas de Cartagena"},"content":{"rendered":"\n<p>Este domingo 05 de febrero, la Municipalidad de Cartagena los invita al 1\u00b0 Festival Regional de las Industrias Creativas, Cartagena 2022, a realizarse en la Cancha del Club Deportivo, ubicada a un costado de la plaza y parroquia de Lo Abarca. Contaremos con la presencia de exponentes de las industrias creativas de toda la regi\u00f3n de Valpara\u00edso, junto con talleres recreativos, emprendedores y emprendedoras locales, presentaciones art\u00edsticas y mucho m\u00e1s para disfrutar en familia.<\/p>\n\n\n\n<p><em>L<\/em>as y los esperamos, no se lo pierdan.<\/p>\n\n\n\n<p>Proyecto financiado por el Gobierno Regional de Valpara\u00edso.<\/p>\n\n\n\n<figure class=\"wp-block-image size-large\"><img fetchpriority=\"high\" decoding=\"async\" width=\"1024\" height=\"1024\" src=\"https:\/\/www.valparaisocreativo.cl\/wp-content\/uploads\/2023\/01\/30X30_CM_AFICHE_FESTIVAL_INDUSTRIA_CREATIVA_23_ENE_2023_3-1024x1024.jpg\" alt=\"\" class=\"wp-image-12520\" srcset=\"https:\/\/dev.antudigital.cl\/sites\/vc\/wp-content\/uploads\/2023\/01\/30X30_CM_AFICHE_FESTIVAL_INDUSTRIA_CREATIVA_23_ENE_2023_3-1024x1024.jpg 1024w, https:\/\/dev.antudigital.cl\/sites\/vc\/wp-content\/uploads\/2023\/01\/30X30_CM_AFICHE_FESTIVAL_INDUSTRIA_CREATIVA_23_ENE_2023_3-300x300.jpg 300w, https:\/\/dev.antudigital.cl\/sites\/vc\/wp-content\/uploads\/2023\/01\/30X30_CM_AFICHE_FESTIVAL_INDUSTRIA_CREATIVA_23_ENE_2023_3-150x150.jpg 150w, https:\/\/dev.antudigital.cl\/sites\/vc\/wp-content\/uploads\/2023\/01\/30X30_CM_AFICHE_FESTIVAL_INDUSTRIA_CREATIVA_23_ENE_2023_3-768x768.jpg 768w, https:\/\/dev.antudigital.cl\/sites\/vc\/wp-content\/uploads\/2023\/01\/30X30_CM_AFICHE_FESTIVAL_INDUSTRIA_CREATIVA_23_ENE_2023_3-1536x1536.jpg 1536w, https:\/\/dev.antudigital.cl\/sites\/vc\/wp-content\/uploads\/2023\/01\/30X30_CM_AFICHE_FESTIVAL_INDUSTRIA_CREATIVA_23_ENE_2023_3-2048x2048.jpg 2048w, https:\/\/dev.antudigital.cl\/sites\/vc\/wp-content\/uploads\/2023\/01\/30X30_CM_AFICHE_FESTIVAL_INDUSTRIA_CREATIVA_23_ENE_2023_3-1080x1080.jpg 1080w, https:\/\/dev.antudigital.cl\/sites\/vc\/wp-content\/uploads\/2023\/01\/30X30_CM_AFICHE_FESTIVAL_INDUSTRIA_CREATIVA_23_ENE_2023_3-1280x1280.jpg 1280w, https:\/\/dev.antudigital.cl\/sites\/vc\/wp-content\/uploads\/2023\/01\/30X30_CM_AFICHE_FESTIVAL_INDUSTRIA_CREATIVA_23_ENE_2023_3-980x980.jpg 980w, https:\/\/dev.antudigital.cl\/sites\/vc\/wp-content\/uploads\/2023\/01\/30X30_CM_AFICHE_FESTIVAL_INDUSTRIA_CREATIVA_23_ENE_2023_3-480x480.jpg 480w\" sizes=\"(max-width: 1024px) 100vw, 1024px\" \/><\/figure>\n","protected":false},"excerpt":{"rendered":"<p>Este domingo 05 de febrero, la Municipalidad de Cartagena los invita al 1\u00b0 Festival Regional de las Industrias Creativas, Cartagena 2022, a realizarse en la Cancha del Club Deportivo, ubicada a un costado de la plaza y parroquia de Lo Abarca. Contaremos con la presencia de exponentes de las industrias creativas de toda la regi\u00f3n [&hellip;]<\/p>\n","protected":false},"author":1,"featured_media":12521,"comment_status":"open","ping_status":"closed","sticky":false,"template":"","format":"standard","meta":{"_acf_changed":false,"footnotes":""},"categories":[8],"tags":[],"class_list":["post-12519","post","type-post","status-publish","format-standard","has-post-thumbnail","hentry","category-noticia"],"acf":[],"yoast_head":"<!-- This site is optimized with the Yoast SEO plugin v27.1.1 - https:\/\/yoast.com\/product\/yoast-seo-wordpress\/ -->\n<title>1er Festival de Industrias Creativas de Cartagena - Valpara\u00ed\u00adso Creativo<\/title>\n<meta name=\"robots\" content=\"index, follow, max-snippet:-1, max-image-preview:large, max-video-preview:-1\" \/>\n<link rel=\"canonical\" href=\"https:\/\/dev.antudigital.cl\/sites\/vc\/1er-festival-de-industrias-creativas-de-cartagena\/\" \/>\n<meta property=\"og:locale\" content=\"es_ES\" \/>\n<meta property=\"og:type\" content=\"article\" \/>\n<meta property=\"og:title\" content=\"1er Festival de Industrias Creativas de Cartagena - Valpara\u00ed\u00adso Creativo\" \/>\n<meta property=\"og:description\" content=\"Este domingo 05 de febrero, la Municipalidad de Cartagena los invita al 1\u00b0 Festival Regional de las Industrias Creativas, Cartagena 2022, a realizarse en la Cancha del Club Deportivo, ubicada a un costado de la plaza y parroquia de Lo Abarca. Contaremos con la presencia de exponentes de las industrias creativas de toda la regi\u00f3n [&hellip;]\" \/>\n<meta property=\"og:url\" content=\"https:\/\/dev.antudigital.cl\/sites\/vc\/1er-festival-de-industrias-creativas-de-cartagena\/\" \/>\n<meta property=\"og:site_name\" content=\"Valpara\u00ed\u00adso Creativo\" \/>\n<meta property=\"article:published_time\" content=\"2023-01-30T22:23:34+00:00\" \/>\n<meta property=\"article:modified_time\" content=\"2023-01-30T22:23:38+00:00\" \/>\n<meta property=\"og:image\" content=\"https:\/\/dev.antudigital.cl\/sites\/vc\/wp-content\/uploads\/2023\/01\/Terraza_de_Cartagena_Chile-scaled.jpeg\" \/>\n\t<meta property=\"og:image:width\" content=\"2560\" \/>\n\t<meta property=\"og:image:height\" content=\"1920\" \/>\n\t<meta property=\"og:image:type\" content=\"image\/jpeg\" \/>\n<meta name=\"author\" content=\"Valpara\u00edso Creativo\" \/>\n<meta name=\"twitter:card\" content=\"summary_large_image\" \/>\n<meta name=\"twitter:label1\" content=\"Escrito por\" \/>\n\t<meta name=\"twitter:data1\" content=\"Valpara\u00edso Creativo\" \/>\n\t<meta name=\"twitter:label2\" content=\"Tiempo de lectura\" \/>\n\t<meta name=\"twitter:data2\" content=\"1 minuto\" \/>\n<script type=\"application\/ld+json\" class=\"yoast-schema-graph\">{\"@context\":\"https:\/\/schema.org\",\"@graph\":[{\"@type\":\"Article\",\"@id\":\"https:\/\/dev.antudigital.cl\/sites\/vc\/1er-festival-de-industrias-creativas-de-cartagena\/#article\",\"isPartOf\":{\"@id\":\"https:\/\/dev.antudigital.cl\/sites\/vc\/1er-festival-de-industrias-creativas-de-cartagena\/\"},\"author\":{\"name\":\"Valpara\u00edso Creativo\",\"@id\":\"https:\/\/dev.antudigital.cl\/sites\/vc\/#\/schema\/person\/c2b9da8dd545e27166fc5ab232837318\"},\"headline\":\"1er Festival de Industrias Creativas de Cartagena\",\"datePublished\":\"2023-01-30T22:23:34+00:00\",\"dateModified\":\"2023-01-30T22:23:38+00:00\",\"mainEntityOfPage\":{\"@id\":\"https:\/\/dev.antudigital.cl\/sites\/vc\/1er-festival-de-industrias-creativas-de-cartagena\/\"},\"wordCount\":99,\"commentCount\":0,\"image\":{\"@id\":\"https:\/\/dev.antudigital.cl\/sites\/vc\/1er-festival-de-industrias-creativas-de-cartagena\/#primaryimage\"},\"thumbnailUrl\":\"https:\/\/dev.antudigital.cl\/sites\/vc\/wp-content\/uploads\/2023\/01\/Terraza_de_Cartagena_Chile-scaled.jpeg\",\"articleSection\":[\"Noticia\"],\"inLanguage\":\"es\",\"potentialAction\":[{\"@type\":\"CommentAction\",\"name\":\"Comment\",\"target\":[\"https:\/\/dev.antudigital.cl\/sites\/vc\/1er-festival-de-industrias-creativas-de-cartagena\/#respond\"]}]},{\"@type\":\"WebPage\",\"@id\":\"https:\/\/dev.antudigital.cl\/sites\/vc\/1er-festival-de-industrias-creativas-de-cartagena\/\",\"url\":\"https:\/\/dev.antudigital.cl\/sites\/vc\/1er-festival-de-industrias-creativas-de-cartagena\/\",\"name\":\"1er Festival de Industrias Creativas de Cartagena - Valpara\u00ed\u00adso Creativo\",\"isPartOf\":{\"@id\":\"https:\/\/dev.antudigital.cl\/sites\/vc\/#website\"},\"primaryImageOfPage\":{\"@id\":\"https:\/\/dev.antudigital.cl\/sites\/vc\/1er-festival-de-industrias-creativas-de-cartagena\/#primaryimage\"},\"image\":{\"@id\":\"https:\/\/dev.antudigital.cl\/sites\/vc\/1er-festival-de-industrias-creativas-de-cartagena\/#primaryimage\"},\"thumbnailUrl\":\"https:\/\/dev.antudigital.cl\/sites\/vc\/wp-content\/uploads\/2023\/01\/Terraza_de_Cartagena_Chile-scaled.jpeg\",\"datePublished\":\"2023-01-30T22:23:34+00:00\",\"dateModified\":\"2023-01-30T22:23:38+00:00\",\"author\":{\"@id\":\"https:\/\/dev.antudigital.cl\/sites\/vc\/#\/schema\/person\/c2b9da8dd545e27166fc5ab232837318\"},\"breadcrumb\":{\"@id\":\"https:\/\/dev.antudigital.cl\/sites\/vc\/1er-festival-de-industrias-creativas-de-cartagena\/#breadcrumb\"},\"inLanguage\":\"es\",\"potentialAction\":[{\"@type\":\"ReadAction\",\"target\":[\"https:\/\/dev.antudigital.cl\/sites\/vc\/1er-festival-de-industrias-creativas-de-cartagena\/\"]}]},{\"@type\":\"ImageObject\",\"inLanguage\":\"es\",\"@id\":\"https:\/\/dev.antudigital.cl\/sites\/vc\/1er-festival-de-industrias-creativas-de-cartagena\/#primaryimage\",\"url\":\"https:\/\/dev.antudigital.cl\/sites\/vc\/wp-content\/uploads\/2023\/01\/Terraza_de_Cartagena_Chile-scaled.jpeg\",\"contentUrl\":\"https:\/\/dev.antudigital.cl\/sites\/vc\/wp-content\/uploads\/2023\/01\/Terraza_de_Cartagena_Chile-scaled.jpeg\",\"width\":2560,\"height\":1920},{\"@type\":\"BreadcrumbList\",\"@id\":\"https:\/\/dev.antudigital.cl\/sites\/vc\/1er-festival-de-industrias-creativas-de-cartagena\/#breadcrumb\",\"itemListElement\":[{\"@type\":\"ListItem\",\"position\":1,\"name\":\"Home\",\"item\":\"https:\/\/dev.antudigital.cl\/sites\/vc\/\"},{\"@type\":\"ListItem\",\"position\":2,\"name\":\"1er Festival de Industrias Creativas de Cartagena\"}]},{\"@type\":\"WebSite\",\"@id\":\"https:\/\/dev.antudigital.cl\/sites\/vc\/#website\",\"url\":\"https:\/\/dev.antudigital.cl\/sites\/vc\/\",\"name\":\"Valpara\u00ed\u00adso Creativo\",\"description\":\"\",\"potentialAction\":[{\"@type\":\"SearchAction\",\"target\":{\"@type\":\"EntryPoint\",\"urlTemplate\":\"https:\/\/dev.antudigital.cl\/sites\/vc\/?s={search_term_string}\"},\"query-input\":{\"@type\":\"PropertyValueSpecification\",\"valueRequired\":true,\"valueName\":\"search_term_string\"}}],\"inLanguage\":\"es\"},{\"@type\":\"Person\",\"@id\":\"https:\/\/dev.antudigital.cl\/sites\/vc\/#\/schema\/person\/c2b9da8dd545e27166fc5ab232837318\",\"name\":\"Valpara\u00edso Creativo\",\"description\":\"Periodista de cultura en la Regi\u00f3n de Valpara\u00edso.\",\"url\":\"https:\/\/dev.antudigital.cl\/sites\/vc\/author\/valpoadmin\/\"}]}<\/script>\n<!-- \/ Yoast SEO plugin. -->","yoast_head_json":{"title":"1er Festival de Industrias Creativas de Cartagena - Valpara\u00ed\u00adso Creativo","robots":{"index":"index","follow":"follow","max-snippet":"max-snippet:-1","max-image-preview":"max-image-preview:large","max-video-preview":"max-video-preview:-1"},"canonical":"https:\/\/dev.antudigital.cl\/sites\/vc\/1er-festival-de-industrias-creativas-de-cartagena\/","og_locale":"es_ES","og_type":"article","og_title":"1er Festival de Industrias Creativas de Cartagena - Valpara\u00ed\u00adso Creativo","og_description":"Este domingo 05 de febrero, la Municipalidad de Cartagena los invita al 1\u00b0 Festival Regional de las Industrias Creativas, Cartagena 2022, a realizarse en la Cancha del Club Deportivo, ubicada a un costado de la plaza y parroquia de Lo Abarca. Contaremos con la presencia de exponentes de las industrias creativas de toda la regi\u00f3n [&hellip;]","og_url":"https:\/\/dev.antudigital.cl\/sites\/vc\/1er-festival-de-industrias-creativas-de-cartagena\/","og_site_name":"Valpara\u00ed\u00adso Creativo","article_published_time":"2023-01-30T22:23:34+00:00","article_modified_time":"2023-01-30T22:23:38+00:00","og_image":[{"width":2560,"height":1920,"url":"https:\/\/dev.antudigital.cl\/sites\/vc\/wp-content\/uploads\/2023\/01\/Terraza_de_Cartagena_Chile-scaled.jpeg","type":"image\/jpeg"}],"author":"Valpara\u00edso Creativo","twitter_card":"summary_large_image","twitter_misc":{"Escrito por":"Valpara\u00edso Creativo","Tiempo de lectura":"1 minuto"},"schema":{"@context":"https:\/\/schema.org","@graph":[{"@type":"Article","@id":"https:\/\/dev.antudigital.cl\/sites\/vc\/1er-festival-de-industrias-creativas-de-cartagena\/#article","isPartOf":{"@id":"https:\/\/dev.antudigital.cl\/sites\/vc\/1er-festival-de-industrias-creativas-de-cartagena\/"},"author":{"name":"Valpara\u00edso Creativo","@id":"https:\/\/dev.antudigital.cl\/sites\/vc\/#\/schema\/person\/c2b9da8dd545e27166fc5ab232837318"},"headline":"1er Festival de Industrias Creativas de Cartagena","datePublished":"2023-01-30T22:23:34+00:00","dateModified":"2023-01-30T22:23:38+00:00","mainEntityOfPage":{"@id":"https:\/\/dev.antudigital.cl\/sites\/vc\/1er-festival-de-industrias-creativas-de-cartagena\/"},"wordCount":99,"commentCount":0,"image":{"@id":"https:\/\/dev.antudigital.cl\/sites\/vc\/1er-festival-de-industrias-creativas-de-cartagena\/#primaryimage"},"thumbnailUrl":"https:\/\/dev.antudigital.cl\/sites\/vc\/wp-content\/uploads\/2023\/01\/Terraza_de_Cartagena_Chile-scaled.jpeg","articleSection":["Noticia"],"inLanguage":"es","potentialAction":[{"@type":"CommentAction","name":"Comment","target":["https:\/\/dev.antudigital.cl\/sites\/vc\/1er-festival-de-industrias-creativas-de-cartagena\/#respond"]}]},{"@type":"WebPage","@id":"https:\/\/dev.antudigital.cl\/sites\/vc\/1er-festival-de-industrias-creativas-de-cartagena\/","url":"https:\/\/dev.antudigital.cl\/sites\/vc\/1er-festival-de-industrias-creativas-de-cartagena\/","name":"1er Festival de Industrias Creativas de Cartagena - Valpara\u00ed\u00adso Creativo","isPartOf":{"@id":"https:\/\/dev.antudigital.cl\/sites\/vc\/#website"},"primaryImageOfPage":{"@id":"https:\/\/dev.antudigital.cl\/sites\/vc\/1er-festival-de-industrias-creativas-de-cartagena\/#primaryimage"},"image":{"@id":"https:\/\/dev.antudigital.cl\/sites\/vc\/1er-festival-de-industrias-creativas-de-cartagena\/#primaryimage"},"thumbnailUrl":"https:\/\/dev.antudigital.cl\/sites\/vc\/wp-content\/uploads\/2023\/01\/Terraza_de_Cartagena_Chile-scaled.jpeg","datePublished":"2023-01-30T22:23:34+00:00","dateModified":"2023-01-30T22:23:38+00:00","author":{"@id":"https:\/\/dev.antudigital.cl\/sites\/vc\/#\/schema\/person\/c2b9da8dd545e27166fc5ab232837318"},"breadcrumb":{"@id":"https:\/\/dev.antudigital.cl\/sites\/vc\/1er-festival-de-industrias-creativas-de-cartagena\/#breadcrumb"},"inLanguage":"es","potentialAction":[{"@type":"ReadAction","target":["https:\/\/dev.antudigital.cl\/sites\/vc\/1er-festival-de-industrias-creativas-de-cartagena\/"]}]},{"@type":"ImageObject","inLanguage":"es","@id":"https:\/\/dev.antudigital.cl\/sites\/vc\/1er-festival-de-industrias-creativas-de-cartagena\/#primaryimage","url":"https:\/\/dev.antudigital.cl\/sites\/vc\/wp-content\/uploads\/2023\/01\/Terraza_de_Cartagena_Chile-scaled.jpeg","contentUrl":"https:\/\/dev.antudigital.cl\/sites\/vc\/wp-content\/uploads\/2023\/01\/Terraza_de_Cartagena_Chile-scaled.jpeg","width":2560,"height":1920},{"@type":"BreadcrumbList","@id":"https:\/\/dev.antudigital.cl\/sites\/vc\/1er-festival-de-industrias-creativas-de-cartagena\/#breadcrumb","itemListElement":[{"@type":"ListItem","position":1,"name":"Home","item":"https:\/\/dev.antudigital.cl\/sites\/vc\/"},{"@type":"ListItem","position":2,"name":"1er Festival de Industrias Creativas de Cartagena"}]},{"@type":"WebSite","@id":"https:\/\/dev.antudigital.cl\/sites\/vc\/#website","url":"https:\/\/dev.antudigital.cl\/sites\/vc\/","name":"Valpara\u00ed\u00adso Creativo","description":"","potentialAction":[{"@type":"SearchAction","target":{"@type":"EntryPoint","urlTemplate":"https:\/\/dev.antudigital.cl\/sites\/vc\/?s={search_term_string}"},"query-input":{"@type":"PropertyValueSpecification","valueRequired":true,"valueName":"search_term_string"}}],"inLanguage":"es"},{"@type":"Person","@id":"https:\/\/dev.antudigital.cl\/sites\/vc\/#\/schema\/person\/c2b9da8dd545e27166fc5ab232837318","name":"Valpara\u00edso Creativo","description":"Periodista de cultura en la Regi\u00f3n de Valpara\u00edso.","url":"https:\/\/dev.antudigital.cl\/sites\/vc\/author\/valpoadmin\/"}]}},"_links":{"self":[{"href":"https:\/\/dev.antudigital.cl\/sites\/vc\/wp-json\/wp\/v2\/posts\/12519","targetHints":{"allow":["GET"]}}],"collection":[{"href":"https:\/\/dev.antudigital.cl\/sites\/vc\/wp-json\/wp\/v2\/posts"}],"about":[{"href":"https:\/\/dev.antudigital.cl\/sites\/vc\/wp-json\/wp\/v2\/types\/post"}],"author":[{"embeddable":true,"href":"https:\/\/dev.antudigital.cl\/sites\/vc\/wp-json\/wp\/v2\/users\/1"}],"replies":[{"embeddable":true,"href":"https:\/\/dev.antudigital.cl\/sites\/vc\/wp-json\/wp\/v2\/comments?post=12519"}],"version-history":[{"count":1,"href":"https:\/\/dev.antudigital.cl\/sites\/vc\/wp-json\/wp\/v2\/posts\/12519\/revisions"}],"predecessor-version":[{"id":12522,"href":"https:\/\/dev.antudigital.cl\/sites\/vc\/wp-json\/wp\/v2\/posts\/12519\/revisions\/12522"}],"wp:featuredmedia":[{"embeddable":true,"href":"https:\/\/dev.antudigital.cl\/sites\/vc\/wp-json\/wp\/v2\/media\/12521"}],"wp:attachment":[{"href":"https:\/\/dev.antudigital.cl\/sites\/vc\/wp-json\/wp\/v2\/media?parent=12519"}],"wp:term":[{"taxonomy":"category","embeddable":true,"href":"https:\/\/dev.antudigital.cl\/sites\/vc\/wp-json\/wp\/v2\/categories?post=12519"},{"taxonomy":"post_tag","embeddable":true,"href":"https:\/\/dev.antudigital.cl\/sites\/vc\/wp-json\/wp\/v2\/tags?post=12519"}],"curies":[{"name":"wp","href":"https:\/\/api.w.org\/{rel}","templated":true}]}}