{"id":12523,"date":"2023-01-31T00:31:13","date_gmt":"2023-01-31T00:31:13","guid":{"rendered":"https:\/\/www.valparaisocreativo.cl\/?p=12523"},"modified":"2023-01-31T00:31:23","modified_gmt":"2023-01-31T00:31:23","slug":"el-encanto-de-lo-cotidiano-entrevista-a-jota-ampuero","status":"publish","type":"post","link":"https:\/\/dev.antudigital.cl\/sites\/vc\/el-encanto-de-lo-cotidiano-entrevista-a-jota-ampuero\/","title":{"rendered":"El encanto de lo cotidiano: entrevista a Jota Ampuero"},"content":{"rendered":"\n<p>Juan Carlos \u201cJota\u201d Ampuero tiene 34 a\u00f1os y es ilustrador. Es de Punta Arenas pero vive en Valpara\u00edso desde sus 18 a\u00f1os, cuando lleg\u00f3 a estudiar Artes Visuales. Desde entonces se ha desarrollado en la ciudad puerto, primero como m\u00fasico y luego como ilustrador. Quisimos explorar m\u00e1s sobre sus procesos y gustos en la siguiente entrevista:<\/p>\n\n\n\n<p><strong>\u00bfEn qu\u00e9 te fijas a la hora de crear algo?<\/strong><\/p>\n\n\n\n<p>-Me fijo en situaciones cotidianas de muy bajo perfil, sencillas y que me hablen de una conducta que no es solo m\u00eda, sino de algo general de la gente. Son detalles muy peque\u00f1os. Por ejemplo ahora tengo una idea del momento en que presionas el bot\u00f3n cuando paras la micro. Es algo a lo que no le doy tanta reflexi\u00f3n, sino que es lo que llama la atenci\u00f3n de manera primaria. As\u00ed me siento cuando me doy cuenta de que algo va a terminar en dibujo, que es cuando veo algo que me gusta. No s\u00e9 bien cu\u00e1l es mi criterio, pero que comunique algo.<\/p>\n\n\n\n<figure class=\"wp-block-image size-full\"><img fetchpriority=\"high\" decoding=\"async\" width=\"300\" height=\"300\" src=\"https:\/\/www.valparaisocreativo.cl\/wp-content\/uploads\/2023\/01\/A-8061435-1596684631-6235.jpeg\" alt=\"\" class=\"wp-image-12527\" srcset=\"https:\/\/dev.antudigital.cl\/sites\/vc\/wp-content\/uploads\/2023\/01\/A-8061435-1596684631-6235.jpeg 300w, https:\/\/dev.antudigital.cl\/sites\/vc\/wp-content\/uploads\/2023\/01\/A-8061435-1596684631-6235-150x150.jpeg 150w\" sizes=\"(max-width: 300px) 100vw, 300px\" \/><\/figure>\n\n\n\n<p><strong>\u00bfHace cu\u00e1nto haces este ejercicio y te vinculas a la ilustraci\u00f3n?<\/strong><\/p>\n\n\n\n<p>-Creo que siempre lo he hecho solo que ahora lo tengo sistematizado, ahora me doy cuenta. Veo trabajos que hice hace doce a\u00f1os atr\u00e1s y se asemejan. Me doy cuenta tambi\u00e9n de que tengo una manera de componer la imagen, por ejemplo al usar l\u00edneas diagonales en la composici\u00f3n. Aunque trato de no pensar en eso mientras hago una obra.<\/p>\n\n\n\n<p><strong>\u00bfQu\u00e9 crees que te llev\u00f3 a la ilustraci\u00f3n?<\/strong><\/p>\n\n\n\n<p>-Bueno, llevo en esto muy poco tiempo de mi vida, quiz\u00e1s hace dos o tres a\u00f1os a lo m\u00e1s lo incorpor\u00e9 como un oficio con el que me puedo ganar la vida. Antes hice otras cosas: estudi\u00e9 artes visuales, tuve dos bandas, estuve en educaci\u00f3n. Pero reencontrarme con estas ganas de dibujar es algo que viene desde el colegio, de chico, y que cuando entr\u00e9 a la universidad aparecieron otras cosas que llamaron mi atenci\u00f3n. Se me abri\u00f3 un gran campo de visi\u00f3n. Y como que ahora estoy retomando una posta de m\u00e1s chico.<\/p>\n\n\n\n<figure class=\"wp-block-image size-full\"><img decoding=\"async\" width=\"612\" height=\"609\" src=\"https:\/\/www.valparaisocreativo.cl\/wp-content\/uploads\/2023\/01\/Captura-de-Pantalla-2023-01-30-a-las-21.14.13.png\" alt=\"\" class=\"wp-image-12526\" srcset=\"https:\/\/dev.antudigital.cl\/sites\/vc\/wp-content\/uploads\/2023\/01\/Captura-de-Pantalla-2023-01-30-a-las-21.14.13.png 612w, https:\/\/dev.antudigital.cl\/sites\/vc\/wp-content\/uploads\/2023\/01\/Captura-de-Pantalla-2023-01-30-a-las-21.14.13-300x300.png 300w, https:\/\/dev.antudigital.cl\/sites\/vc\/wp-content\/uploads\/2023\/01\/Captura-de-Pantalla-2023-01-30-a-las-21.14.13-150x150.png 150w, https:\/\/dev.antudigital.cl\/sites\/vc\/wp-content\/uploads\/2023\/01\/Captura-de-Pantalla-2023-01-30-a-las-21.14.13-480x478.png 480w\" sizes=\"(max-width: 612px) 100vw, 612px\" \/><\/figure>\n\n\n\n<p><strong>\u00bfCuando eras ni\u00f1o c\u00f3mo era tu relaci\u00f3n con la ilustraci\u00f3n?<\/strong><\/p>\n\n\n\n<p>-Dibujaba harto. M\u00e1s que nada, dibujo para llamar la atenci\u00f3n de la gente. De ni\u00f1o era muy t\u00edmido e introvertido, y me costaba socializar. Cuando me di cuenta de que dibujaba bien, y la gente se acercaba a m\u00ed, se generaba una conversaci\u00f3n. Lo ocupaba &#8211; hasta el d\u00eda de hoy &#8211; para conectar con la gente.<\/p>\n\n\n\n<p><strong>Con la m\u00fasica, \u00bfc\u00f3mo fue tu proceso?<\/strong><\/p>\n\n\n\n<p>-Creo que el motor es un poco el mismo que el de la ilustraci\u00f3n. Yo no me dedico a la m\u00fasica todo el d\u00eda, me gusta porque puedo lograr algo, como conectar con la gente como te dec\u00eda, o emocionar. La m\u00fasica me produce mucho placer, tanto escucharla como hacerla. Saliendo de la U, a los 23 a\u00f1os, aprend\u00ed a hacer canciones y ah\u00ed fue que tuve las experiencias en bandas: ParaRayar y T\u00e9cnicas Manuales.\u00a0<\/p>\n\n\n\n<figure class=\"wp-block-image size-full\"><img decoding=\"async\" width=\"683\" height=\"1024\" src=\"https:\/\/www.valparaisocreativo.cl\/wp-content\/uploads\/2023\/01\/Jota-Ampuerto-Laura-Reveco-683x1024-1.jpeg\" alt=\"\" class=\"wp-image-12528\" srcset=\"https:\/\/dev.antudigital.cl\/sites\/vc\/wp-content\/uploads\/2023\/01\/Jota-Ampuerto-Laura-Reveco-683x1024-1.jpeg 683w, https:\/\/dev.antudigital.cl\/sites\/vc\/wp-content\/uploads\/2023\/01\/Jota-Ampuerto-Laura-Reveco-683x1024-1-200x300.jpeg 200w, https:\/\/dev.antudigital.cl\/sites\/vc\/wp-content\/uploads\/2023\/01\/Jota-Ampuerto-Laura-Reveco-683x1024-1-480x720.jpeg 480w\" sizes=\"(max-width: 683px) 100vw, 683px\" \/><\/figure>\n\n\n\n<p><strong>\u00bfC\u00f3mo fueron esos a\u00f1os en que estabas en la m\u00fasica?<\/strong><\/p>\n\n\n\n<p>-A\u00fan me pasa que me demoro y me debo esforzar mucho por hacer una canci\u00f3n, pero me gusta tanto lo que puede llegar a producir, que le doy mucho tiempo a la m\u00fasica. No tengo un gran o\u00eddo o algo as\u00ed, pero s\u00ed he trabajado mucho para hacerlo bien y creo que lo he logrado. Como dec\u00eda Jorge Gonz\u00e1lez, \u201cel talento viene por las ganas\u201d. A veces me toma tiempo sacar una canci\u00f3n, pero est\u00e1 bien. Las letras tambi\u00e9n son muy importantes para m\u00ed y eso es un espejo de lo que hago en lo visual: me agarro de cosas cercanas, familiares, biogr\u00e1ficas.<\/p>\n\n\n\n<p><strong>\u00bfCon qu\u00e9 te gusta colaborar desde el dibujo y desde la m\u00fasica?<\/strong><\/p>\n\n\n\n<p>-Hago ese cruce entre ilustraci\u00f3n y m\u00fasica, en especial cuando tuve bandas. Ah\u00ed me met\u00ed al circuito de la m\u00fasica m\u00e1s independiente, y al conocer gente ligada a la m\u00fasica, a quienes les gust\u00f3 mi trabajo cuando vieron que me dedicaba al dibujo. Me llamaron para hacer portadas, afiches, entre otras piezas. Eso me sirvi\u00f3 mucho para poder afirmarme y ganarme la vida, ya que hoy vivo de esto. Fue una colaboraci\u00f3n muy natural ya que entiendo lo importante que es la imagen para representar la m\u00fasica.&nbsp;<\/p>\n\n\n\n<p><strong>\u00bfQu\u00e9 piensas de Valpara\u00edso como ciudad que alberga una multiplicidad de oficios y expresiones art\u00edsticas?<\/strong><\/p>\n\n\n\n<p>-Es curioso sentirse parte de esa poblaci\u00f3n, lo que me pasa hace poco personalmente. Yo no me vinculo mucho con la ciudad en ese sentido, con T\u00e9cnicas Manuales s\u00ed a trav\u00e9s de la m\u00fasica, ya que hablaba del territorio y del cotidiano. S\u00ed hay artistas o colectivos que se vinculan m\u00e1s pol\u00edticamente con la comunidad, yo creo que lo que hago conecta desde lo afectivo.&nbsp;<\/p>\n\n\n\n<p>S\u00ed veo que est\u00e1 lleno de gente que hace cosas muy bacanes y he podido ir conociendo poco a poco a m\u00e1s personas con oficios relacionados que admiro mucho.<\/p>\n\n\n\n<figure class=\"wp-block-image size-full\"><img loading=\"lazy\" decoding=\"async\" width=\"611\" height=\"612\" src=\"https:\/\/www.valparaisocreativo.cl\/wp-content\/uploads\/2023\/01\/Captura-de-Pantalla-2023-01-30-a-las-21.14.02.png\" alt=\"\" class=\"wp-image-12525\" srcset=\"https:\/\/dev.antudigital.cl\/sites\/vc\/wp-content\/uploads\/2023\/01\/Captura-de-Pantalla-2023-01-30-a-las-21.14.02.png 611w, https:\/\/dev.antudigital.cl\/sites\/vc\/wp-content\/uploads\/2023\/01\/Captura-de-Pantalla-2023-01-30-a-las-21.14.02-300x300.png 300w, https:\/\/dev.antudigital.cl\/sites\/vc\/wp-content\/uploads\/2023\/01\/Captura-de-Pantalla-2023-01-30-a-las-21.14.02-150x150.png 150w, https:\/\/dev.antudigital.cl\/sites\/vc\/wp-content\/uploads\/2023\/01\/Captura-de-Pantalla-2023-01-30-a-las-21.14.02-480x481.png 480w\" sizes=\"(max-width: 611px) 100vw, 611px\" \/><\/figure>\n\n\n\n<p><strong>\u00bfQu\u00e9 te gusta visitar en cuanto a cultura?<\/strong><\/p>\n\n\n\n<p>&#8211; Creo que de a poco voy m\u00e1s a instancias de artes visuales, no suelo mucho hacerlo. Lo que s\u00ed me gusta es ir a comer, eso me produce una gran satisfacci\u00f3n. De a poco estoy saliendo m\u00e1s a instancias sociales relacionadas a la cultura. Adem\u00e1s de eso soy un gran consumidor de m\u00fasica, de lo que estoy muy pendiente: qu\u00e9 es lo nuevo que hay, en especial en espa\u00f1ol.<\/p>\n\n\n\n<p><strong>Adem\u00e1s, actualmente has experimentado como DJ, \u00bfes as\u00ed?<\/strong><\/p>\n\n\n\n<p>-Eso es algo que me ha gustado mucho que he hecho en el \u00faltimo a\u00f1o. Normalmente no soy de fiestas o de bailar, pero hace como un a\u00f1o que he sido DJ en varias fiestas, principalmente de cercanos. Me divert\u00eda mucho poniendo m\u00fasica toda la noche, y me empezaron a contratar para diversas actividades. Creo que es algo que me gustar\u00eda seguir haciendo y perfeccionando. Seguro que ser\u00e1 algo que explotar\u00e9 m\u00e1s.<\/p>\n\n\n\n<p><strong>\u00bfHay algo de la m\u00fasica que te guste que quieras recomendar?<\/strong><\/p>\n\n\n\n<p>-Mira, de Valpara\u00edso, Mora Lucay, tremenda cantautora que hace un trabajo muy profundo y original. Tambi\u00e9n Javi Electra, que es muy buena y est\u00e1 grabando material actualmente.\u00a0<\/p>\n\n\n\n<p><br>Conoce m\u00e1s de la obra de Jota en s<a href=\"https:\/\/www.instagram.com\/yey_si\/\">us redes sociales.<\/a><\/p>\n","protected":false},"excerpt":{"rendered":"<p>Juan Carlos \u201cJota\u201d Ampuero tiene 34 a\u00f1os y es ilustrador. Es de Punta Arenas pero vive en Valpara\u00edso desde sus 18 a\u00f1os, cuando lleg\u00f3 a estudiar Artes Visuales. Desde entonces se ha desarrollado en la ciudad puerto, primero como m\u00fasico y luego como ilustrador. Quisimos explorar m\u00e1s sobre sus procesos y gustos en la siguiente [&hellip;]<\/p>\n","protected":false},"author":1,"featured_media":12524,"comment_status":"open","ping_status":"closed","sticky":false,"template":"","format":"standard","meta":{"_acf_changed":false,"footnotes":""},"categories":[8],"tags":[],"class_list":["post-12523","post","type-post","status-publish","format-standard","has-post-thumbnail","hentry","category-noticia"],"acf":[],"yoast_head":"<!-- This site is optimized with the Yoast SEO plugin v27.1.1 - https:\/\/yoast.com\/product\/yoast-seo-wordpress\/ -->\n<title>El encanto de lo cotidiano: entrevista a Jota Ampuero - Valpara\u00ed\u00adso Creativo<\/title>\n<meta name=\"robots\" content=\"index, follow, max-snippet:-1, max-image-preview:large, max-video-preview:-1\" \/>\n<link rel=\"canonical\" href=\"https:\/\/dev.antudigital.cl\/sites\/vc\/el-encanto-de-lo-cotidiano-entrevista-a-jota-ampuero\/\" \/>\n<meta property=\"og:locale\" content=\"es_ES\" \/>\n<meta property=\"og:type\" content=\"article\" \/>\n<meta property=\"og:title\" content=\"El encanto de lo cotidiano: entrevista a Jota Ampuero - Valpara\u00ed\u00adso Creativo\" \/>\n<meta property=\"og:description\" content=\"Juan Carlos \u201cJota\u201d Ampuero tiene 34 a\u00f1os y es ilustrador. Es de Punta Arenas pero vive en Valpara\u00edso desde sus 18 a\u00f1os, cuando lleg\u00f3 a estudiar Artes Visuales. Desde entonces se ha desarrollado en la ciudad puerto, primero como m\u00fasico y luego como ilustrador. Quisimos explorar m\u00e1s sobre sus procesos y gustos en la siguiente [&hellip;]\" \/>\n<meta property=\"og:url\" content=\"https:\/\/dev.antudigital.cl\/sites\/vc\/el-encanto-de-lo-cotidiano-entrevista-a-jota-ampuero\/\" \/>\n<meta property=\"og:site_name\" content=\"Valpara\u00ed\u00adso Creativo\" \/>\n<meta property=\"article:published_time\" content=\"2023-01-31T00:31:13+00:00\" \/>\n<meta property=\"article:modified_time\" content=\"2023-01-31T00:31:23+00:00\" \/>\n<meta property=\"og:image\" content=\"https:\/\/dev.antudigital.cl\/sites\/vc\/wp-content\/uploads\/2023\/01\/Captura-de-Pantalla-2023-01-30-a-las-21.14.25.png\" \/>\n\t<meta property=\"og:image:width\" content=\"626\" \/>\n\t<meta property=\"og:image:height\" content=\"614\" \/>\n\t<meta property=\"og:image:type\" content=\"image\/png\" \/>\n<meta name=\"author\" content=\"Valpara\u00edso Creativo\" \/>\n<meta name=\"twitter:card\" content=\"summary_large_image\" \/>\n<meta name=\"twitter:label1\" content=\"Escrito por\" \/>\n\t<meta name=\"twitter:data1\" content=\"Valpara\u00edso Creativo\" \/>\n\t<meta name=\"twitter:label2\" content=\"Tiempo de lectura\" \/>\n\t<meta name=\"twitter:data2\" content=\"6 minutos\" \/>\n<script type=\"application\/ld+json\" class=\"yoast-schema-graph\">{\"@context\":\"https:\/\/schema.org\",\"@graph\":[{\"@type\":\"Article\",\"@id\":\"https:\/\/dev.antudigital.cl\/sites\/vc\/el-encanto-de-lo-cotidiano-entrevista-a-jota-ampuero\/#article\",\"isPartOf\":{\"@id\":\"https:\/\/dev.antudigital.cl\/sites\/vc\/el-encanto-de-lo-cotidiano-entrevista-a-jota-ampuero\/\"},\"author\":{\"name\":\"Valpara\u00edso Creativo\",\"@id\":\"https:\/\/dev.antudigital.cl\/sites\/vc\/#\/schema\/person\/c2b9da8dd545e27166fc5ab232837318\"},\"headline\":\"El encanto de lo cotidiano: entrevista a Jota Ampuero\",\"datePublished\":\"2023-01-31T00:31:13+00:00\",\"dateModified\":\"2023-01-31T00:31:23+00:00\",\"mainEntityOfPage\":{\"@id\":\"https:\/\/dev.antudigital.cl\/sites\/vc\/el-encanto-de-lo-cotidiano-entrevista-a-jota-ampuero\/\"},\"wordCount\":1120,\"commentCount\":0,\"image\":{\"@id\":\"https:\/\/dev.antudigital.cl\/sites\/vc\/el-encanto-de-lo-cotidiano-entrevista-a-jota-ampuero\/#primaryimage\"},\"thumbnailUrl\":\"https:\/\/dev.antudigital.cl\/sites\/vc\/wp-content\/uploads\/2023\/01\/Captura-de-Pantalla-2023-01-30-a-las-21.14.25.png\",\"articleSection\":[\"Noticia\"],\"inLanguage\":\"es\",\"potentialAction\":[{\"@type\":\"CommentAction\",\"name\":\"Comment\",\"target\":[\"https:\/\/dev.antudigital.cl\/sites\/vc\/el-encanto-de-lo-cotidiano-entrevista-a-jota-ampuero\/#respond\"]}]},{\"@type\":\"WebPage\",\"@id\":\"https:\/\/dev.antudigital.cl\/sites\/vc\/el-encanto-de-lo-cotidiano-entrevista-a-jota-ampuero\/\",\"url\":\"https:\/\/dev.antudigital.cl\/sites\/vc\/el-encanto-de-lo-cotidiano-entrevista-a-jota-ampuero\/\",\"name\":\"El encanto de lo cotidiano: entrevista a Jota Ampuero - Valpara\u00ed\u00adso Creativo\",\"isPartOf\":{\"@id\":\"https:\/\/dev.antudigital.cl\/sites\/vc\/#website\"},\"primaryImageOfPage\":{\"@id\":\"https:\/\/dev.antudigital.cl\/sites\/vc\/el-encanto-de-lo-cotidiano-entrevista-a-jota-ampuero\/#primaryimage\"},\"image\":{\"@id\":\"https:\/\/dev.antudigital.cl\/sites\/vc\/el-encanto-de-lo-cotidiano-entrevista-a-jota-ampuero\/#primaryimage\"},\"thumbnailUrl\":\"https:\/\/dev.antudigital.cl\/sites\/vc\/wp-content\/uploads\/2023\/01\/Captura-de-Pantalla-2023-01-30-a-las-21.14.25.png\",\"datePublished\":\"2023-01-31T00:31:13+00:00\",\"dateModified\":\"2023-01-31T00:31:23+00:00\",\"author\":{\"@id\":\"https:\/\/dev.antudigital.cl\/sites\/vc\/#\/schema\/person\/c2b9da8dd545e27166fc5ab232837318\"},\"breadcrumb\":{\"@id\":\"https:\/\/dev.antudigital.cl\/sites\/vc\/el-encanto-de-lo-cotidiano-entrevista-a-jota-ampuero\/#breadcrumb\"},\"inLanguage\":\"es\",\"potentialAction\":[{\"@type\":\"ReadAction\",\"target\":[\"https:\/\/dev.antudigital.cl\/sites\/vc\/el-encanto-de-lo-cotidiano-entrevista-a-jota-ampuero\/\"]}]},{\"@type\":\"ImageObject\",\"inLanguage\":\"es\",\"@id\":\"https:\/\/dev.antudigital.cl\/sites\/vc\/el-encanto-de-lo-cotidiano-entrevista-a-jota-ampuero\/#primaryimage\",\"url\":\"https:\/\/dev.antudigital.cl\/sites\/vc\/wp-content\/uploads\/2023\/01\/Captura-de-Pantalla-2023-01-30-a-las-21.14.25.png\",\"contentUrl\":\"https:\/\/dev.antudigital.cl\/sites\/vc\/wp-content\/uploads\/2023\/01\/Captura-de-Pantalla-2023-01-30-a-las-21.14.25.png\",\"width\":626,\"height\":614},{\"@type\":\"BreadcrumbList\",\"@id\":\"https:\/\/dev.antudigital.cl\/sites\/vc\/el-encanto-de-lo-cotidiano-entrevista-a-jota-ampuero\/#breadcrumb\",\"itemListElement\":[{\"@type\":\"ListItem\",\"position\":1,\"name\":\"Home\",\"item\":\"https:\/\/dev.antudigital.cl\/sites\/vc\/\"},{\"@type\":\"ListItem\",\"position\":2,\"name\":\"El encanto de lo cotidiano: entrevista a Jota Ampuero\"}]},{\"@type\":\"WebSite\",\"@id\":\"https:\/\/dev.antudigital.cl\/sites\/vc\/#website\",\"url\":\"https:\/\/dev.antudigital.cl\/sites\/vc\/\",\"name\":\"Valpara\u00ed\u00adso Creativo\",\"description\":\"\",\"potentialAction\":[{\"@type\":\"SearchAction\",\"target\":{\"@type\":\"EntryPoint\",\"urlTemplate\":\"https:\/\/dev.antudigital.cl\/sites\/vc\/?s={search_term_string}\"},\"query-input\":{\"@type\":\"PropertyValueSpecification\",\"valueRequired\":true,\"valueName\":\"search_term_string\"}}],\"inLanguage\":\"es\"},{\"@type\":\"Person\",\"@id\":\"https:\/\/dev.antudigital.cl\/sites\/vc\/#\/schema\/person\/c2b9da8dd545e27166fc5ab232837318\",\"name\":\"Valpara\u00edso Creativo\",\"description\":\"Periodista de cultura en la Regi\u00f3n de Valpara\u00edso.\",\"url\":\"https:\/\/dev.antudigital.cl\/sites\/vc\/author\/valpoadmin\/\"}]}<\/script>\n<!-- \/ Yoast SEO plugin. -->","yoast_head_json":{"title":"El encanto de lo cotidiano: entrevista a Jota Ampuero - Valpara\u00ed\u00adso Creativo","robots":{"index":"index","follow":"follow","max-snippet":"max-snippet:-1","max-image-preview":"max-image-preview:large","max-video-preview":"max-video-preview:-1"},"canonical":"https:\/\/dev.antudigital.cl\/sites\/vc\/el-encanto-de-lo-cotidiano-entrevista-a-jota-ampuero\/","og_locale":"es_ES","og_type":"article","og_title":"El encanto de lo cotidiano: entrevista a Jota Ampuero - Valpara\u00ed\u00adso Creativo","og_description":"Juan Carlos \u201cJota\u201d Ampuero tiene 34 a\u00f1os y es ilustrador. Es de Punta Arenas pero vive en Valpara\u00edso desde sus 18 a\u00f1os, cuando lleg\u00f3 a estudiar Artes Visuales. Desde entonces se ha desarrollado en la ciudad puerto, primero como m\u00fasico y luego como ilustrador. Quisimos explorar m\u00e1s sobre sus procesos y gustos en la siguiente [&hellip;]","og_url":"https:\/\/dev.antudigital.cl\/sites\/vc\/el-encanto-de-lo-cotidiano-entrevista-a-jota-ampuero\/","og_site_name":"Valpara\u00ed\u00adso Creativo","article_published_time":"2023-01-31T00:31:13+00:00","article_modified_time":"2023-01-31T00:31:23+00:00","og_image":[{"width":626,"height":614,"url":"https:\/\/dev.antudigital.cl\/sites\/vc\/wp-content\/uploads\/2023\/01\/Captura-de-Pantalla-2023-01-30-a-las-21.14.25.png","type":"image\/png"}],"author":"Valpara\u00edso Creativo","twitter_card":"summary_large_image","twitter_misc":{"Escrito por":"Valpara\u00edso Creativo","Tiempo de lectura":"6 minutos"},"schema":{"@context":"https:\/\/schema.org","@graph":[{"@type":"Article","@id":"https:\/\/dev.antudigital.cl\/sites\/vc\/el-encanto-de-lo-cotidiano-entrevista-a-jota-ampuero\/#article","isPartOf":{"@id":"https:\/\/dev.antudigital.cl\/sites\/vc\/el-encanto-de-lo-cotidiano-entrevista-a-jota-ampuero\/"},"author":{"name":"Valpara\u00edso Creativo","@id":"https:\/\/dev.antudigital.cl\/sites\/vc\/#\/schema\/person\/c2b9da8dd545e27166fc5ab232837318"},"headline":"El encanto de lo cotidiano: entrevista a Jota Ampuero","datePublished":"2023-01-31T00:31:13+00:00","dateModified":"2023-01-31T00:31:23+00:00","mainEntityOfPage":{"@id":"https:\/\/dev.antudigital.cl\/sites\/vc\/el-encanto-de-lo-cotidiano-entrevista-a-jota-ampuero\/"},"wordCount":1120,"commentCount":0,"image":{"@id":"https:\/\/dev.antudigital.cl\/sites\/vc\/el-encanto-de-lo-cotidiano-entrevista-a-jota-ampuero\/#primaryimage"},"thumbnailUrl":"https:\/\/dev.antudigital.cl\/sites\/vc\/wp-content\/uploads\/2023\/01\/Captura-de-Pantalla-2023-01-30-a-las-21.14.25.png","articleSection":["Noticia"],"inLanguage":"es","potentialAction":[{"@type":"CommentAction","name":"Comment","target":["https:\/\/dev.antudigital.cl\/sites\/vc\/el-encanto-de-lo-cotidiano-entrevista-a-jota-ampuero\/#respond"]}]},{"@type":"WebPage","@id":"https:\/\/dev.antudigital.cl\/sites\/vc\/el-encanto-de-lo-cotidiano-entrevista-a-jota-ampuero\/","url":"https:\/\/dev.antudigital.cl\/sites\/vc\/el-encanto-de-lo-cotidiano-entrevista-a-jota-ampuero\/","name":"El encanto de lo cotidiano: entrevista a Jota Ampuero - Valpara\u00ed\u00adso Creativo","isPartOf":{"@id":"https:\/\/dev.antudigital.cl\/sites\/vc\/#website"},"primaryImageOfPage":{"@id":"https:\/\/dev.antudigital.cl\/sites\/vc\/el-encanto-de-lo-cotidiano-entrevista-a-jota-ampuero\/#primaryimage"},"image":{"@id":"https:\/\/dev.antudigital.cl\/sites\/vc\/el-encanto-de-lo-cotidiano-entrevista-a-jota-ampuero\/#primaryimage"},"thumbnailUrl":"https:\/\/dev.antudigital.cl\/sites\/vc\/wp-content\/uploads\/2023\/01\/Captura-de-Pantalla-2023-01-30-a-las-21.14.25.png","datePublished":"2023-01-31T00:31:13+00:00","dateModified":"2023-01-31T00:31:23+00:00","author":{"@id":"https:\/\/dev.antudigital.cl\/sites\/vc\/#\/schema\/person\/c2b9da8dd545e27166fc5ab232837318"},"breadcrumb":{"@id":"https:\/\/dev.antudigital.cl\/sites\/vc\/el-encanto-de-lo-cotidiano-entrevista-a-jota-ampuero\/#breadcrumb"},"inLanguage":"es","potentialAction":[{"@type":"ReadAction","target":["https:\/\/dev.antudigital.cl\/sites\/vc\/el-encanto-de-lo-cotidiano-entrevista-a-jota-ampuero\/"]}]},{"@type":"ImageObject","inLanguage":"es","@id":"https:\/\/dev.antudigital.cl\/sites\/vc\/el-encanto-de-lo-cotidiano-entrevista-a-jota-ampuero\/#primaryimage","url":"https:\/\/dev.antudigital.cl\/sites\/vc\/wp-content\/uploads\/2023\/01\/Captura-de-Pantalla-2023-01-30-a-las-21.14.25.png","contentUrl":"https:\/\/dev.antudigital.cl\/sites\/vc\/wp-content\/uploads\/2023\/01\/Captura-de-Pantalla-2023-01-30-a-las-21.14.25.png","width":626,"height":614},{"@type":"BreadcrumbList","@id":"https:\/\/dev.antudigital.cl\/sites\/vc\/el-encanto-de-lo-cotidiano-entrevista-a-jota-ampuero\/#breadcrumb","itemListElement":[{"@type":"ListItem","position":1,"name":"Home","item":"https:\/\/dev.antudigital.cl\/sites\/vc\/"},{"@type":"ListItem","position":2,"name":"El encanto de lo cotidiano: entrevista a Jota Ampuero"}]},{"@type":"WebSite","@id":"https:\/\/dev.antudigital.cl\/sites\/vc\/#website","url":"https:\/\/dev.antudigital.cl\/sites\/vc\/","name":"Valpara\u00ed\u00adso Creativo","description":"","potentialAction":[{"@type":"SearchAction","target":{"@type":"EntryPoint","urlTemplate":"https:\/\/dev.antudigital.cl\/sites\/vc\/?s={search_term_string}"},"query-input":{"@type":"PropertyValueSpecification","valueRequired":true,"valueName":"search_term_string"}}],"inLanguage":"es"},{"@type":"Person","@id":"https:\/\/dev.antudigital.cl\/sites\/vc\/#\/schema\/person\/c2b9da8dd545e27166fc5ab232837318","name":"Valpara\u00edso Creativo","description":"Periodista de cultura en la Regi\u00f3n de Valpara\u00edso.","url":"https:\/\/dev.antudigital.cl\/sites\/vc\/author\/valpoadmin\/"}]}},"_links":{"self":[{"href":"https:\/\/dev.antudigital.cl\/sites\/vc\/wp-json\/wp\/v2\/posts\/12523","targetHints":{"allow":["GET"]}}],"collection":[{"href":"https:\/\/dev.antudigital.cl\/sites\/vc\/wp-json\/wp\/v2\/posts"}],"about":[{"href":"https:\/\/dev.antudigital.cl\/sites\/vc\/wp-json\/wp\/v2\/types\/post"}],"author":[{"embeddable":true,"href":"https:\/\/dev.antudigital.cl\/sites\/vc\/wp-json\/wp\/v2\/users\/1"}],"replies":[{"embeddable":true,"href":"https:\/\/dev.antudigital.cl\/sites\/vc\/wp-json\/wp\/v2\/comments?post=12523"}],"version-history":[{"count":1,"href":"https:\/\/dev.antudigital.cl\/sites\/vc\/wp-json\/wp\/v2\/posts\/12523\/revisions"}],"predecessor-version":[{"id":12529,"href":"https:\/\/dev.antudigital.cl\/sites\/vc\/wp-json\/wp\/v2\/posts\/12523\/revisions\/12529"}],"wp:featuredmedia":[{"embeddable":true,"href":"https:\/\/dev.antudigital.cl\/sites\/vc\/wp-json\/wp\/v2\/media\/12524"}],"wp:attachment":[{"href":"https:\/\/dev.antudigital.cl\/sites\/vc\/wp-json\/wp\/v2\/media?parent=12523"}],"wp:term":[{"taxonomy":"category","embeddable":true,"href":"https:\/\/dev.antudigital.cl\/sites\/vc\/wp-json\/wp\/v2\/categories?post=12523"},{"taxonomy":"post_tag","embeddable":true,"href":"https:\/\/dev.antudigital.cl\/sites\/vc\/wp-json\/wp\/v2\/tags?post=12523"}],"curies":[{"name":"wp","href":"https:\/\/api.w.org\/{rel}","templated":true}]}}