{"id":12697,"date":"2023-02-22T14:25:03","date_gmt":"2023-02-22T14:25:03","guid":{"rendered":"https:\/\/www.valparaisocreativo.cl\/?p=12697"},"modified":"2023-02-22T14:25:07","modified_gmt":"2023-02-22T14:25:07","slug":"artista-portena-llega-a-corporacion-cultural-de-coyhaique-con-camino-a-mis-ancestros","status":"publish","type":"post","link":"https:\/\/dev.antudigital.cl\/sites\/vc\/artista-portena-llega-a-corporacion-cultural-de-coyhaique-con-camino-a-mis-ancestros\/","title":{"rendered":"<strong>Artista porte\u00f1a llega a Corporaci\u00f3n Cultural de Coyhaique con \u201cCamino a mis ancestros\u201d<\/strong>"},"content":{"rendered":"\n<p>La fot\u00f3grafa Carolina Ag\u00fcero (Valpara\u00edso) llega a la Corporaci\u00f3n Cultural Coyhaique a presentar la exposici\u00f3n \u201cCamino a mis ancestros\u201d, un trabajo audiovisual, fotogr\u00e1fico y de bordado en el que la artista mezcla estas tres disciplinas con su historia de investigaci\u00f3n personal.<\/p>\n\n\n\n<p>El martes 21 de febrero a las 19:00hrs. es que se realizar\u00e1 la inauguraci\u00f3n de la muestra, que busca visibilizar tem\u00e1ticas tanto personales como globales: el proceso creativo de Carolina la llev\u00f3 en un viaje personal donde finalmente aborda tambi\u00e9n t\u00f3picos como la fiebre del oro, la colonizaci\u00f3n, el exterminio de la poblaci\u00f3n originaria de lugares como Coyhaique y genocidios hist\u00f3ricos del territorio.<\/p>\n\n\n\n<figure class=\"wp-block-image size-full\"><img fetchpriority=\"high\" decoding=\"async\" width=\"604\" height=\"1024\" src=\"https:\/\/www.valparaisocreativo.cl\/wp-content\/uploads\/2023\/02\/IMG-20230217-WA0048.jpg\" alt=\"\" class=\"wp-image-12694\" srcset=\"https:\/\/dev.antudigital.cl\/sites\/vc\/wp-content\/uploads\/2023\/02\/IMG-20230217-WA0048.jpg 604w, https:\/\/dev.antudigital.cl\/sites\/vc\/wp-content\/uploads\/2023\/02\/IMG-20230217-WA0048-177x300.jpg 177w, https:\/\/dev.antudigital.cl\/sites\/vc\/wp-content\/uploads\/2023\/02\/IMG-20230217-WA0048-480x814.jpg 480w\" sizes=\"(max-width: 604px) 100vw, 604px\" \/><\/figure>\n\n\n\n<p>Este trabajo naci\u00f3 durante el periodo de pandemia, cuando Carolina ten\u00eda problemas para dormir y decidi\u00f3 acudir a una terapia. \u201cAh\u00ed empezaron a aparecer cosas y una de esas se trataba de trabajar mi lado masculino, vinculado a mi padre. Me encontr\u00e9 con la b\u00fasqueda de mis antepasados, que son kaw\u00e9sqar por parte paterna. Yo no me siento ind\u00edgena, ni tengo un apellido ind\u00edgena, as\u00ed que comenc\u00e9 a buscar mi propia identidad\u201d, comenta.<\/p>\n\n\n\n<p>\u201cCamino a mis ancestros\u201d relata el encuentro de Carolina Ag\u00fcero con testimonios kaw\u00e9sqar\/alacalufe, adem\u00e1s de su propia ascendencia familiar, y se va desplazando a la historia de Chile, tocando temas importantes para la comunidad.<\/p>\n\n\n\n<p>Este trabajo fue realizado en conjunto con la artista visual y fot\u00f3grafa Paula L\u00f3pez Droguett en el resultado audiovisual que acompa\u00f1a a la exhibici\u00f3n. Tambi\u00e9n cont\u00f3 con la curadur\u00eda de Juvenal Barr\u00eda, artista y gestor de Judas Galer\u00eda (Valpara\u00edso).<\/p>\n\n\n\n<figure class=\"wp-block-image size-full\"><img decoding=\"async\" width=\"819\" height=\"1024\" src=\"https:\/\/www.valparaisocreativo.cl\/wp-content\/uploads\/2023\/02\/IMG-20230217-WA0049.jpg\" alt=\"\" class=\"wp-image-12695\" srcset=\"https:\/\/dev.antudigital.cl\/sites\/vc\/wp-content\/uploads\/2023\/02\/IMG-20230217-WA0049.jpg 819w, https:\/\/dev.antudigital.cl\/sites\/vc\/wp-content\/uploads\/2023\/02\/IMG-20230217-WA0049-240x300.jpg 240w, https:\/\/dev.antudigital.cl\/sites\/vc\/wp-content\/uploads\/2023\/02\/IMG-20230217-WA0049-768x960.jpg 768w, https:\/\/dev.antudigital.cl\/sites\/vc\/wp-content\/uploads\/2023\/02\/IMG-20230217-WA0049-480x600.jpg 480w\" sizes=\"(max-width: 819px) 100vw, 819px\" \/><\/figure>\n\n\n\n<p>En palabras de la autora, el trabajo mezcla formatos como autorretrato en el bosque, la contraposici\u00f3n de im\u00e1genes para generar texturas, el bordado, y fotograf\u00eda experimental como la cianotipia. A trav\u00e9s de estos soportes y materiales \u201cMe enfoqu\u00e9 en la colonizaci\u00f3n que extermin\u00f3 completamente la sangre ind\u00edgena y as\u00ed fui encaminando la obra\u201d comenta.<\/p>\n\n\n\n<p>La naturaleza es otro elemento que est\u00e1 muy presente, de manera silenciosa, ya que \u201cHa sentido tanto dolor, y eso quise plasmar en el trabajo\u201d asevera Ag\u00fcero.<\/p>\n\n\n\n<p>De este modo, se invita al p\u00fablico a asistir a la Corporaci\u00f3n Cultural de Coyhaique para compartir en torno a este trabajo \u00edntimo y tambi\u00e9n transversal, que nos invita a revisitar nuestra historia e identidad a la luz del territorio austral de Chile.<\/p>\n\n\n\n<p>La muestra estar\u00e1 disponible hasta el lunes 28 de enero en horario habitual.<\/p>\n","protected":false},"excerpt":{"rendered":"<p>La fot\u00f3grafa Carolina Ag\u00fcero (Valpara\u00edso) llega a la Corporaci\u00f3n Cultural Coyhaique a presentar la exposici\u00f3n \u201cCamino a mis ancestros\u201d, un trabajo audiovisual, fotogr\u00e1fico y de bordado en el que la artista mezcla estas tres disciplinas con su historia de investigaci\u00f3n personal. El martes 21 de febrero a las 19:00hrs. es que se realizar\u00e1 la inauguraci\u00f3n [&hellip;]<\/p>\n","protected":false},"author":1,"featured_media":12693,"comment_status":"open","ping_status":"closed","sticky":false,"template":"","format":"standard","meta":{"_acf_changed":false,"footnotes":""},"categories":[1],"tags":[75,10],"class_list":["post-12697","post","type-post","status-publish","format-standard","has-post-thumbnail","hentry","category-uncategorized","tag-artes-visuales","tag-valparaiso"],"acf":[],"yoast_head":"<!-- This site is optimized with the Yoast SEO plugin v27.1.1 - https:\/\/yoast.com\/product\/yoast-seo-wordpress\/ -->\n<title>Artista porte\u00f1a llega a Corporaci\u00f3n Cultural de Coyhaique con \u201cCamino a mis ancestros\u201d - Valpara\u00ed\u00adso Creativo<\/title>\n<meta name=\"robots\" content=\"index, follow, max-snippet:-1, max-image-preview:large, max-video-preview:-1\" \/>\n<link rel=\"canonical\" href=\"https:\/\/dev.antudigital.cl\/sites\/vc\/artista-portena-llega-a-corporacion-cultural-de-coyhaique-con-camino-a-mis-ancestros\/\" \/>\n<meta property=\"og:locale\" content=\"es_ES\" \/>\n<meta property=\"og:type\" content=\"article\" \/>\n<meta property=\"og:title\" content=\"Artista porte\u00f1a llega a Corporaci\u00f3n Cultural de Coyhaique con \u201cCamino a mis ancestros\u201d - Valpara\u00ed\u00adso Creativo\" \/>\n<meta property=\"og:description\" content=\"La fot\u00f3grafa Carolina Ag\u00fcero (Valpara\u00edso) llega a la Corporaci\u00f3n Cultural Coyhaique a presentar la exposici\u00f3n \u201cCamino a mis ancestros\u201d, un trabajo audiovisual, fotogr\u00e1fico y de bordado en el que la artista mezcla estas tres disciplinas con su historia de investigaci\u00f3n personal. El martes 21 de febrero a las 19:00hrs. es que se realizar\u00e1 la inauguraci\u00f3n [&hellip;]\" \/>\n<meta property=\"og:url\" content=\"https:\/\/dev.antudigital.cl\/sites\/vc\/artista-portena-llega-a-corporacion-cultural-de-coyhaique-con-camino-a-mis-ancestros\/\" \/>\n<meta property=\"og:site_name\" content=\"Valpara\u00ed\u00adso Creativo\" \/>\n<meta property=\"article:published_time\" content=\"2023-02-22T14:25:03+00:00\" \/>\n<meta property=\"article:modified_time\" content=\"2023-02-22T14:25:07+00:00\" \/>\n<meta property=\"og:image\" content=\"https:\/\/dev.antudigital.cl\/sites\/vc\/wp-content\/uploads\/2023\/02\/IMG-20230217-WA0045.jpg\" \/>\n\t<meta property=\"og:image:width\" content=\"1024\" \/>\n\t<meta property=\"og:image:height\" content=\"766\" \/>\n\t<meta property=\"og:image:type\" content=\"image\/jpeg\" \/>\n<meta name=\"author\" content=\"Valpara\u00edso Creativo\" \/>\n<meta name=\"twitter:card\" content=\"summary_large_image\" \/>\n<meta name=\"twitter:label1\" content=\"Escrito por\" \/>\n\t<meta name=\"twitter:data1\" content=\"Valpara\u00edso Creativo\" \/>\n\t<meta name=\"twitter:label2\" content=\"Tiempo de lectura\" \/>\n\t<meta name=\"twitter:data2\" content=\"3 minutos\" \/>\n<script type=\"application\/ld+json\" class=\"yoast-schema-graph\">{\"@context\":\"https:\/\/schema.org\",\"@graph\":[{\"@type\":\"Article\",\"@id\":\"https:\/\/dev.antudigital.cl\/sites\/vc\/artista-portena-llega-a-corporacion-cultural-de-coyhaique-con-camino-a-mis-ancestros\/#article\",\"isPartOf\":{\"@id\":\"https:\/\/dev.antudigital.cl\/sites\/vc\/artista-portena-llega-a-corporacion-cultural-de-coyhaique-con-camino-a-mis-ancestros\/\"},\"author\":{\"name\":\"Valpara\u00edso Creativo\",\"@id\":\"https:\/\/dev.antudigital.cl\/sites\/vc\/#\/schema\/person\/c2b9da8dd545e27166fc5ab232837318\"},\"headline\":\"Artista porte\u00f1a llega a Corporaci\u00f3n Cultural de Coyhaique con \u201cCamino a mis ancestros\u201d\",\"datePublished\":\"2023-02-22T14:25:03+00:00\",\"dateModified\":\"2023-02-22T14:25:07+00:00\",\"mainEntityOfPage\":{\"@id\":\"https:\/\/dev.antudigital.cl\/sites\/vc\/artista-portena-llega-a-corporacion-cultural-de-coyhaique-con-camino-a-mis-ancestros\/\"},\"wordCount\":442,\"commentCount\":0,\"image\":{\"@id\":\"https:\/\/dev.antudigital.cl\/sites\/vc\/artista-portena-llega-a-corporacion-cultural-de-coyhaique-con-camino-a-mis-ancestros\/#primaryimage\"},\"thumbnailUrl\":\"https:\/\/dev.antudigital.cl\/sites\/vc\/wp-content\/uploads\/2023\/02\/IMG-20230217-WA0045.jpg\",\"keywords\":[\"Artes Visuales\",\"valpara\u00edso\"],\"articleSection\":[\"Uncategorized\"],\"inLanguage\":\"es\",\"potentialAction\":[{\"@type\":\"CommentAction\",\"name\":\"Comment\",\"target\":[\"https:\/\/dev.antudigital.cl\/sites\/vc\/artista-portena-llega-a-corporacion-cultural-de-coyhaique-con-camino-a-mis-ancestros\/#respond\"]}]},{\"@type\":\"WebPage\",\"@id\":\"https:\/\/dev.antudigital.cl\/sites\/vc\/artista-portena-llega-a-corporacion-cultural-de-coyhaique-con-camino-a-mis-ancestros\/\",\"url\":\"https:\/\/dev.antudigital.cl\/sites\/vc\/artista-portena-llega-a-corporacion-cultural-de-coyhaique-con-camino-a-mis-ancestros\/\",\"name\":\"Artista porte\u00f1a llega a Corporaci\u00f3n Cultural de Coyhaique con \u201cCamino a mis ancestros\u201d - Valpara\u00ed\u00adso Creativo\",\"isPartOf\":{\"@id\":\"https:\/\/dev.antudigital.cl\/sites\/vc\/#website\"},\"primaryImageOfPage\":{\"@id\":\"https:\/\/dev.antudigital.cl\/sites\/vc\/artista-portena-llega-a-corporacion-cultural-de-coyhaique-con-camino-a-mis-ancestros\/#primaryimage\"},\"image\":{\"@id\":\"https:\/\/dev.antudigital.cl\/sites\/vc\/artista-portena-llega-a-corporacion-cultural-de-coyhaique-con-camino-a-mis-ancestros\/#primaryimage\"},\"thumbnailUrl\":\"https:\/\/dev.antudigital.cl\/sites\/vc\/wp-content\/uploads\/2023\/02\/IMG-20230217-WA0045.jpg\",\"datePublished\":\"2023-02-22T14:25:03+00:00\",\"dateModified\":\"2023-02-22T14:25:07+00:00\",\"author\":{\"@id\":\"https:\/\/dev.antudigital.cl\/sites\/vc\/#\/schema\/person\/c2b9da8dd545e27166fc5ab232837318\"},\"breadcrumb\":{\"@id\":\"https:\/\/dev.antudigital.cl\/sites\/vc\/artista-portena-llega-a-corporacion-cultural-de-coyhaique-con-camino-a-mis-ancestros\/#breadcrumb\"},\"inLanguage\":\"es\",\"potentialAction\":[{\"@type\":\"ReadAction\",\"target\":[\"https:\/\/dev.antudigital.cl\/sites\/vc\/artista-portena-llega-a-corporacion-cultural-de-coyhaique-con-camino-a-mis-ancestros\/\"]}]},{\"@type\":\"ImageObject\",\"inLanguage\":\"es\",\"@id\":\"https:\/\/dev.antudigital.cl\/sites\/vc\/artista-portena-llega-a-corporacion-cultural-de-coyhaique-con-camino-a-mis-ancestros\/#primaryimage\",\"url\":\"https:\/\/dev.antudigital.cl\/sites\/vc\/wp-content\/uploads\/2023\/02\/IMG-20230217-WA0045.jpg\",\"contentUrl\":\"https:\/\/dev.antudigital.cl\/sites\/vc\/wp-content\/uploads\/2023\/02\/IMG-20230217-WA0045.jpg\",\"width\":1024,\"height\":766},{\"@type\":\"BreadcrumbList\",\"@id\":\"https:\/\/dev.antudigital.cl\/sites\/vc\/artista-portena-llega-a-corporacion-cultural-de-coyhaique-con-camino-a-mis-ancestros\/#breadcrumb\",\"itemListElement\":[{\"@type\":\"ListItem\",\"position\":1,\"name\":\"Home\",\"item\":\"https:\/\/dev.antudigital.cl\/sites\/vc\/\"},{\"@type\":\"ListItem\",\"position\":2,\"name\":\"Artista porte\u00f1a llega a Corporaci\u00f3n Cultural de Coyhaique con \u201cCamino a mis ancestros\u201d\"}]},{\"@type\":\"WebSite\",\"@id\":\"https:\/\/dev.antudigital.cl\/sites\/vc\/#website\",\"url\":\"https:\/\/dev.antudigital.cl\/sites\/vc\/\",\"name\":\"Valpara\u00ed\u00adso Creativo\",\"description\":\"\",\"potentialAction\":[{\"@type\":\"SearchAction\",\"target\":{\"@type\":\"EntryPoint\",\"urlTemplate\":\"https:\/\/dev.antudigital.cl\/sites\/vc\/?s={search_term_string}\"},\"query-input\":{\"@type\":\"PropertyValueSpecification\",\"valueRequired\":true,\"valueName\":\"search_term_string\"}}],\"inLanguage\":\"es\"},{\"@type\":\"Person\",\"@id\":\"https:\/\/dev.antudigital.cl\/sites\/vc\/#\/schema\/person\/c2b9da8dd545e27166fc5ab232837318\",\"name\":\"Valpara\u00edso Creativo\",\"description\":\"Periodista de cultura en la Regi\u00f3n de Valpara\u00edso.\",\"url\":\"https:\/\/dev.antudigital.cl\/sites\/vc\/author\/valpoadmin\/\"}]}<\/script>\n<!-- \/ Yoast SEO plugin. -->","yoast_head_json":{"title":"Artista porte\u00f1a llega a Corporaci\u00f3n Cultural de Coyhaique con \u201cCamino a mis ancestros\u201d - Valpara\u00ed\u00adso Creativo","robots":{"index":"index","follow":"follow","max-snippet":"max-snippet:-1","max-image-preview":"max-image-preview:large","max-video-preview":"max-video-preview:-1"},"canonical":"https:\/\/dev.antudigital.cl\/sites\/vc\/artista-portena-llega-a-corporacion-cultural-de-coyhaique-con-camino-a-mis-ancestros\/","og_locale":"es_ES","og_type":"article","og_title":"Artista porte\u00f1a llega a Corporaci\u00f3n Cultural de Coyhaique con \u201cCamino a mis ancestros\u201d - Valpara\u00ed\u00adso Creativo","og_description":"La fot\u00f3grafa Carolina Ag\u00fcero (Valpara\u00edso) llega a la Corporaci\u00f3n Cultural Coyhaique a presentar la exposici\u00f3n \u201cCamino a mis ancestros\u201d, un trabajo audiovisual, fotogr\u00e1fico y de bordado en el que la artista mezcla estas tres disciplinas con su historia de investigaci\u00f3n personal. El martes 21 de febrero a las 19:00hrs. es que se realizar\u00e1 la inauguraci\u00f3n [&hellip;]","og_url":"https:\/\/dev.antudigital.cl\/sites\/vc\/artista-portena-llega-a-corporacion-cultural-de-coyhaique-con-camino-a-mis-ancestros\/","og_site_name":"Valpara\u00ed\u00adso Creativo","article_published_time":"2023-02-22T14:25:03+00:00","article_modified_time":"2023-02-22T14:25:07+00:00","og_image":[{"width":1024,"height":766,"url":"https:\/\/dev.antudigital.cl\/sites\/vc\/wp-content\/uploads\/2023\/02\/IMG-20230217-WA0045.jpg","type":"image\/jpeg"}],"author":"Valpara\u00edso Creativo","twitter_card":"summary_large_image","twitter_misc":{"Escrito por":"Valpara\u00edso Creativo","Tiempo de lectura":"3 minutos"},"schema":{"@context":"https:\/\/schema.org","@graph":[{"@type":"Article","@id":"https:\/\/dev.antudigital.cl\/sites\/vc\/artista-portena-llega-a-corporacion-cultural-de-coyhaique-con-camino-a-mis-ancestros\/#article","isPartOf":{"@id":"https:\/\/dev.antudigital.cl\/sites\/vc\/artista-portena-llega-a-corporacion-cultural-de-coyhaique-con-camino-a-mis-ancestros\/"},"author":{"name":"Valpara\u00edso Creativo","@id":"https:\/\/dev.antudigital.cl\/sites\/vc\/#\/schema\/person\/c2b9da8dd545e27166fc5ab232837318"},"headline":"Artista porte\u00f1a llega a Corporaci\u00f3n Cultural de Coyhaique con \u201cCamino a mis ancestros\u201d","datePublished":"2023-02-22T14:25:03+00:00","dateModified":"2023-02-22T14:25:07+00:00","mainEntityOfPage":{"@id":"https:\/\/dev.antudigital.cl\/sites\/vc\/artista-portena-llega-a-corporacion-cultural-de-coyhaique-con-camino-a-mis-ancestros\/"},"wordCount":442,"commentCount":0,"image":{"@id":"https:\/\/dev.antudigital.cl\/sites\/vc\/artista-portena-llega-a-corporacion-cultural-de-coyhaique-con-camino-a-mis-ancestros\/#primaryimage"},"thumbnailUrl":"https:\/\/dev.antudigital.cl\/sites\/vc\/wp-content\/uploads\/2023\/02\/IMG-20230217-WA0045.jpg","keywords":["Artes Visuales","valpara\u00edso"],"articleSection":["Uncategorized"],"inLanguage":"es","potentialAction":[{"@type":"CommentAction","name":"Comment","target":["https:\/\/dev.antudigital.cl\/sites\/vc\/artista-portena-llega-a-corporacion-cultural-de-coyhaique-con-camino-a-mis-ancestros\/#respond"]}]},{"@type":"WebPage","@id":"https:\/\/dev.antudigital.cl\/sites\/vc\/artista-portena-llega-a-corporacion-cultural-de-coyhaique-con-camino-a-mis-ancestros\/","url":"https:\/\/dev.antudigital.cl\/sites\/vc\/artista-portena-llega-a-corporacion-cultural-de-coyhaique-con-camino-a-mis-ancestros\/","name":"Artista porte\u00f1a llega a Corporaci\u00f3n Cultural de Coyhaique con \u201cCamino a mis ancestros\u201d - Valpara\u00ed\u00adso Creativo","isPartOf":{"@id":"https:\/\/dev.antudigital.cl\/sites\/vc\/#website"},"primaryImageOfPage":{"@id":"https:\/\/dev.antudigital.cl\/sites\/vc\/artista-portena-llega-a-corporacion-cultural-de-coyhaique-con-camino-a-mis-ancestros\/#primaryimage"},"image":{"@id":"https:\/\/dev.antudigital.cl\/sites\/vc\/artista-portena-llega-a-corporacion-cultural-de-coyhaique-con-camino-a-mis-ancestros\/#primaryimage"},"thumbnailUrl":"https:\/\/dev.antudigital.cl\/sites\/vc\/wp-content\/uploads\/2023\/02\/IMG-20230217-WA0045.jpg","datePublished":"2023-02-22T14:25:03+00:00","dateModified":"2023-02-22T14:25:07+00:00","author":{"@id":"https:\/\/dev.antudigital.cl\/sites\/vc\/#\/schema\/person\/c2b9da8dd545e27166fc5ab232837318"},"breadcrumb":{"@id":"https:\/\/dev.antudigital.cl\/sites\/vc\/artista-portena-llega-a-corporacion-cultural-de-coyhaique-con-camino-a-mis-ancestros\/#breadcrumb"},"inLanguage":"es","potentialAction":[{"@type":"ReadAction","target":["https:\/\/dev.antudigital.cl\/sites\/vc\/artista-portena-llega-a-corporacion-cultural-de-coyhaique-con-camino-a-mis-ancestros\/"]}]},{"@type":"ImageObject","inLanguage":"es","@id":"https:\/\/dev.antudigital.cl\/sites\/vc\/artista-portena-llega-a-corporacion-cultural-de-coyhaique-con-camino-a-mis-ancestros\/#primaryimage","url":"https:\/\/dev.antudigital.cl\/sites\/vc\/wp-content\/uploads\/2023\/02\/IMG-20230217-WA0045.jpg","contentUrl":"https:\/\/dev.antudigital.cl\/sites\/vc\/wp-content\/uploads\/2023\/02\/IMG-20230217-WA0045.jpg","width":1024,"height":766},{"@type":"BreadcrumbList","@id":"https:\/\/dev.antudigital.cl\/sites\/vc\/artista-portena-llega-a-corporacion-cultural-de-coyhaique-con-camino-a-mis-ancestros\/#breadcrumb","itemListElement":[{"@type":"ListItem","position":1,"name":"Home","item":"https:\/\/dev.antudigital.cl\/sites\/vc\/"},{"@type":"ListItem","position":2,"name":"Artista porte\u00f1a llega a Corporaci\u00f3n Cultural de Coyhaique con \u201cCamino a mis ancestros\u201d"}]},{"@type":"WebSite","@id":"https:\/\/dev.antudigital.cl\/sites\/vc\/#website","url":"https:\/\/dev.antudigital.cl\/sites\/vc\/","name":"Valpara\u00ed\u00adso Creativo","description":"","potentialAction":[{"@type":"SearchAction","target":{"@type":"EntryPoint","urlTemplate":"https:\/\/dev.antudigital.cl\/sites\/vc\/?s={search_term_string}"},"query-input":{"@type":"PropertyValueSpecification","valueRequired":true,"valueName":"search_term_string"}}],"inLanguage":"es"},{"@type":"Person","@id":"https:\/\/dev.antudigital.cl\/sites\/vc\/#\/schema\/person\/c2b9da8dd545e27166fc5ab232837318","name":"Valpara\u00edso Creativo","description":"Periodista de cultura en la Regi\u00f3n de Valpara\u00edso.","url":"https:\/\/dev.antudigital.cl\/sites\/vc\/author\/valpoadmin\/"}]}},"_links":{"self":[{"href":"https:\/\/dev.antudigital.cl\/sites\/vc\/wp-json\/wp\/v2\/posts\/12697","targetHints":{"allow":["GET"]}}],"collection":[{"href":"https:\/\/dev.antudigital.cl\/sites\/vc\/wp-json\/wp\/v2\/posts"}],"about":[{"href":"https:\/\/dev.antudigital.cl\/sites\/vc\/wp-json\/wp\/v2\/types\/post"}],"author":[{"embeddable":true,"href":"https:\/\/dev.antudigital.cl\/sites\/vc\/wp-json\/wp\/v2\/users\/1"}],"replies":[{"embeddable":true,"href":"https:\/\/dev.antudigital.cl\/sites\/vc\/wp-json\/wp\/v2\/comments?post=12697"}],"version-history":[{"count":1,"href":"https:\/\/dev.antudigital.cl\/sites\/vc\/wp-json\/wp\/v2\/posts\/12697\/revisions"}],"predecessor-version":[{"id":12698,"href":"https:\/\/dev.antudigital.cl\/sites\/vc\/wp-json\/wp\/v2\/posts\/12697\/revisions\/12698"}],"wp:featuredmedia":[{"embeddable":true,"href":"https:\/\/dev.antudigital.cl\/sites\/vc\/wp-json\/wp\/v2\/media\/12693"}],"wp:attachment":[{"href":"https:\/\/dev.antudigital.cl\/sites\/vc\/wp-json\/wp\/v2\/media?parent=12697"}],"wp:term":[{"taxonomy":"category","embeddable":true,"href":"https:\/\/dev.antudigital.cl\/sites\/vc\/wp-json\/wp\/v2\/categories?post=12697"},{"taxonomy":"post_tag","embeddable":true,"href":"https:\/\/dev.antudigital.cl\/sites\/vc\/wp-json\/wp\/v2\/tags?post=12697"}],"curies":[{"name":"wp","href":"https:\/\/api.w.org\/{rel}","templated":true}]}}