{"id":12731,"date":"2023-03-01T21:01:51","date_gmt":"2023-03-01T21:01:51","guid":{"rendered":"https:\/\/www.valparaisocreativo.cl\/?p=12731"},"modified":"2023-03-02T13:51:34","modified_gmt":"2023-03-02T13:51:34","slug":"revista-erraticas-lanza-campana-de-financiamiento-colectivo-para-desarrollar-proyecto-radial","status":"publish","type":"post","link":"https:\/\/dev.antudigital.cl\/sites\/vc\/revista-erraticas-lanza-campana-de-financiamiento-colectivo-para-desarrollar-proyecto-radial\/","title":{"rendered":"<strong>Revista Err\u00e1ticas lanza campa\u00f1a de financiamiento colectivo para desarrollar proyecto radial<\/strong>"},"content":{"rendered":"\n<p><strong>Durante todo el mes de marzo, la colectiva de comunicadoras independientes estar\u00e1 recolectando la suma de 4 millones de pesos para equipar un estudio de grabaci\u00f3n y materializar su proyecto digital \u00abRadio Err\u00e1ticas\u00bb.<\/strong><\/p>\n\n\n\n<p>A las 21 horas de este martes, la colectiva Err\u00e1ticas liber\u00f3 a trav\u00e9s de sus redes sociales una campa\u00f1a de financiamiento colectivo, que se encontrar\u00e1 disponible en su web www.erraticas.cl hasta el 31 de marzo. El prop\u00f3sito: adquirir el equipamiento necesario para desarrollar el proyecto \u201cRadio Err\u00e1ticas\u201d.<\/p>\n\n\n\n<figure class=\"wp-block-image size-large\"><img fetchpriority=\"high\" decoding=\"async\" width=\"1024\" height=\"682\" src=\"https:\/\/www.valparaisocreativo.cl\/wp-content\/uploads\/2023\/03\/ILUSTRACION-ERRATICAS-2-1024x682.png\" alt=\"\" class=\"wp-image-12733\" srcset=\"https:\/\/dev.antudigital.cl\/sites\/vc\/wp-content\/uploads\/2023\/03\/ILUSTRACION-ERRATICAS-2-1024x682.png 1024w, https:\/\/dev.antudigital.cl\/sites\/vc\/wp-content\/uploads\/2023\/03\/ILUSTRACION-ERRATICAS-2-300x200.png 300w, https:\/\/dev.antudigital.cl\/sites\/vc\/wp-content\/uploads\/2023\/03\/ILUSTRACION-ERRATICAS-2-768x512.png 768w, https:\/\/dev.antudigital.cl\/sites\/vc\/wp-content\/uploads\/2023\/03\/ILUSTRACION-ERRATICAS-2-1536x1023.png 1536w, https:\/\/dev.antudigital.cl\/sites\/vc\/wp-content\/uploads\/2023\/03\/ILUSTRACION-ERRATICAS-2-1080x720.png 1080w, https:\/\/dev.antudigital.cl\/sites\/vc\/wp-content\/uploads\/2023\/03\/ILUSTRACION-ERRATICAS-2-1280x853.png 1280w, https:\/\/dev.antudigital.cl\/sites\/vc\/wp-content\/uploads\/2023\/03\/ILUSTRACION-ERRATICAS-2-980x653.png 980w, https:\/\/dev.antudigital.cl\/sites\/vc\/wp-content\/uploads\/2023\/03\/ILUSTRACION-ERRATICAS-2-480x320.png 480w, https:\/\/dev.antudigital.cl\/sites\/vc\/wp-content\/uploads\/2023\/03\/ILUSTRACION-ERRATICAS-2.png 1600w\" sizes=\"(max-width: 1024px) 100vw, 1024px\" \/><\/figure>\n\n\n\n<p>Revista Err\u00e1ticas es un medio de comunicaci\u00f3n independiente, anticapitalista y con perspectiva de g\u00e9nero que irrumpi\u00f3 en formato impreso en la ciudad de Valpara\u00edso el a\u00f1o 2021, con el objetivo de relevar las voces de mujeres y corporalidades disidentes, profundizando en diversas tem\u00e1ticas de inter\u00e9s p\u00fablico.&nbsp;<\/p>\n\n\n\n<p>A trav\u00e9s de una campa\u00f1a de financiamiento colectivo -que les permiti\u00f3 reunir 3 millones de pesos-, vio la luz su primera edici\u00f3n \u00abMujer salvaje\u00bb, en abril de ese a\u00f1o. El proyecto se mantuvo autogestionando la salida de cuatro n\u00fameros tem\u00e1ticos m\u00e1s a partir de la venta de los mismos. Fue as\u00ed como publicaron las ediciones \u00abLuchas territoriales 1: conflictos socioambientales\u00bb, \u00abM\u00fasica: influencias sonoras\u00bb, \u00abEspecial Revuelta Popular\u00bb y \u00abMuerte\u00bb.&nbsp;<\/p>\n\n\n\n<p>Jannel Lobos, Periodista y Coordinadora General de la colectiva, se\u00f1ala que \u00abcon Revista Err\u00e1ticas quisimos apostar por un proyecto de comunicaci\u00f3n diferenciador, que pudiera aportar a la democratizaci\u00f3n de las comunicaciones haciendo periodismo interpretativo, abordando tem\u00e1ticas con una profundidad que no se ve en medios tradicionales. Este cambio de formato viene a poner a disposici\u00f3n otra plataforma, que apunte hacia ese mismo norte y nos permita expandir el mensaje\u00bb.&nbsp;<\/p>\n\n\n\n<figure class=\"wp-block-image size-large\"><img decoding=\"async\" width=\"1024\" height=\"683\" src=\"https:\/\/www.valparaisocreativo.cl\/wp-content\/uploads\/2023\/03\/8-1-1024x683.jpg\" alt=\"\" class=\"wp-image-12734\" srcset=\"https:\/\/dev.antudigital.cl\/sites\/vc\/wp-content\/uploads\/2023\/03\/8-1-1024x683.jpg 1024w, https:\/\/dev.antudigital.cl\/sites\/vc\/wp-content\/uploads\/2023\/03\/8-1-300x200.jpg 300w, https:\/\/dev.antudigital.cl\/sites\/vc\/wp-content\/uploads\/2023\/03\/8-1-768x512.jpg 768w, https:\/\/dev.antudigital.cl\/sites\/vc\/wp-content\/uploads\/2023\/03\/8-1-1536x1024.jpg 1536w, https:\/\/dev.antudigital.cl\/sites\/vc\/wp-content\/uploads\/2023\/03\/8-1-2048x1365.jpg 2048w, https:\/\/dev.antudigital.cl\/sites\/vc\/wp-content\/uploads\/2023\/03\/8-1-1080x720.jpg 1080w, https:\/\/dev.antudigital.cl\/sites\/vc\/wp-content\/uploads\/2023\/03\/8-1-1280x854.jpg 1280w, https:\/\/dev.antudigital.cl\/sites\/vc\/wp-content\/uploads\/2023\/03\/8-1-980x653.jpg 980w, https:\/\/dev.antudigital.cl\/sites\/vc\/wp-content\/uploads\/2023\/03\/8-1-480x320.jpg 480w\" sizes=\"(max-width: 1024px) 100vw, 1024px\" \/><\/figure>\n\n\n\n<p>Con respecto a la campa\u00f1a, Lobos se\u00f1ala que \u00abal igual que cuando empezamos con el proyecto revista y este trabajo 100% autogestionado y voluntario de la equipa que lo compone, creemos que tener que esperar fondos por los que hay que competir y que son tan dif\u00edciles de adjudicar, termina siendo un obst\u00e1culo para el hacer. La democratizaci\u00f3n de las comunicaciones es una tarea colectiva, por eso usamos este tipo de campa\u00f1as, como una forma de darle una vuelta al sistema y comprometer a las personas que piensan que las cosas tienen que cambiar y est\u00e1n dispuestas a jug\u00e1rsela porque eso suceda no solo consumiendo otro tipo de contenidos, sino que aportando para que se materialicen\u00bb.<\/p>\n\n\n\n<p>La campa\u00f1a de financiamiento se encontrar\u00e1 disponible hasta el 31 de marzo y hay premios disponibles por donaci\u00f3n. Quienes deseen colaborar, pueden hacerlo desde los $2.000 pesos dirigi\u00e9ndose a la web <a href=\"http:\/\/www.erraticas.cl\">www.erraticas.cl<\/a>, donde encontrar\u00e1n adem\u00e1s los objetivos de la campa\u00f1a y detalle del presupuesto.&nbsp;<\/p>\n\n\n\n<p>Video campa\u00f1a:&nbsp;<\/p>\n\n\n\n<figure class=\"wp-block-embed is-type-video is-provider-youtube wp-block-embed-youtube wp-embed-aspect-4-3 wp-has-aspect-ratio\"><div class=\"wp-block-embed__wrapper\">\n<iframe title=\"Radio Err\u00e1ticas - Campa\u00f1a financiamiento colectivo 2023\" width=\"800\" height=\"600\" src=\"https:\/\/www.youtube.com\/embed\/Y3G0kk82x3o?feature=oembed\" frameborder=\"0\" allow=\"accelerometer; autoplay; clipboard-write; encrypted-media; gyroscope; picture-in-picture; web-share\" referrerpolicy=\"strict-origin-when-cross-origin\" allowfullscreen><\/iframe>\n<\/div><\/figure>\n\n\n\n<p>Web: <a href=\"http:\/\/www.erraticas.cl\">www.erraticas.cl<\/a>&nbsp;<\/p>\n\n\n\n<p>Instagram: @erraticas.cl<\/p>\n","protected":false},"excerpt":{"rendered":"<p>Durante todo el mes de marzo, la colectiva de comunicadoras independientes estar\u00e1 recolectando la suma de 4 millones de pesos para equipar un estudio de grabaci\u00f3n y materializar su proyecto digital \u00abRadio Err\u00e1ticas\u00bb. A las 21 horas de este martes, la colectiva Err\u00e1ticas liber\u00f3 a trav\u00e9s de sus redes sociales una campa\u00f1a de financiamiento colectivo, [&hellip;]<\/p>\n","protected":false},"author":1,"featured_media":12732,"comment_status":"open","ping_status":"closed","sticky":false,"template":"","format":"standard","meta":{"_acf_changed":false,"footnotes":""},"categories":[1],"tags":[7,10],"class_list":["post-12731","post","type-post","status-publish","format-standard","has-post-thumbnail","hentry","category-uncategorized","tag-industria-creativa","tag-valparaiso"],"acf":[],"yoast_head":"<!-- This site is optimized with the Yoast SEO plugin v27.1.1 - https:\/\/yoast.com\/product\/yoast-seo-wordpress\/ -->\n<title>Revista Err\u00e1ticas lanza campa\u00f1a de financiamiento colectivo para desarrollar proyecto radial - Valpara\u00ed\u00adso Creativo<\/title>\n<meta name=\"robots\" content=\"index, follow, max-snippet:-1, max-image-preview:large, max-video-preview:-1\" \/>\n<link rel=\"canonical\" href=\"https:\/\/dev.antudigital.cl\/sites\/vc\/revista-erraticas-lanza-campana-de-financiamiento-colectivo-para-desarrollar-proyecto-radial\/\" \/>\n<meta property=\"og:locale\" content=\"es_ES\" \/>\n<meta property=\"og:type\" content=\"article\" \/>\n<meta property=\"og:title\" content=\"Revista Err\u00e1ticas lanza campa\u00f1a de financiamiento colectivo para desarrollar proyecto radial - Valpara\u00ed\u00adso Creativo\" \/>\n<meta property=\"og:description\" content=\"Durante todo el mes de marzo, la colectiva de comunicadoras independientes estar\u00e1 recolectando la suma de 4 millones de pesos para equipar un estudio de grabaci\u00f3n y materializar su proyecto digital \u00abRadio Err\u00e1ticas\u00bb. A las 21 horas de este martes, la colectiva Err\u00e1ticas liber\u00f3 a trav\u00e9s de sus redes sociales una campa\u00f1a de financiamiento colectivo, [&hellip;]\" \/>\n<meta property=\"og:url\" content=\"https:\/\/dev.antudigital.cl\/sites\/vc\/revista-erraticas-lanza-campana-de-financiamiento-colectivo-para-desarrollar-proyecto-radial\/\" \/>\n<meta property=\"og:site_name\" content=\"Valpara\u00ed\u00adso Creativo\" \/>\n<meta property=\"article:published_time\" content=\"2023-03-01T21:01:51+00:00\" \/>\n<meta property=\"article:modified_time\" content=\"2023-03-02T13:51:34+00:00\" \/>\n<meta property=\"og:image\" content=\"https:\/\/dev.antudigital.cl\/sites\/vc\/wp-content\/uploads\/2023\/03\/5S6A4120-scaled.jpg\" \/>\n\t<meta property=\"og:image:width\" content=\"2560\" \/>\n\t<meta property=\"og:image:height\" content=\"1707\" \/>\n\t<meta property=\"og:image:type\" content=\"image\/jpeg\" \/>\n<meta name=\"author\" content=\"Valpara\u00edso Creativo\" \/>\n<meta name=\"twitter:card\" content=\"summary_large_image\" \/>\n<meta name=\"twitter:label1\" content=\"Escrito por\" \/>\n\t<meta name=\"twitter:data1\" content=\"Valpara\u00edso Creativo\" \/>\n\t<meta name=\"twitter:label2\" content=\"Tiempo de lectura\" \/>\n\t<meta name=\"twitter:data2\" content=\"3 minutos\" \/>\n<script type=\"application\/ld+json\" class=\"yoast-schema-graph\">{\"@context\":\"https:\/\/schema.org\",\"@graph\":[{\"@type\":\"Article\",\"@id\":\"https:\/\/dev.antudigital.cl\/sites\/vc\/revista-erraticas-lanza-campana-de-financiamiento-colectivo-para-desarrollar-proyecto-radial\/#article\",\"isPartOf\":{\"@id\":\"https:\/\/dev.antudigital.cl\/sites\/vc\/revista-erraticas-lanza-campana-de-financiamiento-colectivo-para-desarrollar-proyecto-radial\/\"},\"author\":{\"name\":\"Valpara\u00edso Creativo\",\"@id\":\"https:\/\/dev.antudigital.cl\/sites\/vc\/#\/schema\/person\/c2b9da8dd545e27166fc5ab232837318\"},\"headline\":\"Revista Err\u00e1ticas lanza campa\u00f1a de financiamiento colectivo para desarrollar proyecto radial\",\"datePublished\":\"2023-03-01T21:01:51+00:00\",\"dateModified\":\"2023-03-02T13:51:34+00:00\",\"mainEntityOfPage\":{\"@id\":\"https:\/\/dev.antudigital.cl\/sites\/vc\/revista-erraticas-lanza-campana-de-financiamiento-colectivo-para-desarrollar-proyecto-radial\/\"},\"wordCount\":505,\"commentCount\":0,\"image\":{\"@id\":\"https:\/\/dev.antudigital.cl\/sites\/vc\/revista-erraticas-lanza-campana-de-financiamiento-colectivo-para-desarrollar-proyecto-radial\/#primaryimage\"},\"thumbnailUrl\":\"https:\/\/dev.antudigital.cl\/sites\/vc\/wp-content\/uploads\/2023\/03\/5S6A4120-scaled.jpg\",\"keywords\":[\"industria creativa\",\"valpara\u00edso\"],\"articleSection\":[\"Uncategorized\"],\"inLanguage\":\"es\",\"potentialAction\":[{\"@type\":\"CommentAction\",\"name\":\"Comment\",\"target\":[\"https:\/\/dev.antudigital.cl\/sites\/vc\/revista-erraticas-lanza-campana-de-financiamiento-colectivo-para-desarrollar-proyecto-radial\/#respond\"]}]},{\"@type\":\"WebPage\",\"@id\":\"https:\/\/dev.antudigital.cl\/sites\/vc\/revista-erraticas-lanza-campana-de-financiamiento-colectivo-para-desarrollar-proyecto-radial\/\",\"url\":\"https:\/\/dev.antudigital.cl\/sites\/vc\/revista-erraticas-lanza-campana-de-financiamiento-colectivo-para-desarrollar-proyecto-radial\/\",\"name\":\"Revista Err\u00e1ticas lanza campa\u00f1a de financiamiento colectivo para desarrollar proyecto radial - Valpara\u00ed\u00adso Creativo\",\"isPartOf\":{\"@id\":\"https:\/\/dev.antudigital.cl\/sites\/vc\/#website\"},\"primaryImageOfPage\":{\"@id\":\"https:\/\/dev.antudigital.cl\/sites\/vc\/revista-erraticas-lanza-campana-de-financiamiento-colectivo-para-desarrollar-proyecto-radial\/#primaryimage\"},\"image\":{\"@id\":\"https:\/\/dev.antudigital.cl\/sites\/vc\/revista-erraticas-lanza-campana-de-financiamiento-colectivo-para-desarrollar-proyecto-radial\/#primaryimage\"},\"thumbnailUrl\":\"https:\/\/dev.antudigital.cl\/sites\/vc\/wp-content\/uploads\/2023\/03\/5S6A4120-scaled.jpg\",\"datePublished\":\"2023-03-01T21:01:51+00:00\",\"dateModified\":\"2023-03-02T13:51:34+00:00\",\"author\":{\"@id\":\"https:\/\/dev.antudigital.cl\/sites\/vc\/#\/schema\/person\/c2b9da8dd545e27166fc5ab232837318\"},\"breadcrumb\":{\"@id\":\"https:\/\/dev.antudigital.cl\/sites\/vc\/revista-erraticas-lanza-campana-de-financiamiento-colectivo-para-desarrollar-proyecto-radial\/#breadcrumb\"},\"inLanguage\":\"es\",\"potentialAction\":[{\"@type\":\"ReadAction\",\"target\":[\"https:\/\/dev.antudigital.cl\/sites\/vc\/revista-erraticas-lanza-campana-de-financiamiento-colectivo-para-desarrollar-proyecto-radial\/\"]}]},{\"@type\":\"ImageObject\",\"inLanguage\":\"es\",\"@id\":\"https:\/\/dev.antudigital.cl\/sites\/vc\/revista-erraticas-lanza-campana-de-financiamiento-colectivo-para-desarrollar-proyecto-radial\/#primaryimage\",\"url\":\"https:\/\/dev.antudigital.cl\/sites\/vc\/wp-content\/uploads\/2023\/03\/5S6A4120-scaled.jpg\",\"contentUrl\":\"https:\/\/dev.antudigital.cl\/sites\/vc\/wp-content\/uploads\/2023\/03\/5S6A4120-scaled.jpg\",\"width\":2560,\"height\":1707},{\"@type\":\"BreadcrumbList\",\"@id\":\"https:\/\/dev.antudigital.cl\/sites\/vc\/revista-erraticas-lanza-campana-de-financiamiento-colectivo-para-desarrollar-proyecto-radial\/#breadcrumb\",\"itemListElement\":[{\"@type\":\"ListItem\",\"position\":1,\"name\":\"Home\",\"item\":\"https:\/\/dev.antudigital.cl\/sites\/vc\/\"},{\"@type\":\"ListItem\",\"position\":2,\"name\":\"Revista Err\u00e1ticas lanza campa\u00f1a de financiamiento colectivo para desarrollar proyecto radial\"}]},{\"@type\":\"WebSite\",\"@id\":\"https:\/\/dev.antudigital.cl\/sites\/vc\/#website\",\"url\":\"https:\/\/dev.antudigital.cl\/sites\/vc\/\",\"name\":\"Valpara\u00ed\u00adso Creativo\",\"description\":\"\",\"potentialAction\":[{\"@type\":\"SearchAction\",\"target\":{\"@type\":\"EntryPoint\",\"urlTemplate\":\"https:\/\/dev.antudigital.cl\/sites\/vc\/?s={search_term_string}\"},\"query-input\":{\"@type\":\"PropertyValueSpecification\",\"valueRequired\":true,\"valueName\":\"search_term_string\"}}],\"inLanguage\":\"es\"},{\"@type\":\"Person\",\"@id\":\"https:\/\/dev.antudigital.cl\/sites\/vc\/#\/schema\/person\/c2b9da8dd545e27166fc5ab232837318\",\"name\":\"Valpara\u00edso Creativo\",\"description\":\"Periodista de cultura en la Regi\u00f3n de Valpara\u00edso.\",\"url\":\"https:\/\/dev.antudigital.cl\/sites\/vc\/author\/valpoadmin\/\"}]}<\/script>\n<!-- \/ Yoast SEO plugin. -->","yoast_head_json":{"title":"Revista Err\u00e1ticas lanza campa\u00f1a de financiamiento colectivo para desarrollar proyecto radial - Valpara\u00ed\u00adso Creativo","robots":{"index":"index","follow":"follow","max-snippet":"max-snippet:-1","max-image-preview":"max-image-preview:large","max-video-preview":"max-video-preview:-1"},"canonical":"https:\/\/dev.antudigital.cl\/sites\/vc\/revista-erraticas-lanza-campana-de-financiamiento-colectivo-para-desarrollar-proyecto-radial\/","og_locale":"es_ES","og_type":"article","og_title":"Revista Err\u00e1ticas lanza campa\u00f1a de financiamiento colectivo para desarrollar proyecto radial - Valpara\u00ed\u00adso Creativo","og_description":"Durante todo el mes de marzo, la colectiva de comunicadoras independientes estar\u00e1 recolectando la suma de 4 millones de pesos para equipar un estudio de grabaci\u00f3n y materializar su proyecto digital \u00abRadio Err\u00e1ticas\u00bb. A las 21 horas de este martes, la colectiva Err\u00e1ticas liber\u00f3 a trav\u00e9s de sus redes sociales una campa\u00f1a de financiamiento colectivo, [&hellip;]","og_url":"https:\/\/dev.antudigital.cl\/sites\/vc\/revista-erraticas-lanza-campana-de-financiamiento-colectivo-para-desarrollar-proyecto-radial\/","og_site_name":"Valpara\u00ed\u00adso Creativo","article_published_time":"2023-03-01T21:01:51+00:00","article_modified_time":"2023-03-02T13:51:34+00:00","og_image":[{"width":2560,"height":1707,"url":"https:\/\/dev.antudigital.cl\/sites\/vc\/wp-content\/uploads\/2023\/03\/5S6A4120-scaled.jpg","type":"image\/jpeg"}],"author":"Valpara\u00edso Creativo","twitter_card":"summary_large_image","twitter_misc":{"Escrito por":"Valpara\u00edso Creativo","Tiempo de lectura":"3 minutos"},"schema":{"@context":"https:\/\/schema.org","@graph":[{"@type":"Article","@id":"https:\/\/dev.antudigital.cl\/sites\/vc\/revista-erraticas-lanza-campana-de-financiamiento-colectivo-para-desarrollar-proyecto-radial\/#article","isPartOf":{"@id":"https:\/\/dev.antudigital.cl\/sites\/vc\/revista-erraticas-lanza-campana-de-financiamiento-colectivo-para-desarrollar-proyecto-radial\/"},"author":{"name":"Valpara\u00edso Creativo","@id":"https:\/\/dev.antudigital.cl\/sites\/vc\/#\/schema\/person\/c2b9da8dd545e27166fc5ab232837318"},"headline":"Revista Err\u00e1ticas lanza campa\u00f1a de financiamiento colectivo para desarrollar proyecto radial","datePublished":"2023-03-01T21:01:51+00:00","dateModified":"2023-03-02T13:51:34+00:00","mainEntityOfPage":{"@id":"https:\/\/dev.antudigital.cl\/sites\/vc\/revista-erraticas-lanza-campana-de-financiamiento-colectivo-para-desarrollar-proyecto-radial\/"},"wordCount":505,"commentCount":0,"image":{"@id":"https:\/\/dev.antudigital.cl\/sites\/vc\/revista-erraticas-lanza-campana-de-financiamiento-colectivo-para-desarrollar-proyecto-radial\/#primaryimage"},"thumbnailUrl":"https:\/\/dev.antudigital.cl\/sites\/vc\/wp-content\/uploads\/2023\/03\/5S6A4120-scaled.jpg","keywords":["industria creativa","valpara\u00edso"],"articleSection":["Uncategorized"],"inLanguage":"es","potentialAction":[{"@type":"CommentAction","name":"Comment","target":["https:\/\/dev.antudigital.cl\/sites\/vc\/revista-erraticas-lanza-campana-de-financiamiento-colectivo-para-desarrollar-proyecto-radial\/#respond"]}]},{"@type":"WebPage","@id":"https:\/\/dev.antudigital.cl\/sites\/vc\/revista-erraticas-lanza-campana-de-financiamiento-colectivo-para-desarrollar-proyecto-radial\/","url":"https:\/\/dev.antudigital.cl\/sites\/vc\/revista-erraticas-lanza-campana-de-financiamiento-colectivo-para-desarrollar-proyecto-radial\/","name":"Revista Err\u00e1ticas lanza campa\u00f1a de financiamiento colectivo para desarrollar proyecto radial - Valpara\u00ed\u00adso Creativo","isPartOf":{"@id":"https:\/\/dev.antudigital.cl\/sites\/vc\/#website"},"primaryImageOfPage":{"@id":"https:\/\/dev.antudigital.cl\/sites\/vc\/revista-erraticas-lanza-campana-de-financiamiento-colectivo-para-desarrollar-proyecto-radial\/#primaryimage"},"image":{"@id":"https:\/\/dev.antudigital.cl\/sites\/vc\/revista-erraticas-lanza-campana-de-financiamiento-colectivo-para-desarrollar-proyecto-radial\/#primaryimage"},"thumbnailUrl":"https:\/\/dev.antudigital.cl\/sites\/vc\/wp-content\/uploads\/2023\/03\/5S6A4120-scaled.jpg","datePublished":"2023-03-01T21:01:51+00:00","dateModified":"2023-03-02T13:51:34+00:00","author":{"@id":"https:\/\/dev.antudigital.cl\/sites\/vc\/#\/schema\/person\/c2b9da8dd545e27166fc5ab232837318"},"breadcrumb":{"@id":"https:\/\/dev.antudigital.cl\/sites\/vc\/revista-erraticas-lanza-campana-de-financiamiento-colectivo-para-desarrollar-proyecto-radial\/#breadcrumb"},"inLanguage":"es","potentialAction":[{"@type":"ReadAction","target":["https:\/\/dev.antudigital.cl\/sites\/vc\/revista-erraticas-lanza-campana-de-financiamiento-colectivo-para-desarrollar-proyecto-radial\/"]}]},{"@type":"ImageObject","inLanguage":"es","@id":"https:\/\/dev.antudigital.cl\/sites\/vc\/revista-erraticas-lanza-campana-de-financiamiento-colectivo-para-desarrollar-proyecto-radial\/#primaryimage","url":"https:\/\/dev.antudigital.cl\/sites\/vc\/wp-content\/uploads\/2023\/03\/5S6A4120-scaled.jpg","contentUrl":"https:\/\/dev.antudigital.cl\/sites\/vc\/wp-content\/uploads\/2023\/03\/5S6A4120-scaled.jpg","width":2560,"height":1707},{"@type":"BreadcrumbList","@id":"https:\/\/dev.antudigital.cl\/sites\/vc\/revista-erraticas-lanza-campana-de-financiamiento-colectivo-para-desarrollar-proyecto-radial\/#breadcrumb","itemListElement":[{"@type":"ListItem","position":1,"name":"Home","item":"https:\/\/dev.antudigital.cl\/sites\/vc\/"},{"@type":"ListItem","position":2,"name":"Revista Err\u00e1ticas lanza campa\u00f1a de financiamiento colectivo para desarrollar proyecto radial"}]},{"@type":"WebSite","@id":"https:\/\/dev.antudigital.cl\/sites\/vc\/#website","url":"https:\/\/dev.antudigital.cl\/sites\/vc\/","name":"Valpara\u00ed\u00adso Creativo","description":"","potentialAction":[{"@type":"SearchAction","target":{"@type":"EntryPoint","urlTemplate":"https:\/\/dev.antudigital.cl\/sites\/vc\/?s={search_term_string}"},"query-input":{"@type":"PropertyValueSpecification","valueRequired":true,"valueName":"search_term_string"}}],"inLanguage":"es"},{"@type":"Person","@id":"https:\/\/dev.antudigital.cl\/sites\/vc\/#\/schema\/person\/c2b9da8dd545e27166fc5ab232837318","name":"Valpara\u00edso Creativo","description":"Periodista de cultura en la Regi\u00f3n de Valpara\u00edso.","url":"https:\/\/dev.antudigital.cl\/sites\/vc\/author\/valpoadmin\/"}]}},"_links":{"self":[{"href":"https:\/\/dev.antudigital.cl\/sites\/vc\/wp-json\/wp\/v2\/posts\/12731","targetHints":{"allow":["GET"]}}],"collection":[{"href":"https:\/\/dev.antudigital.cl\/sites\/vc\/wp-json\/wp\/v2\/posts"}],"about":[{"href":"https:\/\/dev.antudigital.cl\/sites\/vc\/wp-json\/wp\/v2\/types\/post"}],"author":[{"embeddable":true,"href":"https:\/\/dev.antudigital.cl\/sites\/vc\/wp-json\/wp\/v2\/users\/1"}],"replies":[{"embeddable":true,"href":"https:\/\/dev.antudigital.cl\/sites\/vc\/wp-json\/wp\/v2\/comments?post=12731"}],"version-history":[{"count":2,"href":"https:\/\/dev.antudigital.cl\/sites\/vc\/wp-json\/wp\/v2\/posts\/12731\/revisions"}],"predecessor-version":[{"id":12737,"href":"https:\/\/dev.antudigital.cl\/sites\/vc\/wp-json\/wp\/v2\/posts\/12731\/revisions\/12737"}],"wp:featuredmedia":[{"embeddable":true,"href":"https:\/\/dev.antudigital.cl\/sites\/vc\/wp-json\/wp\/v2\/media\/12732"}],"wp:attachment":[{"href":"https:\/\/dev.antudigital.cl\/sites\/vc\/wp-json\/wp\/v2\/media?parent=12731"}],"wp:term":[{"taxonomy":"category","embeddable":true,"href":"https:\/\/dev.antudigital.cl\/sites\/vc\/wp-json\/wp\/v2\/categories?post=12731"},{"taxonomy":"post_tag","embeddable":true,"href":"https:\/\/dev.antudigital.cl\/sites\/vc\/wp-json\/wp\/v2\/tags?post=12731"}],"curies":[{"name":"wp","href":"https:\/\/api.w.org\/{rel}","templated":true}]}}