{"id":12749,"date":"2023-03-06T15:02:47","date_gmt":"2023-03-06T15:02:47","guid":{"rendered":"https:\/\/www.valparaisocreativo.cl\/?p=12749"},"modified":"2023-03-06T15:02:51","modified_gmt":"2023-03-06T15:02:51","slug":"teatro-escuela-ilucion-abre-sus-talleres-de-teatro-y-canto-2023-en-el-centro-cultural-ipa-de-valparaiso","status":"publish","type":"post","link":"https:\/\/dev.antudigital.cl\/sites\/vc\/teatro-escuela-ilucion-abre-sus-talleres-de-teatro-y-canto-2023-en-el-centro-cultural-ipa-de-valparaiso\/","title":{"rendered":"<strong><em>Teatro Escuela<\/em>\u00a0ILUcION abre sus\u00a0<em>Talleres de Teatro y Canto 2023 en el\u00a0Centro Cultural IPA de Valpara\u00edso<\/em><\/strong>"},"content":{"rendered":"\n<p><strong>Compa\u00f1\u00eda de Teatro Escuela ILUcION&nbsp;<\/strong>dicta&nbsp;sus Talleres de&nbsp;<strong>Teatro<\/strong>&nbsp;y&nbsp;<strong>Canto<\/strong>&nbsp;<strong>2023<\/strong>&nbsp;los que tienen por finalidad promover y motivar la expresi\u00f3n art\u00edstica en cada una de sus formas, contribuyendo a una formaci\u00f3n integral mediante la entrega de las herramientas necesarias para canalizar el talento presente en cada persona.<\/p>\n\n\n\n<p><strong><em>Taller&nbsp;de Teatro para ni\u00f1xs, j\u00f3venes y adultos<\/em><\/strong><em>, es un espacio pr\u00e1ctico destinado a otorgar a las y los participantes herramientas provenientes del teatro&nbsp;tales como: el juego, la relajaci\u00f3n corporal, la espontaneidad y la creatividad.<\/em><\/p>\n\n\n\n<p><em>Este&nbsp;taller&nbsp;pretende convertirse en una experiencia de creaci\u00f3n y autocuidado. Por ello es relevante poseer una buena disposici\u00f3n, el deseo de participar, ya que es una actividad colaborativa y contenedora.<\/em><\/p>\n\n\n\n<p><strong><u>Horarios:<\/u><\/strong>&nbsp;Ni\u00f1xs y J\u00f3venes s\u00e1bados 11:30 a 13\u00b0\u00b0<\/p>\n\n\n\n<p>Adultos Opci\u00f3n 1\/Lunes 18:30 a 20\u00b0\u00b0 Opci\u00f3n 2\/S\u00e1bados 10\u00b0\u00b0 a 11:30<\/p>\n\n\n\n<p><strong>Taller&nbsp;de Canto&nbsp;<\/strong><strong><em>para ni\u00f1xs, j\u00f3venes y adultos<\/em><\/strong>,&nbsp;<em>esta disciplina tiene por objetivo fundamental entregar a las y los participantes herramientas s\u00f3lidas para desarrollar de la manera correcta habilidades vocales a trav\u00e9s de ejercicios de respiraci\u00f3n, postura corporal y fon\u00e9tica de la voz. Adem\u00e1s de la formaci\u00f3n vocal-auditiva la y el estudiante podr\u00e1 identificar por s\u00ed mismo el repertorio de canciones adecuado a su registro vocal.&nbsp;<\/em><em>El curso<\/em><em>&nbsp;de forma complementaria se imparte T\u00e9cnica Vocal, Interpretaci\u00f3n y Repertorio.<\/em><\/p>\n\n\n\n<p><strong><u>Horarios:<\/u><\/strong>&nbsp;Opci\u00f3n 1\/Lunes 17:30 a 19\u00b0\u00b0 Opci\u00f3n 2\/11:30 a 13\u00b0\u00b0<\/p>\n\n\n\n<p>&nbsp;&nbsp;&nbsp;&nbsp;&nbsp;&nbsp;&nbsp;&nbsp;&nbsp;&nbsp;&nbsp;&nbsp;&nbsp;&nbsp;&nbsp;&nbsp; Opci\u00f3n 3\/S\u00e1bados 10\u00b0\u00b0 a 11:30&nbsp; Opci\u00f3n 4\/11:30 a 13\u00b0\u00b0<\/p>\n\n\n\n<p>Invitamos a tod@s aquell@s interesad@s en vivir esta experiencia y descubrir las aptitudes, asistir directamente al Centro Cultural IPA en calle Condell 1349 Valpara\u00edso, o contactarse al WhatsApp +569 &nbsp;9938 3354<\/p>\n\n\n\n<figure class=\"wp-block-image size-large\"><img fetchpriority=\"high\" decoding=\"async\" width=\"1024\" height=\"683\" src=\"https:\/\/www.valparaisocreativo.cl\/wp-content\/uploads\/2023\/03\/teatrotaller-1024x683.jpg\" alt=\"\" class=\"wp-image-12750\" srcset=\"https:\/\/dev.antudigital.cl\/sites\/vc\/wp-content\/uploads\/2023\/03\/teatrotaller-1024x683.jpg 1024w, https:\/\/dev.antudigital.cl\/sites\/vc\/wp-content\/uploads\/2023\/03\/teatrotaller-300x200.jpg 300w, https:\/\/dev.antudigital.cl\/sites\/vc\/wp-content\/uploads\/2023\/03\/teatrotaller-768x512.jpg 768w, https:\/\/dev.antudigital.cl\/sites\/vc\/wp-content\/uploads\/2023\/03\/teatrotaller-1536x1024.jpg 1536w, https:\/\/dev.antudigital.cl\/sites\/vc\/wp-content\/uploads\/2023\/03\/teatrotaller-1080x720.jpg 1080w, https:\/\/dev.antudigital.cl\/sites\/vc\/wp-content\/uploads\/2023\/03\/teatrotaller-1280x853.jpg 1280w, https:\/\/dev.antudigital.cl\/sites\/vc\/wp-content\/uploads\/2023\/03\/teatrotaller-980x653.jpg 980w, https:\/\/dev.antudigital.cl\/sites\/vc\/wp-content\/uploads\/2023\/03\/teatrotaller-480x320.jpg 480w, https:\/\/dev.antudigital.cl\/sites\/vc\/wp-content\/uploads\/2023\/03\/teatrotaller.jpg 2048w\" sizes=\"(max-width: 1024px) 100vw, 1024px\" \/><\/figure>\n","protected":false},"excerpt":{"rendered":"<p>Compa\u00f1\u00eda de Teatro Escuela ILUcION&nbsp;dicta&nbsp;sus Talleres de&nbsp;Teatro&nbsp;y&nbsp;Canto&nbsp;2023&nbsp;los que tienen por finalidad promover y motivar la expresi\u00f3n art\u00edstica en cada una de sus formas, contribuyendo a una formaci\u00f3n integral mediante la entrega de las herramientas necesarias para canalizar el talento presente en cada persona. Taller&nbsp;de Teatro para ni\u00f1xs, j\u00f3venes y adultos, es un espacio pr\u00e1ctico destinado [&hellip;]<\/p>\n","protected":false},"author":1,"featured_media":12751,"comment_status":"open","ping_status":"closed","sticky":false,"template":"","format":"standard","meta":{"_acf_changed":false,"footnotes":""},"categories":[1],"tags":[25,10],"class_list":["post-12749","post","type-post","status-publish","format-standard","has-post-thumbnail","hentry","category-uncategorized","tag-convocatoria","tag-valparaiso"],"acf":[],"yoast_head":"<!-- This site is optimized with the Yoast SEO plugin v27.1.1 - https:\/\/yoast.com\/product\/yoast-seo-wordpress\/ -->\n<title>Teatro Escuela\u00a0ILUcION abre sus\u00a0Talleres de Teatro y Canto 2023 en el\u00a0Centro Cultural IPA de Valpara\u00edso - Valpara\u00ed\u00adso Creativo<\/title>\n<meta name=\"robots\" content=\"index, follow, max-snippet:-1, max-image-preview:large, max-video-preview:-1\" \/>\n<link rel=\"canonical\" href=\"https:\/\/dev.antudigital.cl\/sites\/vc\/teatro-escuela-ilucion-abre-sus-talleres-de-teatro-y-canto-2023-en-el-centro-cultural-ipa-de-valparaiso\/\" \/>\n<meta property=\"og:locale\" content=\"es_ES\" \/>\n<meta property=\"og:type\" content=\"article\" \/>\n<meta property=\"og:title\" content=\"Teatro Escuela\u00a0ILUcION abre sus\u00a0Talleres de Teatro y Canto 2023 en el\u00a0Centro Cultural IPA de Valpara\u00edso - Valpara\u00ed\u00adso Creativo\" \/>\n<meta property=\"og:description\" content=\"Compa\u00f1\u00eda de Teatro Escuela ILUcION&nbsp;dicta&nbsp;sus Talleres de&nbsp;Teatro&nbsp;y&nbsp;Canto&nbsp;2023&nbsp;los que tienen por finalidad promover y motivar la expresi\u00f3n art\u00edstica en cada una de sus formas, contribuyendo a una formaci\u00f3n integral mediante la entrega de las herramientas necesarias para canalizar el talento presente en cada persona. Taller&nbsp;de Teatro para ni\u00f1xs, j\u00f3venes y adultos, es un espacio pr\u00e1ctico destinado [&hellip;]\" \/>\n<meta property=\"og:url\" content=\"https:\/\/dev.antudigital.cl\/sites\/vc\/teatro-escuela-ilucion-abre-sus-talleres-de-teatro-y-canto-2023-en-el-centro-cultural-ipa-de-valparaiso\/\" \/>\n<meta property=\"og:site_name\" content=\"Valpara\u00ed\u00adso Creativo\" \/>\n<meta property=\"article:published_time\" content=\"2023-03-06T15:02:47+00:00\" \/>\n<meta property=\"article:modified_time\" content=\"2023-03-06T15:02:51+00:00\" \/>\n<meta property=\"og:image\" content=\"https:\/\/dev.antudigital.cl\/sites\/vc\/wp-content\/uploads\/2023\/03\/KANTO.jpg\" \/>\n\t<meta property=\"og:image:width\" content=\"960\" \/>\n\t<meta property=\"og:image:height\" content=\"640\" \/>\n\t<meta property=\"og:image:type\" content=\"image\/jpeg\" \/>\n<meta name=\"author\" content=\"Valpara\u00edso Creativo\" \/>\n<meta name=\"twitter:card\" content=\"summary_large_image\" \/>\n<meta name=\"twitter:label1\" content=\"Escrito por\" \/>\n\t<meta name=\"twitter:data1\" content=\"Valpara\u00edso Creativo\" \/>\n\t<meta name=\"twitter:label2\" content=\"Tiempo de lectura\" \/>\n\t<meta name=\"twitter:data2\" content=\"2 minutos\" \/>\n<script type=\"application\/ld+json\" class=\"yoast-schema-graph\">{\"@context\":\"https:\/\/schema.org\",\"@graph\":[{\"@type\":\"Article\",\"@id\":\"https:\/\/dev.antudigital.cl\/sites\/vc\/teatro-escuela-ilucion-abre-sus-talleres-de-teatro-y-canto-2023-en-el-centro-cultural-ipa-de-valparaiso\/#article\",\"isPartOf\":{\"@id\":\"https:\/\/dev.antudigital.cl\/sites\/vc\/teatro-escuela-ilucion-abre-sus-talleres-de-teatro-y-canto-2023-en-el-centro-cultural-ipa-de-valparaiso\/\"},\"author\":{\"name\":\"Valpara\u00edso Creativo\",\"@id\":\"https:\/\/dev.antudigital.cl\/sites\/vc\/#\/schema\/person\/c2b9da8dd545e27166fc5ab232837318\"},\"headline\":\"Teatro Escuela\u00a0ILUcION abre sus\u00a0Talleres de Teatro y Canto 2023 en el\u00a0Centro Cultural IPA de Valpara\u00edso\",\"datePublished\":\"2023-03-06T15:02:47+00:00\",\"dateModified\":\"2023-03-06T15:02:51+00:00\",\"mainEntityOfPage\":{\"@id\":\"https:\/\/dev.antudigital.cl\/sites\/vc\/teatro-escuela-ilucion-abre-sus-talleres-de-teatro-y-canto-2023-en-el-centro-cultural-ipa-de-valparaiso\/\"},\"wordCount\":334,\"commentCount\":0,\"image\":{\"@id\":\"https:\/\/dev.antudigital.cl\/sites\/vc\/teatro-escuela-ilucion-abre-sus-talleres-de-teatro-y-canto-2023-en-el-centro-cultural-ipa-de-valparaiso\/#primaryimage\"},\"thumbnailUrl\":\"https:\/\/dev.antudigital.cl\/sites\/vc\/wp-content\/uploads\/2023\/03\/KANTO.jpg\",\"keywords\":[\"convocatoria\",\"valpara\u00edso\"],\"articleSection\":[\"Uncategorized\"],\"inLanguage\":\"es\",\"potentialAction\":[{\"@type\":\"CommentAction\",\"name\":\"Comment\",\"target\":[\"https:\/\/dev.antudigital.cl\/sites\/vc\/teatro-escuela-ilucion-abre-sus-talleres-de-teatro-y-canto-2023-en-el-centro-cultural-ipa-de-valparaiso\/#respond\"]}]},{\"@type\":\"WebPage\",\"@id\":\"https:\/\/dev.antudigital.cl\/sites\/vc\/teatro-escuela-ilucion-abre-sus-talleres-de-teatro-y-canto-2023-en-el-centro-cultural-ipa-de-valparaiso\/\",\"url\":\"https:\/\/dev.antudigital.cl\/sites\/vc\/teatro-escuela-ilucion-abre-sus-talleres-de-teatro-y-canto-2023-en-el-centro-cultural-ipa-de-valparaiso\/\",\"name\":\"Teatro Escuela\u00a0ILUcION abre sus\u00a0Talleres de Teatro y Canto 2023 en el\u00a0Centro Cultural IPA de Valpara\u00edso - Valpara\u00ed\u00adso Creativo\",\"isPartOf\":{\"@id\":\"https:\/\/dev.antudigital.cl\/sites\/vc\/#website\"},\"primaryImageOfPage\":{\"@id\":\"https:\/\/dev.antudigital.cl\/sites\/vc\/teatro-escuela-ilucion-abre-sus-talleres-de-teatro-y-canto-2023-en-el-centro-cultural-ipa-de-valparaiso\/#primaryimage\"},\"image\":{\"@id\":\"https:\/\/dev.antudigital.cl\/sites\/vc\/teatro-escuela-ilucion-abre-sus-talleres-de-teatro-y-canto-2023-en-el-centro-cultural-ipa-de-valparaiso\/#primaryimage\"},\"thumbnailUrl\":\"https:\/\/dev.antudigital.cl\/sites\/vc\/wp-content\/uploads\/2023\/03\/KANTO.jpg\",\"datePublished\":\"2023-03-06T15:02:47+00:00\",\"dateModified\":\"2023-03-06T15:02:51+00:00\",\"author\":{\"@id\":\"https:\/\/dev.antudigital.cl\/sites\/vc\/#\/schema\/person\/c2b9da8dd545e27166fc5ab232837318\"},\"breadcrumb\":{\"@id\":\"https:\/\/dev.antudigital.cl\/sites\/vc\/teatro-escuela-ilucion-abre-sus-talleres-de-teatro-y-canto-2023-en-el-centro-cultural-ipa-de-valparaiso\/#breadcrumb\"},\"inLanguage\":\"es\",\"potentialAction\":[{\"@type\":\"ReadAction\",\"target\":[\"https:\/\/dev.antudigital.cl\/sites\/vc\/teatro-escuela-ilucion-abre-sus-talleres-de-teatro-y-canto-2023-en-el-centro-cultural-ipa-de-valparaiso\/\"]}]},{\"@type\":\"ImageObject\",\"inLanguage\":\"es\",\"@id\":\"https:\/\/dev.antudigital.cl\/sites\/vc\/teatro-escuela-ilucion-abre-sus-talleres-de-teatro-y-canto-2023-en-el-centro-cultural-ipa-de-valparaiso\/#primaryimage\",\"url\":\"https:\/\/dev.antudigital.cl\/sites\/vc\/wp-content\/uploads\/2023\/03\/KANTO.jpg\",\"contentUrl\":\"https:\/\/dev.antudigital.cl\/sites\/vc\/wp-content\/uploads\/2023\/03\/KANTO.jpg\",\"width\":960,\"height\":640},{\"@type\":\"BreadcrumbList\",\"@id\":\"https:\/\/dev.antudigital.cl\/sites\/vc\/teatro-escuela-ilucion-abre-sus-talleres-de-teatro-y-canto-2023-en-el-centro-cultural-ipa-de-valparaiso\/#breadcrumb\",\"itemListElement\":[{\"@type\":\"ListItem\",\"position\":1,\"name\":\"Home\",\"item\":\"https:\/\/dev.antudigital.cl\/sites\/vc\/\"},{\"@type\":\"ListItem\",\"position\":2,\"name\":\"Teatro Escuela\u00a0ILUcION abre sus\u00a0Talleres de Teatro y Canto 2023 en el\u00a0Centro Cultural IPA de Valpara\u00edso\"}]},{\"@type\":\"WebSite\",\"@id\":\"https:\/\/dev.antudigital.cl\/sites\/vc\/#website\",\"url\":\"https:\/\/dev.antudigital.cl\/sites\/vc\/\",\"name\":\"Valpara\u00ed\u00adso Creativo\",\"description\":\"\",\"potentialAction\":[{\"@type\":\"SearchAction\",\"target\":{\"@type\":\"EntryPoint\",\"urlTemplate\":\"https:\/\/dev.antudigital.cl\/sites\/vc\/?s={search_term_string}\"},\"query-input\":{\"@type\":\"PropertyValueSpecification\",\"valueRequired\":true,\"valueName\":\"search_term_string\"}}],\"inLanguage\":\"es\"},{\"@type\":\"Person\",\"@id\":\"https:\/\/dev.antudigital.cl\/sites\/vc\/#\/schema\/person\/c2b9da8dd545e27166fc5ab232837318\",\"name\":\"Valpara\u00edso Creativo\",\"description\":\"Periodista de cultura en la Regi\u00f3n de Valpara\u00edso.\",\"url\":\"https:\/\/dev.antudigital.cl\/sites\/vc\/author\/valpoadmin\/\"}]}<\/script>\n<!-- \/ Yoast SEO plugin. -->","yoast_head_json":{"title":"Teatro Escuela\u00a0ILUcION abre sus\u00a0Talleres de Teatro y Canto 2023 en el\u00a0Centro Cultural IPA de Valpara\u00edso - Valpara\u00ed\u00adso Creativo","robots":{"index":"index","follow":"follow","max-snippet":"max-snippet:-1","max-image-preview":"max-image-preview:large","max-video-preview":"max-video-preview:-1"},"canonical":"https:\/\/dev.antudigital.cl\/sites\/vc\/teatro-escuela-ilucion-abre-sus-talleres-de-teatro-y-canto-2023-en-el-centro-cultural-ipa-de-valparaiso\/","og_locale":"es_ES","og_type":"article","og_title":"Teatro Escuela\u00a0ILUcION abre sus\u00a0Talleres de Teatro y Canto 2023 en el\u00a0Centro Cultural IPA de Valpara\u00edso - Valpara\u00ed\u00adso Creativo","og_description":"Compa\u00f1\u00eda de Teatro Escuela ILUcION&nbsp;dicta&nbsp;sus Talleres de&nbsp;Teatro&nbsp;y&nbsp;Canto&nbsp;2023&nbsp;los que tienen por finalidad promover y motivar la expresi\u00f3n art\u00edstica en cada una de sus formas, contribuyendo a una formaci\u00f3n integral mediante la entrega de las herramientas necesarias para canalizar el talento presente en cada persona. Taller&nbsp;de Teatro para ni\u00f1xs, j\u00f3venes y adultos, es un espacio pr\u00e1ctico destinado [&hellip;]","og_url":"https:\/\/dev.antudigital.cl\/sites\/vc\/teatro-escuela-ilucion-abre-sus-talleres-de-teatro-y-canto-2023-en-el-centro-cultural-ipa-de-valparaiso\/","og_site_name":"Valpara\u00ed\u00adso Creativo","article_published_time":"2023-03-06T15:02:47+00:00","article_modified_time":"2023-03-06T15:02:51+00:00","og_image":[{"width":960,"height":640,"url":"https:\/\/dev.antudigital.cl\/sites\/vc\/wp-content\/uploads\/2023\/03\/KANTO.jpg","type":"image\/jpeg"}],"author":"Valpara\u00edso Creativo","twitter_card":"summary_large_image","twitter_misc":{"Escrito por":"Valpara\u00edso Creativo","Tiempo de lectura":"2 minutos"},"schema":{"@context":"https:\/\/schema.org","@graph":[{"@type":"Article","@id":"https:\/\/dev.antudigital.cl\/sites\/vc\/teatro-escuela-ilucion-abre-sus-talleres-de-teatro-y-canto-2023-en-el-centro-cultural-ipa-de-valparaiso\/#article","isPartOf":{"@id":"https:\/\/dev.antudigital.cl\/sites\/vc\/teatro-escuela-ilucion-abre-sus-talleres-de-teatro-y-canto-2023-en-el-centro-cultural-ipa-de-valparaiso\/"},"author":{"name":"Valpara\u00edso Creativo","@id":"https:\/\/dev.antudigital.cl\/sites\/vc\/#\/schema\/person\/c2b9da8dd545e27166fc5ab232837318"},"headline":"Teatro Escuela\u00a0ILUcION abre sus\u00a0Talleres de Teatro y Canto 2023 en el\u00a0Centro Cultural IPA de Valpara\u00edso","datePublished":"2023-03-06T15:02:47+00:00","dateModified":"2023-03-06T15:02:51+00:00","mainEntityOfPage":{"@id":"https:\/\/dev.antudigital.cl\/sites\/vc\/teatro-escuela-ilucion-abre-sus-talleres-de-teatro-y-canto-2023-en-el-centro-cultural-ipa-de-valparaiso\/"},"wordCount":334,"commentCount":0,"image":{"@id":"https:\/\/dev.antudigital.cl\/sites\/vc\/teatro-escuela-ilucion-abre-sus-talleres-de-teatro-y-canto-2023-en-el-centro-cultural-ipa-de-valparaiso\/#primaryimage"},"thumbnailUrl":"https:\/\/dev.antudigital.cl\/sites\/vc\/wp-content\/uploads\/2023\/03\/KANTO.jpg","keywords":["convocatoria","valpara\u00edso"],"articleSection":["Uncategorized"],"inLanguage":"es","potentialAction":[{"@type":"CommentAction","name":"Comment","target":["https:\/\/dev.antudigital.cl\/sites\/vc\/teatro-escuela-ilucion-abre-sus-talleres-de-teatro-y-canto-2023-en-el-centro-cultural-ipa-de-valparaiso\/#respond"]}]},{"@type":"WebPage","@id":"https:\/\/dev.antudigital.cl\/sites\/vc\/teatro-escuela-ilucion-abre-sus-talleres-de-teatro-y-canto-2023-en-el-centro-cultural-ipa-de-valparaiso\/","url":"https:\/\/dev.antudigital.cl\/sites\/vc\/teatro-escuela-ilucion-abre-sus-talleres-de-teatro-y-canto-2023-en-el-centro-cultural-ipa-de-valparaiso\/","name":"Teatro Escuela\u00a0ILUcION abre sus\u00a0Talleres de Teatro y Canto 2023 en el\u00a0Centro Cultural IPA de Valpara\u00edso - Valpara\u00ed\u00adso Creativo","isPartOf":{"@id":"https:\/\/dev.antudigital.cl\/sites\/vc\/#website"},"primaryImageOfPage":{"@id":"https:\/\/dev.antudigital.cl\/sites\/vc\/teatro-escuela-ilucion-abre-sus-talleres-de-teatro-y-canto-2023-en-el-centro-cultural-ipa-de-valparaiso\/#primaryimage"},"image":{"@id":"https:\/\/dev.antudigital.cl\/sites\/vc\/teatro-escuela-ilucion-abre-sus-talleres-de-teatro-y-canto-2023-en-el-centro-cultural-ipa-de-valparaiso\/#primaryimage"},"thumbnailUrl":"https:\/\/dev.antudigital.cl\/sites\/vc\/wp-content\/uploads\/2023\/03\/KANTO.jpg","datePublished":"2023-03-06T15:02:47+00:00","dateModified":"2023-03-06T15:02:51+00:00","author":{"@id":"https:\/\/dev.antudigital.cl\/sites\/vc\/#\/schema\/person\/c2b9da8dd545e27166fc5ab232837318"},"breadcrumb":{"@id":"https:\/\/dev.antudigital.cl\/sites\/vc\/teatro-escuela-ilucion-abre-sus-talleres-de-teatro-y-canto-2023-en-el-centro-cultural-ipa-de-valparaiso\/#breadcrumb"},"inLanguage":"es","potentialAction":[{"@type":"ReadAction","target":["https:\/\/dev.antudigital.cl\/sites\/vc\/teatro-escuela-ilucion-abre-sus-talleres-de-teatro-y-canto-2023-en-el-centro-cultural-ipa-de-valparaiso\/"]}]},{"@type":"ImageObject","inLanguage":"es","@id":"https:\/\/dev.antudigital.cl\/sites\/vc\/teatro-escuela-ilucion-abre-sus-talleres-de-teatro-y-canto-2023-en-el-centro-cultural-ipa-de-valparaiso\/#primaryimage","url":"https:\/\/dev.antudigital.cl\/sites\/vc\/wp-content\/uploads\/2023\/03\/KANTO.jpg","contentUrl":"https:\/\/dev.antudigital.cl\/sites\/vc\/wp-content\/uploads\/2023\/03\/KANTO.jpg","width":960,"height":640},{"@type":"BreadcrumbList","@id":"https:\/\/dev.antudigital.cl\/sites\/vc\/teatro-escuela-ilucion-abre-sus-talleres-de-teatro-y-canto-2023-en-el-centro-cultural-ipa-de-valparaiso\/#breadcrumb","itemListElement":[{"@type":"ListItem","position":1,"name":"Home","item":"https:\/\/dev.antudigital.cl\/sites\/vc\/"},{"@type":"ListItem","position":2,"name":"Teatro Escuela\u00a0ILUcION abre sus\u00a0Talleres de Teatro y Canto 2023 en el\u00a0Centro Cultural IPA de Valpara\u00edso"}]},{"@type":"WebSite","@id":"https:\/\/dev.antudigital.cl\/sites\/vc\/#website","url":"https:\/\/dev.antudigital.cl\/sites\/vc\/","name":"Valpara\u00ed\u00adso Creativo","description":"","potentialAction":[{"@type":"SearchAction","target":{"@type":"EntryPoint","urlTemplate":"https:\/\/dev.antudigital.cl\/sites\/vc\/?s={search_term_string}"},"query-input":{"@type":"PropertyValueSpecification","valueRequired":true,"valueName":"search_term_string"}}],"inLanguage":"es"},{"@type":"Person","@id":"https:\/\/dev.antudigital.cl\/sites\/vc\/#\/schema\/person\/c2b9da8dd545e27166fc5ab232837318","name":"Valpara\u00edso Creativo","description":"Periodista de cultura en la Regi\u00f3n de Valpara\u00edso.","url":"https:\/\/dev.antudigital.cl\/sites\/vc\/author\/valpoadmin\/"}]}},"_links":{"self":[{"href":"https:\/\/dev.antudigital.cl\/sites\/vc\/wp-json\/wp\/v2\/posts\/12749","targetHints":{"allow":["GET"]}}],"collection":[{"href":"https:\/\/dev.antudigital.cl\/sites\/vc\/wp-json\/wp\/v2\/posts"}],"about":[{"href":"https:\/\/dev.antudigital.cl\/sites\/vc\/wp-json\/wp\/v2\/types\/post"}],"author":[{"embeddable":true,"href":"https:\/\/dev.antudigital.cl\/sites\/vc\/wp-json\/wp\/v2\/users\/1"}],"replies":[{"embeddable":true,"href":"https:\/\/dev.antudigital.cl\/sites\/vc\/wp-json\/wp\/v2\/comments?post=12749"}],"version-history":[{"count":1,"href":"https:\/\/dev.antudigital.cl\/sites\/vc\/wp-json\/wp\/v2\/posts\/12749\/revisions"}],"predecessor-version":[{"id":12752,"href":"https:\/\/dev.antudigital.cl\/sites\/vc\/wp-json\/wp\/v2\/posts\/12749\/revisions\/12752"}],"wp:featuredmedia":[{"embeddable":true,"href":"https:\/\/dev.antudigital.cl\/sites\/vc\/wp-json\/wp\/v2\/media\/12751"}],"wp:attachment":[{"href":"https:\/\/dev.antudigital.cl\/sites\/vc\/wp-json\/wp\/v2\/media?parent=12749"}],"wp:term":[{"taxonomy":"category","embeddable":true,"href":"https:\/\/dev.antudigital.cl\/sites\/vc\/wp-json\/wp\/v2\/categories?post=12749"},{"taxonomy":"post_tag","embeddable":true,"href":"https:\/\/dev.antudigital.cl\/sites\/vc\/wp-json\/wp\/v2\/tags?post=12749"}],"curies":[{"name":"wp","href":"https:\/\/api.w.org\/{rel}","templated":true}]}}