{"id":12825,"date":"2023-03-14T19:15:15","date_gmt":"2023-03-14T19:15:15","guid":{"rendered":"https:\/\/www.valparaisocreativo.cl\/?p=12825"},"modified":"2023-03-14T19:15:19","modified_gmt":"2023-03-14T19:15:19","slug":"unidad-de-estudios-pcdv-las-barreras-culturales-que-vive-la-poblacion-migrante-en-la-region-de-valparaiso","status":"publish","type":"post","link":"https:\/\/dev.antudigital.cl\/sites\/vc\/unidad-de-estudios-pcdv-las-barreras-culturales-que-vive-la-poblacion-migrante-en-la-region-de-valparaiso\/","title":{"rendered":"<strong>Unidad de Estudios PCdV: Las barreras culturales que vive la poblaci\u00f3n migrante en la regi\u00f3n de Valpara\u00edso<\/strong>"},"content":{"rendered":"\n<p>En el marco de la investigaci\u00f3n \u201c<strong><em>La (re) construcci\u00f3n cultural de los migrantes. Un an\u00e1lisis a sus pr\u00e1cticas culturales en Valpara\u00edso y Vi\u00f1a del Mar<\/em><\/strong>\u201d, desarrollada por la Unidad de Estudios del Parque Cultural de Valpara\u00edso el a\u00f1o 2022 y financiada por el Fondo Nacional de Desarrollo Cultural y las Artes, \u00e1mbito regional de financiamiento, Convocatoria 2022 del Ministerio de las Culturas, las Artes y el Patrimonio; el pr\u00f3ximo s\u00e1bado 18 de marzo se realizar\u00e1 el conversatorio \u201c<strong>Pr\u00e1cticas Culturales Migrantes: limitantes, estrategias y desaf\u00edos<\/strong>\u201d, para dar a conocer los principales resultados del estudio.<\/p>\n\n\n\n<p>La instancia contar\u00e1 con una presentaci\u00f3n art\u00edstica de bailes tradicionales venezolanos, a cargo de Nazareth Mavares, y las exposiciones de las investigadoras Diana Duarte y Caru Garz\u00f3n, quienes presentar\u00e1n un extracto de sus \u00faltimos trabajos sobre migraci\u00f3n, generando un espacio de reflexi\u00f3n desde una dimensi\u00f3n intercultural.\u00a0<\/p>\n\n\n\n<figure class=\"wp-block-image size-full\"><img fetchpriority=\"high\" decoding=\"async\" width=\"658\" height=\"622\" src=\"https:\/\/www.valparaisocreativo.cl\/wp-content\/uploads\/2023\/03\/Imagen-4.png\" alt=\"\" class=\"wp-image-12827\" srcset=\"https:\/\/dev.antudigital.cl\/sites\/vc\/wp-content\/uploads\/2023\/03\/Imagen-4.png 658w, https:\/\/dev.antudigital.cl\/sites\/vc\/wp-content\/uploads\/2023\/03\/Imagen-4-300x284.png 300w, https:\/\/dev.antudigital.cl\/sites\/vc\/wp-content\/uploads\/2023\/03\/Imagen-4-480x454.png 480w\" sizes=\"(max-width: 658px) 100vw, 658px\" \/><\/figure>\n\n\n\n<p>Con este trabajo, la Unidad de Estudios busca contribuir a la comprensi\u00f3n de diversos aspectos culturales relacionados a la migraci\u00f3n Sur-Sur, masificada los \u00faltimos a\u00f1os en Chile, poniendo el foco en las pr\u00e1cticas culturales e identitarias de comunidades migrantes, particularmente, en Valpara\u00edso y Vi\u00f1a del Mar. As\u00ed lo destac\u00f3 <strong>Daniel Mu\u00f1oz, soci\u00f3logo coordinador de la Unidad de Estudios del Parque Cultural.<\/strong><\/p>\n\n\n\n<p>\u201c<em>A trav\u00e9s de un acercamiento a las pr\u00e1cticas culturales migrantes, permite entender que en Chile existe una pluralidad de pr\u00e1cticas en \u00e1mbitos gastron\u00f3micos, art\u00edsticos, sociales y deportivos, que se han ido enriqueciendo en el \u00faltimo tiempo y que es importante que co-habiten en armon\u00eda y respeto. En t\u00e9rminos conceptuales, este estudio permite ampliar la idea de pr\u00e1ctica cultural, entendi\u00e9ndose no solo desde la idea de las actividades art\u00edsticas, sino que a partir de un componente identitario que est\u00e1 presente, por ejemplo, en actividades de tipo deportivo<\/em>\u201d.<\/p>\n\n\n\n<p>Por su parte, <strong>Caru Garz\u00f3n, comediante, investigadora e integrante de la Brigada Migrante Feminista<\/strong>, relata que \u201c<em>las mayores dificultades en t\u00e9rminos culturales que me he encontrado en Chile han sido espacios seguros para poder estar y para poder compartir. Habito la intersecci\u00f3n de ser disidencia sexual y migrante y siento que me ha costado encontrar esos espacios que puedan recibirme. <\/em>Por otro lado, \u201c<em>la forma de expresarse, de comunicar, de hacer expl\u00edcitas las cosas, desde lo que necesitas, lo que sientes. Eso ha sido un choque bien complejo desde lo cultural, ac\u00e1 hay como una cultura del silencio, del callar, del guardarse, no decir y eso cuesta un mont\u00f3n\u201d<\/em>.<\/p>\n\n\n\n<p>Sobre su exposici\u00f3n en el conversatorio, detall\u00f3 que \u201c<em>es el resultado de investigar experiencias que, como la m\u00eda, han sido disidencias sexuales y migrantes resistiendo en Chile. La migraci\u00f3n caribe\u00f1a que adem\u00e1s ha sido activista, hemos generado espacios pol\u00edticos y eso lo hace bien bonito, sobre todo porque est\u00e1 hilado por el deseo, que es una dimensi\u00f3n que pocas veces se aborda. Entonces, voy a contar sobre todas esas experiencias, adem\u00e1s de la m\u00eda y particularmente lo que yo he hecho es hacer comedia, es hacer humor, es desde el arte donde he creado un lugar pol\u00edtico para resistir, para divertir y compartir, para cuestionarnos<\/em>\u201d.<\/p>\n\n\n\n<p>Sobre la base de 23 entrevistas semiestructuradas, 4 grupos focales y 6 observaciones etnogr\u00e1ficas, el proyecto se insert\u00f3 en la experiencia de la migraci\u00f3n a trav\u00e9s de los procesos de asimilaci\u00f3n e interculturalidad, indagando en las percepciones de personas migrantes y c\u00f3mo se integran culturalmente -o no- en Chile.<\/p>\n\n\n\n<figure class=\"wp-block-image size-large\"><img decoding=\"async\" width=\"1024\" height=\"1024\" src=\"https:\/\/www.valparaisocreativo.cl\/wp-content\/uploads\/2023\/03\/practicas-migrantes_1-100-1024x1024.jpg\" alt=\"\" class=\"wp-image-12828\" srcset=\"https:\/\/dev.antudigital.cl\/sites\/vc\/wp-content\/uploads\/2023\/03\/practicas-migrantes_1-100-1024x1024.jpg 1024w, https:\/\/dev.antudigital.cl\/sites\/vc\/wp-content\/uploads\/2023\/03\/practicas-migrantes_1-100-300x300.jpg 300w, https:\/\/dev.antudigital.cl\/sites\/vc\/wp-content\/uploads\/2023\/03\/practicas-migrantes_1-100-150x150.jpg 150w, https:\/\/dev.antudigital.cl\/sites\/vc\/wp-content\/uploads\/2023\/03\/practicas-migrantes_1-100-768x768.jpg 768w, https:\/\/dev.antudigital.cl\/sites\/vc\/wp-content\/uploads\/2023\/03\/practicas-migrantes_1-100-980x980.jpg 980w, https:\/\/dev.antudigital.cl\/sites\/vc\/wp-content\/uploads\/2023\/03\/practicas-migrantes_1-100-480x480.jpg 480w, https:\/\/dev.antudigital.cl\/sites\/vc\/wp-content\/uploads\/2023\/03\/practicas-migrantes_1-100.jpg 1080w\" sizes=\"(max-width: 1024px) 100vw, 1024px\" \/><\/figure>\n\n\n\n<p><strong>Conclusiones<\/strong><\/p>\n\n\n\n<p>Dentro de las principales conclusiones que arroja el estudio, se puede identificar el choque cultural existente, que dificulta los procesos de adaptaci\u00f3n para la integraci\u00f3n. As\u00ed mismo, las barreras culturales han mantenido la invisibilizaci\u00f3n de las culturas migrantes, por lo mismo, es dif\u00edcil establecer espacios interculturales.<\/p>\n\n\n\n<p>Por otro lado, respecto al desarrollo de pol\u00edticas p\u00fablicas, se reconoce que hay una tendencia por parte del Estado a facilitar la regulaci\u00f3n de personas migrantes, pero no se han establecido espacios de interculturalidad desde sus instituciones, dejando la tarea de la integraci\u00f3n s\u00f3lo en la voluntad de las comunidades y en expresiones particulares incipientes.<\/p>\n\n\n\n<p>El detalle de los resultados ser\u00e1n entregados este <strong>s\u00e1bado 18 de marzo<\/strong>, a partir de las <strong>12:00 horas, en la Sala de Lectura<\/strong> del Parque Cultural de Valpara\u00edso. La presentaci\u00f3n estar\u00e1 a cargo de Daniel Mu\u00f1oz, coordinador de la Unidad de Estudios PCdV y Antonino Vicenzot, investigador adjunto de la misma unidad. <strong>La entrada es liberada.<\/strong><\/p>\n","protected":false},"excerpt":{"rendered":"<p>En el marco de la investigaci\u00f3n \u201cLa (re) construcci\u00f3n cultural de los migrantes. Un an\u00e1lisis a sus pr\u00e1cticas culturales en Valpara\u00edso y Vi\u00f1a del Mar\u201d, desarrollada por la Unidad de Estudios del Parque Cultural de Valpara\u00edso el a\u00f1o 2022 y financiada por el Fondo Nacional de Desarrollo Cultural y las Artes, \u00e1mbito regional de financiamiento, [&hellip;]<\/p>\n","protected":false},"author":1,"featured_media":12826,"comment_status":"open","ping_status":"closed","sticky":false,"template":"","format":"standard","meta":{"_acf_changed":false,"footnotes":""},"categories":[1],"tags":[10],"class_list":["post-12825","post","type-post","status-publish","format-standard","has-post-thumbnail","hentry","category-uncategorized","tag-valparaiso"],"acf":[],"yoast_head":"<!-- This site is optimized with the Yoast SEO plugin v27.1.1 - https:\/\/yoast.com\/product\/yoast-seo-wordpress\/ -->\n<title>Unidad de Estudios PCdV: Las barreras culturales que vive la poblaci\u00f3n migrante en la regi\u00f3n de Valpara\u00edso - Valpara\u00ed\u00adso Creativo<\/title>\n<meta name=\"robots\" content=\"index, follow, max-snippet:-1, max-image-preview:large, max-video-preview:-1\" \/>\n<link rel=\"canonical\" href=\"https:\/\/dev.antudigital.cl\/sites\/vc\/unidad-de-estudios-pcdv-las-barreras-culturales-que-vive-la-poblacion-migrante-en-la-region-de-valparaiso\/\" \/>\n<meta property=\"og:locale\" content=\"es_ES\" \/>\n<meta property=\"og:type\" content=\"article\" \/>\n<meta property=\"og:title\" content=\"Unidad de Estudios PCdV: Las barreras culturales que vive la poblaci\u00f3n migrante en la regi\u00f3n de Valpara\u00edso - Valpara\u00ed\u00adso Creativo\" \/>\n<meta property=\"og:description\" content=\"En el marco de la investigaci\u00f3n \u201cLa (re) construcci\u00f3n cultural de los migrantes. Un an\u00e1lisis a sus pr\u00e1cticas culturales en Valpara\u00edso y Vi\u00f1a del Mar\u201d, desarrollada por la Unidad de Estudios del Parque Cultural de Valpara\u00edso el a\u00f1o 2022 y financiada por el Fondo Nacional de Desarrollo Cultural y las Artes, \u00e1mbito regional de financiamiento, [&hellip;]\" \/>\n<meta property=\"og:url\" content=\"https:\/\/dev.antudigital.cl\/sites\/vc\/unidad-de-estudios-pcdv-las-barreras-culturales-que-vive-la-poblacion-migrante-en-la-region-de-valparaiso\/\" \/>\n<meta property=\"og:site_name\" content=\"Valpara\u00ed\u00adso Creativo\" \/>\n<meta property=\"article:published_time\" content=\"2023-03-14T19:15:15+00:00\" \/>\n<meta property=\"article:modified_time\" content=\"2023-03-14T19:15:19+00:00\" \/>\n<meta property=\"og:image\" content=\"https:\/\/dev.antudigital.cl\/sites\/vc\/wp-content\/uploads\/2023\/03\/Imagen-1.png\" \/>\n\t<meta property=\"og:image:width\" content=\"764\" \/>\n\t<meta property=\"og:image:height\" content=\"566\" \/>\n\t<meta property=\"og:image:type\" content=\"image\/png\" \/>\n<meta name=\"author\" content=\"Valpara\u00edso Creativo\" \/>\n<meta name=\"twitter:card\" content=\"summary_large_image\" \/>\n<meta name=\"twitter:label1\" content=\"Escrito por\" \/>\n\t<meta name=\"twitter:data1\" content=\"Valpara\u00edso Creativo\" \/>\n\t<meta name=\"twitter:label2\" content=\"Tiempo de lectura\" \/>\n\t<meta name=\"twitter:data2\" content=\"4 minutos\" \/>\n<script type=\"application\/ld+json\" class=\"yoast-schema-graph\">{\"@context\":\"https:\/\/schema.org\",\"@graph\":[{\"@type\":\"Article\",\"@id\":\"https:\/\/dev.antudigital.cl\/sites\/vc\/unidad-de-estudios-pcdv-las-barreras-culturales-que-vive-la-poblacion-migrante-en-la-region-de-valparaiso\/#article\",\"isPartOf\":{\"@id\":\"https:\/\/dev.antudigital.cl\/sites\/vc\/unidad-de-estudios-pcdv-las-barreras-culturales-que-vive-la-poblacion-migrante-en-la-region-de-valparaiso\/\"},\"author\":{\"name\":\"Valpara\u00edso Creativo\",\"@id\":\"https:\/\/dev.antudigital.cl\/sites\/vc\/#\/schema\/person\/c2b9da8dd545e27166fc5ab232837318\"},\"headline\":\"Unidad de Estudios PCdV: Las barreras culturales que vive la poblaci\u00f3n migrante en la regi\u00f3n de Valpara\u00edso\",\"datePublished\":\"2023-03-14T19:15:15+00:00\",\"dateModified\":\"2023-03-14T19:15:19+00:00\",\"mainEntityOfPage\":{\"@id\":\"https:\/\/dev.antudigital.cl\/sites\/vc\/unidad-de-estudios-pcdv-las-barreras-culturales-que-vive-la-poblacion-migrante-en-la-region-de-valparaiso\/\"},\"wordCount\":790,\"commentCount\":0,\"image\":{\"@id\":\"https:\/\/dev.antudigital.cl\/sites\/vc\/unidad-de-estudios-pcdv-las-barreras-culturales-que-vive-la-poblacion-migrante-en-la-region-de-valparaiso\/#primaryimage\"},\"thumbnailUrl\":\"https:\/\/dev.antudigital.cl\/sites\/vc\/wp-content\/uploads\/2023\/03\/Imagen-1.png\",\"keywords\":[\"valpara\u00edso\"],\"articleSection\":[\"Uncategorized\"],\"inLanguage\":\"es\",\"potentialAction\":[{\"@type\":\"CommentAction\",\"name\":\"Comment\",\"target\":[\"https:\/\/dev.antudigital.cl\/sites\/vc\/unidad-de-estudios-pcdv-las-barreras-culturales-que-vive-la-poblacion-migrante-en-la-region-de-valparaiso\/#respond\"]}]},{\"@type\":\"WebPage\",\"@id\":\"https:\/\/dev.antudigital.cl\/sites\/vc\/unidad-de-estudios-pcdv-las-barreras-culturales-que-vive-la-poblacion-migrante-en-la-region-de-valparaiso\/\",\"url\":\"https:\/\/dev.antudigital.cl\/sites\/vc\/unidad-de-estudios-pcdv-las-barreras-culturales-que-vive-la-poblacion-migrante-en-la-region-de-valparaiso\/\",\"name\":\"Unidad de Estudios PCdV: Las barreras culturales que vive la poblaci\u00f3n migrante en la regi\u00f3n de Valpara\u00edso - Valpara\u00ed\u00adso Creativo\",\"isPartOf\":{\"@id\":\"https:\/\/dev.antudigital.cl\/sites\/vc\/#website\"},\"primaryImageOfPage\":{\"@id\":\"https:\/\/dev.antudigital.cl\/sites\/vc\/unidad-de-estudios-pcdv-las-barreras-culturales-que-vive-la-poblacion-migrante-en-la-region-de-valparaiso\/#primaryimage\"},\"image\":{\"@id\":\"https:\/\/dev.antudigital.cl\/sites\/vc\/unidad-de-estudios-pcdv-las-barreras-culturales-que-vive-la-poblacion-migrante-en-la-region-de-valparaiso\/#primaryimage\"},\"thumbnailUrl\":\"https:\/\/dev.antudigital.cl\/sites\/vc\/wp-content\/uploads\/2023\/03\/Imagen-1.png\",\"datePublished\":\"2023-03-14T19:15:15+00:00\",\"dateModified\":\"2023-03-14T19:15:19+00:00\",\"author\":{\"@id\":\"https:\/\/dev.antudigital.cl\/sites\/vc\/#\/schema\/person\/c2b9da8dd545e27166fc5ab232837318\"},\"breadcrumb\":{\"@id\":\"https:\/\/dev.antudigital.cl\/sites\/vc\/unidad-de-estudios-pcdv-las-barreras-culturales-que-vive-la-poblacion-migrante-en-la-region-de-valparaiso\/#breadcrumb\"},\"inLanguage\":\"es\",\"potentialAction\":[{\"@type\":\"ReadAction\",\"target\":[\"https:\/\/dev.antudigital.cl\/sites\/vc\/unidad-de-estudios-pcdv-las-barreras-culturales-que-vive-la-poblacion-migrante-en-la-region-de-valparaiso\/\"]}]},{\"@type\":\"ImageObject\",\"inLanguage\":\"es\",\"@id\":\"https:\/\/dev.antudigital.cl\/sites\/vc\/unidad-de-estudios-pcdv-las-barreras-culturales-que-vive-la-poblacion-migrante-en-la-region-de-valparaiso\/#primaryimage\",\"url\":\"https:\/\/dev.antudigital.cl\/sites\/vc\/wp-content\/uploads\/2023\/03\/Imagen-1.png\",\"contentUrl\":\"https:\/\/dev.antudigital.cl\/sites\/vc\/wp-content\/uploads\/2023\/03\/Imagen-1.png\",\"width\":764,\"height\":566},{\"@type\":\"BreadcrumbList\",\"@id\":\"https:\/\/dev.antudigital.cl\/sites\/vc\/unidad-de-estudios-pcdv-las-barreras-culturales-que-vive-la-poblacion-migrante-en-la-region-de-valparaiso\/#breadcrumb\",\"itemListElement\":[{\"@type\":\"ListItem\",\"position\":1,\"name\":\"Home\",\"item\":\"https:\/\/dev.antudigital.cl\/sites\/vc\/\"},{\"@type\":\"ListItem\",\"position\":2,\"name\":\"Unidad de Estudios PCdV: Las barreras culturales que vive la poblaci\u00f3n migrante en la regi\u00f3n de Valpara\u00edso\"}]},{\"@type\":\"WebSite\",\"@id\":\"https:\/\/dev.antudigital.cl\/sites\/vc\/#website\",\"url\":\"https:\/\/dev.antudigital.cl\/sites\/vc\/\",\"name\":\"Valpara\u00ed\u00adso Creativo\",\"description\":\"\",\"potentialAction\":[{\"@type\":\"SearchAction\",\"target\":{\"@type\":\"EntryPoint\",\"urlTemplate\":\"https:\/\/dev.antudigital.cl\/sites\/vc\/?s={search_term_string}\"},\"query-input\":{\"@type\":\"PropertyValueSpecification\",\"valueRequired\":true,\"valueName\":\"search_term_string\"}}],\"inLanguage\":\"es\"},{\"@type\":\"Person\",\"@id\":\"https:\/\/dev.antudigital.cl\/sites\/vc\/#\/schema\/person\/c2b9da8dd545e27166fc5ab232837318\",\"name\":\"Valpara\u00edso Creativo\",\"description\":\"Periodista de cultura en la Regi\u00f3n de Valpara\u00edso.\",\"url\":\"https:\/\/dev.antudigital.cl\/sites\/vc\/author\/valpoadmin\/\"}]}<\/script>\n<!-- \/ Yoast SEO plugin. -->","yoast_head_json":{"title":"Unidad de Estudios PCdV: Las barreras culturales que vive la poblaci\u00f3n migrante en la regi\u00f3n de Valpara\u00edso - Valpara\u00ed\u00adso Creativo","robots":{"index":"index","follow":"follow","max-snippet":"max-snippet:-1","max-image-preview":"max-image-preview:large","max-video-preview":"max-video-preview:-1"},"canonical":"https:\/\/dev.antudigital.cl\/sites\/vc\/unidad-de-estudios-pcdv-las-barreras-culturales-que-vive-la-poblacion-migrante-en-la-region-de-valparaiso\/","og_locale":"es_ES","og_type":"article","og_title":"Unidad de Estudios PCdV: Las barreras culturales que vive la poblaci\u00f3n migrante en la regi\u00f3n de Valpara\u00edso - Valpara\u00ed\u00adso Creativo","og_description":"En el marco de la investigaci\u00f3n \u201cLa (re) construcci\u00f3n cultural de los migrantes. Un an\u00e1lisis a sus pr\u00e1cticas culturales en Valpara\u00edso y Vi\u00f1a del Mar\u201d, desarrollada por la Unidad de Estudios del Parque Cultural de Valpara\u00edso el a\u00f1o 2022 y financiada por el Fondo Nacional de Desarrollo Cultural y las Artes, \u00e1mbito regional de financiamiento, [&hellip;]","og_url":"https:\/\/dev.antudigital.cl\/sites\/vc\/unidad-de-estudios-pcdv-las-barreras-culturales-que-vive-la-poblacion-migrante-en-la-region-de-valparaiso\/","og_site_name":"Valpara\u00ed\u00adso Creativo","article_published_time":"2023-03-14T19:15:15+00:00","article_modified_time":"2023-03-14T19:15:19+00:00","og_image":[{"width":764,"height":566,"url":"https:\/\/dev.antudigital.cl\/sites\/vc\/wp-content\/uploads\/2023\/03\/Imagen-1.png","type":"image\/png"}],"author":"Valpara\u00edso Creativo","twitter_card":"summary_large_image","twitter_misc":{"Escrito por":"Valpara\u00edso Creativo","Tiempo de lectura":"4 minutos"},"schema":{"@context":"https:\/\/schema.org","@graph":[{"@type":"Article","@id":"https:\/\/dev.antudigital.cl\/sites\/vc\/unidad-de-estudios-pcdv-las-barreras-culturales-que-vive-la-poblacion-migrante-en-la-region-de-valparaiso\/#article","isPartOf":{"@id":"https:\/\/dev.antudigital.cl\/sites\/vc\/unidad-de-estudios-pcdv-las-barreras-culturales-que-vive-la-poblacion-migrante-en-la-region-de-valparaiso\/"},"author":{"name":"Valpara\u00edso Creativo","@id":"https:\/\/dev.antudigital.cl\/sites\/vc\/#\/schema\/person\/c2b9da8dd545e27166fc5ab232837318"},"headline":"Unidad de Estudios PCdV: Las barreras culturales que vive la poblaci\u00f3n migrante en la regi\u00f3n de Valpara\u00edso","datePublished":"2023-03-14T19:15:15+00:00","dateModified":"2023-03-14T19:15:19+00:00","mainEntityOfPage":{"@id":"https:\/\/dev.antudigital.cl\/sites\/vc\/unidad-de-estudios-pcdv-las-barreras-culturales-que-vive-la-poblacion-migrante-en-la-region-de-valparaiso\/"},"wordCount":790,"commentCount":0,"image":{"@id":"https:\/\/dev.antudigital.cl\/sites\/vc\/unidad-de-estudios-pcdv-las-barreras-culturales-que-vive-la-poblacion-migrante-en-la-region-de-valparaiso\/#primaryimage"},"thumbnailUrl":"https:\/\/dev.antudigital.cl\/sites\/vc\/wp-content\/uploads\/2023\/03\/Imagen-1.png","keywords":["valpara\u00edso"],"articleSection":["Uncategorized"],"inLanguage":"es","potentialAction":[{"@type":"CommentAction","name":"Comment","target":["https:\/\/dev.antudigital.cl\/sites\/vc\/unidad-de-estudios-pcdv-las-barreras-culturales-que-vive-la-poblacion-migrante-en-la-region-de-valparaiso\/#respond"]}]},{"@type":"WebPage","@id":"https:\/\/dev.antudigital.cl\/sites\/vc\/unidad-de-estudios-pcdv-las-barreras-culturales-que-vive-la-poblacion-migrante-en-la-region-de-valparaiso\/","url":"https:\/\/dev.antudigital.cl\/sites\/vc\/unidad-de-estudios-pcdv-las-barreras-culturales-que-vive-la-poblacion-migrante-en-la-region-de-valparaiso\/","name":"Unidad de Estudios PCdV: Las barreras culturales que vive la poblaci\u00f3n migrante en la regi\u00f3n de Valpara\u00edso - Valpara\u00ed\u00adso Creativo","isPartOf":{"@id":"https:\/\/dev.antudigital.cl\/sites\/vc\/#website"},"primaryImageOfPage":{"@id":"https:\/\/dev.antudigital.cl\/sites\/vc\/unidad-de-estudios-pcdv-las-barreras-culturales-que-vive-la-poblacion-migrante-en-la-region-de-valparaiso\/#primaryimage"},"image":{"@id":"https:\/\/dev.antudigital.cl\/sites\/vc\/unidad-de-estudios-pcdv-las-barreras-culturales-que-vive-la-poblacion-migrante-en-la-region-de-valparaiso\/#primaryimage"},"thumbnailUrl":"https:\/\/dev.antudigital.cl\/sites\/vc\/wp-content\/uploads\/2023\/03\/Imagen-1.png","datePublished":"2023-03-14T19:15:15+00:00","dateModified":"2023-03-14T19:15:19+00:00","author":{"@id":"https:\/\/dev.antudigital.cl\/sites\/vc\/#\/schema\/person\/c2b9da8dd545e27166fc5ab232837318"},"breadcrumb":{"@id":"https:\/\/dev.antudigital.cl\/sites\/vc\/unidad-de-estudios-pcdv-las-barreras-culturales-que-vive-la-poblacion-migrante-en-la-region-de-valparaiso\/#breadcrumb"},"inLanguage":"es","potentialAction":[{"@type":"ReadAction","target":["https:\/\/dev.antudigital.cl\/sites\/vc\/unidad-de-estudios-pcdv-las-barreras-culturales-que-vive-la-poblacion-migrante-en-la-region-de-valparaiso\/"]}]},{"@type":"ImageObject","inLanguage":"es","@id":"https:\/\/dev.antudigital.cl\/sites\/vc\/unidad-de-estudios-pcdv-las-barreras-culturales-que-vive-la-poblacion-migrante-en-la-region-de-valparaiso\/#primaryimage","url":"https:\/\/dev.antudigital.cl\/sites\/vc\/wp-content\/uploads\/2023\/03\/Imagen-1.png","contentUrl":"https:\/\/dev.antudigital.cl\/sites\/vc\/wp-content\/uploads\/2023\/03\/Imagen-1.png","width":764,"height":566},{"@type":"BreadcrumbList","@id":"https:\/\/dev.antudigital.cl\/sites\/vc\/unidad-de-estudios-pcdv-las-barreras-culturales-que-vive-la-poblacion-migrante-en-la-region-de-valparaiso\/#breadcrumb","itemListElement":[{"@type":"ListItem","position":1,"name":"Home","item":"https:\/\/dev.antudigital.cl\/sites\/vc\/"},{"@type":"ListItem","position":2,"name":"Unidad de Estudios PCdV: Las barreras culturales que vive la poblaci\u00f3n migrante en la regi\u00f3n de Valpara\u00edso"}]},{"@type":"WebSite","@id":"https:\/\/dev.antudigital.cl\/sites\/vc\/#website","url":"https:\/\/dev.antudigital.cl\/sites\/vc\/","name":"Valpara\u00ed\u00adso Creativo","description":"","potentialAction":[{"@type":"SearchAction","target":{"@type":"EntryPoint","urlTemplate":"https:\/\/dev.antudigital.cl\/sites\/vc\/?s={search_term_string}"},"query-input":{"@type":"PropertyValueSpecification","valueRequired":true,"valueName":"search_term_string"}}],"inLanguage":"es"},{"@type":"Person","@id":"https:\/\/dev.antudigital.cl\/sites\/vc\/#\/schema\/person\/c2b9da8dd545e27166fc5ab232837318","name":"Valpara\u00edso Creativo","description":"Periodista de cultura en la Regi\u00f3n de Valpara\u00edso.","url":"https:\/\/dev.antudigital.cl\/sites\/vc\/author\/valpoadmin\/"}]}},"_links":{"self":[{"href":"https:\/\/dev.antudigital.cl\/sites\/vc\/wp-json\/wp\/v2\/posts\/12825","targetHints":{"allow":["GET"]}}],"collection":[{"href":"https:\/\/dev.antudigital.cl\/sites\/vc\/wp-json\/wp\/v2\/posts"}],"about":[{"href":"https:\/\/dev.antudigital.cl\/sites\/vc\/wp-json\/wp\/v2\/types\/post"}],"author":[{"embeddable":true,"href":"https:\/\/dev.antudigital.cl\/sites\/vc\/wp-json\/wp\/v2\/users\/1"}],"replies":[{"embeddable":true,"href":"https:\/\/dev.antudigital.cl\/sites\/vc\/wp-json\/wp\/v2\/comments?post=12825"}],"version-history":[{"count":1,"href":"https:\/\/dev.antudigital.cl\/sites\/vc\/wp-json\/wp\/v2\/posts\/12825\/revisions"}],"predecessor-version":[{"id":12829,"href":"https:\/\/dev.antudigital.cl\/sites\/vc\/wp-json\/wp\/v2\/posts\/12825\/revisions\/12829"}],"wp:featuredmedia":[{"embeddable":true,"href":"https:\/\/dev.antudigital.cl\/sites\/vc\/wp-json\/wp\/v2\/media\/12826"}],"wp:attachment":[{"href":"https:\/\/dev.antudigital.cl\/sites\/vc\/wp-json\/wp\/v2\/media?parent=12825"}],"wp:term":[{"taxonomy":"category","embeddable":true,"href":"https:\/\/dev.antudigital.cl\/sites\/vc\/wp-json\/wp\/v2\/categories?post=12825"},{"taxonomy":"post_tag","embeddable":true,"href":"https:\/\/dev.antudigital.cl\/sites\/vc\/wp-json\/wp\/v2\/tags?post=12825"}],"curies":[{"name":"wp","href":"https:\/\/api.w.org\/{rel}","templated":true}]}}