{"id":12855,"date":"2023-03-20T23:34:54","date_gmt":"2023-03-20T23:34:54","guid":{"rendered":"https:\/\/www.valparaisocreativo.cl\/?p=12855"},"modified":"2023-03-20T23:34:58","modified_gmt":"2023-03-20T23:34:58","slug":"aquelarre-poetico-en-valparaiso","status":"publish","type":"post","link":"https:\/\/dev.antudigital.cl\/sites\/vc\/aquelarre-poetico-en-valparaiso\/","title":{"rendered":"Aquelarre po\u00e9tico en Valpara\u00edso"},"content":{"rendered":"\n<p>El d\u00eda de la poes\u00eda, en el mes de la mujer, lo celebramos las trabajadoras de la palabra. &#x1f4aa;&#x1f3fd;&#x1f49c;<\/p>\n\n\n\n<p>Este martes 21 de abril a las 19hrs. Nos reunimos en<br>&#x2728;AQUELARRE PO\u00c9TICO&#x2728;<br><a href=\"https:\/\/www.instagram.com\/inglamorosacafe\/\">@inglamorosacafe<\/a><br>Abre sus puertas para acoger nuestro rito de letras y melod\u00edas.<\/p>\n\n\n\n<p>Participan un grupo de brujas creadoras muy especiales, cada una con diversas habilidades m\u00e1gicas, y todas con la capacidad de hacer metamorfosis seg\u00fan el ciclo de la luna:<\/p>\n\n\n\n<p>&#x1f4cd;Fanny Campos<br><a href=\"https:\/\/www.instagram.com\/poetafannycampos\/\">@poetafannycampos<\/a><br>&#x1f4cd;Taira Pizarro<br><a href=\"https:\/\/www.instagram.com\/taira.musica\/\">@taira.musica<\/a><br>&#x1f4cd;Rosa Alcayaga<br><a href=\"https:\/\/www.instagram.com\/rosa_alcayaga_t\/\">@rosa_alcayaga_t<\/a><br>&#x1f4cd; Lourdes Montenegro<br><a href=\"https:\/\/www.instagram.com\/la.lumontenegro\/\">@la.lumontenegro<\/a><\/p>\n\n\n\n<p>Pronto compartiremos m\u00e1s detalles sobre la trayectoria brujeril de cada invitada.<\/p>\n\n\n\n<p>\u00bfCu\u00e1l es tu animal m\u00e1gico oculto?<br>\u00bfTe gustar\u00eda compartir conjuros con nosotras?<\/p>\n\n\n\n<p>Pues haremos MICR\u00d3FONO ABIERTO &#x1f3a4;&#x2764;&#xfe0f; para todxs qui\u00e9nes quieran sumarse a este bello rito.<\/p>\n\n\n\n<p>La entrada es LIBERADA<br>y sugerimos una colaboraci\u00f3n consciente desde $3000<br>(no excluyente) &#x1f618;<\/p>\n\n\n\n<p>DIRECCI\u00d3N: Fischer\u00a0<a href=\"https:\/\/www.instagram.com\/explore\/tags\/37\/\">#37<\/a>\u00a0Cerro Concepci\u00f3n<\/p>\n\n\n\n<figure class=\"wp-block-image size-full\"><img fetchpriority=\"high\" decoding=\"async\" width=\"607\" height=\"611\" src=\"https:\/\/www.valparaisocreativo.cl\/wp-content\/uploads\/2023\/03\/Captura-de-Pantalla-2023-03-20-a-las-20.33.19.png\" alt=\"\" class=\"wp-image-12856\" srcset=\"https:\/\/dev.antudigital.cl\/sites\/vc\/wp-content\/uploads\/2023\/03\/Captura-de-Pantalla-2023-03-20-a-las-20.33.19.png 607w, https:\/\/dev.antudigital.cl\/sites\/vc\/wp-content\/uploads\/2023\/03\/Captura-de-Pantalla-2023-03-20-a-las-20.33.19-298x300.png 298w, https:\/\/dev.antudigital.cl\/sites\/vc\/wp-content\/uploads\/2023\/03\/Captura-de-Pantalla-2023-03-20-a-las-20.33.19-150x150.png 150w, https:\/\/dev.antudigital.cl\/sites\/vc\/wp-content\/uploads\/2023\/03\/Captura-de-Pantalla-2023-03-20-a-las-20.33.19-480x483.png 480w\" sizes=\"(max-width: 607px) 100vw, 607px\" \/><\/figure>\n","protected":false},"excerpt":{"rendered":"<p>El d\u00eda de la poes\u00eda, en el mes de la mujer, lo celebramos las trabajadoras de la palabra. &#x1f4aa;&#x1f3fd;&#x1f49c; Este martes 21 de abril a las 19hrs. Nos reunimos en&#x2728;AQUELARRE PO\u00c9TICO&#x2728;@inglamorosacafeAbre sus puertas para acoger nuestro rito de letras y melod\u00edas. Participan un grupo de brujas creadoras muy especiales, cada una con diversas habilidades m\u00e1gicas, [&hellip;]<\/p>\n","protected":false},"author":1,"featured_media":12857,"comment_status":"open","ping_status":"closed","sticky":false,"template":"","format":"standard","meta":{"_acf_changed":false,"footnotes":""},"categories":[1],"tags":[10],"class_list":["post-12855","post","type-post","status-publish","format-standard","has-post-thumbnail","hentry","category-uncategorized","tag-valparaiso"],"acf":[],"yoast_head":"<!-- This site is optimized with the Yoast SEO plugin v27.1.1 - https:\/\/yoast.com\/product\/yoast-seo-wordpress\/ -->\n<title>Aquelarre po\u00e9tico en Valpara\u00edso - Valpara\u00ed\u00adso Creativo<\/title>\n<meta name=\"robots\" content=\"index, follow, max-snippet:-1, max-image-preview:large, max-video-preview:-1\" \/>\n<link rel=\"canonical\" href=\"https:\/\/dev.antudigital.cl\/sites\/vc\/aquelarre-poetico-en-valparaiso\/\" \/>\n<meta property=\"og:locale\" content=\"es_ES\" \/>\n<meta property=\"og:type\" content=\"article\" \/>\n<meta property=\"og:title\" content=\"Aquelarre po\u00e9tico en Valpara\u00edso - Valpara\u00ed\u00adso Creativo\" \/>\n<meta property=\"og:description\" content=\"El d\u00eda de la poes\u00eda, en el mes de la mujer, lo celebramos las trabajadoras de la palabra. &#x1f4aa;&#x1f3fd;&#x1f49c; Este martes 21 de abril a las 19hrs. Nos reunimos en&#x2728;AQUELARRE PO\u00c9TICO&#x2728;@inglamorosacafeAbre sus puertas para acoger nuestro rito de letras y melod\u00edas. Participan un grupo de brujas creadoras muy especiales, cada una con diversas habilidades m\u00e1gicas, [&hellip;]\" \/>\n<meta property=\"og:url\" content=\"https:\/\/dev.antudigital.cl\/sites\/vc\/aquelarre-poetico-en-valparaiso\/\" \/>\n<meta property=\"og:site_name\" content=\"Valpara\u00ed\u00adso Creativo\" \/>\n<meta property=\"article:published_time\" content=\"2023-03-20T23:34:54+00:00\" \/>\n<meta property=\"article:modified_time\" content=\"2023-03-20T23:34:58+00:00\" \/>\n<meta property=\"og:image\" content=\"https:\/\/dev.antudigital.cl\/sites\/vc\/wp-content\/uploads\/2023\/03\/Captura-de-Pantalla-2023-03-20-a-las-20.34.01.png\" \/>\n\t<meta property=\"og:image:width\" content=\"600\" \/>\n\t<meta property=\"og:image:height\" content=\"285\" \/>\n\t<meta property=\"og:image:type\" content=\"image\/png\" \/>\n<meta name=\"author\" content=\"Valpara\u00edso Creativo\" \/>\n<meta name=\"twitter:card\" content=\"summary_large_image\" \/>\n<meta name=\"twitter:label1\" content=\"Escrito por\" \/>\n\t<meta name=\"twitter:data1\" content=\"Valpara\u00edso Creativo\" \/>\n\t<meta name=\"twitter:label2\" content=\"Tiempo de lectura\" \/>\n\t<meta name=\"twitter:data2\" content=\"1 minuto\" \/>\n<script type=\"application\/ld+json\" class=\"yoast-schema-graph\">{\"@context\":\"https:\/\/schema.org\",\"@graph\":[{\"@type\":\"Article\",\"@id\":\"https:\/\/dev.antudigital.cl\/sites\/vc\/aquelarre-poetico-en-valparaiso\/#article\",\"isPartOf\":{\"@id\":\"https:\/\/dev.antudigital.cl\/sites\/vc\/aquelarre-poetico-en-valparaiso\/\"},\"author\":{\"name\":\"Valpara\u00edso Creativo\",\"@id\":\"https:\/\/dev.antudigital.cl\/sites\/vc\/#\/schema\/person\/c2b9da8dd545e27166fc5ab232837318\"},\"headline\":\"Aquelarre po\u00e9tico en Valpara\u00edso\",\"datePublished\":\"2023-03-20T23:34:54+00:00\",\"dateModified\":\"2023-03-20T23:34:58+00:00\",\"mainEntityOfPage\":{\"@id\":\"https:\/\/dev.antudigital.cl\/sites\/vc\/aquelarre-poetico-en-valparaiso\/\"},\"wordCount\":189,\"commentCount\":0,\"image\":{\"@id\":\"https:\/\/dev.antudigital.cl\/sites\/vc\/aquelarre-poetico-en-valparaiso\/#primaryimage\"},\"thumbnailUrl\":\"https:\/\/dev.antudigital.cl\/sites\/vc\/wp-content\/uploads\/2023\/03\/Captura-de-Pantalla-2023-03-20-a-las-20.34.01.png\",\"keywords\":[\"valpara\u00edso\"],\"articleSection\":[\"Uncategorized\"],\"inLanguage\":\"es\",\"potentialAction\":[{\"@type\":\"CommentAction\",\"name\":\"Comment\",\"target\":[\"https:\/\/dev.antudigital.cl\/sites\/vc\/aquelarre-poetico-en-valparaiso\/#respond\"]}]},{\"@type\":\"WebPage\",\"@id\":\"https:\/\/dev.antudigital.cl\/sites\/vc\/aquelarre-poetico-en-valparaiso\/\",\"url\":\"https:\/\/dev.antudigital.cl\/sites\/vc\/aquelarre-poetico-en-valparaiso\/\",\"name\":\"Aquelarre po\u00e9tico en Valpara\u00edso - Valpara\u00ed\u00adso Creativo\",\"isPartOf\":{\"@id\":\"https:\/\/dev.antudigital.cl\/sites\/vc\/#website\"},\"primaryImageOfPage\":{\"@id\":\"https:\/\/dev.antudigital.cl\/sites\/vc\/aquelarre-poetico-en-valparaiso\/#primaryimage\"},\"image\":{\"@id\":\"https:\/\/dev.antudigital.cl\/sites\/vc\/aquelarre-poetico-en-valparaiso\/#primaryimage\"},\"thumbnailUrl\":\"https:\/\/dev.antudigital.cl\/sites\/vc\/wp-content\/uploads\/2023\/03\/Captura-de-Pantalla-2023-03-20-a-las-20.34.01.png\",\"datePublished\":\"2023-03-20T23:34:54+00:00\",\"dateModified\":\"2023-03-20T23:34:58+00:00\",\"author\":{\"@id\":\"https:\/\/dev.antudigital.cl\/sites\/vc\/#\/schema\/person\/c2b9da8dd545e27166fc5ab232837318\"},\"breadcrumb\":{\"@id\":\"https:\/\/dev.antudigital.cl\/sites\/vc\/aquelarre-poetico-en-valparaiso\/#breadcrumb\"},\"inLanguage\":\"es\",\"potentialAction\":[{\"@type\":\"ReadAction\",\"target\":[\"https:\/\/dev.antudigital.cl\/sites\/vc\/aquelarre-poetico-en-valparaiso\/\"]}]},{\"@type\":\"ImageObject\",\"inLanguage\":\"es\",\"@id\":\"https:\/\/dev.antudigital.cl\/sites\/vc\/aquelarre-poetico-en-valparaiso\/#primaryimage\",\"url\":\"https:\/\/dev.antudigital.cl\/sites\/vc\/wp-content\/uploads\/2023\/03\/Captura-de-Pantalla-2023-03-20-a-las-20.34.01.png\",\"contentUrl\":\"https:\/\/dev.antudigital.cl\/sites\/vc\/wp-content\/uploads\/2023\/03\/Captura-de-Pantalla-2023-03-20-a-las-20.34.01.png\",\"width\":600,\"height\":285},{\"@type\":\"BreadcrumbList\",\"@id\":\"https:\/\/dev.antudigital.cl\/sites\/vc\/aquelarre-poetico-en-valparaiso\/#breadcrumb\",\"itemListElement\":[{\"@type\":\"ListItem\",\"position\":1,\"name\":\"Home\",\"item\":\"https:\/\/dev.antudigital.cl\/sites\/vc\/\"},{\"@type\":\"ListItem\",\"position\":2,\"name\":\"Aquelarre po\u00e9tico en Valpara\u00edso\"}]},{\"@type\":\"WebSite\",\"@id\":\"https:\/\/dev.antudigital.cl\/sites\/vc\/#website\",\"url\":\"https:\/\/dev.antudigital.cl\/sites\/vc\/\",\"name\":\"Valpara\u00ed\u00adso Creativo\",\"description\":\"\",\"potentialAction\":[{\"@type\":\"SearchAction\",\"target\":{\"@type\":\"EntryPoint\",\"urlTemplate\":\"https:\/\/dev.antudigital.cl\/sites\/vc\/?s={search_term_string}\"},\"query-input\":{\"@type\":\"PropertyValueSpecification\",\"valueRequired\":true,\"valueName\":\"search_term_string\"}}],\"inLanguage\":\"es\"},{\"@type\":\"Person\",\"@id\":\"https:\/\/dev.antudigital.cl\/sites\/vc\/#\/schema\/person\/c2b9da8dd545e27166fc5ab232837318\",\"name\":\"Valpara\u00edso Creativo\",\"description\":\"Periodista de cultura en la Regi\u00f3n de Valpara\u00edso.\",\"url\":\"https:\/\/dev.antudigital.cl\/sites\/vc\/author\/valpoadmin\/\"}]}<\/script>\n<!-- \/ Yoast SEO plugin. -->","yoast_head_json":{"title":"Aquelarre po\u00e9tico en Valpara\u00edso - Valpara\u00ed\u00adso Creativo","robots":{"index":"index","follow":"follow","max-snippet":"max-snippet:-1","max-image-preview":"max-image-preview:large","max-video-preview":"max-video-preview:-1"},"canonical":"https:\/\/dev.antudigital.cl\/sites\/vc\/aquelarre-poetico-en-valparaiso\/","og_locale":"es_ES","og_type":"article","og_title":"Aquelarre po\u00e9tico en Valpara\u00edso - Valpara\u00ed\u00adso Creativo","og_description":"El d\u00eda de la poes\u00eda, en el mes de la mujer, lo celebramos las trabajadoras de la palabra. &#x1f4aa;&#x1f3fd;&#x1f49c; Este martes 21 de abril a las 19hrs. Nos reunimos en&#x2728;AQUELARRE PO\u00c9TICO&#x2728;@inglamorosacafeAbre sus puertas para acoger nuestro rito de letras y melod\u00edas. Participan un grupo de brujas creadoras muy especiales, cada una con diversas habilidades m\u00e1gicas, [&hellip;]","og_url":"https:\/\/dev.antudigital.cl\/sites\/vc\/aquelarre-poetico-en-valparaiso\/","og_site_name":"Valpara\u00ed\u00adso Creativo","article_published_time":"2023-03-20T23:34:54+00:00","article_modified_time":"2023-03-20T23:34:58+00:00","og_image":[{"width":600,"height":285,"url":"https:\/\/dev.antudigital.cl\/sites\/vc\/wp-content\/uploads\/2023\/03\/Captura-de-Pantalla-2023-03-20-a-las-20.34.01.png","type":"image\/png"}],"author":"Valpara\u00edso Creativo","twitter_card":"summary_large_image","twitter_misc":{"Escrito por":"Valpara\u00edso Creativo","Tiempo de lectura":"1 minuto"},"schema":{"@context":"https:\/\/schema.org","@graph":[{"@type":"Article","@id":"https:\/\/dev.antudigital.cl\/sites\/vc\/aquelarre-poetico-en-valparaiso\/#article","isPartOf":{"@id":"https:\/\/dev.antudigital.cl\/sites\/vc\/aquelarre-poetico-en-valparaiso\/"},"author":{"name":"Valpara\u00edso Creativo","@id":"https:\/\/dev.antudigital.cl\/sites\/vc\/#\/schema\/person\/c2b9da8dd545e27166fc5ab232837318"},"headline":"Aquelarre po\u00e9tico en Valpara\u00edso","datePublished":"2023-03-20T23:34:54+00:00","dateModified":"2023-03-20T23:34:58+00:00","mainEntityOfPage":{"@id":"https:\/\/dev.antudigital.cl\/sites\/vc\/aquelarre-poetico-en-valparaiso\/"},"wordCount":189,"commentCount":0,"image":{"@id":"https:\/\/dev.antudigital.cl\/sites\/vc\/aquelarre-poetico-en-valparaiso\/#primaryimage"},"thumbnailUrl":"https:\/\/dev.antudigital.cl\/sites\/vc\/wp-content\/uploads\/2023\/03\/Captura-de-Pantalla-2023-03-20-a-las-20.34.01.png","keywords":["valpara\u00edso"],"articleSection":["Uncategorized"],"inLanguage":"es","potentialAction":[{"@type":"CommentAction","name":"Comment","target":["https:\/\/dev.antudigital.cl\/sites\/vc\/aquelarre-poetico-en-valparaiso\/#respond"]}]},{"@type":"WebPage","@id":"https:\/\/dev.antudigital.cl\/sites\/vc\/aquelarre-poetico-en-valparaiso\/","url":"https:\/\/dev.antudigital.cl\/sites\/vc\/aquelarre-poetico-en-valparaiso\/","name":"Aquelarre po\u00e9tico en Valpara\u00edso - Valpara\u00ed\u00adso Creativo","isPartOf":{"@id":"https:\/\/dev.antudigital.cl\/sites\/vc\/#website"},"primaryImageOfPage":{"@id":"https:\/\/dev.antudigital.cl\/sites\/vc\/aquelarre-poetico-en-valparaiso\/#primaryimage"},"image":{"@id":"https:\/\/dev.antudigital.cl\/sites\/vc\/aquelarre-poetico-en-valparaiso\/#primaryimage"},"thumbnailUrl":"https:\/\/dev.antudigital.cl\/sites\/vc\/wp-content\/uploads\/2023\/03\/Captura-de-Pantalla-2023-03-20-a-las-20.34.01.png","datePublished":"2023-03-20T23:34:54+00:00","dateModified":"2023-03-20T23:34:58+00:00","author":{"@id":"https:\/\/dev.antudigital.cl\/sites\/vc\/#\/schema\/person\/c2b9da8dd545e27166fc5ab232837318"},"breadcrumb":{"@id":"https:\/\/dev.antudigital.cl\/sites\/vc\/aquelarre-poetico-en-valparaiso\/#breadcrumb"},"inLanguage":"es","potentialAction":[{"@type":"ReadAction","target":["https:\/\/dev.antudigital.cl\/sites\/vc\/aquelarre-poetico-en-valparaiso\/"]}]},{"@type":"ImageObject","inLanguage":"es","@id":"https:\/\/dev.antudigital.cl\/sites\/vc\/aquelarre-poetico-en-valparaiso\/#primaryimage","url":"https:\/\/dev.antudigital.cl\/sites\/vc\/wp-content\/uploads\/2023\/03\/Captura-de-Pantalla-2023-03-20-a-las-20.34.01.png","contentUrl":"https:\/\/dev.antudigital.cl\/sites\/vc\/wp-content\/uploads\/2023\/03\/Captura-de-Pantalla-2023-03-20-a-las-20.34.01.png","width":600,"height":285},{"@type":"BreadcrumbList","@id":"https:\/\/dev.antudigital.cl\/sites\/vc\/aquelarre-poetico-en-valparaiso\/#breadcrumb","itemListElement":[{"@type":"ListItem","position":1,"name":"Home","item":"https:\/\/dev.antudigital.cl\/sites\/vc\/"},{"@type":"ListItem","position":2,"name":"Aquelarre po\u00e9tico en Valpara\u00edso"}]},{"@type":"WebSite","@id":"https:\/\/dev.antudigital.cl\/sites\/vc\/#website","url":"https:\/\/dev.antudigital.cl\/sites\/vc\/","name":"Valpara\u00ed\u00adso Creativo","description":"","potentialAction":[{"@type":"SearchAction","target":{"@type":"EntryPoint","urlTemplate":"https:\/\/dev.antudigital.cl\/sites\/vc\/?s={search_term_string}"},"query-input":{"@type":"PropertyValueSpecification","valueRequired":true,"valueName":"search_term_string"}}],"inLanguage":"es"},{"@type":"Person","@id":"https:\/\/dev.antudigital.cl\/sites\/vc\/#\/schema\/person\/c2b9da8dd545e27166fc5ab232837318","name":"Valpara\u00edso Creativo","description":"Periodista de cultura en la Regi\u00f3n de Valpara\u00edso.","url":"https:\/\/dev.antudigital.cl\/sites\/vc\/author\/valpoadmin\/"}]}},"_links":{"self":[{"href":"https:\/\/dev.antudigital.cl\/sites\/vc\/wp-json\/wp\/v2\/posts\/12855","targetHints":{"allow":["GET"]}}],"collection":[{"href":"https:\/\/dev.antudigital.cl\/sites\/vc\/wp-json\/wp\/v2\/posts"}],"about":[{"href":"https:\/\/dev.antudigital.cl\/sites\/vc\/wp-json\/wp\/v2\/types\/post"}],"author":[{"embeddable":true,"href":"https:\/\/dev.antudigital.cl\/sites\/vc\/wp-json\/wp\/v2\/users\/1"}],"replies":[{"embeddable":true,"href":"https:\/\/dev.antudigital.cl\/sites\/vc\/wp-json\/wp\/v2\/comments?post=12855"}],"version-history":[{"count":1,"href":"https:\/\/dev.antudigital.cl\/sites\/vc\/wp-json\/wp\/v2\/posts\/12855\/revisions"}],"predecessor-version":[{"id":12858,"href":"https:\/\/dev.antudigital.cl\/sites\/vc\/wp-json\/wp\/v2\/posts\/12855\/revisions\/12858"}],"wp:featuredmedia":[{"embeddable":true,"href":"https:\/\/dev.antudigital.cl\/sites\/vc\/wp-json\/wp\/v2\/media\/12857"}],"wp:attachment":[{"href":"https:\/\/dev.antudigital.cl\/sites\/vc\/wp-json\/wp\/v2\/media?parent=12855"}],"wp:term":[{"taxonomy":"category","embeddable":true,"href":"https:\/\/dev.antudigital.cl\/sites\/vc\/wp-json\/wp\/v2\/categories?post=12855"},{"taxonomy":"post_tag","embeddable":true,"href":"https:\/\/dev.antudigital.cl\/sites\/vc\/wp-json\/wp\/v2\/tags?post=12855"}],"curies":[{"name":"wp","href":"https:\/\/api.w.org\/{rel}","templated":true}]}}