{"id":12859,"date":"2023-03-20T23:39:57","date_gmt":"2023-03-20T23:39:57","guid":{"rendered":"https:\/\/www.valparaisocreativo.cl\/?p=12859"},"modified":"2023-03-20T23:40:04","modified_gmt":"2023-03-20T23:40:04","slug":"latinale-sur-23-festival-internacional-de-poesia-en-judas-galeria","status":"publish","type":"post","link":"https:\/\/dev.antudigital.cl\/sites\/vc\/latinale-sur-23-festival-internacional-de-poesia-en-judas-galeria\/","title":{"rendered":"Latinale Sur 23: Festival Internacional de Poes\u00eda en Judas Galer\u00eda"},"content":{"rendered":"\n<p>Este viernes 24 de marzo a las 19 horas les esperamos en JUDAS a la lectura del Festival Internacional de poes\u00eda Latinalesur 23<br>AMNESIA en la que participar\u00e1n Nancy Gew\u00f6lb, Eli Neira, Teodora Inostroza y Alejandra Gonz\u00e1lez.<\/p>\n\n\n\n<p>Latinale Sur nace en Concepci\u00f3n el a\u00f1o 2019, como laboratorio austral de Latinale, festival de poes\u00eda latinoamericana con sede en Berl\u00edn. Debido a la pandemia, se traslada primero a internet en 2020, y el 2021 a la radio. En 2022, Latinale Sur vuelve a la presencialidad, partiendo en Concepci\u00f3n para luego viajar a su nuevo domicilio Valpara\u00edso. Bajo el lema \u201cT\u00f3xica, Extractivista, Contaminante\u201d, esta edici\u00f3n propuso pensar una po\u00e9tica ecocr\u00edtica, reflexionando sobre espacios t\u00f3xicos y contaminados, la violencia de las zonas sacrificadas. Este 2023, LatinaleSur busca a trav\u00e9s del concepto \u201cAmnesia\u201d acercarse a los 50 a\u00f1os del golpe militar. No queremos hablar de memoria, sino de la falta de ella.<\/p>\n\n\n\n<figure class=\"wp-block-image size-full\"><img fetchpriority=\"high\" decoding=\"async\" width=\"506\" height=\"613\" src=\"https:\/\/www.valparaisocreativo.cl\/wp-content\/uploads\/2023\/03\/Captura-de-Pantalla-2023-03-20-a-las-20.35.20.png\" alt=\"\" class=\"wp-image-12860\" srcset=\"https:\/\/dev.antudigital.cl\/sites\/vc\/wp-content\/uploads\/2023\/03\/Captura-de-Pantalla-2023-03-20-a-las-20.35.20.png 506w, https:\/\/dev.antudigital.cl\/sites\/vc\/wp-content\/uploads\/2023\/03\/Captura-de-Pantalla-2023-03-20-a-las-20.35.20-248x300.png 248w, https:\/\/dev.antudigital.cl\/sites\/vc\/wp-content\/uploads\/2023\/03\/Captura-de-Pantalla-2023-03-20-a-las-20.35.20-480x582.png 480w\" sizes=\"(max-width: 506px) 100vw, 506px\" \/><\/figure>\n","protected":false},"excerpt":{"rendered":"<p>Este viernes 24 de marzo a las 19 horas les esperamos en JUDAS a la lectura del Festival Internacional de poes\u00eda Latinalesur 23AMNESIA en la que participar\u00e1n Nancy Gew\u00f6lb, Eli Neira, Teodora Inostroza y Alejandra Gonz\u00e1lez. Latinale Sur nace en Concepci\u00f3n el a\u00f1o 2019, como laboratorio austral de Latinale, festival de poes\u00eda latinoamericana con sede [&hellip;]<\/p>\n","protected":false},"author":1,"featured_media":12861,"comment_status":"open","ping_status":"closed","sticky":false,"template":"","format":"standard","meta":{"_acf_changed":false,"footnotes":""},"categories":[1],"tags":[10],"class_list":["post-12859","post","type-post","status-publish","format-standard","has-post-thumbnail","hentry","category-uncategorized","tag-valparaiso"],"acf":[],"yoast_head":"<!-- This site is optimized with the Yoast SEO plugin v27.1.1 - https:\/\/yoast.com\/product\/yoast-seo-wordpress\/ -->\n<title>Latinale Sur 23: Festival Internacional de Poes\u00eda en Judas Galer\u00eda - Valpara\u00ed\u00adso Creativo<\/title>\n<meta name=\"robots\" content=\"index, follow, max-snippet:-1, max-image-preview:large, max-video-preview:-1\" \/>\n<link rel=\"canonical\" href=\"https:\/\/dev.antudigital.cl\/sites\/vc\/latinale-sur-23-festival-internacional-de-poesia-en-judas-galeria\/\" \/>\n<meta property=\"og:locale\" content=\"es_ES\" \/>\n<meta property=\"og:type\" content=\"article\" \/>\n<meta property=\"og:title\" content=\"Latinale Sur 23: Festival Internacional de Poes\u00eda en Judas Galer\u00eda - Valpara\u00ed\u00adso Creativo\" \/>\n<meta property=\"og:description\" content=\"Este viernes 24 de marzo a las 19 horas les esperamos en JUDAS a la lectura del Festival Internacional de poes\u00eda Latinalesur 23AMNESIA en la que participar\u00e1n Nancy Gew\u00f6lb, Eli Neira, Teodora Inostroza y Alejandra Gonz\u00e1lez. Latinale Sur nace en Concepci\u00f3n el a\u00f1o 2019, como laboratorio austral de Latinale, festival de poes\u00eda latinoamericana con sede [&hellip;]\" \/>\n<meta property=\"og:url\" content=\"https:\/\/dev.antudigital.cl\/sites\/vc\/latinale-sur-23-festival-internacional-de-poesia-en-judas-galeria\/\" \/>\n<meta property=\"og:site_name\" content=\"Valpara\u00ed\u00adso Creativo\" \/>\n<meta property=\"article:published_time\" content=\"2023-03-20T23:39:57+00:00\" \/>\n<meta property=\"article:modified_time\" content=\"2023-03-20T23:40:04+00:00\" \/>\n<meta property=\"og:image\" content=\"https:\/\/dev.antudigital.cl\/sites\/vc\/wp-content\/uploads\/2023\/03\/Captura-de-Pantalla-2023-03-20-a-las-20.35.26.png\" \/>\n\t<meta property=\"og:image:width\" content=\"506\" \/>\n\t<meta property=\"og:image:height\" content=\"215\" \/>\n\t<meta property=\"og:image:type\" content=\"image\/png\" \/>\n<meta name=\"author\" content=\"Valpara\u00edso Creativo\" \/>\n<meta name=\"twitter:card\" content=\"summary_large_image\" \/>\n<meta name=\"twitter:label1\" content=\"Escrito por\" \/>\n\t<meta name=\"twitter:data1\" content=\"Valpara\u00edso Creativo\" \/>\n\t<meta name=\"twitter:label2\" content=\"Tiempo de lectura\" \/>\n\t<meta name=\"twitter:data2\" content=\"1 minuto\" \/>\n<script type=\"application\/ld+json\" class=\"yoast-schema-graph\">{\"@context\":\"https:\/\/schema.org\",\"@graph\":[{\"@type\":\"Article\",\"@id\":\"https:\/\/dev.antudigital.cl\/sites\/vc\/latinale-sur-23-festival-internacional-de-poesia-en-judas-galeria\/#article\",\"isPartOf\":{\"@id\":\"https:\/\/dev.antudigital.cl\/sites\/vc\/latinale-sur-23-festival-internacional-de-poesia-en-judas-galeria\/\"},\"author\":{\"name\":\"Valpara\u00edso Creativo\",\"@id\":\"https:\/\/dev.antudigital.cl\/sites\/vc\/#\/schema\/person\/c2b9da8dd545e27166fc5ab232837318\"},\"headline\":\"Latinale Sur 23: Festival Internacional de Poes\u00eda en Judas Galer\u00eda\",\"datePublished\":\"2023-03-20T23:39:57+00:00\",\"dateModified\":\"2023-03-20T23:40:04+00:00\",\"mainEntityOfPage\":{\"@id\":\"https:\/\/dev.antudigital.cl\/sites\/vc\/latinale-sur-23-festival-internacional-de-poesia-en-judas-galeria\/\"},\"wordCount\":166,\"commentCount\":0,\"image\":{\"@id\":\"https:\/\/dev.antudigital.cl\/sites\/vc\/latinale-sur-23-festival-internacional-de-poesia-en-judas-galeria\/#primaryimage\"},\"thumbnailUrl\":\"https:\/\/dev.antudigital.cl\/sites\/vc\/wp-content\/uploads\/2023\/03\/Captura-de-Pantalla-2023-03-20-a-las-20.35.26.png\",\"keywords\":[\"valpara\u00edso\"],\"articleSection\":[\"Uncategorized\"],\"inLanguage\":\"es\",\"potentialAction\":[{\"@type\":\"CommentAction\",\"name\":\"Comment\",\"target\":[\"https:\/\/dev.antudigital.cl\/sites\/vc\/latinale-sur-23-festival-internacional-de-poesia-en-judas-galeria\/#respond\"]}]},{\"@type\":\"WebPage\",\"@id\":\"https:\/\/dev.antudigital.cl\/sites\/vc\/latinale-sur-23-festival-internacional-de-poesia-en-judas-galeria\/\",\"url\":\"https:\/\/dev.antudigital.cl\/sites\/vc\/latinale-sur-23-festival-internacional-de-poesia-en-judas-galeria\/\",\"name\":\"Latinale Sur 23: Festival Internacional de Poes\u00eda en Judas Galer\u00eda - Valpara\u00ed\u00adso Creativo\",\"isPartOf\":{\"@id\":\"https:\/\/dev.antudigital.cl\/sites\/vc\/#website\"},\"primaryImageOfPage\":{\"@id\":\"https:\/\/dev.antudigital.cl\/sites\/vc\/latinale-sur-23-festival-internacional-de-poesia-en-judas-galeria\/#primaryimage\"},\"image\":{\"@id\":\"https:\/\/dev.antudigital.cl\/sites\/vc\/latinale-sur-23-festival-internacional-de-poesia-en-judas-galeria\/#primaryimage\"},\"thumbnailUrl\":\"https:\/\/dev.antudigital.cl\/sites\/vc\/wp-content\/uploads\/2023\/03\/Captura-de-Pantalla-2023-03-20-a-las-20.35.26.png\",\"datePublished\":\"2023-03-20T23:39:57+00:00\",\"dateModified\":\"2023-03-20T23:40:04+00:00\",\"author\":{\"@id\":\"https:\/\/dev.antudigital.cl\/sites\/vc\/#\/schema\/person\/c2b9da8dd545e27166fc5ab232837318\"},\"breadcrumb\":{\"@id\":\"https:\/\/dev.antudigital.cl\/sites\/vc\/latinale-sur-23-festival-internacional-de-poesia-en-judas-galeria\/#breadcrumb\"},\"inLanguage\":\"es\",\"potentialAction\":[{\"@type\":\"ReadAction\",\"target\":[\"https:\/\/dev.antudigital.cl\/sites\/vc\/latinale-sur-23-festival-internacional-de-poesia-en-judas-galeria\/\"]}]},{\"@type\":\"ImageObject\",\"inLanguage\":\"es\",\"@id\":\"https:\/\/dev.antudigital.cl\/sites\/vc\/latinale-sur-23-festival-internacional-de-poesia-en-judas-galeria\/#primaryimage\",\"url\":\"https:\/\/dev.antudigital.cl\/sites\/vc\/wp-content\/uploads\/2023\/03\/Captura-de-Pantalla-2023-03-20-a-las-20.35.26.png\",\"contentUrl\":\"https:\/\/dev.antudigital.cl\/sites\/vc\/wp-content\/uploads\/2023\/03\/Captura-de-Pantalla-2023-03-20-a-las-20.35.26.png\",\"width\":506,\"height\":215},{\"@type\":\"BreadcrumbList\",\"@id\":\"https:\/\/dev.antudigital.cl\/sites\/vc\/latinale-sur-23-festival-internacional-de-poesia-en-judas-galeria\/#breadcrumb\",\"itemListElement\":[{\"@type\":\"ListItem\",\"position\":1,\"name\":\"Home\",\"item\":\"https:\/\/dev.antudigital.cl\/sites\/vc\/\"},{\"@type\":\"ListItem\",\"position\":2,\"name\":\"Latinale Sur 23: Festival Internacional de Poes\u00eda en Judas Galer\u00eda\"}]},{\"@type\":\"WebSite\",\"@id\":\"https:\/\/dev.antudigital.cl\/sites\/vc\/#website\",\"url\":\"https:\/\/dev.antudigital.cl\/sites\/vc\/\",\"name\":\"Valpara\u00ed\u00adso Creativo\",\"description\":\"\",\"potentialAction\":[{\"@type\":\"SearchAction\",\"target\":{\"@type\":\"EntryPoint\",\"urlTemplate\":\"https:\/\/dev.antudigital.cl\/sites\/vc\/?s={search_term_string}\"},\"query-input\":{\"@type\":\"PropertyValueSpecification\",\"valueRequired\":true,\"valueName\":\"search_term_string\"}}],\"inLanguage\":\"es\"},{\"@type\":\"Person\",\"@id\":\"https:\/\/dev.antudigital.cl\/sites\/vc\/#\/schema\/person\/c2b9da8dd545e27166fc5ab232837318\",\"name\":\"Valpara\u00edso Creativo\",\"description\":\"Periodista de cultura en la Regi\u00f3n de Valpara\u00edso.\",\"url\":\"https:\/\/dev.antudigital.cl\/sites\/vc\/author\/valpoadmin\/\"}]}<\/script>\n<!-- \/ Yoast SEO plugin. -->","yoast_head_json":{"title":"Latinale Sur 23: Festival Internacional de Poes\u00eda en Judas Galer\u00eda - Valpara\u00ed\u00adso Creativo","robots":{"index":"index","follow":"follow","max-snippet":"max-snippet:-1","max-image-preview":"max-image-preview:large","max-video-preview":"max-video-preview:-1"},"canonical":"https:\/\/dev.antudigital.cl\/sites\/vc\/latinale-sur-23-festival-internacional-de-poesia-en-judas-galeria\/","og_locale":"es_ES","og_type":"article","og_title":"Latinale Sur 23: Festival Internacional de Poes\u00eda en Judas Galer\u00eda - Valpara\u00ed\u00adso Creativo","og_description":"Este viernes 24 de marzo a las 19 horas les esperamos en JUDAS a la lectura del Festival Internacional de poes\u00eda Latinalesur 23AMNESIA en la que participar\u00e1n Nancy Gew\u00f6lb, Eli Neira, Teodora Inostroza y Alejandra Gonz\u00e1lez. Latinale Sur nace en Concepci\u00f3n el a\u00f1o 2019, como laboratorio austral de Latinale, festival de poes\u00eda latinoamericana con sede [&hellip;]","og_url":"https:\/\/dev.antudigital.cl\/sites\/vc\/latinale-sur-23-festival-internacional-de-poesia-en-judas-galeria\/","og_site_name":"Valpara\u00ed\u00adso Creativo","article_published_time":"2023-03-20T23:39:57+00:00","article_modified_time":"2023-03-20T23:40:04+00:00","og_image":[{"width":506,"height":215,"url":"https:\/\/dev.antudigital.cl\/sites\/vc\/wp-content\/uploads\/2023\/03\/Captura-de-Pantalla-2023-03-20-a-las-20.35.26.png","type":"image\/png"}],"author":"Valpara\u00edso Creativo","twitter_card":"summary_large_image","twitter_misc":{"Escrito por":"Valpara\u00edso Creativo","Tiempo de lectura":"1 minuto"},"schema":{"@context":"https:\/\/schema.org","@graph":[{"@type":"Article","@id":"https:\/\/dev.antudigital.cl\/sites\/vc\/latinale-sur-23-festival-internacional-de-poesia-en-judas-galeria\/#article","isPartOf":{"@id":"https:\/\/dev.antudigital.cl\/sites\/vc\/latinale-sur-23-festival-internacional-de-poesia-en-judas-galeria\/"},"author":{"name":"Valpara\u00edso Creativo","@id":"https:\/\/dev.antudigital.cl\/sites\/vc\/#\/schema\/person\/c2b9da8dd545e27166fc5ab232837318"},"headline":"Latinale Sur 23: Festival Internacional de Poes\u00eda en Judas Galer\u00eda","datePublished":"2023-03-20T23:39:57+00:00","dateModified":"2023-03-20T23:40:04+00:00","mainEntityOfPage":{"@id":"https:\/\/dev.antudigital.cl\/sites\/vc\/latinale-sur-23-festival-internacional-de-poesia-en-judas-galeria\/"},"wordCount":166,"commentCount":0,"image":{"@id":"https:\/\/dev.antudigital.cl\/sites\/vc\/latinale-sur-23-festival-internacional-de-poesia-en-judas-galeria\/#primaryimage"},"thumbnailUrl":"https:\/\/dev.antudigital.cl\/sites\/vc\/wp-content\/uploads\/2023\/03\/Captura-de-Pantalla-2023-03-20-a-las-20.35.26.png","keywords":["valpara\u00edso"],"articleSection":["Uncategorized"],"inLanguage":"es","potentialAction":[{"@type":"CommentAction","name":"Comment","target":["https:\/\/dev.antudigital.cl\/sites\/vc\/latinale-sur-23-festival-internacional-de-poesia-en-judas-galeria\/#respond"]}]},{"@type":"WebPage","@id":"https:\/\/dev.antudigital.cl\/sites\/vc\/latinale-sur-23-festival-internacional-de-poesia-en-judas-galeria\/","url":"https:\/\/dev.antudigital.cl\/sites\/vc\/latinale-sur-23-festival-internacional-de-poesia-en-judas-galeria\/","name":"Latinale Sur 23: Festival Internacional de Poes\u00eda en Judas Galer\u00eda - Valpara\u00ed\u00adso Creativo","isPartOf":{"@id":"https:\/\/dev.antudigital.cl\/sites\/vc\/#website"},"primaryImageOfPage":{"@id":"https:\/\/dev.antudigital.cl\/sites\/vc\/latinale-sur-23-festival-internacional-de-poesia-en-judas-galeria\/#primaryimage"},"image":{"@id":"https:\/\/dev.antudigital.cl\/sites\/vc\/latinale-sur-23-festival-internacional-de-poesia-en-judas-galeria\/#primaryimage"},"thumbnailUrl":"https:\/\/dev.antudigital.cl\/sites\/vc\/wp-content\/uploads\/2023\/03\/Captura-de-Pantalla-2023-03-20-a-las-20.35.26.png","datePublished":"2023-03-20T23:39:57+00:00","dateModified":"2023-03-20T23:40:04+00:00","author":{"@id":"https:\/\/dev.antudigital.cl\/sites\/vc\/#\/schema\/person\/c2b9da8dd545e27166fc5ab232837318"},"breadcrumb":{"@id":"https:\/\/dev.antudigital.cl\/sites\/vc\/latinale-sur-23-festival-internacional-de-poesia-en-judas-galeria\/#breadcrumb"},"inLanguage":"es","potentialAction":[{"@type":"ReadAction","target":["https:\/\/dev.antudigital.cl\/sites\/vc\/latinale-sur-23-festival-internacional-de-poesia-en-judas-galeria\/"]}]},{"@type":"ImageObject","inLanguage":"es","@id":"https:\/\/dev.antudigital.cl\/sites\/vc\/latinale-sur-23-festival-internacional-de-poesia-en-judas-galeria\/#primaryimage","url":"https:\/\/dev.antudigital.cl\/sites\/vc\/wp-content\/uploads\/2023\/03\/Captura-de-Pantalla-2023-03-20-a-las-20.35.26.png","contentUrl":"https:\/\/dev.antudigital.cl\/sites\/vc\/wp-content\/uploads\/2023\/03\/Captura-de-Pantalla-2023-03-20-a-las-20.35.26.png","width":506,"height":215},{"@type":"BreadcrumbList","@id":"https:\/\/dev.antudigital.cl\/sites\/vc\/latinale-sur-23-festival-internacional-de-poesia-en-judas-galeria\/#breadcrumb","itemListElement":[{"@type":"ListItem","position":1,"name":"Home","item":"https:\/\/dev.antudigital.cl\/sites\/vc\/"},{"@type":"ListItem","position":2,"name":"Latinale Sur 23: Festival Internacional de Poes\u00eda en Judas Galer\u00eda"}]},{"@type":"WebSite","@id":"https:\/\/dev.antudigital.cl\/sites\/vc\/#website","url":"https:\/\/dev.antudigital.cl\/sites\/vc\/","name":"Valpara\u00ed\u00adso Creativo","description":"","potentialAction":[{"@type":"SearchAction","target":{"@type":"EntryPoint","urlTemplate":"https:\/\/dev.antudigital.cl\/sites\/vc\/?s={search_term_string}"},"query-input":{"@type":"PropertyValueSpecification","valueRequired":true,"valueName":"search_term_string"}}],"inLanguage":"es"},{"@type":"Person","@id":"https:\/\/dev.antudigital.cl\/sites\/vc\/#\/schema\/person\/c2b9da8dd545e27166fc5ab232837318","name":"Valpara\u00edso Creativo","description":"Periodista de cultura en la Regi\u00f3n de Valpara\u00edso.","url":"https:\/\/dev.antudigital.cl\/sites\/vc\/author\/valpoadmin\/"}]}},"_links":{"self":[{"href":"https:\/\/dev.antudigital.cl\/sites\/vc\/wp-json\/wp\/v2\/posts\/12859","targetHints":{"allow":["GET"]}}],"collection":[{"href":"https:\/\/dev.antudigital.cl\/sites\/vc\/wp-json\/wp\/v2\/posts"}],"about":[{"href":"https:\/\/dev.antudigital.cl\/sites\/vc\/wp-json\/wp\/v2\/types\/post"}],"author":[{"embeddable":true,"href":"https:\/\/dev.antudigital.cl\/sites\/vc\/wp-json\/wp\/v2\/users\/1"}],"replies":[{"embeddable":true,"href":"https:\/\/dev.antudigital.cl\/sites\/vc\/wp-json\/wp\/v2\/comments?post=12859"}],"version-history":[{"count":1,"href":"https:\/\/dev.antudigital.cl\/sites\/vc\/wp-json\/wp\/v2\/posts\/12859\/revisions"}],"predecessor-version":[{"id":12862,"href":"https:\/\/dev.antudigital.cl\/sites\/vc\/wp-json\/wp\/v2\/posts\/12859\/revisions\/12862"}],"wp:featuredmedia":[{"embeddable":true,"href":"https:\/\/dev.antudigital.cl\/sites\/vc\/wp-json\/wp\/v2\/media\/12861"}],"wp:attachment":[{"href":"https:\/\/dev.antudigital.cl\/sites\/vc\/wp-json\/wp\/v2\/media?parent=12859"}],"wp:term":[{"taxonomy":"category","embeddable":true,"href":"https:\/\/dev.antudigital.cl\/sites\/vc\/wp-json\/wp\/v2\/categories?post=12859"},{"taxonomy":"post_tag","embeddable":true,"href":"https:\/\/dev.antudigital.cl\/sites\/vc\/wp-json\/wp\/v2\/tags?post=12859"}],"curies":[{"name":"wp","href":"https:\/\/api.w.org\/{rel}","templated":true}]}}