{"id":12877,"date":"2023-03-27T19:12:56","date_gmt":"2023-03-27T19:12:56","guid":{"rendered":"https:\/\/www.valparaisocreativo.cl\/?p=12877"},"modified":"2023-03-27T19:13:01","modified_gmt":"2023-03-27T19:13:01","slug":"restallar-sacudir-la-memoria-corredor-de-danza-valparaiso","status":"publish","type":"post","link":"https:\/\/dev.antudigital.cl\/sites\/vc\/restallar-sacudir-la-memoria-corredor-de-danza-valparaiso\/","title":{"rendered":"\u00abRestallar. Sacudir la Memoria\u00bb: Corredor de Danza Valpara\u00edso"},"content":{"rendered":"\n<p>Corredor de Danza Valpara\u00edso tiene el agrado de invitar a la segunda muestra de la programaci\u00f3n \u00abRestallar. Sacudir la Memoria\u00bb un proyecto desarrollado en colaboraci\u00f3n por la Cooperativa y Centex.<\/p>\n\n\n\n<p>Este fin de semana se exhibir\u00e1 el resultado de la experiencia creativa a cargo de la artista Marcela Rendic Parera con su trabajo \u00abNADA\u00bb, la segunda de cuatro microresidencias coreogr\u00e1ficas, que proponen un cruce de investigaci\u00f3n y creaci\u00f3n en danza y la participaci\u00f3n cultural de la ciudadan\u00eda durante los movimientos sociales de los \u00faltimos a\u00f1os.<\/p>\n\n\n\n<p>La programaci\u00f3n de Restallar se extiende de marzo a junio del 2023, con la participaci\u00f3n de las artistas: Sibila Sotomayor, Paola Gamboa, Myr Ch\u00e1vez y Marcela Rendic.<\/p>\n\n\n\n<p><strong>La invitaci\u00f3n es para este viernes 31 de marzo y 01 de abril a las 19:00 horas, en la Antesala de Centex, ubicada en Plaza Sotomayor 233, Valpara\u00edso (Metro Estaci\u00f3n Puerto).<\/strong><\/p>\n\n\n\n<figure class=\"wp-block-image size-large\"><img fetchpriority=\"high\" decoding=\"async\" width=\"1024\" height=\"732\" src=\"https:\/\/www.valparaisocreativo.cl\/wp-content\/uploads\/2023\/03\/Version-Final_Invitacion-_Marcela-1024x732.png\" alt=\"\" class=\"wp-image-12878\" srcset=\"https:\/\/dev.antudigital.cl\/sites\/vc\/wp-content\/uploads\/2023\/03\/Version-Final_Invitacion-_Marcela-1024x732.png 1024w, https:\/\/dev.antudigital.cl\/sites\/vc\/wp-content\/uploads\/2023\/03\/Version-Final_Invitacion-_Marcela-300x214.png 300w, https:\/\/dev.antudigital.cl\/sites\/vc\/wp-content\/uploads\/2023\/03\/Version-Final_Invitacion-_Marcela-768x549.png 768w, https:\/\/dev.antudigital.cl\/sites\/vc\/wp-content\/uploads\/2023\/03\/Version-Final_Invitacion-_Marcela-1536x1097.png 1536w, https:\/\/dev.antudigital.cl\/sites\/vc\/wp-content\/uploads\/2023\/03\/Version-Final_Invitacion-_Marcela-1080x772.png 1080w, https:\/\/dev.antudigital.cl\/sites\/vc\/wp-content\/uploads\/2023\/03\/Version-Final_Invitacion-_Marcela-1280x915.png 1280w, https:\/\/dev.antudigital.cl\/sites\/vc\/wp-content\/uploads\/2023\/03\/Version-Final_Invitacion-_Marcela-980x700.png 980w, https:\/\/dev.antudigital.cl\/sites\/vc\/wp-content\/uploads\/2023\/03\/Version-Final_Invitacion-_Marcela-480x343.png 480w, https:\/\/dev.antudigital.cl\/sites\/vc\/wp-content\/uploads\/2023\/03\/Version-Final_Invitacion-_Marcela.png 2000w\" sizes=\"(max-width: 1024px) 100vw, 1024px\" \/><\/figure>\n","protected":false},"excerpt":{"rendered":"<p>Corredor de Danza Valpara\u00edso tiene el agrado de invitar a la segunda muestra de la programaci\u00f3n \u00abRestallar. Sacudir la Memoria\u00bb un proyecto desarrollado en colaboraci\u00f3n por la Cooperativa y Centex. Este fin de semana se exhibir\u00e1 el resultado de la experiencia creativa a cargo de la artista Marcela Rendic Parera con su trabajo \u00abNADA\u00bb, la [&hellip;]<\/p>\n","protected":false},"author":1,"featured_media":12879,"comment_status":"open","ping_status":"closed","sticky":false,"template":"","format":"standard","meta":{"_acf_changed":false,"footnotes":""},"categories":[1],"tags":[10],"class_list":["post-12877","post","type-post","status-publish","format-standard","has-post-thumbnail","hentry","category-uncategorized","tag-valparaiso"],"acf":[],"yoast_head":"<!-- This site is optimized with the Yoast SEO plugin v27.1.1 - https:\/\/yoast.com\/product\/yoast-seo-wordpress\/ -->\n<title>&quot;Restallar. Sacudir la Memoria&quot;: Corredor de Danza Valpara\u00edso - Valpara\u00ed\u00adso Creativo<\/title>\n<meta name=\"robots\" content=\"index, follow, max-snippet:-1, max-image-preview:large, max-video-preview:-1\" \/>\n<link rel=\"canonical\" href=\"https:\/\/dev.antudigital.cl\/sites\/vc\/restallar-sacudir-la-memoria-corredor-de-danza-valparaiso\/\" \/>\n<meta property=\"og:locale\" content=\"es_ES\" \/>\n<meta property=\"og:type\" content=\"article\" \/>\n<meta property=\"og:title\" content=\"&quot;Restallar. Sacudir la Memoria&quot;: Corredor de Danza Valpara\u00edso - Valpara\u00ed\u00adso Creativo\" \/>\n<meta property=\"og:description\" content=\"Corredor de Danza Valpara\u00edso tiene el agrado de invitar a la segunda muestra de la programaci\u00f3n \u00abRestallar. Sacudir la Memoria\u00bb un proyecto desarrollado en colaboraci\u00f3n por la Cooperativa y Centex. Este fin de semana se exhibir\u00e1 el resultado de la experiencia creativa a cargo de la artista Marcela Rendic Parera con su trabajo \u00abNADA\u00bb, la [&hellip;]\" \/>\n<meta property=\"og:url\" content=\"https:\/\/dev.antudigital.cl\/sites\/vc\/restallar-sacudir-la-memoria-corredor-de-danza-valparaiso\/\" \/>\n<meta property=\"og:site_name\" content=\"Valpara\u00ed\u00adso Creativo\" \/>\n<meta property=\"article:published_time\" content=\"2023-03-27T19:12:56+00:00\" \/>\n<meta property=\"article:modified_time\" content=\"2023-03-27T19:13:01+00:00\" \/>\n<meta property=\"og:image\" content=\"https:\/\/dev.antudigital.cl\/sites\/vc\/wp-content\/uploads\/2023\/03\/Captura-de-Pantalla-2023-03-27-a-las-16.11.14.png\" \/>\n\t<meta property=\"og:image:width\" content=\"591\" \/>\n\t<meta property=\"og:image:height\" content=\"444\" \/>\n\t<meta property=\"og:image:type\" content=\"image\/png\" \/>\n<meta name=\"author\" content=\"Valpara\u00edso Creativo\" \/>\n<meta name=\"twitter:card\" content=\"summary_large_image\" \/>\n<meta name=\"twitter:label1\" content=\"Escrito por\" \/>\n\t<meta name=\"twitter:data1\" content=\"Valpara\u00edso Creativo\" \/>\n\t<meta name=\"twitter:label2\" content=\"Tiempo de lectura\" \/>\n\t<meta name=\"twitter:data2\" content=\"1 minuto\" \/>\n<script type=\"application\/ld+json\" class=\"yoast-schema-graph\">{\"@context\":\"https:\/\/schema.org\",\"@graph\":[{\"@type\":\"Article\",\"@id\":\"https:\/\/dev.antudigital.cl\/sites\/vc\/restallar-sacudir-la-memoria-corredor-de-danza-valparaiso\/#article\",\"isPartOf\":{\"@id\":\"https:\/\/dev.antudigital.cl\/sites\/vc\/restallar-sacudir-la-memoria-corredor-de-danza-valparaiso\/\"},\"author\":{\"name\":\"Valpara\u00edso Creativo\",\"@id\":\"https:\/\/dev.antudigital.cl\/sites\/vc\/#\/schema\/person\/c2b9da8dd545e27166fc5ab232837318\"},\"headline\":\"\u00abRestallar. Sacudir la Memoria\u00bb: Corredor de Danza Valpara\u00edso\",\"datePublished\":\"2023-03-27T19:12:56+00:00\",\"dateModified\":\"2023-03-27T19:13:01+00:00\",\"mainEntityOfPage\":{\"@id\":\"https:\/\/dev.antudigital.cl\/sites\/vc\/restallar-sacudir-la-memoria-corredor-de-danza-valparaiso\/\"},\"wordCount\":162,\"commentCount\":0,\"image\":{\"@id\":\"https:\/\/dev.antudigital.cl\/sites\/vc\/restallar-sacudir-la-memoria-corredor-de-danza-valparaiso\/#primaryimage\"},\"thumbnailUrl\":\"https:\/\/dev.antudigital.cl\/sites\/vc\/wp-content\/uploads\/2023\/03\/Captura-de-Pantalla-2023-03-27-a-las-16.11.14.png\",\"keywords\":[\"valpara\u00edso\"],\"articleSection\":[\"Uncategorized\"],\"inLanguage\":\"es\",\"potentialAction\":[{\"@type\":\"CommentAction\",\"name\":\"Comment\",\"target\":[\"https:\/\/dev.antudigital.cl\/sites\/vc\/restallar-sacudir-la-memoria-corredor-de-danza-valparaiso\/#respond\"]}]},{\"@type\":\"WebPage\",\"@id\":\"https:\/\/dev.antudigital.cl\/sites\/vc\/restallar-sacudir-la-memoria-corredor-de-danza-valparaiso\/\",\"url\":\"https:\/\/dev.antudigital.cl\/sites\/vc\/restallar-sacudir-la-memoria-corredor-de-danza-valparaiso\/\",\"name\":\"\\\"Restallar. Sacudir la Memoria\\\": Corredor de Danza Valpara\u00edso - Valpara\u00ed\u00adso Creativo\",\"isPartOf\":{\"@id\":\"https:\/\/dev.antudigital.cl\/sites\/vc\/#website\"},\"primaryImageOfPage\":{\"@id\":\"https:\/\/dev.antudigital.cl\/sites\/vc\/restallar-sacudir-la-memoria-corredor-de-danza-valparaiso\/#primaryimage\"},\"image\":{\"@id\":\"https:\/\/dev.antudigital.cl\/sites\/vc\/restallar-sacudir-la-memoria-corredor-de-danza-valparaiso\/#primaryimage\"},\"thumbnailUrl\":\"https:\/\/dev.antudigital.cl\/sites\/vc\/wp-content\/uploads\/2023\/03\/Captura-de-Pantalla-2023-03-27-a-las-16.11.14.png\",\"datePublished\":\"2023-03-27T19:12:56+00:00\",\"dateModified\":\"2023-03-27T19:13:01+00:00\",\"author\":{\"@id\":\"https:\/\/dev.antudigital.cl\/sites\/vc\/#\/schema\/person\/c2b9da8dd545e27166fc5ab232837318\"},\"breadcrumb\":{\"@id\":\"https:\/\/dev.antudigital.cl\/sites\/vc\/restallar-sacudir-la-memoria-corredor-de-danza-valparaiso\/#breadcrumb\"},\"inLanguage\":\"es\",\"potentialAction\":[{\"@type\":\"ReadAction\",\"target\":[\"https:\/\/dev.antudigital.cl\/sites\/vc\/restallar-sacudir-la-memoria-corredor-de-danza-valparaiso\/\"]}]},{\"@type\":\"ImageObject\",\"inLanguage\":\"es\",\"@id\":\"https:\/\/dev.antudigital.cl\/sites\/vc\/restallar-sacudir-la-memoria-corredor-de-danza-valparaiso\/#primaryimage\",\"url\":\"https:\/\/dev.antudigital.cl\/sites\/vc\/wp-content\/uploads\/2023\/03\/Captura-de-Pantalla-2023-03-27-a-las-16.11.14.png\",\"contentUrl\":\"https:\/\/dev.antudigital.cl\/sites\/vc\/wp-content\/uploads\/2023\/03\/Captura-de-Pantalla-2023-03-27-a-las-16.11.14.png\",\"width\":591,\"height\":444},{\"@type\":\"BreadcrumbList\",\"@id\":\"https:\/\/dev.antudigital.cl\/sites\/vc\/restallar-sacudir-la-memoria-corredor-de-danza-valparaiso\/#breadcrumb\",\"itemListElement\":[{\"@type\":\"ListItem\",\"position\":1,\"name\":\"Home\",\"item\":\"https:\/\/dev.antudigital.cl\/sites\/vc\/\"},{\"@type\":\"ListItem\",\"position\":2,\"name\":\"\u00abRestallar. Sacudir la Memoria\u00bb: Corredor de Danza Valpara\u00edso\"}]},{\"@type\":\"WebSite\",\"@id\":\"https:\/\/dev.antudigital.cl\/sites\/vc\/#website\",\"url\":\"https:\/\/dev.antudigital.cl\/sites\/vc\/\",\"name\":\"Valpara\u00ed\u00adso Creativo\",\"description\":\"\",\"potentialAction\":[{\"@type\":\"SearchAction\",\"target\":{\"@type\":\"EntryPoint\",\"urlTemplate\":\"https:\/\/dev.antudigital.cl\/sites\/vc\/?s={search_term_string}\"},\"query-input\":{\"@type\":\"PropertyValueSpecification\",\"valueRequired\":true,\"valueName\":\"search_term_string\"}}],\"inLanguage\":\"es\"},{\"@type\":\"Person\",\"@id\":\"https:\/\/dev.antudigital.cl\/sites\/vc\/#\/schema\/person\/c2b9da8dd545e27166fc5ab232837318\",\"name\":\"Valpara\u00edso Creativo\",\"description\":\"Periodista de cultura en la Regi\u00f3n de Valpara\u00edso.\",\"url\":\"https:\/\/dev.antudigital.cl\/sites\/vc\/author\/valpoadmin\/\"}]}<\/script>\n<!-- \/ Yoast SEO plugin. -->","yoast_head_json":{"title":"\"Restallar. Sacudir la Memoria\": Corredor de Danza Valpara\u00edso - Valpara\u00ed\u00adso Creativo","robots":{"index":"index","follow":"follow","max-snippet":"max-snippet:-1","max-image-preview":"max-image-preview:large","max-video-preview":"max-video-preview:-1"},"canonical":"https:\/\/dev.antudigital.cl\/sites\/vc\/restallar-sacudir-la-memoria-corredor-de-danza-valparaiso\/","og_locale":"es_ES","og_type":"article","og_title":"\"Restallar. Sacudir la Memoria\": Corredor de Danza Valpara\u00edso - Valpara\u00ed\u00adso Creativo","og_description":"Corredor de Danza Valpara\u00edso tiene el agrado de invitar a la segunda muestra de la programaci\u00f3n \u00abRestallar. Sacudir la Memoria\u00bb un proyecto desarrollado en colaboraci\u00f3n por la Cooperativa y Centex. Este fin de semana se exhibir\u00e1 el resultado de la experiencia creativa a cargo de la artista Marcela Rendic Parera con su trabajo \u00abNADA\u00bb, la [&hellip;]","og_url":"https:\/\/dev.antudigital.cl\/sites\/vc\/restallar-sacudir-la-memoria-corredor-de-danza-valparaiso\/","og_site_name":"Valpara\u00ed\u00adso Creativo","article_published_time":"2023-03-27T19:12:56+00:00","article_modified_time":"2023-03-27T19:13:01+00:00","og_image":[{"width":591,"height":444,"url":"https:\/\/dev.antudigital.cl\/sites\/vc\/wp-content\/uploads\/2023\/03\/Captura-de-Pantalla-2023-03-27-a-las-16.11.14.png","type":"image\/png"}],"author":"Valpara\u00edso Creativo","twitter_card":"summary_large_image","twitter_misc":{"Escrito por":"Valpara\u00edso Creativo","Tiempo de lectura":"1 minuto"},"schema":{"@context":"https:\/\/schema.org","@graph":[{"@type":"Article","@id":"https:\/\/dev.antudigital.cl\/sites\/vc\/restallar-sacudir-la-memoria-corredor-de-danza-valparaiso\/#article","isPartOf":{"@id":"https:\/\/dev.antudigital.cl\/sites\/vc\/restallar-sacudir-la-memoria-corredor-de-danza-valparaiso\/"},"author":{"name":"Valpara\u00edso Creativo","@id":"https:\/\/dev.antudigital.cl\/sites\/vc\/#\/schema\/person\/c2b9da8dd545e27166fc5ab232837318"},"headline":"\u00abRestallar. Sacudir la Memoria\u00bb: Corredor de Danza Valpara\u00edso","datePublished":"2023-03-27T19:12:56+00:00","dateModified":"2023-03-27T19:13:01+00:00","mainEntityOfPage":{"@id":"https:\/\/dev.antudigital.cl\/sites\/vc\/restallar-sacudir-la-memoria-corredor-de-danza-valparaiso\/"},"wordCount":162,"commentCount":0,"image":{"@id":"https:\/\/dev.antudigital.cl\/sites\/vc\/restallar-sacudir-la-memoria-corredor-de-danza-valparaiso\/#primaryimage"},"thumbnailUrl":"https:\/\/dev.antudigital.cl\/sites\/vc\/wp-content\/uploads\/2023\/03\/Captura-de-Pantalla-2023-03-27-a-las-16.11.14.png","keywords":["valpara\u00edso"],"articleSection":["Uncategorized"],"inLanguage":"es","potentialAction":[{"@type":"CommentAction","name":"Comment","target":["https:\/\/dev.antudigital.cl\/sites\/vc\/restallar-sacudir-la-memoria-corredor-de-danza-valparaiso\/#respond"]}]},{"@type":"WebPage","@id":"https:\/\/dev.antudigital.cl\/sites\/vc\/restallar-sacudir-la-memoria-corredor-de-danza-valparaiso\/","url":"https:\/\/dev.antudigital.cl\/sites\/vc\/restallar-sacudir-la-memoria-corredor-de-danza-valparaiso\/","name":"\"Restallar. Sacudir la Memoria\": Corredor de Danza Valpara\u00edso - Valpara\u00ed\u00adso Creativo","isPartOf":{"@id":"https:\/\/dev.antudigital.cl\/sites\/vc\/#website"},"primaryImageOfPage":{"@id":"https:\/\/dev.antudigital.cl\/sites\/vc\/restallar-sacudir-la-memoria-corredor-de-danza-valparaiso\/#primaryimage"},"image":{"@id":"https:\/\/dev.antudigital.cl\/sites\/vc\/restallar-sacudir-la-memoria-corredor-de-danza-valparaiso\/#primaryimage"},"thumbnailUrl":"https:\/\/dev.antudigital.cl\/sites\/vc\/wp-content\/uploads\/2023\/03\/Captura-de-Pantalla-2023-03-27-a-las-16.11.14.png","datePublished":"2023-03-27T19:12:56+00:00","dateModified":"2023-03-27T19:13:01+00:00","author":{"@id":"https:\/\/dev.antudigital.cl\/sites\/vc\/#\/schema\/person\/c2b9da8dd545e27166fc5ab232837318"},"breadcrumb":{"@id":"https:\/\/dev.antudigital.cl\/sites\/vc\/restallar-sacudir-la-memoria-corredor-de-danza-valparaiso\/#breadcrumb"},"inLanguage":"es","potentialAction":[{"@type":"ReadAction","target":["https:\/\/dev.antudigital.cl\/sites\/vc\/restallar-sacudir-la-memoria-corredor-de-danza-valparaiso\/"]}]},{"@type":"ImageObject","inLanguage":"es","@id":"https:\/\/dev.antudigital.cl\/sites\/vc\/restallar-sacudir-la-memoria-corredor-de-danza-valparaiso\/#primaryimage","url":"https:\/\/dev.antudigital.cl\/sites\/vc\/wp-content\/uploads\/2023\/03\/Captura-de-Pantalla-2023-03-27-a-las-16.11.14.png","contentUrl":"https:\/\/dev.antudigital.cl\/sites\/vc\/wp-content\/uploads\/2023\/03\/Captura-de-Pantalla-2023-03-27-a-las-16.11.14.png","width":591,"height":444},{"@type":"BreadcrumbList","@id":"https:\/\/dev.antudigital.cl\/sites\/vc\/restallar-sacudir-la-memoria-corredor-de-danza-valparaiso\/#breadcrumb","itemListElement":[{"@type":"ListItem","position":1,"name":"Home","item":"https:\/\/dev.antudigital.cl\/sites\/vc\/"},{"@type":"ListItem","position":2,"name":"\u00abRestallar. Sacudir la Memoria\u00bb: Corredor de Danza Valpara\u00edso"}]},{"@type":"WebSite","@id":"https:\/\/dev.antudigital.cl\/sites\/vc\/#website","url":"https:\/\/dev.antudigital.cl\/sites\/vc\/","name":"Valpara\u00ed\u00adso Creativo","description":"","potentialAction":[{"@type":"SearchAction","target":{"@type":"EntryPoint","urlTemplate":"https:\/\/dev.antudigital.cl\/sites\/vc\/?s={search_term_string}"},"query-input":{"@type":"PropertyValueSpecification","valueRequired":true,"valueName":"search_term_string"}}],"inLanguage":"es"},{"@type":"Person","@id":"https:\/\/dev.antudigital.cl\/sites\/vc\/#\/schema\/person\/c2b9da8dd545e27166fc5ab232837318","name":"Valpara\u00edso Creativo","description":"Periodista de cultura en la Regi\u00f3n de Valpara\u00edso.","url":"https:\/\/dev.antudigital.cl\/sites\/vc\/author\/valpoadmin\/"}]}},"_links":{"self":[{"href":"https:\/\/dev.antudigital.cl\/sites\/vc\/wp-json\/wp\/v2\/posts\/12877","targetHints":{"allow":["GET"]}}],"collection":[{"href":"https:\/\/dev.antudigital.cl\/sites\/vc\/wp-json\/wp\/v2\/posts"}],"about":[{"href":"https:\/\/dev.antudigital.cl\/sites\/vc\/wp-json\/wp\/v2\/types\/post"}],"author":[{"embeddable":true,"href":"https:\/\/dev.antudigital.cl\/sites\/vc\/wp-json\/wp\/v2\/users\/1"}],"replies":[{"embeddable":true,"href":"https:\/\/dev.antudigital.cl\/sites\/vc\/wp-json\/wp\/v2\/comments?post=12877"}],"version-history":[{"count":1,"href":"https:\/\/dev.antudigital.cl\/sites\/vc\/wp-json\/wp\/v2\/posts\/12877\/revisions"}],"predecessor-version":[{"id":12880,"href":"https:\/\/dev.antudigital.cl\/sites\/vc\/wp-json\/wp\/v2\/posts\/12877\/revisions\/12880"}],"wp:featuredmedia":[{"embeddable":true,"href":"https:\/\/dev.antudigital.cl\/sites\/vc\/wp-json\/wp\/v2\/media\/12879"}],"wp:attachment":[{"href":"https:\/\/dev.antudigital.cl\/sites\/vc\/wp-json\/wp\/v2\/media?parent=12877"}],"wp:term":[{"taxonomy":"category","embeddable":true,"href":"https:\/\/dev.antudigital.cl\/sites\/vc\/wp-json\/wp\/v2\/categories?post=12877"},{"taxonomy":"post_tag","embeddable":true,"href":"https:\/\/dev.antudigital.cl\/sites\/vc\/wp-json\/wp\/v2\/tags?post=12877"}],"curies":[{"name":"wp","href":"https:\/\/api.w.org\/{rel}","templated":true}]}}