{"id":12940,"date":"2023-04-04T17:00:50","date_gmt":"2023-04-04T17:00:50","guid":{"rendered":"https:\/\/www.valparaisocreativo.cl\/?p=12940"},"modified":"2023-05-26T15:03:24","modified_gmt":"2023-05-26T15:03:24","slug":"portafolio-de-oficios-patrimoniales-una-plataforma-digital-para-conectar-tecnologia-y-tradicion","status":"publish","type":"post","link":"https:\/\/dev.antudigital.cl\/sites\/vc\/portafolio-de-oficios-patrimoniales-una-plataforma-digital-para-conectar-tecnologia-y-tradicion\/","title":{"rendered":"Portafolio de Oficios Patrimoniales: una plataforma digital para conectar tecnolog\u00eda y tradici\u00f3n"},"content":{"rendered":"\n<p><em>La ciudad de Valpara\u00edso, conocida por su patrimonio hist\u00f3rico, es la cuna de una iniciativa \u00fanica: el portafolio de oficios patrimoniales.<\/em><\/p>\n\n\n\n<p>Valpara\u00edso, Chile &#8211; El Comit\u00e9 de Patrimonio de Valpara\u00edso Creativo, en colaboraci\u00f3n con la Carrera T\u00e9cnico en Restauraci\u00f3n de Bienes Patrimoniales, Duoc UC Sede Valpara\u00edso, han lanzado una iniciativa \u00fanica en Chile: el portafolio de oficios patrimoniales. El objetivo es preservar y promover los oficios patrimoniales en la regi\u00f3n de Valpara\u00edso mediante una plataforma digital que conecta a maestros y talleres de oficios en la regi\u00f3n.<\/p>\n\n\n\n<p>El proyecto consta de varias etapas, comenzando con la identificaci\u00f3n de iniciativas dedicadas a la restauraci\u00f3n de bienes patrimoniales en la regi\u00f3n de Valpara\u00edso. Posteriormente, se segmentar\u00e1 a este grupo de artesanos&nbsp; por oficios para permitir una mayor precisi\u00f3n en la b\u00fasqueda de talleres y maestros de oficios patrimoniales. Finalmente, se lanzar\u00e1 la plataforma donde los talleres y maestros puedan conectarse e interactuar entre s\u00ed y con quienes requieran servicios de restauraci\u00f3n u otros oficios afines.<\/p>\n\n\n\n<p>La existencia de este repositorio abierto a la comunidad permitir\u00e1 a la ciudad y la regi\u00f3n tener mayor claridad de a qui\u00e9n acudir cuando se necesiten servicios de restauraci\u00f3n. La idea es facilitar esa relaci\u00f3n y posicionar a los talleres y maestros de oficio que se dedican a la restauraci\u00f3n, lo que tiene un impacto en el patrimonio y la econom\u00eda.<\/p>\n\n\n\n<figure class=\"wp-block-image size-full\"><img fetchpriority=\"high\" decoding=\"async\" width=\"920\" height=\"613\" src=\"https:\/\/www.valparaisocreativo.cl\/wp-content\/uploads\/2023\/04\/Foto_Blog_PORTAFOLIO_OFICIOS_2.jpg\" alt=\"\" class=\"wp-image-12982\" srcset=\"https:\/\/dev.antudigital.cl\/sites\/vc\/wp-content\/uploads\/2023\/04\/Foto_Blog_PORTAFOLIO_OFICIOS_2.jpg 920w, https:\/\/dev.antudigital.cl\/sites\/vc\/wp-content\/uploads\/2023\/04\/Foto_Blog_PORTAFOLIO_OFICIOS_2-300x200.jpg 300w, https:\/\/dev.antudigital.cl\/sites\/vc\/wp-content\/uploads\/2023\/04\/Foto_Blog_PORTAFOLIO_OFICIOS_2-768x512.jpg 768w, https:\/\/dev.antudigital.cl\/sites\/vc\/wp-content\/uploads\/2023\/04\/Foto_Blog_PORTAFOLIO_OFICIOS_2-480x320.jpg 480w\" sizes=\"(max-width: 920px) 100vw, 920px\" \/><\/figure>\n\n\n\n<p>Esta iniciativa busca contribuir al desarrollo y preservaci\u00f3n de los oficios patrimoniales en la regi\u00f3n de Valpara\u00edso. Se invita a talleres y maestros de oficio a participar de esta gran oportunidad llenando la ficha que se encuentra en el enlace adjunto para unirse al portafolio de oficios patrimoniales. Al hacerlo, estar\u00e1n formando parte de una red que tienen en com\u00fan el amor por el patrimonio de nuestra regi\u00f3n.<\/p>\n\n\n\n<p><strong>\u00a1No pierdas la oportunidad de ser parte de esta iniciativa \u00fanica en Chile y de fortalecer tu empleabilidad y redes en el mundo de los oficios patrimoniales!<\/strong><\/p>\n\n\n\n<p><\/p>\n\n\n\n<p><\/p>\n\n\n\n<p class=\"has-text-align-center\"><strong>Si eres artesano(a) de oficios, te invitamos a participar completando este formulario:<\/strong><\/p>\n\n\n\n<div class=\"wp-block-buttons botonbloginscribete is-content-justification-center is-layout-flex wp-container-core-buttons-is-layout-a89b3969 wp-block-buttons-is-layout-flex\">\n<div class=\"wp-block-button\"><a class=\"wp-block-button__link wp-element-button\" href=\"https:\/\/forms.gle\/CsHexQiwTi6FMcpA7\" target=\"_blank\" rel=\"noreferrer noopener\">Inscr\u00edbete aqu\u00ed<\/a><\/div>\n<\/div>\n","protected":false},"excerpt":{"rendered":"<p>La ciudad de Valpara\u00edso, conocida por su patrimonio hist\u00f3rico, es la cuna de una iniciativa \u00fanica: el portafolio de oficios patrimoniales. Valpara\u00edso, Chile &#8211; El Comit\u00e9 de Patrimonio de Valpara\u00edso Creativo, en colaboraci\u00f3n con la Carrera T\u00e9cnico en Restauraci\u00f3n de Bienes Patrimoniales, Duoc UC Sede Valpara\u00edso, han lanzado una iniciativa \u00fanica en Chile: el portafolio [&hellip;]<\/p>\n","protected":false},"author":1,"featured_media":12981,"comment_status":"open","ping_status":"closed","sticky":false,"template":"","format":"standard","meta":{"_acf_changed":false,"footnotes":""},"categories":[218],"tags":[],"class_list":["post-12940","post","type-post","status-publish","format-standard","has-post-thumbnail","hentry","category-blog"],"acf":[],"yoast_head":"<!-- This site is optimized with the Yoast SEO plugin v27.1.1 - https:\/\/yoast.com\/product\/yoast-seo-wordpress\/ -->\n<title>Portafolio de Oficios Patrimoniales: una plataforma digital para conectar tecnolog\u00eda y tradici\u00f3n - Valpara\u00ed\u00adso Creativo<\/title>\n<meta name=\"robots\" content=\"index, follow, max-snippet:-1, max-image-preview:large, max-video-preview:-1\" \/>\n<link rel=\"canonical\" href=\"https:\/\/dev.antudigital.cl\/sites\/vc\/portafolio-de-oficios-patrimoniales-una-plataforma-digital-para-conectar-tecnologia-y-tradicion\/\" \/>\n<meta property=\"og:locale\" content=\"es_ES\" \/>\n<meta property=\"og:type\" content=\"article\" \/>\n<meta property=\"og:title\" content=\"Portafolio de Oficios Patrimoniales: una plataforma digital para conectar tecnolog\u00eda y tradici\u00f3n - Valpara\u00ed\u00adso Creativo\" \/>\n<meta property=\"og:description\" content=\"La ciudad de Valpara\u00edso, conocida por su patrimonio hist\u00f3rico, es la cuna de una iniciativa \u00fanica: el portafolio de oficios patrimoniales. Valpara\u00edso, Chile &#8211; El Comit\u00e9 de Patrimonio de Valpara\u00edso Creativo, en colaboraci\u00f3n con la Carrera T\u00e9cnico en Restauraci\u00f3n de Bienes Patrimoniales, Duoc UC Sede Valpara\u00edso, han lanzado una iniciativa \u00fanica en Chile: el portafolio [&hellip;]\" \/>\n<meta property=\"og:url\" content=\"https:\/\/dev.antudigital.cl\/sites\/vc\/portafolio-de-oficios-patrimoniales-una-plataforma-digital-para-conectar-tecnologia-y-tradicion\/\" \/>\n<meta property=\"og:site_name\" content=\"Valpara\u00ed\u00adso Creativo\" \/>\n<meta property=\"article:published_time\" content=\"2023-04-04T17:00:50+00:00\" \/>\n<meta property=\"article:modified_time\" content=\"2023-05-26T15:03:24+00:00\" \/>\n<meta property=\"og:image\" content=\"https:\/\/dev.antudigital.cl\/sites\/vc\/wp-content\/uploads\/2023\/04\/Foto_Blog_PORTAFOLIO_OFICIOS_1.jpg\" \/>\n\t<meta property=\"og:image:width\" content=\"920\" \/>\n\t<meta property=\"og:image:height\" content=\"613\" \/>\n\t<meta property=\"og:image:type\" content=\"image\/jpeg\" \/>\n<meta name=\"author\" content=\"Valpara\u00edso Creativo\" \/>\n<meta name=\"twitter:card\" content=\"summary_large_image\" \/>\n<meta name=\"twitter:label1\" content=\"Escrito por\" \/>\n\t<meta name=\"twitter:data1\" content=\"Valpara\u00edso Creativo\" \/>\n\t<meta name=\"twitter:label2\" content=\"Tiempo de lectura\" \/>\n\t<meta name=\"twitter:data2\" content=\"2 minutos\" \/>\n<script type=\"application\/ld+json\" class=\"yoast-schema-graph\">{\"@context\":\"https:\/\/schema.org\",\"@graph\":[{\"@type\":\"Article\",\"@id\":\"https:\/\/dev.antudigital.cl\/sites\/vc\/portafolio-de-oficios-patrimoniales-una-plataforma-digital-para-conectar-tecnologia-y-tradicion\/#article\",\"isPartOf\":{\"@id\":\"https:\/\/dev.antudigital.cl\/sites\/vc\/portafolio-de-oficios-patrimoniales-una-plataforma-digital-para-conectar-tecnologia-y-tradicion\/\"},\"author\":{\"name\":\"Valpara\u00edso Creativo\",\"@id\":\"https:\/\/dev.antudigital.cl\/sites\/vc\/#\/schema\/person\/c2b9da8dd545e27166fc5ab232837318\"},\"headline\":\"Portafolio de Oficios Patrimoniales: una plataforma digital para conectar tecnolog\u00eda y tradici\u00f3n\",\"datePublished\":\"2023-04-04T17:00:50+00:00\",\"dateModified\":\"2023-05-26T15:03:24+00:00\",\"mainEntityOfPage\":{\"@id\":\"https:\/\/dev.antudigital.cl\/sites\/vc\/portafolio-de-oficios-patrimoniales-una-plataforma-digital-para-conectar-tecnologia-y-tradicion\/\"},\"wordCount\":380,\"commentCount\":0,\"image\":{\"@id\":\"https:\/\/dev.antudigital.cl\/sites\/vc\/portafolio-de-oficios-patrimoniales-una-plataforma-digital-para-conectar-tecnologia-y-tradicion\/#primaryimage\"},\"thumbnailUrl\":\"https:\/\/dev.antudigital.cl\/sites\/vc\/wp-content\/uploads\/2023\/04\/Foto_Blog_PORTAFOLIO_OFICIOS_1.jpg\",\"articleSection\":[\"Blog\"],\"inLanguage\":\"es\",\"potentialAction\":[{\"@type\":\"CommentAction\",\"name\":\"Comment\",\"target\":[\"https:\/\/dev.antudigital.cl\/sites\/vc\/portafolio-de-oficios-patrimoniales-una-plataforma-digital-para-conectar-tecnologia-y-tradicion\/#respond\"]}]},{\"@type\":\"WebPage\",\"@id\":\"https:\/\/dev.antudigital.cl\/sites\/vc\/portafolio-de-oficios-patrimoniales-una-plataforma-digital-para-conectar-tecnologia-y-tradicion\/\",\"url\":\"https:\/\/dev.antudigital.cl\/sites\/vc\/portafolio-de-oficios-patrimoniales-una-plataforma-digital-para-conectar-tecnologia-y-tradicion\/\",\"name\":\"Portafolio de Oficios Patrimoniales: una plataforma digital para conectar tecnolog\u00eda y tradici\u00f3n - Valpara\u00ed\u00adso Creativo\",\"isPartOf\":{\"@id\":\"https:\/\/dev.antudigital.cl\/sites\/vc\/#website\"},\"primaryImageOfPage\":{\"@id\":\"https:\/\/dev.antudigital.cl\/sites\/vc\/portafolio-de-oficios-patrimoniales-una-plataforma-digital-para-conectar-tecnologia-y-tradicion\/#primaryimage\"},\"image\":{\"@id\":\"https:\/\/dev.antudigital.cl\/sites\/vc\/portafolio-de-oficios-patrimoniales-una-plataforma-digital-para-conectar-tecnologia-y-tradicion\/#primaryimage\"},\"thumbnailUrl\":\"https:\/\/dev.antudigital.cl\/sites\/vc\/wp-content\/uploads\/2023\/04\/Foto_Blog_PORTAFOLIO_OFICIOS_1.jpg\",\"datePublished\":\"2023-04-04T17:00:50+00:00\",\"dateModified\":\"2023-05-26T15:03:24+00:00\",\"author\":{\"@id\":\"https:\/\/dev.antudigital.cl\/sites\/vc\/#\/schema\/person\/c2b9da8dd545e27166fc5ab232837318\"},\"breadcrumb\":{\"@id\":\"https:\/\/dev.antudigital.cl\/sites\/vc\/portafolio-de-oficios-patrimoniales-una-plataforma-digital-para-conectar-tecnologia-y-tradicion\/#breadcrumb\"},\"inLanguage\":\"es\",\"potentialAction\":[{\"@type\":\"ReadAction\",\"target\":[\"https:\/\/dev.antudigital.cl\/sites\/vc\/portafolio-de-oficios-patrimoniales-una-plataforma-digital-para-conectar-tecnologia-y-tradicion\/\"]}]},{\"@type\":\"ImageObject\",\"inLanguage\":\"es\",\"@id\":\"https:\/\/dev.antudigital.cl\/sites\/vc\/portafolio-de-oficios-patrimoniales-una-plataforma-digital-para-conectar-tecnologia-y-tradicion\/#primaryimage\",\"url\":\"https:\/\/dev.antudigital.cl\/sites\/vc\/wp-content\/uploads\/2023\/04\/Foto_Blog_PORTAFOLIO_OFICIOS_1.jpg\",\"contentUrl\":\"https:\/\/dev.antudigital.cl\/sites\/vc\/wp-content\/uploads\/2023\/04\/Foto_Blog_PORTAFOLIO_OFICIOS_1.jpg\",\"width\":920,\"height\":613,\"caption\":\"Woman pickling wooden chair with glass in workshop\"},{\"@type\":\"BreadcrumbList\",\"@id\":\"https:\/\/dev.antudigital.cl\/sites\/vc\/portafolio-de-oficios-patrimoniales-una-plataforma-digital-para-conectar-tecnologia-y-tradicion\/#breadcrumb\",\"itemListElement\":[{\"@type\":\"ListItem\",\"position\":1,\"name\":\"Home\",\"item\":\"https:\/\/dev.antudigital.cl\/sites\/vc\/\"},{\"@type\":\"ListItem\",\"position\":2,\"name\":\"Portafolio de Oficios Patrimoniales: una plataforma digital para conectar tecnolog\u00eda y tradici\u00f3n\"}]},{\"@type\":\"WebSite\",\"@id\":\"https:\/\/dev.antudigital.cl\/sites\/vc\/#website\",\"url\":\"https:\/\/dev.antudigital.cl\/sites\/vc\/\",\"name\":\"Valpara\u00ed\u00adso Creativo\",\"description\":\"\",\"potentialAction\":[{\"@type\":\"SearchAction\",\"target\":{\"@type\":\"EntryPoint\",\"urlTemplate\":\"https:\/\/dev.antudigital.cl\/sites\/vc\/?s={search_term_string}\"},\"query-input\":{\"@type\":\"PropertyValueSpecification\",\"valueRequired\":true,\"valueName\":\"search_term_string\"}}],\"inLanguage\":\"es\"},{\"@type\":\"Person\",\"@id\":\"https:\/\/dev.antudigital.cl\/sites\/vc\/#\/schema\/person\/c2b9da8dd545e27166fc5ab232837318\",\"name\":\"Valpara\u00edso Creativo\",\"description\":\"Periodista de cultura en la Regi\u00f3n de Valpara\u00edso.\",\"url\":\"https:\/\/dev.antudigital.cl\/sites\/vc\/author\/valpoadmin\/\"}]}<\/script>\n<!-- \/ Yoast SEO plugin. -->","yoast_head_json":{"title":"Portafolio de Oficios Patrimoniales: una plataforma digital para conectar tecnolog\u00eda y tradici\u00f3n - Valpara\u00ed\u00adso Creativo","robots":{"index":"index","follow":"follow","max-snippet":"max-snippet:-1","max-image-preview":"max-image-preview:large","max-video-preview":"max-video-preview:-1"},"canonical":"https:\/\/dev.antudigital.cl\/sites\/vc\/portafolio-de-oficios-patrimoniales-una-plataforma-digital-para-conectar-tecnologia-y-tradicion\/","og_locale":"es_ES","og_type":"article","og_title":"Portafolio de Oficios Patrimoniales: una plataforma digital para conectar tecnolog\u00eda y tradici\u00f3n - Valpara\u00ed\u00adso Creativo","og_description":"La ciudad de Valpara\u00edso, conocida por su patrimonio hist\u00f3rico, es la cuna de una iniciativa \u00fanica: el portafolio de oficios patrimoniales. Valpara\u00edso, Chile &#8211; El Comit\u00e9 de Patrimonio de Valpara\u00edso Creativo, en colaboraci\u00f3n con la Carrera T\u00e9cnico en Restauraci\u00f3n de Bienes Patrimoniales, Duoc UC Sede Valpara\u00edso, han lanzado una iniciativa \u00fanica en Chile: el portafolio [&hellip;]","og_url":"https:\/\/dev.antudigital.cl\/sites\/vc\/portafolio-de-oficios-patrimoniales-una-plataforma-digital-para-conectar-tecnologia-y-tradicion\/","og_site_name":"Valpara\u00ed\u00adso Creativo","article_published_time":"2023-04-04T17:00:50+00:00","article_modified_time":"2023-05-26T15:03:24+00:00","og_image":[{"width":920,"height":613,"url":"https:\/\/dev.antudigital.cl\/sites\/vc\/wp-content\/uploads\/2023\/04\/Foto_Blog_PORTAFOLIO_OFICIOS_1.jpg","type":"image\/jpeg"}],"author":"Valpara\u00edso Creativo","twitter_card":"summary_large_image","twitter_misc":{"Escrito por":"Valpara\u00edso Creativo","Tiempo de lectura":"2 minutos"},"schema":{"@context":"https:\/\/schema.org","@graph":[{"@type":"Article","@id":"https:\/\/dev.antudigital.cl\/sites\/vc\/portafolio-de-oficios-patrimoniales-una-plataforma-digital-para-conectar-tecnologia-y-tradicion\/#article","isPartOf":{"@id":"https:\/\/dev.antudigital.cl\/sites\/vc\/portafolio-de-oficios-patrimoniales-una-plataforma-digital-para-conectar-tecnologia-y-tradicion\/"},"author":{"name":"Valpara\u00edso Creativo","@id":"https:\/\/dev.antudigital.cl\/sites\/vc\/#\/schema\/person\/c2b9da8dd545e27166fc5ab232837318"},"headline":"Portafolio de Oficios Patrimoniales: una plataforma digital para conectar tecnolog\u00eda y tradici\u00f3n","datePublished":"2023-04-04T17:00:50+00:00","dateModified":"2023-05-26T15:03:24+00:00","mainEntityOfPage":{"@id":"https:\/\/dev.antudigital.cl\/sites\/vc\/portafolio-de-oficios-patrimoniales-una-plataforma-digital-para-conectar-tecnologia-y-tradicion\/"},"wordCount":380,"commentCount":0,"image":{"@id":"https:\/\/dev.antudigital.cl\/sites\/vc\/portafolio-de-oficios-patrimoniales-una-plataforma-digital-para-conectar-tecnologia-y-tradicion\/#primaryimage"},"thumbnailUrl":"https:\/\/dev.antudigital.cl\/sites\/vc\/wp-content\/uploads\/2023\/04\/Foto_Blog_PORTAFOLIO_OFICIOS_1.jpg","articleSection":["Blog"],"inLanguage":"es","potentialAction":[{"@type":"CommentAction","name":"Comment","target":["https:\/\/dev.antudigital.cl\/sites\/vc\/portafolio-de-oficios-patrimoniales-una-plataforma-digital-para-conectar-tecnologia-y-tradicion\/#respond"]}]},{"@type":"WebPage","@id":"https:\/\/dev.antudigital.cl\/sites\/vc\/portafolio-de-oficios-patrimoniales-una-plataforma-digital-para-conectar-tecnologia-y-tradicion\/","url":"https:\/\/dev.antudigital.cl\/sites\/vc\/portafolio-de-oficios-patrimoniales-una-plataforma-digital-para-conectar-tecnologia-y-tradicion\/","name":"Portafolio de Oficios Patrimoniales: una plataforma digital para conectar tecnolog\u00eda y tradici\u00f3n - Valpara\u00ed\u00adso Creativo","isPartOf":{"@id":"https:\/\/dev.antudigital.cl\/sites\/vc\/#website"},"primaryImageOfPage":{"@id":"https:\/\/dev.antudigital.cl\/sites\/vc\/portafolio-de-oficios-patrimoniales-una-plataforma-digital-para-conectar-tecnologia-y-tradicion\/#primaryimage"},"image":{"@id":"https:\/\/dev.antudigital.cl\/sites\/vc\/portafolio-de-oficios-patrimoniales-una-plataforma-digital-para-conectar-tecnologia-y-tradicion\/#primaryimage"},"thumbnailUrl":"https:\/\/dev.antudigital.cl\/sites\/vc\/wp-content\/uploads\/2023\/04\/Foto_Blog_PORTAFOLIO_OFICIOS_1.jpg","datePublished":"2023-04-04T17:00:50+00:00","dateModified":"2023-05-26T15:03:24+00:00","author":{"@id":"https:\/\/dev.antudigital.cl\/sites\/vc\/#\/schema\/person\/c2b9da8dd545e27166fc5ab232837318"},"breadcrumb":{"@id":"https:\/\/dev.antudigital.cl\/sites\/vc\/portafolio-de-oficios-patrimoniales-una-plataforma-digital-para-conectar-tecnologia-y-tradicion\/#breadcrumb"},"inLanguage":"es","potentialAction":[{"@type":"ReadAction","target":["https:\/\/dev.antudigital.cl\/sites\/vc\/portafolio-de-oficios-patrimoniales-una-plataforma-digital-para-conectar-tecnologia-y-tradicion\/"]}]},{"@type":"ImageObject","inLanguage":"es","@id":"https:\/\/dev.antudigital.cl\/sites\/vc\/portafolio-de-oficios-patrimoniales-una-plataforma-digital-para-conectar-tecnologia-y-tradicion\/#primaryimage","url":"https:\/\/dev.antudigital.cl\/sites\/vc\/wp-content\/uploads\/2023\/04\/Foto_Blog_PORTAFOLIO_OFICIOS_1.jpg","contentUrl":"https:\/\/dev.antudigital.cl\/sites\/vc\/wp-content\/uploads\/2023\/04\/Foto_Blog_PORTAFOLIO_OFICIOS_1.jpg","width":920,"height":613,"caption":"Woman pickling wooden chair with glass in workshop"},{"@type":"BreadcrumbList","@id":"https:\/\/dev.antudigital.cl\/sites\/vc\/portafolio-de-oficios-patrimoniales-una-plataforma-digital-para-conectar-tecnologia-y-tradicion\/#breadcrumb","itemListElement":[{"@type":"ListItem","position":1,"name":"Home","item":"https:\/\/dev.antudigital.cl\/sites\/vc\/"},{"@type":"ListItem","position":2,"name":"Portafolio de Oficios Patrimoniales: una plataforma digital para conectar tecnolog\u00eda y tradici\u00f3n"}]},{"@type":"WebSite","@id":"https:\/\/dev.antudigital.cl\/sites\/vc\/#website","url":"https:\/\/dev.antudigital.cl\/sites\/vc\/","name":"Valpara\u00ed\u00adso Creativo","description":"","potentialAction":[{"@type":"SearchAction","target":{"@type":"EntryPoint","urlTemplate":"https:\/\/dev.antudigital.cl\/sites\/vc\/?s={search_term_string}"},"query-input":{"@type":"PropertyValueSpecification","valueRequired":true,"valueName":"search_term_string"}}],"inLanguage":"es"},{"@type":"Person","@id":"https:\/\/dev.antudigital.cl\/sites\/vc\/#\/schema\/person\/c2b9da8dd545e27166fc5ab232837318","name":"Valpara\u00edso Creativo","description":"Periodista de cultura en la Regi\u00f3n de Valpara\u00edso.","url":"https:\/\/dev.antudigital.cl\/sites\/vc\/author\/valpoadmin\/"}]}},"_links":{"self":[{"href":"https:\/\/dev.antudigital.cl\/sites\/vc\/wp-json\/wp\/v2\/posts\/12940","targetHints":{"allow":["GET"]}}],"collection":[{"href":"https:\/\/dev.antudigital.cl\/sites\/vc\/wp-json\/wp\/v2\/posts"}],"about":[{"href":"https:\/\/dev.antudigital.cl\/sites\/vc\/wp-json\/wp\/v2\/types\/post"}],"author":[{"embeddable":true,"href":"https:\/\/dev.antudigital.cl\/sites\/vc\/wp-json\/wp\/v2\/users\/1"}],"replies":[{"embeddable":true,"href":"https:\/\/dev.antudigital.cl\/sites\/vc\/wp-json\/wp\/v2\/comments?post=12940"}],"version-history":[{"count":5,"href":"https:\/\/dev.antudigital.cl\/sites\/vc\/wp-json\/wp\/v2\/posts\/12940\/revisions"}],"predecessor-version":[{"id":15501,"href":"https:\/\/dev.antudigital.cl\/sites\/vc\/wp-json\/wp\/v2\/posts\/12940\/revisions\/15501"}],"wp:featuredmedia":[{"embeddable":true,"href":"https:\/\/dev.antudigital.cl\/sites\/vc\/wp-json\/wp\/v2\/media\/12981"}],"wp:attachment":[{"href":"https:\/\/dev.antudigital.cl\/sites\/vc\/wp-json\/wp\/v2\/media?parent=12940"}],"wp:term":[{"taxonomy":"category","embeddable":true,"href":"https:\/\/dev.antudigital.cl\/sites\/vc\/wp-json\/wp\/v2\/categories?post=12940"},{"taxonomy":"post_tag","embeddable":true,"href":"https:\/\/dev.antudigital.cl\/sites\/vc\/wp-json\/wp\/v2\/tags?post=12940"}],"curies":[{"name":"wp","href":"https:\/\/api.w.org\/{rel}","templated":true}]}}