{"id":12949,"date":"2023-04-04T00:05:07","date_gmt":"2023-04-04T00:05:07","guid":{"rendered":"https:\/\/www.valparaisocreativo.cl\/?p=12949"},"modified":"2023-04-04T00:05:11","modified_gmt":"2023-04-04T00:05:11","slug":"narradores-quinta-y-la-para-kultural-te-invitan-a-la-noche-de-cuentos-en-la-para-kultural","status":"publish","type":"post","link":"https:\/\/dev.antudigital.cl\/sites\/vc\/narradores-quinta-y-la-para-kultural-te-invitan-a-la-noche-de-cuentos-en-la-para-kultural\/","title":{"rendered":"Narradores Quinta y La Par\u00e1 Kultural te invitan a\u00a0la Noche de Cuentos en La Par\u00e1 Kultural"},"content":{"rendered":"\n<p>Con dos fechas se presentar\u00e1n narradoras y cuentacuentos que adem\u00e1s de ser de Valpara\u00edso y Vi\u00f1a del Mar, integran la asociaci\u00f3n de Narradores Quinta Regi\u00f3n, las que nos deleitaran&nbsp; con sus diferentes propuestas narrativas para despertar la reflexi\u00f3n y las sensaciones l\u00fadicamente.&nbsp;<\/p>\n\n\n\n<p>El <strong>jueves 30 de marzo <\/strong>a las 20:30 horas tendremos la participaci\u00f3n de la actriz, Directora&nbsp; de la compa\u00f1\u00eda Teatro de Mujeres y Disidencias Migrantes, gestora cultural y comunitaria, Directora y actriz de Ankalli, Artes Esc\u00e9nicas, Co creadora de Vino por la Causa <strong>Gabriela&nbsp; Fern\u00e1ndez Chang con \u00abLa biling\u00fce\u00bb <\/strong>un cuento de integraci\u00f3n, junto a ella se presentar\u00e1&nbsp; la titiritera, clown, actriz de oficio <strong>Montserrat Bartrol\u00ed con \u00abTodas podemos ser&nbsp; hero\u00ednas\u201d <\/strong>un cuento de su autor\u00eda que no te dejar\u00e1 indiferente.&nbsp;<\/p>\n\n\n\n<p>Continuamos el <strong>jueves 13 de abril <\/strong>con <strong>Lorena Bonansea <\/strong>educadora diferencial, narradora&nbsp; por tradici\u00f3n, con un cl\u00e1sico como lo es <strong>\u00abSubterra\u00bb <\/strong>y la <strong>Compa\u00f1\u00eda Luna Cuentame&nbsp; Cuentos<\/strong>, integrada por <strong>Karen Valenzuela Rivera <\/strong>Actriz, licenciada en actuaci\u00f3n teatral.&nbsp; Dedicada a la educaci\u00f3n teatral, danza y narraci\u00f3n oral en contexto escolar y de creaci\u00f3n <strong>y Luis&nbsp; Bustos Gallardo<\/strong>, licenciado en guitarra cl\u00e1sica con una historia para sorprenderse <strong>\u00abLa&nbsp; nueva frecuencia de la Tierra\u00bb&nbsp;<\/strong><\/p>\n\n\n\n<p><strong>D\u00f3nde<\/strong>: La Par\u00e1 Kultural, calle Serrano 452 Valpara\u00edso.&nbsp;<\/p>\n\n\n\n<p>Reservas e informaciones a&nbsp;<\/p>\n\n\n\n<p>&nbsp;<strong>reservasycuentos@gmail.com&nbsp;<\/strong><\/p>\n\n\n\n<p>Est\u00e1 actividad tiene una adhesi\u00f3n de $3.500 sin cover y $5.000 con cover.<\/p>\n\n\n\n<figure class=\"wp-block-image size-large\"><img fetchpriority=\"high\" decoding=\"async\" width=\"1024\" height=\"1024\" src=\"https:\/\/www.valparaisocreativo.cl\/wp-content\/uploads\/2023\/04\/CUENTOS-EN-LA-PARA-KULTURAL1-1024x1024.png\" alt=\"\" class=\"wp-image-12950\" srcset=\"https:\/\/dev.antudigital.cl\/sites\/vc\/wp-content\/uploads\/2023\/04\/CUENTOS-EN-LA-PARA-KULTURAL1-1024x1024.png 1024w, https:\/\/dev.antudigital.cl\/sites\/vc\/wp-content\/uploads\/2023\/04\/CUENTOS-EN-LA-PARA-KULTURAL1-300x300.png 300w, https:\/\/dev.antudigital.cl\/sites\/vc\/wp-content\/uploads\/2023\/04\/CUENTOS-EN-LA-PARA-KULTURAL1-150x150.png 150w, https:\/\/dev.antudigital.cl\/sites\/vc\/wp-content\/uploads\/2023\/04\/CUENTOS-EN-LA-PARA-KULTURAL1-768x768.png 768w, https:\/\/dev.antudigital.cl\/sites\/vc\/wp-content\/uploads\/2023\/04\/CUENTOS-EN-LA-PARA-KULTURAL1-980x980.png 980w, https:\/\/dev.antudigital.cl\/sites\/vc\/wp-content\/uploads\/2023\/04\/CUENTOS-EN-LA-PARA-KULTURAL1-480x480.png 480w, https:\/\/dev.antudigital.cl\/sites\/vc\/wp-content\/uploads\/2023\/04\/CUENTOS-EN-LA-PARA-KULTURAL1.png 1080w\" sizes=\"(max-width: 1024px) 100vw, 1024px\" \/><\/figure>\n","protected":false},"excerpt":{"rendered":"<p>Con dos fechas se presentar\u00e1n narradoras y cuentacuentos que adem\u00e1s de ser de Valpara\u00edso y Vi\u00f1a del Mar, integran la asociaci\u00f3n de Narradores Quinta Regi\u00f3n, las que nos deleitaran&nbsp; con sus diferentes propuestas narrativas para despertar la reflexi\u00f3n y las sensaciones l\u00fadicamente.&nbsp; El jueves 30 de marzo a las 20:30 horas tendremos la participaci\u00f3n de [&hellip;]<\/p>\n","protected":false},"author":1,"featured_media":12951,"comment_status":"open","ping_status":"closed","sticky":false,"template":"","format":"standard","meta":{"_acf_changed":false,"footnotes":""},"categories":[1],"tags":[],"class_list":["post-12949","post","type-post","status-publish","format-standard","has-post-thumbnail","hentry","category-uncategorized"],"acf":[],"yoast_head":"<!-- This site is optimized with the Yoast SEO plugin v27.1.1 - https:\/\/yoast.com\/product\/yoast-seo-wordpress\/ -->\n<title>Narradores Quinta y La Par\u00e1 Kultural te invitan a\u00a0la Noche de Cuentos en La Par\u00e1 Kultural - Valpara\u00ed\u00adso Creativo<\/title>\n<meta name=\"robots\" content=\"index, follow, max-snippet:-1, max-image-preview:large, max-video-preview:-1\" \/>\n<link rel=\"canonical\" href=\"https:\/\/dev.antudigital.cl\/sites\/vc\/narradores-quinta-y-la-para-kultural-te-invitan-a-la-noche-de-cuentos-en-la-para-kultural\/\" \/>\n<meta property=\"og:locale\" content=\"es_ES\" \/>\n<meta property=\"og:type\" content=\"article\" \/>\n<meta property=\"og:title\" content=\"Narradores Quinta y La Par\u00e1 Kultural te invitan a\u00a0la Noche de Cuentos en La Par\u00e1 Kultural - Valpara\u00ed\u00adso Creativo\" \/>\n<meta property=\"og:description\" content=\"Con dos fechas se presentar\u00e1n narradoras y cuentacuentos que adem\u00e1s de ser de Valpara\u00edso y Vi\u00f1a del Mar, integran la asociaci\u00f3n de Narradores Quinta Regi\u00f3n, las que nos deleitaran&nbsp; con sus diferentes propuestas narrativas para despertar la reflexi\u00f3n y las sensaciones l\u00fadicamente.&nbsp; El jueves 30 de marzo a las 20:30 horas tendremos la participaci\u00f3n de [&hellip;]\" \/>\n<meta property=\"og:url\" content=\"https:\/\/dev.antudigital.cl\/sites\/vc\/narradores-quinta-y-la-para-kultural-te-invitan-a-la-noche-de-cuentos-en-la-para-kultural\/\" \/>\n<meta property=\"og:site_name\" content=\"Valpara\u00ed\u00adso Creativo\" \/>\n<meta property=\"article:published_time\" content=\"2023-04-04T00:05:07+00:00\" \/>\n<meta property=\"article:modified_time\" content=\"2023-04-04T00:05:11+00:00\" \/>\n<meta property=\"og:image\" content=\"https:\/\/dev.antudigital.cl\/sites\/vc\/wp-content\/uploads\/2023\/04\/Captura-de-Pantalla-2023-04-03-a-las-20.03.35.png\" \/>\n\t<meta property=\"og:image:width\" content=\"854\" \/>\n\t<meta property=\"og:image:height\" content=\"395\" \/>\n\t<meta property=\"og:image:type\" content=\"image\/png\" \/>\n<meta name=\"author\" content=\"Valpara\u00edso Creativo\" \/>\n<meta name=\"twitter:card\" content=\"summary_large_image\" \/>\n<meta name=\"twitter:label1\" content=\"Escrito por\" \/>\n\t<meta name=\"twitter:data1\" content=\"Valpara\u00edso Creativo\" \/>\n\t<meta name=\"twitter:label2\" content=\"Tiempo de lectura\" \/>\n\t<meta name=\"twitter:data2\" content=\"2 minutos\" \/>\n<script type=\"application\/ld+json\" class=\"yoast-schema-graph\">{\"@context\":\"https:\/\/schema.org\",\"@graph\":[{\"@type\":\"Article\",\"@id\":\"https:\/\/dev.antudigital.cl\/sites\/vc\/narradores-quinta-y-la-para-kultural-te-invitan-a-la-noche-de-cuentos-en-la-para-kultural\/#article\",\"isPartOf\":{\"@id\":\"https:\/\/dev.antudigital.cl\/sites\/vc\/narradores-quinta-y-la-para-kultural-te-invitan-a-la-noche-de-cuentos-en-la-para-kultural\/\"},\"author\":{\"name\":\"Valpara\u00edso Creativo\",\"@id\":\"https:\/\/dev.antudigital.cl\/sites\/vc\/#\/schema\/person\/c2b9da8dd545e27166fc5ab232837318\"},\"headline\":\"Narradores Quinta y La Par\u00e1 Kultural te invitan a\u00a0la Noche de Cuentos en La Par\u00e1 Kultural\",\"datePublished\":\"2023-04-04T00:05:07+00:00\",\"dateModified\":\"2023-04-04T00:05:11+00:00\",\"mainEntityOfPage\":{\"@id\":\"https:\/\/dev.antudigital.cl\/sites\/vc\/narradores-quinta-y-la-para-kultural-te-invitan-a-la-noche-de-cuentos-en-la-para-kultural\/\"},\"wordCount\":277,\"commentCount\":0,\"image\":{\"@id\":\"https:\/\/dev.antudigital.cl\/sites\/vc\/narradores-quinta-y-la-para-kultural-te-invitan-a-la-noche-de-cuentos-en-la-para-kultural\/#primaryimage\"},\"thumbnailUrl\":\"https:\/\/dev.antudigital.cl\/sites\/vc\/wp-content\/uploads\/2023\/04\/Captura-de-Pantalla-2023-04-03-a-las-20.03.35.png\",\"articleSection\":[\"Uncategorized\"],\"inLanguage\":\"es\",\"potentialAction\":[{\"@type\":\"CommentAction\",\"name\":\"Comment\",\"target\":[\"https:\/\/dev.antudigital.cl\/sites\/vc\/narradores-quinta-y-la-para-kultural-te-invitan-a-la-noche-de-cuentos-en-la-para-kultural\/#respond\"]}]},{\"@type\":\"WebPage\",\"@id\":\"https:\/\/dev.antudigital.cl\/sites\/vc\/narradores-quinta-y-la-para-kultural-te-invitan-a-la-noche-de-cuentos-en-la-para-kultural\/\",\"url\":\"https:\/\/dev.antudigital.cl\/sites\/vc\/narradores-quinta-y-la-para-kultural-te-invitan-a-la-noche-de-cuentos-en-la-para-kultural\/\",\"name\":\"Narradores Quinta y La Par\u00e1 Kultural te invitan a\u00a0la Noche de Cuentos en La Par\u00e1 Kultural - Valpara\u00ed\u00adso Creativo\",\"isPartOf\":{\"@id\":\"https:\/\/dev.antudigital.cl\/sites\/vc\/#website\"},\"primaryImageOfPage\":{\"@id\":\"https:\/\/dev.antudigital.cl\/sites\/vc\/narradores-quinta-y-la-para-kultural-te-invitan-a-la-noche-de-cuentos-en-la-para-kultural\/#primaryimage\"},\"image\":{\"@id\":\"https:\/\/dev.antudigital.cl\/sites\/vc\/narradores-quinta-y-la-para-kultural-te-invitan-a-la-noche-de-cuentos-en-la-para-kultural\/#primaryimage\"},\"thumbnailUrl\":\"https:\/\/dev.antudigital.cl\/sites\/vc\/wp-content\/uploads\/2023\/04\/Captura-de-Pantalla-2023-04-03-a-las-20.03.35.png\",\"datePublished\":\"2023-04-04T00:05:07+00:00\",\"dateModified\":\"2023-04-04T00:05:11+00:00\",\"author\":{\"@id\":\"https:\/\/dev.antudigital.cl\/sites\/vc\/#\/schema\/person\/c2b9da8dd545e27166fc5ab232837318\"},\"breadcrumb\":{\"@id\":\"https:\/\/dev.antudigital.cl\/sites\/vc\/narradores-quinta-y-la-para-kultural-te-invitan-a-la-noche-de-cuentos-en-la-para-kultural\/#breadcrumb\"},\"inLanguage\":\"es\",\"potentialAction\":[{\"@type\":\"ReadAction\",\"target\":[\"https:\/\/dev.antudigital.cl\/sites\/vc\/narradores-quinta-y-la-para-kultural-te-invitan-a-la-noche-de-cuentos-en-la-para-kultural\/\"]}]},{\"@type\":\"ImageObject\",\"inLanguage\":\"es\",\"@id\":\"https:\/\/dev.antudigital.cl\/sites\/vc\/narradores-quinta-y-la-para-kultural-te-invitan-a-la-noche-de-cuentos-en-la-para-kultural\/#primaryimage\",\"url\":\"https:\/\/dev.antudigital.cl\/sites\/vc\/wp-content\/uploads\/2023\/04\/Captura-de-Pantalla-2023-04-03-a-las-20.03.35.png\",\"contentUrl\":\"https:\/\/dev.antudigital.cl\/sites\/vc\/wp-content\/uploads\/2023\/04\/Captura-de-Pantalla-2023-04-03-a-las-20.03.35.png\",\"width\":854,\"height\":395},{\"@type\":\"BreadcrumbList\",\"@id\":\"https:\/\/dev.antudigital.cl\/sites\/vc\/narradores-quinta-y-la-para-kultural-te-invitan-a-la-noche-de-cuentos-en-la-para-kultural\/#breadcrumb\",\"itemListElement\":[{\"@type\":\"ListItem\",\"position\":1,\"name\":\"Home\",\"item\":\"https:\/\/dev.antudigital.cl\/sites\/vc\/\"},{\"@type\":\"ListItem\",\"position\":2,\"name\":\"Narradores Quinta y La Par\u00e1 Kultural te invitan a\u00a0la Noche de Cuentos en La Par\u00e1 Kultural\"}]},{\"@type\":\"WebSite\",\"@id\":\"https:\/\/dev.antudigital.cl\/sites\/vc\/#website\",\"url\":\"https:\/\/dev.antudigital.cl\/sites\/vc\/\",\"name\":\"Valpara\u00ed\u00adso Creativo\",\"description\":\"\",\"potentialAction\":[{\"@type\":\"SearchAction\",\"target\":{\"@type\":\"EntryPoint\",\"urlTemplate\":\"https:\/\/dev.antudigital.cl\/sites\/vc\/?s={search_term_string}\"},\"query-input\":{\"@type\":\"PropertyValueSpecification\",\"valueRequired\":true,\"valueName\":\"search_term_string\"}}],\"inLanguage\":\"es\"},{\"@type\":\"Person\",\"@id\":\"https:\/\/dev.antudigital.cl\/sites\/vc\/#\/schema\/person\/c2b9da8dd545e27166fc5ab232837318\",\"name\":\"Valpara\u00edso Creativo\",\"description\":\"Periodista de cultura en la Regi\u00f3n de Valpara\u00edso.\",\"url\":\"https:\/\/dev.antudigital.cl\/sites\/vc\/author\/valpoadmin\/\"}]}<\/script>\n<!-- \/ Yoast SEO plugin. -->","yoast_head_json":{"title":"Narradores Quinta y La Par\u00e1 Kultural te invitan a\u00a0la Noche de Cuentos en La Par\u00e1 Kultural - Valpara\u00ed\u00adso Creativo","robots":{"index":"index","follow":"follow","max-snippet":"max-snippet:-1","max-image-preview":"max-image-preview:large","max-video-preview":"max-video-preview:-1"},"canonical":"https:\/\/dev.antudigital.cl\/sites\/vc\/narradores-quinta-y-la-para-kultural-te-invitan-a-la-noche-de-cuentos-en-la-para-kultural\/","og_locale":"es_ES","og_type":"article","og_title":"Narradores Quinta y La Par\u00e1 Kultural te invitan a\u00a0la Noche de Cuentos en La Par\u00e1 Kultural - Valpara\u00ed\u00adso Creativo","og_description":"Con dos fechas se presentar\u00e1n narradoras y cuentacuentos que adem\u00e1s de ser de Valpara\u00edso y Vi\u00f1a del Mar, integran la asociaci\u00f3n de Narradores Quinta Regi\u00f3n, las que nos deleitaran&nbsp; con sus diferentes propuestas narrativas para despertar la reflexi\u00f3n y las sensaciones l\u00fadicamente.&nbsp; El jueves 30 de marzo a las 20:30 horas tendremos la participaci\u00f3n de [&hellip;]","og_url":"https:\/\/dev.antudigital.cl\/sites\/vc\/narradores-quinta-y-la-para-kultural-te-invitan-a-la-noche-de-cuentos-en-la-para-kultural\/","og_site_name":"Valpara\u00ed\u00adso Creativo","article_published_time":"2023-04-04T00:05:07+00:00","article_modified_time":"2023-04-04T00:05:11+00:00","og_image":[{"width":854,"height":395,"url":"https:\/\/dev.antudigital.cl\/sites\/vc\/wp-content\/uploads\/2023\/04\/Captura-de-Pantalla-2023-04-03-a-las-20.03.35.png","type":"image\/png"}],"author":"Valpara\u00edso Creativo","twitter_card":"summary_large_image","twitter_misc":{"Escrito por":"Valpara\u00edso Creativo","Tiempo de lectura":"2 minutos"},"schema":{"@context":"https:\/\/schema.org","@graph":[{"@type":"Article","@id":"https:\/\/dev.antudigital.cl\/sites\/vc\/narradores-quinta-y-la-para-kultural-te-invitan-a-la-noche-de-cuentos-en-la-para-kultural\/#article","isPartOf":{"@id":"https:\/\/dev.antudigital.cl\/sites\/vc\/narradores-quinta-y-la-para-kultural-te-invitan-a-la-noche-de-cuentos-en-la-para-kultural\/"},"author":{"name":"Valpara\u00edso Creativo","@id":"https:\/\/dev.antudigital.cl\/sites\/vc\/#\/schema\/person\/c2b9da8dd545e27166fc5ab232837318"},"headline":"Narradores Quinta y La Par\u00e1 Kultural te invitan a\u00a0la Noche de Cuentos en La Par\u00e1 Kultural","datePublished":"2023-04-04T00:05:07+00:00","dateModified":"2023-04-04T00:05:11+00:00","mainEntityOfPage":{"@id":"https:\/\/dev.antudigital.cl\/sites\/vc\/narradores-quinta-y-la-para-kultural-te-invitan-a-la-noche-de-cuentos-en-la-para-kultural\/"},"wordCount":277,"commentCount":0,"image":{"@id":"https:\/\/dev.antudigital.cl\/sites\/vc\/narradores-quinta-y-la-para-kultural-te-invitan-a-la-noche-de-cuentos-en-la-para-kultural\/#primaryimage"},"thumbnailUrl":"https:\/\/dev.antudigital.cl\/sites\/vc\/wp-content\/uploads\/2023\/04\/Captura-de-Pantalla-2023-04-03-a-las-20.03.35.png","articleSection":["Uncategorized"],"inLanguage":"es","potentialAction":[{"@type":"CommentAction","name":"Comment","target":["https:\/\/dev.antudigital.cl\/sites\/vc\/narradores-quinta-y-la-para-kultural-te-invitan-a-la-noche-de-cuentos-en-la-para-kultural\/#respond"]}]},{"@type":"WebPage","@id":"https:\/\/dev.antudigital.cl\/sites\/vc\/narradores-quinta-y-la-para-kultural-te-invitan-a-la-noche-de-cuentos-en-la-para-kultural\/","url":"https:\/\/dev.antudigital.cl\/sites\/vc\/narradores-quinta-y-la-para-kultural-te-invitan-a-la-noche-de-cuentos-en-la-para-kultural\/","name":"Narradores Quinta y La Par\u00e1 Kultural te invitan a\u00a0la Noche de Cuentos en La Par\u00e1 Kultural - Valpara\u00ed\u00adso Creativo","isPartOf":{"@id":"https:\/\/dev.antudigital.cl\/sites\/vc\/#website"},"primaryImageOfPage":{"@id":"https:\/\/dev.antudigital.cl\/sites\/vc\/narradores-quinta-y-la-para-kultural-te-invitan-a-la-noche-de-cuentos-en-la-para-kultural\/#primaryimage"},"image":{"@id":"https:\/\/dev.antudigital.cl\/sites\/vc\/narradores-quinta-y-la-para-kultural-te-invitan-a-la-noche-de-cuentos-en-la-para-kultural\/#primaryimage"},"thumbnailUrl":"https:\/\/dev.antudigital.cl\/sites\/vc\/wp-content\/uploads\/2023\/04\/Captura-de-Pantalla-2023-04-03-a-las-20.03.35.png","datePublished":"2023-04-04T00:05:07+00:00","dateModified":"2023-04-04T00:05:11+00:00","author":{"@id":"https:\/\/dev.antudigital.cl\/sites\/vc\/#\/schema\/person\/c2b9da8dd545e27166fc5ab232837318"},"breadcrumb":{"@id":"https:\/\/dev.antudigital.cl\/sites\/vc\/narradores-quinta-y-la-para-kultural-te-invitan-a-la-noche-de-cuentos-en-la-para-kultural\/#breadcrumb"},"inLanguage":"es","potentialAction":[{"@type":"ReadAction","target":["https:\/\/dev.antudigital.cl\/sites\/vc\/narradores-quinta-y-la-para-kultural-te-invitan-a-la-noche-de-cuentos-en-la-para-kultural\/"]}]},{"@type":"ImageObject","inLanguage":"es","@id":"https:\/\/dev.antudigital.cl\/sites\/vc\/narradores-quinta-y-la-para-kultural-te-invitan-a-la-noche-de-cuentos-en-la-para-kultural\/#primaryimage","url":"https:\/\/dev.antudigital.cl\/sites\/vc\/wp-content\/uploads\/2023\/04\/Captura-de-Pantalla-2023-04-03-a-las-20.03.35.png","contentUrl":"https:\/\/dev.antudigital.cl\/sites\/vc\/wp-content\/uploads\/2023\/04\/Captura-de-Pantalla-2023-04-03-a-las-20.03.35.png","width":854,"height":395},{"@type":"BreadcrumbList","@id":"https:\/\/dev.antudigital.cl\/sites\/vc\/narradores-quinta-y-la-para-kultural-te-invitan-a-la-noche-de-cuentos-en-la-para-kultural\/#breadcrumb","itemListElement":[{"@type":"ListItem","position":1,"name":"Home","item":"https:\/\/dev.antudigital.cl\/sites\/vc\/"},{"@type":"ListItem","position":2,"name":"Narradores Quinta y La Par\u00e1 Kultural te invitan a\u00a0la Noche de Cuentos en La Par\u00e1 Kultural"}]},{"@type":"WebSite","@id":"https:\/\/dev.antudigital.cl\/sites\/vc\/#website","url":"https:\/\/dev.antudigital.cl\/sites\/vc\/","name":"Valpara\u00ed\u00adso Creativo","description":"","potentialAction":[{"@type":"SearchAction","target":{"@type":"EntryPoint","urlTemplate":"https:\/\/dev.antudigital.cl\/sites\/vc\/?s={search_term_string}"},"query-input":{"@type":"PropertyValueSpecification","valueRequired":true,"valueName":"search_term_string"}}],"inLanguage":"es"},{"@type":"Person","@id":"https:\/\/dev.antudigital.cl\/sites\/vc\/#\/schema\/person\/c2b9da8dd545e27166fc5ab232837318","name":"Valpara\u00edso Creativo","description":"Periodista de cultura en la Regi\u00f3n de Valpara\u00edso.","url":"https:\/\/dev.antudigital.cl\/sites\/vc\/author\/valpoadmin\/"}]}},"_links":{"self":[{"href":"https:\/\/dev.antudigital.cl\/sites\/vc\/wp-json\/wp\/v2\/posts\/12949","targetHints":{"allow":["GET"]}}],"collection":[{"href":"https:\/\/dev.antudigital.cl\/sites\/vc\/wp-json\/wp\/v2\/posts"}],"about":[{"href":"https:\/\/dev.antudigital.cl\/sites\/vc\/wp-json\/wp\/v2\/types\/post"}],"author":[{"embeddable":true,"href":"https:\/\/dev.antudigital.cl\/sites\/vc\/wp-json\/wp\/v2\/users\/1"}],"replies":[{"embeddable":true,"href":"https:\/\/dev.antudigital.cl\/sites\/vc\/wp-json\/wp\/v2\/comments?post=12949"}],"version-history":[{"count":1,"href":"https:\/\/dev.antudigital.cl\/sites\/vc\/wp-json\/wp\/v2\/posts\/12949\/revisions"}],"predecessor-version":[{"id":12952,"href":"https:\/\/dev.antudigital.cl\/sites\/vc\/wp-json\/wp\/v2\/posts\/12949\/revisions\/12952"}],"wp:featuredmedia":[{"embeddable":true,"href":"https:\/\/dev.antudigital.cl\/sites\/vc\/wp-json\/wp\/v2\/media\/12951"}],"wp:attachment":[{"href":"https:\/\/dev.antudigital.cl\/sites\/vc\/wp-json\/wp\/v2\/media?parent=12949"}],"wp:term":[{"taxonomy":"category","embeddable":true,"href":"https:\/\/dev.antudigital.cl\/sites\/vc\/wp-json\/wp\/v2\/categories?post=12949"},{"taxonomy":"post_tag","embeddable":true,"href":"https:\/\/dev.antudigital.cl\/sites\/vc\/wp-json\/wp\/v2\/tags?post=12949"}],"curies":[{"name":"wp","href":"https:\/\/api.w.org\/{rel}","templated":true}]}}