{"id":12968,"date":"2023-04-04T00:39:28","date_gmt":"2023-04-04T00:39:28","guid":{"rendered":"https:\/\/www.valparaisocreativo.cl\/?p=12968"},"modified":"2023-04-04T00:39:32","modified_gmt":"2023-04-04T00:39:32","slug":"convocatoria-fortalecimiento-de-asociaciones-gremiales-region-de-valparaiso","status":"publish","type":"post","link":"https:\/\/dev.antudigital.cl\/sites\/vc\/convocatoria-fortalecimiento-de-asociaciones-gremiales-region-de-valparaiso\/","title":{"rendered":"Convocatoria: Fortalecimiento de asociaciones gremiales regi\u00f3n de Valpara\u00edso"},"content":{"rendered":"\n<p>Es un fondo concursable disponible en todas las regiones del pa\u00eds, que apoya el fortalecimiento de organizaciones representativas de micro y peque\u00f1as empresas, el mejoramiento de sus capacidades de gesti\u00f3n y la generaci\u00f3n de nuevos y mejores productos y\/o servicios para las pymes asociadas.<\/p>\n\n\n\n<p>Se busca que, a trav\u00e9s de los productos y servicios que estas organizaciones ofrecen a sus asociados, puedan abordar mejor y de manera conjunta, los desaf\u00edos y oportunidades que plantean las nuevas tendencias empresariales en el mundo, como la innovaci\u00f3n, la digitalizaci\u00f3n, la automatizaci\u00f3n, el cambio clim\u00e1tico y la sostenibilidad.<\/p>\n\n\n\n<h3 class=\"wp-block-heading\">\u00bfQu\u00e9 apoyo entrega?<\/h3>\n\n\n\n<p>Un subsidio no reembolsable de hasta $10 millones que financia la implementaci\u00f3n de un proyecto en los siguientes \u00e1mbitos:<\/p>\n\n\n\n<ul class=\"wp-block-list\">\n<li><strong>Gesti\u00f3n empresarial:<\/strong>&nbsp;asistencia t\u00e9cnica y asesor\u00eda en gesti\u00f3n, capacitaci\u00f3n, ferias, exposiciones, eventos, seminarios, misiones comerciales y\/o tecnol\u00f3gicas, visitas y pasant\u00edas, estudios, catastros, evaluaciones, acciones de marketing, publicidad y difusi\u00f3n.<\/li>\n\n\n\n<li><strong>Inversiones:&nbsp;<\/strong>compra de activos fijos e intangibles y la habilitaci\u00f3n de infraestructura y construcciones.<\/li>\n\n\n\n<li><strong>Capital de trabajo:<\/strong>\u00a0gastos de remuneraciones y honorarios, arriendo, servicios y\/o consumos generales.<\/li>\n<\/ul>\n\n\n\n<p>Aporte empresarial: 15% del monto del subsidio Sercotec.<\/p>\n\n\n\n<h3 class=\"wp-block-heading\">\u00bfA qui\u00e9nes va dirigido?<\/h3>\n\n\n\n<p>Pueden postular asociaciones gremiales, federaciones regionales, c\u00e1maras de comercio, c\u00e1maras de turismo, corporaciones y sindicatos de trabajadores independientes con fines productivos o de servicios, que se encuentren legalmente vigentes, y cuyas ventas netas anuales no superen las 25.000 UF en caso de tener iniciaci\u00f3n de actividades.<\/p>\n\n\n\n<h3 class=\"wp-block-heading\">\u00bfC\u00f3mo postular?<\/h3>\n\n\n\n<ol class=\"wp-block-list\">\n<li>Registrarse como usuario o usuaria de Sercotec y vincular su perfil con la organizaci\u00f3n postulante.<\/li>\n\n\n\n<li>Descargar y leer detenidamente la<\/li>\n\n\n\n<li>s bases del programa y anexos de la convocatoria.<\/li>\n\n\n\n<li>Completar y enviar la ficha de postulaci\u00f3n y los documentos requeridos, verificando que cumplan con el formato, contenido y firmas solicitadas, en el plazo establecido.<\/li>\n<\/ol>\n\n\n\n<p>M\u00e1s informaci\u00f3n <a href=\"https:\/\/www.sercotec.cl\/fortalecimiento-de-asociaciones-gremiales-region-de-valparaiso\/\">en el siguiente link<\/a><\/p>\n","protected":false},"excerpt":{"rendered":"<p>Es un fondo concursable disponible en todas las regiones del pa\u00eds, que apoya el fortalecimiento de organizaciones representativas de micro y peque\u00f1as empresas, el mejoramiento de sus capacidades de gesti\u00f3n y la generaci\u00f3n de nuevos y mejores productos y\/o servicios para las pymes asociadas. Se busca que, a trav\u00e9s de los productos y servicios que [&hellip;]<\/p>\n","protected":false},"author":1,"featured_media":12969,"comment_status":"open","ping_status":"closed","sticky":false,"template":"","format":"standard","meta":{"_acf_changed":false,"footnotes":""},"categories":[1],"tags":[],"class_list":["post-12968","post","type-post","status-publish","format-standard","has-post-thumbnail","hentry","category-uncategorized"],"acf":[],"yoast_head":"<!-- This site is optimized with the Yoast SEO plugin v27.1.1 - https:\/\/yoast.com\/product\/yoast-seo-wordpress\/ -->\n<title>Convocatoria: Fortalecimiento de asociaciones gremiales regi\u00f3n de Valpara\u00edso - Valpara\u00ed\u00adso Creativo<\/title>\n<meta name=\"robots\" content=\"index, follow, max-snippet:-1, max-image-preview:large, max-video-preview:-1\" \/>\n<link rel=\"canonical\" href=\"https:\/\/dev.antudigital.cl\/sites\/vc\/convocatoria-fortalecimiento-de-asociaciones-gremiales-region-de-valparaiso\/\" \/>\n<meta property=\"og:locale\" content=\"es_ES\" \/>\n<meta property=\"og:type\" content=\"article\" \/>\n<meta property=\"og:title\" content=\"Convocatoria: Fortalecimiento de asociaciones gremiales regi\u00f3n de Valpara\u00edso - Valpara\u00ed\u00adso Creativo\" \/>\n<meta property=\"og:description\" content=\"Es un fondo concursable disponible en todas las regiones del pa\u00eds, que apoya el fortalecimiento de organizaciones representativas de micro y peque\u00f1as empresas, el mejoramiento de sus capacidades de gesti\u00f3n y la generaci\u00f3n de nuevos y mejores productos y\/o servicios para las pymes asociadas. Se busca que, a trav\u00e9s de los productos y servicios que [&hellip;]\" \/>\n<meta property=\"og:url\" content=\"https:\/\/dev.antudigital.cl\/sites\/vc\/convocatoria-fortalecimiento-de-asociaciones-gremiales-region-de-valparaiso\/\" \/>\n<meta property=\"og:site_name\" content=\"Valpara\u00ed\u00adso Creativo\" \/>\n<meta property=\"article:published_time\" content=\"2023-04-04T00:39:28+00:00\" \/>\n<meta property=\"article:modified_time\" content=\"2023-04-04T00:39:32+00:00\" \/>\n<meta property=\"og:image\" content=\"https:\/\/dev.antudigital.cl\/sites\/vc\/wp-content\/uploads\/2023\/04\/Captura-de-Pantalla-2023-04-03-a-las-20.38.03.png\" \/>\n\t<meta property=\"og:image:width\" content=\"1103\" \/>\n\t<meta property=\"og:image:height\" content=\"281\" \/>\n\t<meta property=\"og:image:type\" content=\"image\/png\" \/>\n<meta name=\"author\" content=\"Valpara\u00edso Creativo\" \/>\n<meta name=\"twitter:card\" content=\"summary_large_image\" \/>\n<meta name=\"twitter:label1\" content=\"Escrito por\" \/>\n\t<meta name=\"twitter:data1\" content=\"Valpara\u00edso Creativo\" \/>\n\t<meta name=\"twitter:label2\" content=\"Tiempo de lectura\" \/>\n\t<meta name=\"twitter:data2\" content=\"2 minutos\" \/>\n<script type=\"application\/ld+json\" class=\"yoast-schema-graph\">{\"@context\":\"https:\/\/schema.org\",\"@graph\":[{\"@type\":\"Article\",\"@id\":\"https:\/\/dev.antudigital.cl\/sites\/vc\/convocatoria-fortalecimiento-de-asociaciones-gremiales-region-de-valparaiso\/#article\",\"isPartOf\":{\"@id\":\"https:\/\/dev.antudigital.cl\/sites\/vc\/convocatoria-fortalecimiento-de-asociaciones-gremiales-region-de-valparaiso\/\"},\"author\":{\"name\":\"Valpara\u00edso Creativo\",\"@id\":\"https:\/\/dev.antudigital.cl\/sites\/vc\/#\/schema\/person\/c2b9da8dd545e27166fc5ab232837318\"},\"headline\":\"Convocatoria: Fortalecimiento de asociaciones gremiales regi\u00f3n de Valpara\u00edso\",\"datePublished\":\"2023-04-04T00:39:28+00:00\",\"dateModified\":\"2023-04-04T00:39:32+00:00\",\"mainEntityOfPage\":{\"@id\":\"https:\/\/dev.antudigital.cl\/sites\/vc\/convocatoria-fortalecimiento-de-asociaciones-gremiales-region-de-valparaiso\/\"},\"wordCount\":333,\"commentCount\":0,\"image\":{\"@id\":\"https:\/\/dev.antudigital.cl\/sites\/vc\/convocatoria-fortalecimiento-de-asociaciones-gremiales-region-de-valparaiso\/#primaryimage\"},\"thumbnailUrl\":\"https:\/\/dev.antudigital.cl\/sites\/vc\/wp-content\/uploads\/2023\/04\/Captura-de-Pantalla-2023-04-03-a-las-20.38.03.png\",\"articleSection\":[\"Uncategorized\"],\"inLanguage\":\"es\",\"potentialAction\":[{\"@type\":\"CommentAction\",\"name\":\"Comment\",\"target\":[\"https:\/\/dev.antudigital.cl\/sites\/vc\/convocatoria-fortalecimiento-de-asociaciones-gremiales-region-de-valparaiso\/#respond\"]}]},{\"@type\":\"WebPage\",\"@id\":\"https:\/\/dev.antudigital.cl\/sites\/vc\/convocatoria-fortalecimiento-de-asociaciones-gremiales-region-de-valparaiso\/\",\"url\":\"https:\/\/dev.antudigital.cl\/sites\/vc\/convocatoria-fortalecimiento-de-asociaciones-gremiales-region-de-valparaiso\/\",\"name\":\"Convocatoria: Fortalecimiento de asociaciones gremiales regi\u00f3n de Valpara\u00edso - Valpara\u00ed\u00adso Creativo\",\"isPartOf\":{\"@id\":\"https:\/\/dev.antudigital.cl\/sites\/vc\/#website\"},\"primaryImageOfPage\":{\"@id\":\"https:\/\/dev.antudigital.cl\/sites\/vc\/convocatoria-fortalecimiento-de-asociaciones-gremiales-region-de-valparaiso\/#primaryimage\"},\"image\":{\"@id\":\"https:\/\/dev.antudigital.cl\/sites\/vc\/convocatoria-fortalecimiento-de-asociaciones-gremiales-region-de-valparaiso\/#primaryimage\"},\"thumbnailUrl\":\"https:\/\/dev.antudigital.cl\/sites\/vc\/wp-content\/uploads\/2023\/04\/Captura-de-Pantalla-2023-04-03-a-las-20.38.03.png\",\"datePublished\":\"2023-04-04T00:39:28+00:00\",\"dateModified\":\"2023-04-04T00:39:32+00:00\",\"author\":{\"@id\":\"https:\/\/dev.antudigital.cl\/sites\/vc\/#\/schema\/person\/c2b9da8dd545e27166fc5ab232837318\"},\"breadcrumb\":{\"@id\":\"https:\/\/dev.antudigital.cl\/sites\/vc\/convocatoria-fortalecimiento-de-asociaciones-gremiales-region-de-valparaiso\/#breadcrumb\"},\"inLanguage\":\"es\",\"potentialAction\":[{\"@type\":\"ReadAction\",\"target\":[\"https:\/\/dev.antudigital.cl\/sites\/vc\/convocatoria-fortalecimiento-de-asociaciones-gremiales-region-de-valparaiso\/\"]}]},{\"@type\":\"ImageObject\",\"inLanguage\":\"es\",\"@id\":\"https:\/\/dev.antudigital.cl\/sites\/vc\/convocatoria-fortalecimiento-de-asociaciones-gremiales-region-de-valparaiso\/#primaryimage\",\"url\":\"https:\/\/dev.antudigital.cl\/sites\/vc\/wp-content\/uploads\/2023\/04\/Captura-de-Pantalla-2023-04-03-a-las-20.38.03.png\",\"contentUrl\":\"https:\/\/dev.antudigital.cl\/sites\/vc\/wp-content\/uploads\/2023\/04\/Captura-de-Pantalla-2023-04-03-a-las-20.38.03.png\",\"width\":1103,\"height\":281},{\"@type\":\"BreadcrumbList\",\"@id\":\"https:\/\/dev.antudigital.cl\/sites\/vc\/convocatoria-fortalecimiento-de-asociaciones-gremiales-region-de-valparaiso\/#breadcrumb\",\"itemListElement\":[{\"@type\":\"ListItem\",\"position\":1,\"name\":\"Home\",\"item\":\"https:\/\/dev.antudigital.cl\/sites\/vc\/\"},{\"@type\":\"ListItem\",\"position\":2,\"name\":\"Convocatoria: Fortalecimiento de asociaciones gremiales regi\u00f3n de Valpara\u00edso\"}]},{\"@type\":\"WebSite\",\"@id\":\"https:\/\/dev.antudigital.cl\/sites\/vc\/#website\",\"url\":\"https:\/\/dev.antudigital.cl\/sites\/vc\/\",\"name\":\"Valpara\u00ed\u00adso Creativo\",\"description\":\"\",\"potentialAction\":[{\"@type\":\"SearchAction\",\"target\":{\"@type\":\"EntryPoint\",\"urlTemplate\":\"https:\/\/dev.antudigital.cl\/sites\/vc\/?s={search_term_string}\"},\"query-input\":{\"@type\":\"PropertyValueSpecification\",\"valueRequired\":true,\"valueName\":\"search_term_string\"}}],\"inLanguage\":\"es\"},{\"@type\":\"Person\",\"@id\":\"https:\/\/dev.antudigital.cl\/sites\/vc\/#\/schema\/person\/c2b9da8dd545e27166fc5ab232837318\",\"name\":\"Valpara\u00edso Creativo\",\"description\":\"Periodista de cultura en la Regi\u00f3n de Valpara\u00edso.\",\"url\":\"https:\/\/dev.antudigital.cl\/sites\/vc\/author\/valpoadmin\/\"}]}<\/script>\n<!-- \/ Yoast SEO plugin. -->","yoast_head_json":{"title":"Convocatoria: Fortalecimiento de asociaciones gremiales regi\u00f3n de Valpara\u00edso - Valpara\u00ed\u00adso Creativo","robots":{"index":"index","follow":"follow","max-snippet":"max-snippet:-1","max-image-preview":"max-image-preview:large","max-video-preview":"max-video-preview:-1"},"canonical":"https:\/\/dev.antudigital.cl\/sites\/vc\/convocatoria-fortalecimiento-de-asociaciones-gremiales-region-de-valparaiso\/","og_locale":"es_ES","og_type":"article","og_title":"Convocatoria: Fortalecimiento de asociaciones gremiales regi\u00f3n de Valpara\u00edso - Valpara\u00ed\u00adso Creativo","og_description":"Es un fondo concursable disponible en todas las regiones del pa\u00eds, que apoya el fortalecimiento de organizaciones representativas de micro y peque\u00f1as empresas, el mejoramiento de sus capacidades de gesti\u00f3n y la generaci\u00f3n de nuevos y mejores productos y\/o servicios para las pymes asociadas. Se busca que, a trav\u00e9s de los productos y servicios que [&hellip;]","og_url":"https:\/\/dev.antudigital.cl\/sites\/vc\/convocatoria-fortalecimiento-de-asociaciones-gremiales-region-de-valparaiso\/","og_site_name":"Valpara\u00ed\u00adso Creativo","article_published_time":"2023-04-04T00:39:28+00:00","article_modified_time":"2023-04-04T00:39:32+00:00","og_image":[{"width":1103,"height":281,"url":"https:\/\/dev.antudigital.cl\/sites\/vc\/wp-content\/uploads\/2023\/04\/Captura-de-Pantalla-2023-04-03-a-las-20.38.03.png","type":"image\/png"}],"author":"Valpara\u00edso Creativo","twitter_card":"summary_large_image","twitter_misc":{"Escrito por":"Valpara\u00edso Creativo","Tiempo de lectura":"2 minutos"},"schema":{"@context":"https:\/\/schema.org","@graph":[{"@type":"Article","@id":"https:\/\/dev.antudigital.cl\/sites\/vc\/convocatoria-fortalecimiento-de-asociaciones-gremiales-region-de-valparaiso\/#article","isPartOf":{"@id":"https:\/\/dev.antudigital.cl\/sites\/vc\/convocatoria-fortalecimiento-de-asociaciones-gremiales-region-de-valparaiso\/"},"author":{"name":"Valpara\u00edso Creativo","@id":"https:\/\/dev.antudigital.cl\/sites\/vc\/#\/schema\/person\/c2b9da8dd545e27166fc5ab232837318"},"headline":"Convocatoria: Fortalecimiento de asociaciones gremiales regi\u00f3n de Valpara\u00edso","datePublished":"2023-04-04T00:39:28+00:00","dateModified":"2023-04-04T00:39:32+00:00","mainEntityOfPage":{"@id":"https:\/\/dev.antudigital.cl\/sites\/vc\/convocatoria-fortalecimiento-de-asociaciones-gremiales-region-de-valparaiso\/"},"wordCount":333,"commentCount":0,"image":{"@id":"https:\/\/dev.antudigital.cl\/sites\/vc\/convocatoria-fortalecimiento-de-asociaciones-gremiales-region-de-valparaiso\/#primaryimage"},"thumbnailUrl":"https:\/\/dev.antudigital.cl\/sites\/vc\/wp-content\/uploads\/2023\/04\/Captura-de-Pantalla-2023-04-03-a-las-20.38.03.png","articleSection":["Uncategorized"],"inLanguage":"es","potentialAction":[{"@type":"CommentAction","name":"Comment","target":["https:\/\/dev.antudigital.cl\/sites\/vc\/convocatoria-fortalecimiento-de-asociaciones-gremiales-region-de-valparaiso\/#respond"]}]},{"@type":"WebPage","@id":"https:\/\/dev.antudigital.cl\/sites\/vc\/convocatoria-fortalecimiento-de-asociaciones-gremiales-region-de-valparaiso\/","url":"https:\/\/dev.antudigital.cl\/sites\/vc\/convocatoria-fortalecimiento-de-asociaciones-gremiales-region-de-valparaiso\/","name":"Convocatoria: Fortalecimiento de asociaciones gremiales regi\u00f3n de Valpara\u00edso - Valpara\u00ed\u00adso Creativo","isPartOf":{"@id":"https:\/\/dev.antudigital.cl\/sites\/vc\/#website"},"primaryImageOfPage":{"@id":"https:\/\/dev.antudigital.cl\/sites\/vc\/convocatoria-fortalecimiento-de-asociaciones-gremiales-region-de-valparaiso\/#primaryimage"},"image":{"@id":"https:\/\/dev.antudigital.cl\/sites\/vc\/convocatoria-fortalecimiento-de-asociaciones-gremiales-region-de-valparaiso\/#primaryimage"},"thumbnailUrl":"https:\/\/dev.antudigital.cl\/sites\/vc\/wp-content\/uploads\/2023\/04\/Captura-de-Pantalla-2023-04-03-a-las-20.38.03.png","datePublished":"2023-04-04T00:39:28+00:00","dateModified":"2023-04-04T00:39:32+00:00","author":{"@id":"https:\/\/dev.antudigital.cl\/sites\/vc\/#\/schema\/person\/c2b9da8dd545e27166fc5ab232837318"},"breadcrumb":{"@id":"https:\/\/dev.antudigital.cl\/sites\/vc\/convocatoria-fortalecimiento-de-asociaciones-gremiales-region-de-valparaiso\/#breadcrumb"},"inLanguage":"es","potentialAction":[{"@type":"ReadAction","target":["https:\/\/dev.antudigital.cl\/sites\/vc\/convocatoria-fortalecimiento-de-asociaciones-gremiales-region-de-valparaiso\/"]}]},{"@type":"ImageObject","inLanguage":"es","@id":"https:\/\/dev.antudigital.cl\/sites\/vc\/convocatoria-fortalecimiento-de-asociaciones-gremiales-region-de-valparaiso\/#primaryimage","url":"https:\/\/dev.antudigital.cl\/sites\/vc\/wp-content\/uploads\/2023\/04\/Captura-de-Pantalla-2023-04-03-a-las-20.38.03.png","contentUrl":"https:\/\/dev.antudigital.cl\/sites\/vc\/wp-content\/uploads\/2023\/04\/Captura-de-Pantalla-2023-04-03-a-las-20.38.03.png","width":1103,"height":281},{"@type":"BreadcrumbList","@id":"https:\/\/dev.antudigital.cl\/sites\/vc\/convocatoria-fortalecimiento-de-asociaciones-gremiales-region-de-valparaiso\/#breadcrumb","itemListElement":[{"@type":"ListItem","position":1,"name":"Home","item":"https:\/\/dev.antudigital.cl\/sites\/vc\/"},{"@type":"ListItem","position":2,"name":"Convocatoria: Fortalecimiento de asociaciones gremiales regi\u00f3n de Valpara\u00edso"}]},{"@type":"WebSite","@id":"https:\/\/dev.antudigital.cl\/sites\/vc\/#website","url":"https:\/\/dev.antudigital.cl\/sites\/vc\/","name":"Valpara\u00ed\u00adso Creativo","description":"","potentialAction":[{"@type":"SearchAction","target":{"@type":"EntryPoint","urlTemplate":"https:\/\/dev.antudigital.cl\/sites\/vc\/?s={search_term_string}"},"query-input":{"@type":"PropertyValueSpecification","valueRequired":true,"valueName":"search_term_string"}}],"inLanguage":"es"},{"@type":"Person","@id":"https:\/\/dev.antudigital.cl\/sites\/vc\/#\/schema\/person\/c2b9da8dd545e27166fc5ab232837318","name":"Valpara\u00edso Creativo","description":"Periodista de cultura en la Regi\u00f3n de Valpara\u00edso.","url":"https:\/\/dev.antudigital.cl\/sites\/vc\/author\/valpoadmin\/"}]}},"_links":{"self":[{"href":"https:\/\/dev.antudigital.cl\/sites\/vc\/wp-json\/wp\/v2\/posts\/12968","targetHints":{"allow":["GET"]}}],"collection":[{"href":"https:\/\/dev.antudigital.cl\/sites\/vc\/wp-json\/wp\/v2\/posts"}],"about":[{"href":"https:\/\/dev.antudigital.cl\/sites\/vc\/wp-json\/wp\/v2\/types\/post"}],"author":[{"embeddable":true,"href":"https:\/\/dev.antudigital.cl\/sites\/vc\/wp-json\/wp\/v2\/users\/1"}],"replies":[{"embeddable":true,"href":"https:\/\/dev.antudigital.cl\/sites\/vc\/wp-json\/wp\/v2\/comments?post=12968"}],"version-history":[{"count":1,"href":"https:\/\/dev.antudigital.cl\/sites\/vc\/wp-json\/wp\/v2\/posts\/12968\/revisions"}],"predecessor-version":[{"id":12970,"href":"https:\/\/dev.antudigital.cl\/sites\/vc\/wp-json\/wp\/v2\/posts\/12968\/revisions\/12970"}],"wp:featuredmedia":[{"embeddable":true,"href":"https:\/\/dev.antudigital.cl\/sites\/vc\/wp-json\/wp\/v2\/media\/12969"}],"wp:attachment":[{"href":"https:\/\/dev.antudigital.cl\/sites\/vc\/wp-json\/wp\/v2\/media?parent=12968"}],"wp:term":[{"taxonomy":"category","embeddable":true,"href":"https:\/\/dev.antudigital.cl\/sites\/vc\/wp-json\/wp\/v2\/categories?post=12968"},{"taxonomy":"post_tag","embeddable":true,"href":"https:\/\/dev.antudigital.cl\/sites\/vc\/wp-json\/wp\/v2\/tags?post=12968"}],"curies":[{"name":"wp","href":"https:\/\/api.w.org\/{rel}","templated":true}]}}