{"id":12971,"date":"2023-04-04T01:58:03","date_gmt":"2023-04-04T01:58:03","guid":{"rendered":"https:\/\/www.valparaisocreativo.cl\/?p=12971"},"modified":"2023-04-04T02:02:55","modified_gmt":"2023-04-04T02:02:55","slug":"trayectoria-historia-e-identidad-local","status":"publish","type":"post","link":"https:\/\/dev.antudigital.cl\/sites\/vc\/trayectoria-historia-e-identidad-local\/","title":{"rendered":"Trayectoria, historia e identidad local"},"content":{"rendered":"\n<p>Carlos Poirrier es Director de Programaci\u00f3n de UCV-TV y Gerente General de PUCV Multimedios y empez\u00f3 a trabajar en la empresa hace 32 a\u00f1os, cuando lleg\u00f3 como alumno en pr\u00e1ctica. <\/p>\n\n\n\n<p>\u00abA los 8 meses se me abri\u00f3 la oportunidad de hacer una pr\u00e1ctica en el canal, mientras estudiaba de noche. Entonces despu\u00e9s de la pr\u00e1ctica hice un mes de reemplazo y despu\u00e9s ya me contrataron de planta y as\u00ed segu\u00ed\u00bb, comenta.<\/p>\n\n\n\n<p>Quisimos profundizar en su pasi\u00f3n por la tv y los medios, as\u00ed como tambi\u00e9n qu\u00e9 est\u00e1 pasando con UCV-TV, canal con la m\u00e1s larga trayectoria a nivel nacional y que se ha mantenido vigente a trav\u00e9s de los a\u00f1os, siempre renov\u00e1ndose. \u00a0 <\/p>\n\n\n\n<p><strong>\u00bfQu\u00e9 fue lo que te inquiet\u00f3 y llev\u00f3 a entrar al mundo de la televisi\u00f3n?<\/strong><\/p>\n\n\n\n<p>-Desde el colegio ten\u00eda mis preferencias, y entre esas estaba el sonido y la m\u00fasica, por lo que me inclinaba por la ingenier\u00eda al sonido y en un proceso de orientaci\u00f3n del colegio llegaron del instituto donde yo estudi\u00e9 y me encant\u00e9 con la televisi\u00f3n, que ten\u00eda todo lo que a m\u00ed me gustaba. Por eso yo estaba s\u00faper decidido a meterme a la tv. Y cuando ya comenc\u00e9 a estudiar y me empec\u00e9 a involucrar con todo, me atrap\u00e9 gratamente y as\u00ed lo he sentido en todos los a\u00f1os que llevo ejerciendo. Y ac\u00e1 he podido desarrollarme, capacitarme y apostar por ideas, pues comprenden mis inquietudes.<\/p>\n\n\n\n<figure class=\"wp-block-image size-full\"><img fetchpriority=\"high\" decoding=\"async\" width=\"908\" height=\"681\" src=\"https:\/\/www.valparaisocreativo.cl\/wp-content\/uploads\/2023\/04\/Captura-de-Pantalla-2023-04-03-a-las-21.50.08.png\" alt=\"\" class=\"wp-image-12973\" srcset=\"https:\/\/dev.antudigital.cl\/sites\/vc\/wp-content\/uploads\/2023\/04\/Captura-de-Pantalla-2023-04-03-a-las-21.50.08.png 908w, https:\/\/dev.antudigital.cl\/sites\/vc\/wp-content\/uploads\/2023\/04\/Captura-de-Pantalla-2023-04-03-a-las-21.50.08-300x225.png 300w, https:\/\/dev.antudigital.cl\/sites\/vc\/wp-content\/uploads\/2023\/04\/Captura-de-Pantalla-2023-04-03-a-las-21.50.08-768x576.png 768w, https:\/\/dev.antudigital.cl\/sites\/vc\/wp-content\/uploads\/2023\/04\/Captura-de-Pantalla-2023-04-03-a-las-21.50.08-510x382.png 510w, https:\/\/dev.antudigital.cl\/sites\/vc\/wp-content\/uploads\/2023\/04\/Captura-de-Pantalla-2023-04-03-a-las-21.50.08-480x360.png 480w\" sizes=\"(max-width: 908px) 100vw, 908px\" \/><\/figure>\n\n\n\n<p><strong>\u00bfC\u00f3mo es hacer televisi\u00f3n regional?<\/strong><\/p>\n\n\n\n<p>-Hay una premisa que ha sido siempre la primordial en mi vida: en televisi\u00f3n todo se puede hacer. Va a depender de los recursos c\u00f3mo se hace, pero es posible. Nosotros estamos considerados canal regional porque transmitimos en 5 regiones, pero de todos modos nos vemos como grandes debido a que hemos crecido a trav\u00e9s de los a\u00f1os. Teniendo esto en cuenta, en UCV se ha podido hacer de todo, pero cuesta un poquito m\u00e1s. Desde traer invitados &#8211; al no estar en Santiago &#8211; a otros temas. Aunque hoy la tecnolog\u00eda permite muchas m\u00e1s cosas.<\/p>\n\n\n\n<p>En ese sentido, nosotros nos hemos abierto a la multiplataforma para poder usar la tecnolog\u00eda a nuestro favor con estas problem\u00e1ticas como la de los invitados, as\u00ed que se logra.<\/p>\n\n\n\n<p><strong>\u00bfExiste una brecha informativa con Valpara\u00edso?<\/strong><\/p>\n\n\n\n<p>-La verdad que no, incluso se le tiene cierto afecto en el caso de un medio como UCV, pues aqu\u00ed parti\u00f3 la televisi\u00f3n en Chile, pero este canal adem\u00e1s es Universitario y hemos estado presentes en todos los momentos que Chile ha necesitado, construyendo y aportando al proceso democr\u00e1tico. Somos parte de una universidad que tiene ya 100 a\u00f1os, por lo que hay una gran vinculaci\u00f3n con la sociedad a trav\u00e9s de la misma PUCV. De alguna manera el nombre est\u00e1 muy asociado a la identidad, que a la vez es un tremendo plus.\u00a0<\/p>\n\n\n\n<figure class=\"wp-block-image size-full\"><img decoding=\"async\" width=\"906\" height=\"680\" src=\"https:\/\/www.valparaisocreativo.cl\/wp-content\/uploads\/2023\/04\/Captura-de-Pantalla-2023-04-03-a-las-21.49.58.png\" alt=\"\" class=\"wp-image-12972\" srcset=\"https:\/\/dev.antudigital.cl\/sites\/vc\/wp-content\/uploads\/2023\/04\/Captura-de-Pantalla-2023-04-03-a-las-21.49.58.png 906w, https:\/\/dev.antudigital.cl\/sites\/vc\/wp-content\/uploads\/2023\/04\/Captura-de-Pantalla-2023-04-03-a-las-21.49.58-300x225.png 300w, https:\/\/dev.antudigital.cl\/sites\/vc\/wp-content\/uploads\/2023\/04\/Captura-de-Pantalla-2023-04-03-a-las-21.49.58-768x576.png 768w, https:\/\/dev.antudigital.cl\/sites\/vc\/wp-content\/uploads\/2023\/04\/Captura-de-Pantalla-2023-04-03-a-las-21.49.58-510x382.png 510w, https:\/\/dev.antudigital.cl\/sites\/vc\/wp-content\/uploads\/2023\/04\/Captura-de-Pantalla-2023-04-03-a-las-21.49.58-480x360.png 480w\" sizes=\"(max-width: 906px) 100vw, 906px\" \/><\/figure>\n\n\n\n<p><strong>\u00bfC\u00f3mo se encuentra actualmente UCV Multimedios?<\/strong><\/p>\n\n\n\n<p>-Nosotros hoy estamos por televisi\u00f3n abierta en 5 regiones: en Santiago, en Valpara\u00edso, en Concepci\u00f3n, La Serena y Puerto Montt, lo que pr\u00e1cticamente es un gran porcentaje de poblaci\u00f3n. Adem\u00e1s estamos en varios operadores de cable, y pronto estaremos en m\u00e1s, trabajando en nuestra distribuci\u00f3n, y aparte tenemos el streaming.\u00a0<\/p>\n\n\n\n<p>Por otra parte, el canal se define como canal universitario y cultural, pero adem\u00e1s de esa entretenci\u00f3n af\u00edn al pensamiento de la universidad, lo que nos distingue. El canal marca bastante bien hoy en d\u00eda.<\/p>\n\n\n\n<p>Adem\u00e1s salimos a la b\u00fasqueda de comerciales a trav\u00e9s de los spot publicitarios. Es un canal que cuenta con herramientas para medir las audiencias. Existen tambi\u00e9n otros financiamientos a los que postulamos, como fondos concursables para la inversi\u00f3n tecnol\u00f3gica, por ejemplo. Hasta ah\u00ed es lo que es UCV como tal, pero UCV televisi\u00f3n es m\u00e1s que eso. Hay una empresa que est\u00e1 creada por la universidad, PUCV Multimedios SPA, y esa empresa tiene la radio UCV, la antena, el terreno de Agua Santa, los estudios, el material de archivo y nos pasan a nosotros la responsabilidad de administrar todo esto.<\/p>\n\n\n\n<p><strong>\u00bfC\u00f3mo aterrizan todo esto en la actualidad?<\/strong><\/p>\n\n\n\n<p>-Dentro de las ideas locas que se nos ocurrieron, es que estaba la posibilidad de arrendar a otro tipo de empresas el espacio, parte de las dependencias que est\u00e1n hoy disponibles en UCV. Esta idea la plasmamos hoy por hoy, con empresas de distintos rubros a quienes se les ha arrendado parte de este terreno. Aqu\u00ed hay de todo tipo de empresas, pero, la idea en particular es entusiasmar y generar un polo de las comunicaciones y se puede llegar a acuerdos e involucrar mayoritariamente empresas que vienen en la l\u00ednea de las comunicaciones, desde la publicidad hasta la producci\u00f3n, por ejemplo. As\u00ed se generar\u00e1 un Hub de las comunicaciones en la Regi\u00f3n de Valpara\u00edso, lo que no es una tarea f\u00e1cil, pero comenzamos hace 5 a\u00f1os y ya tenemos resultados.<\/p>\n\n\n\n<p>Estamos en una ubicaci\u00f3n estrat\u00e9gica con respecto a Santiago. Adem\u00e1s tenemos una antena que permite tener a otras compa\u00f1\u00edas que requieren de una antena como la nuestra, por lo que tenemos a muchas empresas telef\u00f3nicas ac\u00e1. As\u00ed como otras radios. Entonces esta idea del hub, uno de los ejemplos es Studio Azul, quienes necesitaban un estudio de grabaci\u00f3n &#8211; y nos propusimos hacer el estudio m\u00e1s grande de la regi\u00f3n, donde caben 20 m\u00fasicos adentro. Eso ya empez\u00f3 a generar ruido y a atraer a m\u00e1s empresas.<\/p>\n\n\n\n<figure class=\"wp-block-gallery has-nested-images columns-default is-cropped wp-block-gallery-1 is-layout-flex wp-block-gallery-is-layout-flex\">\n<figure class=\"wp-block-image size-large\"><img decoding=\"async\" width=\"1024\" height=\"768\" data-id=\"12976\" src=\"https:\/\/www.valparaisocreativo.cl\/wp-content\/uploads\/2023\/04\/dbcad438-c21d-4ba4-9fcd-ade0aeaaba69-1-1024x768.jpg\" alt=\"\" class=\"wp-image-12976\" srcset=\"https:\/\/dev.antudigital.cl\/sites\/vc\/wp-content\/uploads\/2023\/04\/dbcad438-c21d-4ba4-9fcd-ade0aeaaba69-1-1024x768.jpg 1024w, https:\/\/dev.antudigital.cl\/sites\/vc\/wp-content\/uploads\/2023\/04\/dbcad438-c21d-4ba4-9fcd-ade0aeaaba69-1-300x225.jpg 300w, https:\/\/dev.antudigital.cl\/sites\/vc\/wp-content\/uploads\/2023\/04\/dbcad438-c21d-4ba4-9fcd-ade0aeaaba69-1-768x576.jpg 768w, https:\/\/dev.antudigital.cl\/sites\/vc\/wp-content\/uploads\/2023\/04\/dbcad438-c21d-4ba4-9fcd-ade0aeaaba69-1-510x382.jpg 510w, https:\/\/dev.antudigital.cl\/sites\/vc\/wp-content\/uploads\/2023\/04\/dbcad438-c21d-4ba4-9fcd-ade0aeaaba69-1-1080x810.jpg 1080w, https:\/\/dev.antudigital.cl\/sites\/vc\/wp-content\/uploads\/2023\/04\/dbcad438-c21d-4ba4-9fcd-ade0aeaaba69-1-980x735.jpg 980w, https:\/\/dev.antudigital.cl\/sites\/vc\/wp-content\/uploads\/2023\/04\/dbcad438-c21d-4ba4-9fcd-ade0aeaaba69-1-480x360.jpg 480w, https:\/\/dev.antudigital.cl\/sites\/vc\/wp-content\/uploads\/2023\/04\/dbcad438-c21d-4ba4-9fcd-ade0aeaaba69-1.jpg 1280w\" sizes=\"(max-width: 1024px) 100vw, 1024px\" \/><\/figure>\n\n\n\n<figure class=\"wp-block-image size-large\"><img loading=\"lazy\" decoding=\"async\" width=\"1024\" height=\"682\" data-id=\"12977\" src=\"https:\/\/www.valparaisocreativo.cl\/wp-content\/uploads\/2023\/04\/WhatsApp-Image-2020-03-09-at-00.13.59-1024x682.jpeg\" alt=\"\" class=\"wp-image-12977\" srcset=\"https:\/\/dev.antudigital.cl\/sites\/vc\/wp-content\/uploads\/2023\/04\/WhatsApp-Image-2020-03-09-at-00.13.59-1024x682.jpeg 1024w, https:\/\/dev.antudigital.cl\/sites\/vc\/wp-content\/uploads\/2023\/04\/WhatsApp-Image-2020-03-09-at-00.13.59-300x200.jpeg 300w, https:\/\/dev.antudigital.cl\/sites\/vc\/wp-content\/uploads\/2023\/04\/WhatsApp-Image-2020-03-09-at-00.13.59-768x512.jpeg 768w, https:\/\/dev.antudigital.cl\/sites\/vc\/wp-content\/uploads\/2023\/04\/WhatsApp-Image-2020-03-09-at-00.13.59-1080x720.jpeg 1080w, https:\/\/dev.antudigital.cl\/sites\/vc\/wp-content\/uploads\/2023\/04\/WhatsApp-Image-2020-03-09-at-00.13.59-980x653.jpeg 980w, https:\/\/dev.antudigital.cl\/sites\/vc\/wp-content\/uploads\/2023\/04\/WhatsApp-Image-2020-03-09-at-00.13.59-480x320.jpeg 480w, https:\/\/dev.antudigital.cl\/sites\/vc\/wp-content\/uploads\/2023\/04\/WhatsApp-Image-2020-03-09-at-00.13.59.jpeg 1280w\" sizes=\"(max-width: 1024px) 100vw, 1024px\" \/><\/figure>\n<\/figure>\n\n\n\n<p>Tambi\u00e9n VOL Radio con Rafael Manzo se vino y montaron sus estudios ac\u00e1 en Agua Santa, y con ellos grabamos piezas publicitarias u otros tipos de productos radiales que grabamos. Hoy son VOL.Medios y est\u00e1n produciendo el programa Cafet\u00edn para radio UCV a las 16:00hrs. Y as\u00ed m\u00e1s ejemplos.<\/p>\n\n\n\n<p>As\u00ed es como aspiramos a ser un hub de las comunicaciones en Valpara\u00edso. Ac\u00e1 se podr\u00eda hacer de todo: producci\u00f3n de eventos, marketing, podcast, video, tenemos las empresas que nos permiten entregar los distintos servicios que el cliente quiera.<\/p>\n\n\n\n<p><strong>Hoy, \u00bfcu\u00e1l es su mayor desaf\u00edo?<\/strong><\/p>\n\n\n\n<p>-Hay dos: primero, ser eficientes en llegar con nuestros contenidos y tener buenos \u00edndices de audiencias en nuestras plataformas. Llegar con nuestra comunicaci\u00f3n. Y adem\u00e1s vincularse con el medio y ser capaces de sustentarnos econ\u00f3micamente, ya que a eso hay que colocarle bastante creatividad.<\/p>\n\n\n\n<p><strong>\u00bfCu\u00e1l es su prop\u00f3sito actual? \u00bfEn qu\u00e9 est\u00e1n enfocados?<\/strong><\/p>\n\n\n\n<p>-Primero tenemos el foco de aumentar la venta publicitaria en nuestros medios, eso es imperativo. Para poder seguir creciendo. Por otra parte est\u00e1 lo del hub comunicacional, que es algo paralelo que ya est\u00e1 andando y todos los d\u00edas se logran conexiones nuevas.\u00a0<\/p>\n\n\n\n<p><\/p>\n\n\n\n<p>Sigue a UCV TV en: <a href=\"https:\/\/ucvtv.cl\/home.php\">https:\/\/ucvtv.cl\/home.php<\/a><\/p>\n","protected":false},"excerpt":{"rendered":"<p>Carlos Poirrier es Director de Programaci\u00f3n de UCV-TV y Gerente General de PUCV Multimedios y empez\u00f3 a trabajar en la empresa hace 32 a\u00f1os, cuando lleg\u00f3 como alumno en pr\u00e1ctica. \u00abA los 8 meses se me abri\u00f3 la oportunidad de hacer una pr\u00e1ctica en el canal, mientras estudiaba de noche. Entonces despu\u00e9s de la pr\u00e1ctica [&hellip;]<\/p>\n","protected":false},"author":1,"featured_media":12974,"comment_status":"open","ping_status":"closed","sticky":false,"template":"","format":"standard","meta":{"_acf_changed":false,"footnotes":""},"categories":[1],"tags":[],"class_list":["post-12971","post","type-post","status-publish","format-standard","has-post-thumbnail","hentry","category-uncategorized"],"acf":[],"yoast_head":"<!-- This site is optimized with the Yoast SEO plugin v27.1.1 - https:\/\/yoast.com\/product\/yoast-seo-wordpress\/ -->\n<title>Trayectoria, historia e identidad local - Valpara\u00ed\u00adso Creativo<\/title>\n<meta name=\"robots\" content=\"index, follow, max-snippet:-1, max-image-preview:large, max-video-preview:-1\" \/>\n<link rel=\"canonical\" href=\"https:\/\/dev.antudigital.cl\/sites\/vc\/trayectoria-historia-e-identidad-local\/\" \/>\n<meta property=\"og:locale\" content=\"es_ES\" \/>\n<meta property=\"og:type\" content=\"article\" \/>\n<meta property=\"og:title\" content=\"Trayectoria, historia e identidad local - Valpara\u00ed\u00adso Creativo\" \/>\n<meta property=\"og:description\" content=\"Carlos Poirrier es Director de Programaci\u00f3n de UCV-TV y Gerente General de PUCV Multimedios y empez\u00f3 a trabajar en la empresa hace 32 a\u00f1os, cuando lleg\u00f3 como alumno en pr\u00e1ctica. \u00abA los 8 meses se me abri\u00f3 la oportunidad de hacer una pr\u00e1ctica en el canal, mientras estudiaba de noche. Entonces despu\u00e9s de la pr\u00e1ctica [&hellip;]\" \/>\n<meta property=\"og:url\" content=\"https:\/\/dev.antudigital.cl\/sites\/vc\/trayectoria-historia-e-identidad-local\/\" \/>\n<meta property=\"og:site_name\" content=\"Valpara\u00ed\u00adso Creativo\" \/>\n<meta property=\"article:published_time\" content=\"2023-04-04T01:58:03+00:00\" \/>\n<meta property=\"article:modified_time\" content=\"2023-04-04T02:02:55+00:00\" \/>\n<meta property=\"og:image\" content=\"https:\/\/dev.antudigital.cl\/sites\/vc\/wp-content\/uploads\/2023\/04\/Captura-de-Pantalla-2023-04-03-a-las-21.50.17.png\" \/>\n\t<meta property=\"og:image:width\" content=\"907\" \/>\n\t<meta property=\"og:image:height\" content=\"683\" \/>\n\t<meta property=\"og:image:type\" content=\"image\/png\" \/>\n<meta name=\"author\" content=\"Valpara\u00edso Creativo\" \/>\n<meta name=\"twitter:card\" content=\"summary_large_image\" \/>\n<meta name=\"twitter:label1\" content=\"Escrito por\" \/>\n\t<meta name=\"twitter:data1\" content=\"Valpara\u00edso Creativo\" \/>\n\t<meta name=\"twitter:label2\" content=\"Tiempo de lectura\" \/>\n\t<meta name=\"twitter:data2\" content=\"6 minutos\" \/>\n<script type=\"application\/ld+json\" class=\"yoast-schema-graph\">{\"@context\":\"https:\/\/schema.org\",\"@graph\":[{\"@type\":\"Article\",\"@id\":\"https:\/\/dev.antudigital.cl\/sites\/vc\/trayectoria-historia-e-identidad-local\/#article\",\"isPartOf\":{\"@id\":\"https:\/\/dev.antudigital.cl\/sites\/vc\/trayectoria-historia-e-identidad-local\/\"},\"author\":{\"name\":\"Valpara\u00edso Creativo\",\"@id\":\"https:\/\/dev.antudigital.cl\/sites\/vc\/#\/schema\/person\/c2b9da8dd545e27166fc5ab232837318\"},\"headline\":\"Trayectoria, historia e identidad local\",\"datePublished\":\"2023-04-04T01:58:03+00:00\",\"dateModified\":\"2023-04-04T02:02:55+00:00\",\"mainEntityOfPage\":{\"@id\":\"https:\/\/dev.antudigital.cl\/sites\/vc\/trayectoria-historia-e-identidad-local\/\"},\"wordCount\":1175,\"commentCount\":0,\"image\":{\"@id\":\"https:\/\/dev.antudigital.cl\/sites\/vc\/trayectoria-historia-e-identidad-local\/#primaryimage\"},\"thumbnailUrl\":\"https:\/\/dev.antudigital.cl\/sites\/vc\/wp-content\/uploads\/2023\/04\/Captura-de-Pantalla-2023-04-03-a-las-21.50.17.png\",\"articleSection\":[\"Uncategorized\"],\"inLanguage\":\"es\",\"potentialAction\":[{\"@type\":\"CommentAction\",\"name\":\"Comment\",\"target\":[\"https:\/\/dev.antudigital.cl\/sites\/vc\/trayectoria-historia-e-identidad-local\/#respond\"]}]},{\"@type\":\"WebPage\",\"@id\":\"https:\/\/dev.antudigital.cl\/sites\/vc\/trayectoria-historia-e-identidad-local\/\",\"url\":\"https:\/\/dev.antudigital.cl\/sites\/vc\/trayectoria-historia-e-identidad-local\/\",\"name\":\"Trayectoria, historia e identidad local - Valpara\u00ed\u00adso Creativo\",\"isPartOf\":{\"@id\":\"https:\/\/dev.antudigital.cl\/sites\/vc\/#website\"},\"primaryImageOfPage\":{\"@id\":\"https:\/\/dev.antudigital.cl\/sites\/vc\/trayectoria-historia-e-identidad-local\/#primaryimage\"},\"image\":{\"@id\":\"https:\/\/dev.antudigital.cl\/sites\/vc\/trayectoria-historia-e-identidad-local\/#primaryimage\"},\"thumbnailUrl\":\"https:\/\/dev.antudigital.cl\/sites\/vc\/wp-content\/uploads\/2023\/04\/Captura-de-Pantalla-2023-04-03-a-las-21.50.17.png\",\"datePublished\":\"2023-04-04T01:58:03+00:00\",\"dateModified\":\"2023-04-04T02:02:55+00:00\",\"author\":{\"@id\":\"https:\/\/dev.antudigital.cl\/sites\/vc\/#\/schema\/person\/c2b9da8dd545e27166fc5ab232837318\"},\"breadcrumb\":{\"@id\":\"https:\/\/dev.antudigital.cl\/sites\/vc\/trayectoria-historia-e-identidad-local\/#breadcrumb\"},\"inLanguage\":\"es\",\"potentialAction\":[{\"@type\":\"ReadAction\",\"target\":[\"https:\/\/dev.antudigital.cl\/sites\/vc\/trayectoria-historia-e-identidad-local\/\"]}]},{\"@type\":\"ImageObject\",\"inLanguage\":\"es\",\"@id\":\"https:\/\/dev.antudigital.cl\/sites\/vc\/trayectoria-historia-e-identidad-local\/#primaryimage\",\"url\":\"https:\/\/dev.antudigital.cl\/sites\/vc\/wp-content\/uploads\/2023\/04\/Captura-de-Pantalla-2023-04-03-a-las-21.50.17.png\",\"contentUrl\":\"https:\/\/dev.antudigital.cl\/sites\/vc\/wp-content\/uploads\/2023\/04\/Captura-de-Pantalla-2023-04-03-a-las-21.50.17.png\",\"width\":907,\"height\":683},{\"@type\":\"BreadcrumbList\",\"@id\":\"https:\/\/dev.antudigital.cl\/sites\/vc\/trayectoria-historia-e-identidad-local\/#breadcrumb\",\"itemListElement\":[{\"@type\":\"ListItem\",\"position\":1,\"name\":\"Home\",\"item\":\"https:\/\/dev.antudigital.cl\/sites\/vc\/\"},{\"@type\":\"ListItem\",\"position\":2,\"name\":\"Trayectoria, historia e identidad local\"}]},{\"@type\":\"WebSite\",\"@id\":\"https:\/\/dev.antudigital.cl\/sites\/vc\/#website\",\"url\":\"https:\/\/dev.antudigital.cl\/sites\/vc\/\",\"name\":\"Valpara\u00ed\u00adso Creativo\",\"description\":\"\",\"potentialAction\":[{\"@type\":\"SearchAction\",\"target\":{\"@type\":\"EntryPoint\",\"urlTemplate\":\"https:\/\/dev.antudigital.cl\/sites\/vc\/?s={search_term_string}\"},\"query-input\":{\"@type\":\"PropertyValueSpecification\",\"valueRequired\":true,\"valueName\":\"search_term_string\"}}],\"inLanguage\":\"es\"},{\"@type\":\"Person\",\"@id\":\"https:\/\/dev.antudigital.cl\/sites\/vc\/#\/schema\/person\/c2b9da8dd545e27166fc5ab232837318\",\"name\":\"Valpara\u00edso Creativo\",\"description\":\"Periodista de cultura en la Regi\u00f3n de Valpara\u00edso.\",\"url\":\"https:\/\/dev.antudigital.cl\/sites\/vc\/author\/valpoadmin\/\"}]}<\/script>\n<!-- \/ Yoast SEO plugin. -->","yoast_head_json":{"title":"Trayectoria, historia e identidad local - Valpara\u00ed\u00adso Creativo","robots":{"index":"index","follow":"follow","max-snippet":"max-snippet:-1","max-image-preview":"max-image-preview:large","max-video-preview":"max-video-preview:-1"},"canonical":"https:\/\/dev.antudigital.cl\/sites\/vc\/trayectoria-historia-e-identidad-local\/","og_locale":"es_ES","og_type":"article","og_title":"Trayectoria, historia e identidad local - Valpara\u00ed\u00adso Creativo","og_description":"Carlos Poirrier es Director de Programaci\u00f3n de UCV-TV y Gerente General de PUCV Multimedios y empez\u00f3 a trabajar en la empresa hace 32 a\u00f1os, cuando lleg\u00f3 como alumno en pr\u00e1ctica. \u00abA los 8 meses se me abri\u00f3 la oportunidad de hacer una pr\u00e1ctica en el canal, mientras estudiaba de noche. Entonces despu\u00e9s de la pr\u00e1ctica [&hellip;]","og_url":"https:\/\/dev.antudigital.cl\/sites\/vc\/trayectoria-historia-e-identidad-local\/","og_site_name":"Valpara\u00ed\u00adso Creativo","article_published_time":"2023-04-04T01:58:03+00:00","article_modified_time":"2023-04-04T02:02:55+00:00","og_image":[{"width":907,"height":683,"url":"https:\/\/dev.antudigital.cl\/sites\/vc\/wp-content\/uploads\/2023\/04\/Captura-de-Pantalla-2023-04-03-a-las-21.50.17.png","type":"image\/png"}],"author":"Valpara\u00edso Creativo","twitter_card":"summary_large_image","twitter_misc":{"Escrito por":"Valpara\u00edso Creativo","Tiempo de lectura":"6 minutos"},"schema":{"@context":"https:\/\/schema.org","@graph":[{"@type":"Article","@id":"https:\/\/dev.antudigital.cl\/sites\/vc\/trayectoria-historia-e-identidad-local\/#article","isPartOf":{"@id":"https:\/\/dev.antudigital.cl\/sites\/vc\/trayectoria-historia-e-identidad-local\/"},"author":{"name":"Valpara\u00edso Creativo","@id":"https:\/\/dev.antudigital.cl\/sites\/vc\/#\/schema\/person\/c2b9da8dd545e27166fc5ab232837318"},"headline":"Trayectoria, historia e identidad local","datePublished":"2023-04-04T01:58:03+00:00","dateModified":"2023-04-04T02:02:55+00:00","mainEntityOfPage":{"@id":"https:\/\/dev.antudigital.cl\/sites\/vc\/trayectoria-historia-e-identidad-local\/"},"wordCount":1175,"commentCount":0,"image":{"@id":"https:\/\/dev.antudigital.cl\/sites\/vc\/trayectoria-historia-e-identidad-local\/#primaryimage"},"thumbnailUrl":"https:\/\/dev.antudigital.cl\/sites\/vc\/wp-content\/uploads\/2023\/04\/Captura-de-Pantalla-2023-04-03-a-las-21.50.17.png","articleSection":["Uncategorized"],"inLanguage":"es","potentialAction":[{"@type":"CommentAction","name":"Comment","target":["https:\/\/dev.antudigital.cl\/sites\/vc\/trayectoria-historia-e-identidad-local\/#respond"]}]},{"@type":"WebPage","@id":"https:\/\/dev.antudigital.cl\/sites\/vc\/trayectoria-historia-e-identidad-local\/","url":"https:\/\/dev.antudigital.cl\/sites\/vc\/trayectoria-historia-e-identidad-local\/","name":"Trayectoria, historia e identidad local - Valpara\u00ed\u00adso Creativo","isPartOf":{"@id":"https:\/\/dev.antudigital.cl\/sites\/vc\/#website"},"primaryImageOfPage":{"@id":"https:\/\/dev.antudigital.cl\/sites\/vc\/trayectoria-historia-e-identidad-local\/#primaryimage"},"image":{"@id":"https:\/\/dev.antudigital.cl\/sites\/vc\/trayectoria-historia-e-identidad-local\/#primaryimage"},"thumbnailUrl":"https:\/\/dev.antudigital.cl\/sites\/vc\/wp-content\/uploads\/2023\/04\/Captura-de-Pantalla-2023-04-03-a-las-21.50.17.png","datePublished":"2023-04-04T01:58:03+00:00","dateModified":"2023-04-04T02:02:55+00:00","author":{"@id":"https:\/\/dev.antudigital.cl\/sites\/vc\/#\/schema\/person\/c2b9da8dd545e27166fc5ab232837318"},"breadcrumb":{"@id":"https:\/\/dev.antudigital.cl\/sites\/vc\/trayectoria-historia-e-identidad-local\/#breadcrumb"},"inLanguage":"es","potentialAction":[{"@type":"ReadAction","target":["https:\/\/dev.antudigital.cl\/sites\/vc\/trayectoria-historia-e-identidad-local\/"]}]},{"@type":"ImageObject","inLanguage":"es","@id":"https:\/\/dev.antudigital.cl\/sites\/vc\/trayectoria-historia-e-identidad-local\/#primaryimage","url":"https:\/\/dev.antudigital.cl\/sites\/vc\/wp-content\/uploads\/2023\/04\/Captura-de-Pantalla-2023-04-03-a-las-21.50.17.png","contentUrl":"https:\/\/dev.antudigital.cl\/sites\/vc\/wp-content\/uploads\/2023\/04\/Captura-de-Pantalla-2023-04-03-a-las-21.50.17.png","width":907,"height":683},{"@type":"BreadcrumbList","@id":"https:\/\/dev.antudigital.cl\/sites\/vc\/trayectoria-historia-e-identidad-local\/#breadcrumb","itemListElement":[{"@type":"ListItem","position":1,"name":"Home","item":"https:\/\/dev.antudigital.cl\/sites\/vc\/"},{"@type":"ListItem","position":2,"name":"Trayectoria, historia e identidad local"}]},{"@type":"WebSite","@id":"https:\/\/dev.antudigital.cl\/sites\/vc\/#website","url":"https:\/\/dev.antudigital.cl\/sites\/vc\/","name":"Valpara\u00ed\u00adso Creativo","description":"","potentialAction":[{"@type":"SearchAction","target":{"@type":"EntryPoint","urlTemplate":"https:\/\/dev.antudigital.cl\/sites\/vc\/?s={search_term_string}"},"query-input":{"@type":"PropertyValueSpecification","valueRequired":true,"valueName":"search_term_string"}}],"inLanguage":"es"},{"@type":"Person","@id":"https:\/\/dev.antudigital.cl\/sites\/vc\/#\/schema\/person\/c2b9da8dd545e27166fc5ab232837318","name":"Valpara\u00edso Creativo","description":"Periodista de cultura en la Regi\u00f3n de Valpara\u00edso.","url":"https:\/\/dev.antudigital.cl\/sites\/vc\/author\/valpoadmin\/"}]}},"_links":{"self":[{"href":"https:\/\/dev.antudigital.cl\/sites\/vc\/wp-json\/wp\/v2\/posts\/12971","targetHints":{"allow":["GET"]}}],"collection":[{"href":"https:\/\/dev.antudigital.cl\/sites\/vc\/wp-json\/wp\/v2\/posts"}],"about":[{"href":"https:\/\/dev.antudigital.cl\/sites\/vc\/wp-json\/wp\/v2\/types\/post"}],"author":[{"embeddable":true,"href":"https:\/\/dev.antudigital.cl\/sites\/vc\/wp-json\/wp\/v2\/users\/1"}],"replies":[{"embeddable":true,"href":"https:\/\/dev.antudigital.cl\/sites\/vc\/wp-json\/wp\/v2\/comments?post=12971"}],"version-history":[{"count":2,"href":"https:\/\/dev.antudigital.cl\/sites\/vc\/wp-json\/wp\/v2\/posts\/12971\/revisions"}],"predecessor-version":[{"id":12979,"href":"https:\/\/dev.antudigital.cl\/sites\/vc\/wp-json\/wp\/v2\/posts\/12971\/revisions\/12979"}],"wp:featuredmedia":[{"embeddable":true,"href":"https:\/\/dev.antudigital.cl\/sites\/vc\/wp-json\/wp\/v2\/media\/12974"}],"wp:attachment":[{"href":"https:\/\/dev.antudigital.cl\/sites\/vc\/wp-json\/wp\/v2\/media?parent=12971"}],"wp:term":[{"taxonomy":"category","embeddable":true,"href":"https:\/\/dev.antudigital.cl\/sites\/vc\/wp-json\/wp\/v2\/categories?post=12971"},{"taxonomy":"post_tag","embeddable":true,"href":"https:\/\/dev.antudigital.cl\/sites\/vc\/wp-json\/wp\/v2\/tags?post=12971"}],"curies":[{"name":"wp","href":"https:\/\/api.w.org\/{rel}","templated":true}]}}