{"id":14193,"date":"2023-04-19T12:35:01","date_gmt":"2023-04-19T12:35:01","guid":{"rendered":"https:\/\/www.valparaisocreativo.cl\/?p=14193"},"modified":"2023-04-19T12:35:07","modified_gmt":"2023-04-19T12:35:07","slug":"balmaceda-arte-joven-abre-su-convocatoria-para-talleristas","status":"publish","type":"post","link":"https:\/\/dev.antudigital.cl\/sites\/vc\/balmaceda-arte-joven-abre-su-convocatoria-para-talleristas\/","title":{"rendered":"Balmaceda Arte Joven abre su convocatoria para talleristas"},"content":{"rendered":"\n<p><strong>Balmaceda Arte Joven Valpara\u00edso<\/strong>&nbsp;invita a participar de una nueva convocatoria para dictar talleres art\u00edsticos en su sede. Este llamado, que est\u00e1 dirigido a artistas, creadores y pedagogos en artes, residentes de la regi\u00f3n de Valpara\u00edso, est\u00e1 orientado a la programaci\u00f3n presencial durante el segundo semestre del 2023 y primer semestre del 2024.&nbsp;<\/p>\n\n\n\n<p>La convocatoria estar\u00e1 abierta<strong>&nbsp;hasta el 14 de mayo del 2023<\/strong>.<\/p>\n\n\n\n<p>Balmaceda Arte Joven (BAJ) es una corporaci\u00f3n cultural sin fines de lucro que promueve la libertad creativa, el pensamiento cr\u00edtico, la autorreflexi\u00f3n y el sentido de comunidad a trav\u00e9s de una educaci\u00f3n art\u00edstica innovadora y de calidad para j\u00f3venes del pa\u00eds.&nbsp;<\/p>\n\n\n\n<p>Con 31 a\u00f1os de trabajo ininterrumpido, BAJ se ha consolidado como uno de los principales espacios nacionales de integraci\u00f3n social para j\u00f3venes, desde donde emergen nuevxs creadorxs y se forman nuevos p\u00fablicos, siendo hoy un referente de creaci\u00f3n joven. Adem\u00e1s, tiene un fuerte compromiso con el fortalecimiento de la educaci\u00f3n art\u00edstica en escuelas y liceos p\u00fablicos del pa\u00eds.&nbsp;<\/p>\n\n\n\n<p>Con la idea de posibilitar espacios de experimentaci\u00f3n y creaci\u00f3n art\u00edstica, esta nueva convocatoria est\u00e1 abierta a presentar propuestas en disciplinas como las&nbsp;<strong>artes visuales, fotograf\u00eda, audiovisual, danza, teatro, m\u00fasica y literatura<\/strong>, pudiendo realizarse tambi\u00e9n talleres&nbsp;<strong>interdisciplinares<\/strong>. Se valorar\u00e1n aquellas propuestas que contemplen la creaci\u00f3n art\u00edstica como una forma de potenciar el conocimiento personal y de lxs otrxs, as\u00ed como una herramienta de expresi\u00f3n y reflexi\u00f3n cr\u00edtica de lxs participantes.&nbsp;<\/p>\n\n\n\n<p>Los postulantes a la presente Convocatoria deben ser artistas o creadores mayores de edad, con trabajos recientes y comprobables, chilenos(as) o extranjeros(as) con residencia en la regi\u00f3n de Valpara\u00edso y que posean iniciaci\u00f3n de actividades al momento de realizar el taller, como tambi\u00e9n que tengan experiencia previa impartiendo talleres art\u00edsticos con j\u00f3venes.&nbsp;<\/p>\n\n\n\n<p>La postulaci\u00f3n es a trav\u00e9s de la web <strong>baj.cl<\/strong>. Las propuestas de talleres se recibir\u00e1n \u00fanicamente en l\u00ednea hasta el 14 de mayo.<\/p>\n\n\n\n<p>Para dudas relativas a la postulaci\u00f3n, escribe hasta el viernes 28 de abril, al correo de informaciones de la sede <a href=\"mailto:infovalparaiso@baj.cl\">infovalparaiso@baj.cl<\/a>.<\/p>\n\n\n\n<figure class=\"wp-block-image size-large\"><img fetchpriority=\"high\" decoding=\"async\" width=\"1024\" height=\"1024\" src=\"https:\/\/www.valparaisocreativo.cl\/wp-content\/uploads\/2023\/04\/PIEZA-GRAFICA-CONVOCATORIA-TALLERISTAS-1024x1024.png\" alt=\"\" class=\"wp-image-14194\" srcset=\"https:\/\/dev.antudigital.cl\/sites\/vc\/wp-content\/uploads\/2023\/04\/PIEZA-GRAFICA-CONVOCATORIA-TALLERISTAS-1024x1024.png 1024w, https:\/\/dev.antudigital.cl\/sites\/vc\/wp-content\/uploads\/2023\/04\/PIEZA-GRAFICA-CONVOCATORIA-TALLERISTAS-300x300.png 300w, https:\/\/dev.antudigital.cl\/sites\/vc\/wp-content\/uploads\/2023\/04\/PIEZA-GRAFICA-CONVOCATORIA-TALLERISTAS-150x150.png 150w, https:\/\/dev.antudigital.cl\/sites\/vc\/wp-content\/uploads\/2023\/04\/PIEZA-GRAFICA-CONVOCATORIA-TALLERISTAS-768x768.png 768w, https:\/\/dev.antudigital.cl\/sites\/vc\/wp-content\/uploads\/2023\/04\/PIEZA-GRAFICA-CONVOCATORIA-TALLERISTAS-1080x1080.png 1080w, https:\/\/dev.antudigital.cl\/sites\/vc\/wp-content\/uploads\/2023\/04\/PIEZA-GRAFICA-CONVOCATORIA-TALLERISTAS-1280x1280.png 1280w, https:\/\/dev.antudigital.cl\/sites\/vc\/wp-content\/uploads\/2023\/04\/PIEZA-GRAFICA-CONVOCATORIA-TALLERISTAS-980x980.png 980w, https:\/\/dev.antudigital.cl\/sites\/vc\/wp-content\/uploads\/2023\/04\/PIEZA-GRAFICA-CONVOCATORIA-TALLERISTAS-480x480.png 480w, https:\/\/dev.antudigital.cl\/sites\/vc\/wp-content\/uploads\/2023\/04\/PIEZA-GRAFICA-CONVOCATORIA-TALLERISTAS.png 1500w\" sizes=\"(max-width: 1024px) 100vw, 1024px\" \/><\/figure>\n","protected":false},"excerpt":{"rendered":"<p>Balmaceda Arte Joven Valpara\u00edso&nbsp;invita a participar de una nueva convocatoria para dictar talleres art\u00edsticos en su sede. Este llamado, que est\u00e1 dirigido a artistas, creadores y pedagogos en artes, residentes de la regi\u00f3n de Valpara\u00edso, est\u00e1 orientado a la programaci\u00f3n presencial durante el segundo semestre del 2023 y primer semestre del 2024.&nbsp; La convocatoria estar\u00e1 [&hellip;]<\/p>\n","protected":false},"author":1,"featured_media":14195,"comment_status":"open","ping_status":"closed","sticky":false,"template":"","format":"standard","meta":{"_acf_changed":false,"footnotes":""},"categories":[1],"tags":[],"class_list":["post-14193","post","type-post","status-publish","format-standard","has-post-thumbnail","hentry","category-uncategorized"],"acf":[],"yoast_head":"<!-- This site is optimized with the Yoast SEO plugin v27.1.1 - https:\/\/yoast.com\/product\/yoast-seo-wordpress\/ -->\n<title>Balmaceda Arte Joven abre su convocatoria para talleristas - Valpara\u00ed\u00adso Creativo<\/title>\n<meta name=\"robots\" content=\"index, follow, max-snippet:-1, max-image-preview:large, max-video-preview:-1\" \/>\n<link rel=\"canonical\" href=\"https:\/\/dev.antudigital.cl\/sites\/vc\/balmaceda-arte-joven-abre-su-convocatoria-para-talleristas\/\" \/>\n<meta property=\"og:locale\" content=\"es_ES\" \/>\n<meta property=\"og:type\" content=\"article\" \/>\n<meta property=\"og:title\" content=\"Balmaceda Arte Joven abre su convocatoria para talleristas - Valpara\u00ed\u00adso Creativo\" \/>\n<meta property=\"og:description\" content=\"Balmaceda Arte Joven Valpara\u00edso&nbsp;invita a participar de una nueva convocatoria para dictar talleres art\u00edsticos en su sede. Este llamado, que est\u00e1 dirigido a artistas, creadores y pedagogos en artes, residentes de la regi\u00f3n de Valpara\u00edso, est\u00e1 orientado a la programaci\u00f3n presencial durante el segundo semestre del 2023 y primer semestre del 2024.&nbsp; La convocatoria estar\u00e1 [&hellip;]\" \/>\n<meta property=\"og:url\" content=\"https:\/\/dev.antudigital.cl\/sites\/vc\/balmaceda-arte-joven-abre-su-convocatoria-para-talleristas\/\" \/>\n<meta property=\"og:site_name\" content=\"Valpara\u00ed\u00adso Creativo\" \/>\n<meta property=\"article:published_time\" content=\"2023-04-19T12:35:01+00:00\" \/>\n<meta property=\"article:modified_time\" content=\"2023-04-19T12:35:07+00:00\" \/>\n<meta property=\"og:image\" content=\"https:\/\/dev.antudigital.cl\/sites\/vc\/wp-content\/uploads\/2023\/04\/IMG_9114-34-1-1024x683.jpeg\" \/>\n\t<meta property=\"og:image:width\" content=\"1024\" \/>\n\t<meta property=\"og:image:height\" content=\"683\" \/>\n\t<meta property=\"og:image:type\" content=\"image\/jpeg\" \/>\n<meta name=\"author\" content=\"Valpara\u00edso Creativo\" \/>\n<meta name=\"twitter:card\" content=\"summary_large_image\" \/>\n<meta name=\"twitter:label1\" content=\"Escrito por\" \/>\n\t<meta name=\"twitter:data1\" content=\"Valpara\u00edso Creativo\" \/>\n\t<meta name=\"twitter:label2\" content=\"Tiempo de lectura\" \/>\n\t<meta name=\"twitter:data2\" content=\"2 minutos\" \/>\n<script type=\"application\/ld+json\" class=\"yoast-schema-graph\">{\"@context\":\"https:\/\/schema.org\",\"@graph\":[{\"@type\":\"Article\",\"@id\":\"https:\/\/dev.antudigital.cl\/sites\/vc\/balmaceda-arte-joven-abre-su-convocatoria-para-talleristas\/#article\",\"isPartOf\":{\"@id\":\"https:\/\/dev.antudigital.cl\/sites\/vc\/balmaceda-arte-joven-abre-su-convocatoria-para-talleristas\/\"},\"author\":{\"name\":\"Valpara\u00edso Creativo\",\"@id\":\"https:\/\/dev.antudigital.cl\/sites\/vc\/#\/schema\/person\/c2b9da8dd545e27166fc5ab232837318\"},\"headline\":\"Balmaceda Arte Joven abre su convocatoria para talleristas\",\"datePublished\":\"2023-04-19T12:35:01+00:00\",\"dateModified\":\"2023-04-19T12:35:07+00:00\",\"mainEntityOfPage\":{\"@id\":\"https:\/\/dev.antudigital.cl\/sites\/vc\/balmaceda-arte-joven-abre-su-convocatoria-para-talleristas\/\"},\"wordCount\":390,\"commentCount\":0,\"image\":{\"@id\":\"https:\/\/dev.antudigital.cl\/sites\/vc\/balmaceda-arte-joven-abre-su-convocatoria-para-talleristas\/#primaryimage\"},\"thumbnailUrl\":\"https:\/\/dev.antudigital.cl\/sites\/vc\/wp-content\/uploads\/2023\/04\/IMG_9114-34-1.jpeg\",\"articleSection\":[\"Uncategorized\"],\"inLanguage\":\"es\",\"potentialAction\":[{\"@type\":\"CommentAction\",\"name\":\"Comment\",\"target\":[\"https:\/\/dev.antudigital.cl\/sites\/vc\/balmaceda-arte-joven-abre-su-convocatoria-para-talleristas\/#respond\"]}]},{\"@type\":\"WebPage\",\"@id\":\"https:\/\/dev.antudigital.cl\/sites\/vc\/balmaceda-arte-joven-abre-su-convocatoria-para-talleristas\/\",\"url\":\"https:\/\/dev.antudigital.cl\/sites\/vc\/balmaceda-arte-joven-abre-su-convocatoria-para-talleristas\/\",\"name\":\"Balmaceda Arte Joven abre su convocatoria para talleristas - Valpara\u00ed\u00adso Creativo\",\"isPartOf\":{\"@id\":\"https:\/\/dev.antudigital.cl\/sites\/vc\/#website\"},\"primaryImageOfPage\":{\"@id\":\"https:\/\/dev.antudigital.cl\/sites\/vc\/balmaceda-arte-joven-abre-su-convocatoria-para-talleristas\/#primaryimage\"},\"image\":{\"@id\":\"https:\/\/dev.antudigital.cl\/sites\/vc\/balmaceda-arte-joven-abre-su-convocatoria-para-talleristas\/#primaryimage\"},\"thumbnailUrl\":\"https:\/\/dev.antudigital.cl\/sites\/vc\/wp-content\/uploads\/2023\/04\/IMG_9114-34-1.jpeg\",\"datePublished\":\"2023-04-19T12:35:01+00:00\",\"dateModified\":\"2023-04-19T12:35:07+00:00\",\"author\":{\"@id\":\"https:\/\/dev.antudigital.cl\/sites\/vc\/#\/schema\/person\/c2b9da8dd545e27166fc5ab232837318\"},\"breadcrumb\":{\"@id\":\"https:\/\/dev.antudigital.cl\/sites\/vc\/balmaceda-arte-joven-abre-su-convocatoria-para-talleristas\/#breadcrumb\"},\"inLanguage\":\"es\",\"potentialAction\":[{\"@type\":\"ReadAction\",\"target\":[\"https:\/\/dev.antudigital.cl\/sites\/vc\/balmaceda-arte-joven-abre-su-convocatoria-para-talleristas\/\"]}]},{\"@type\":\"ImageObject\",\"inLanguage\":\"es\",\"@id\":\"https:\/\/dev.antudigital.cl\/sites\/vc\/balmaceda-arte-joven-abre-su-convocatoria-para-talleristas\/#primaryimage\",\"url\":\"https:\/\/dev.antudigital.cl\/sites\/vc\/wp-content\/uploads\/2023\/04\/IMG_9114-34-1.jpeg\",\"contentUrl\":\"https:\/\/dev.antudigital.cl\/sites\/vc\/wp-content\/uploads\/2023\/04\/IMG_9114-34-1.jpeg\",\"width\":2048,\"height\":1365},{\"@type\":\"BreadcrumbList\",\"@id\":\"https:\/\/dev.antudigital.cl\/sites\/vc\/balmaceda-arte-joven-abre-su-convocatoria-para-talleristas\/#breadcrumb\",\"itemListElement\":[{\"@type\":\"ListItem\",\"position\":1,\"name\":\"Home\",\"item\":\"https:\/\/dev.antudigital.cl\/sites\/vc\/\"},{\"@type\":\"ListItem\",\"position\":2,\"name\":\"Balmaceda Arte Joven abre su convocatoria para talleristas\"}]},{\"@type\":\"WebSite\",\"@id\":\"https:\/\/dev.antudigital.cl\/sites\/vc\/#website\",\"url\":\"https:\/\/dev.antudigital.cl\/sites\/vc\/\",\"name\":\"Valpara\u00ed\u00adso Creativo\",\"description\":\"\",\"potentialAction\":[{\"@type\":\"SearchAction\",\"target\":{\"@type\":\"EntryPoint\",\"urlTemplate\":\"https:\/\/dev.antudigital.cl\/sites\/vc\/?s={search_term_string}\"},\"query-input\":{\"@type\":\"PropertyValueSpecification\",\"valueRequired\":true,\"valueName\":\"search_term_string\"}}],\"inLanguage\":\"es\"},{\"@type\":\"Person\",\"@id\":\"https:\/\/dev.antudigital.cl\/sites\/vc\/#\/schema\/person\/c2b9da8dd545e27166fc5ab232837318\",\"name\":\"Valpara\u00edso Creativo\",\"description\":\"Periodista de cultura en la Regi\u00f3n de Valpara\u00edso.\",\"url\":\"https:\/\/dev.antudigital.cl\/sites\/vc\/author\/valpoadmin\/\"}]}<\/script>\n<!-- \/ Yoast SEO plugin. -->","yoast_head_json":{"title":"Balmaceda Arte Joven abre su convocatoria para talleristas - Valpara\u00ed\u00adso Creativo","robots":{"index":"index","follow":"follow","max-snippet":"max-snippet:-1","max-image-preview":"max-image-preview:large","max-video-preview":"max-video-preview:-1"},"canonical":"https:\/\/dev.antudigital.cl\/sites\/vc\/balmaceda-arte-joven-abre-su-convocatoria-para-talleristas\/","og_locale":"es_ES","og_type":"article","og_title":"Balmaceda Arte Joven abre su convocatoria para talleristas - Valpara\u00ed\u00adso Creativo","og_description":"Balmaceda Arte Joven Valpara\u00edso&nbsp;invita a participar de una nueva convocatoria para dictar talleres art\u00edsticos en su sede. Este llamado, que est\u00e1 dirigido a artistas, creadores y pedagogos en artes, residentes de la regi\u00f3n de Valpara\u00edso, est\u00e1 orientado a la programaci\u00f3n presencial durante el segundo semestre del 2023 y primer semestre del 2024.&nbsp; La convocatoria estar\u00e1 [&hellip;]","og_url":"https:\/\/dev.antudigital.cl\/sites\/vc\/balmaceda-arte-joven-abre-su-convocatoria-para-talleristas\/","og_site_name":"Valpara\u00ed\u00adso Creativo","article_published_time":"2023-04-19T12:35:01+00:00","article_modified_time":"2023-04-19T12:35:07+00:00","og_image":[{"width":1024,"height":683,"url":"https:\/\/dev.antudigital.cl\/sites\/vc\/wp-content\/uploads\/2023\/04\/IMG_9114-34-1-1024x683.jpeg","type":"image\/jpeg"}],"author":"Valpara\u00edso Creativo","twitter_card":"summary_large_image","twitter_misc":{"Escrito por":"Valpara\u00edso Creativo","Tiempo de lectura":"2 minutos"},"schema":{"@context":"https:\/\/schema.org","@graph":[{"@type":"Article","@id":"https:\/\/dev.antudigital.cl\/sites\/vc\/balmaceda-arte-joven-abre-su-convocatoria-para-talleristas\/#article","isPartOf":{"@id":"https:\/\/dev.antudigital.cl\/sites\/vc\/balmaceda-arte-joven-abre-su-convocatoria-para-talleristas\/"},"author":{"name":"Valpara\u00edso Creativo","@id":"https:\/\/dev.antudigital.cl\/sites\/vc\/#\/schema\/person\/c2b9da8dd545e27166fc5ab232837318"},"headline":"Balmaceda Arte Joven abre su convocatoria para talleristas","datePublished":"2023-04-19T12:35:01+00:00","dateModified":"2023-04-19T12:35:07+00:00","mainEntityOfPage":{"@id":"https:\/\/dev.antudigital.cl\/sites\/vc\/balmaceda-arte-joven-abre-su-convocatoria-para-talleristas\/"},"wordCount":390,"commentCount":0,"image":{"@id":"https:\/\/dev.antudigital.cl\/sites\/vc\/balmaceda-arte-joven-abre-su-convocatoria-para-talleristas\/#primaryimage"},"thumbnailUrl":"https:\/\/dev.antudigital.cl\/sites\/vc\/wp-content\/uploads\/2023\/04\/IMG_9114-34-1.jpeg","articleSection":["Uncategorized"],"inLanguage":"es","potentialAction":[{"@type":"CommentAction","name":"Comment","target":["https:\/\/dev.antudigital.cl\/sites\/vc\/balmaceda-arte-joven-abre-su-convocatoria-para-talleristas\/#respond"]}]},{"@type":"WebPage","@id":"https:\/\/dev.antudigital.cl\/sites\/vc\/balmaceda-arte-joven-abre-su-convocatoria-para-talleristas\/","url":"https:\/\/dev.antudigital.cl\/sites\/vc\/balmaceda-arte-joven-abre-su-convocatoria-para-talleristas\/","name":"Balmaceda Arte Joven abre su convocatoria para talleristas - Valpara\u00ed\u00adso Creativo","isPartOf":{"@id":"https:\/\/dev.antudigital.cl\/sites\/vc\/#website"},"primaryImageOfPage":{"@id":"https:\/\/dev.antudigital.cl\/sites\/vc\/balmaceda-arte-joven-abre-su-convocatoria-para-talleristas\/#primaryimage"},"image":{"@id":"https:\/\/dev.antudigital.cl\/sites\/vc\/balmaceda-arte-joven-abre-su-convocatoria-para-talleristas\/#primaryimage"},"thumbnailUrl":"https:\/\/dev.antudigital.cl\/sites\/vc\/wp-content\/uploads\/2023\/04\/IMG_9114-34-1.jpeg","datePublished":"2023-04-19T12:35:01+00:00","dateModified":"2023-04-19T12:35:07+00:00","author":{"@id":"https:\/\/dev.antudigital.cl\/sites\/vc\/#\/schema\/person\/c2b9da8dd545e27166fc5ab232837318"},"breadcrumb":{"@id":"https:\/\/dev.antudigital.cl\/sites\/vc\/balmaceda-arte-joven-abre-su-convocatoria-para-talleristas\/#breadcrumb"},"inLanguage":"es","potentialAction":[{"@type":"ReadAction","target":["https:\/\/dev.antudigital.cl\/sites\/vc\/balmaceda-arte-joven-abre-su-convocatoria-para-talleristas\/"]}]},{"@type":"ImageObject","inLanguage":"es","@id":"https:\/\/dev.antudigital.cl\/sites\/vc\/balmaceda-arte-joven-abre-su-convocatoria-para-talleristas\/#primaryimage","url":"https:\/\/dev.antudigital.cl\/sites\/vc\/wp-content\/uploads\/2023\/04\/IMG_9114-34-1.jpeg","contentUrl":"https:\/\/dev.antudigital.cl\/sites\/vc\/wp-content\/uploads\/2023\/04\/IMG_9114-34-1.jpeg","width":2048,"height":1365},{"@type":"BreadcrumbList","@id":"https:\/\/dev.antudigital.cl\/sites\/vc\/balmaceda-arte-joven-abre-su-convocatoria-para-talleristas\/#breadcrumb","itemListElement":[{"@type":"ListItem","position":1,"name":"Home","item":"https:\/\/dev.antudigital.cl\/sites\/vc\/"},{"@type":"ListItem","position":2,"name":"Balmaceda Arte Joven abre su convocatoria para talleristas"}]},{"@type":"WebSite","@id":"https:\/\/dev.antudigital.cl\/sites\/vc\/#website","url":"https:\/\/dev.antudigital.cl\/sites\/vc\/","name":"Valpara\u00ed\u00adso Creativo","description":"","potentialAction":[{"@type":"SearchAction","target":{"@type":"EntryPoint","urlTemplate":"https:\/\/dev.antudigital.cl\/sites\/vc\/?s={search_term_string}"},"query-input":{"@type":"PropertyValueSpecification","valueRequired":true,"valueName":"search_term_string"}}],"inLanguage":"es"},{"@type":"Person","@id":"https:\/\/dev.antudigital.cl\/sites\/vc\/#\/schema\/person\/c2b9da8dd545e27166fc5ab232837318","name":"Valpara\u00edso Creativo","description":"Periodista de cultura en la Regi\u00f3n de Valpara\u00edso.","url":"https:\/\/dev.antudigital.cl\/sites\/vc\/author\/valpoadmin\/"}]}},"_links":{"self":[{"href":"https:\/\/dev.antudigital.cl\/sites\/vc\/wp-json\/wp\/v2\/posts\/14193","targetHints":{"allow":["GET"]}}],"collection":[{"href":"https:\/\/dev.antudigital.cl\/sites\/vc\/wp-json\/wp\/v2\/posts"}],"about":[{"href":"https:\/\/dev.antudigital.cl\/sites\/vc\/wp-json\/wp\/v2\/types\/post"}],"author":[{"embeddable":true,"href":"https:\/\/dev.antudigital.cl\/sites\/vc\/wp-json\/wp\/v2\/users\/1"}],"replies":[{"embeddable":true,"href":"https:\/\/dev.antudigital.cl\/sites\/vc\/wp-json\/wp\/v2\/comments?post=14193"}],"version-history":[{"count":1,"href":"https:\/\/dev.antudigital.cl\/sites\/vc\/wp-json\/wp\/v2\/posts\/14193\/revisions"}],"predecessor-version":[{"id":14196,"href":"https:\/\/dev.antudigital.cl\/sites\/vc\/wp-json\/wp\/v2\/posts\/14193\/revisions\/14196"}],"wp:featuredmedia":[{"embeddable":true,"href":"https:\/\/dev.antudigital.cl\/sites\/vc\/wp-json\/wp\/v2\/media\/14195"}],"wp:attachment":[{"href":"https:\/\/dev.antudigital.cl\/sites\/vc\/wp-json\/wp\/v2\/media?parent=14193"}],"wp:term":[{"taxonomy":"category","embeddable":true,"href":"https:\/\/dev.antudigital.cl\/sites\/vc\/wp-json\/wp\/v2\/categories?post=14193"},{"taxonomy":"post_tag","embeddable":true,"href":"https:\/\/dev.antudigital.cl\/sites\/vc\/wp-json\/wp\/v2\/tags?post=14193"}],"curies":[{"name":"wp","href":"https:\/\/api.w.org\/{rel}","templated":true}]}}