{"id":14197,"date":"2023-04-19T15:41:49","date_gmt":"2023-04-19T15:41:49","guid":{"rendered":"https:\/\/www.valparaisocreativo.cl\/?p=14197"},"modified":"2023-04-19T15:41:54","modified_gmt":"2023-04-19T15:41:54","slug":"baj-valpo-invita-al-lanzamiento-de-escritur-territorial-2022","status":"publish","type":"post","link":"https:\/\/dev.antudigital.cl\/sites\/vc\/baj-valpo-invita-al-lanzamiento-de-escritur-territorial-2022\/","title":{"rendered":"BAJ Valpo invita al lanzamiento de escritur territorial 2022"},"content":{"rendered":"\n<p>El 5to Laboratorio de Escritura Territorial, espacio dedicado a la investigaci\u00f3n y creaci\u00f3n literaria de&nbsp;<strong>Balmaceda Arte Joven Valpara\u00edso<\/strong>, presentar\u00e1 una nueva edici\u00f3n de su libro compilado junto a textos de lxs participantes del a\u00f1o 2022, espacio desarrollado durante seis meses en nuestra sede. El libro editado por el escritor y coordinador, Crist\u00f3bal Gaete, ser\u00e1 lanzado el&nbsp;<strong>jueves 20 de abril, a las 18.00 horas<\/strong>, en Santa Isabel 739, cerro Alegre.<\/p>\n\n\n\n<p>Despu\u00e9s de haber cursado en modalidad presencial m\u00e1s de treinta sesiones creativas, de lectura colectiva y de edici\u00f3n, adem\u00e1s de m\u00f3dulos te\u00f3rico-pr\u00e1cticos con distintxs profesionales del \u00e1rea, sus 12 participantes presentar\u00e1n su resultado, un libro que pone al centro las voces y relatos que se narran desde distintos escenarios de la ciudad de Valpara\u00edso.<\/p>\n\n\n\n<p>En&nbsp;<strong><em>Reescritura de Valpara\u00edso IV<\/em><\/strong>&nbsp;podr\u00e1s encontrar los textos de:&nbsp;<strong>Daniel Valencia, Juana Balc\u00e1zar, radioactivo, Javiera Astorga, Rosita Vald\u00e9s, Sof\u00eda L\u00f3pez Mart\u00ednez, Mat\u00edas Mu\u00f1oz Zamora, Jordan Chiu, Estefan\u00eda Villalobos Vergara, Lourdes D\u00edaz Rosales, Vicente Meneses y Fernanda Jelves.<\/strong><\/p>\n\n\n\n<p>La actividad abierta estar\u00e1 marcada por las lecturas en vivo de algunos fragmentos de la publicaci\u00f3n. Adem\u00e1s, se presentar\u00e1 el documental que resume el proceso y las experiencias de lxs participantes de esta versi\u00f3n.<\/p>\n\n\n\n<p>En tanto, si quieres conocer m\u00e1s del Laboratorio de Escritura Territorial, te invitamos a visitar&nbsp;<a href=\"https:\/\/balmacedartejoven.cl\/let\/\">www.escrituraterritorial.cl<\/a>, sitio web interactivo donde encontraras los textos resultantes de las ediciones anteriores del espacio formativo (2018, 2019, 2020 y 2021).<\/p>\n","protected":false},"excerpt":{"rendered":"<p>El 5to Laboratorio de Escritura Territorial, espacio dedicado a la investigaci\u00f3n y creaci\u00f3n literaria de&nbsp;Balmaceda Arte Joven Valpara\u00edso, presentar\u00e1 una nueva edici\u00f3n de su libro compilado junto a textos de lxs participantes del a\u00f1o 2022, espacio desarrollado durante seis meses en nuestra sede. El libro editado por el escritor y coordinador, Crist\u00f3bal Gaete, ser\u00e1 lanzado [&hellip;]<\/p>\n","protected":false},"author":1,"featured_media":14199,"comment_status":"open","ping_status":"closed","sticky":false,"template":"","format":"standard","meta":{"_acf_changed":false,"footnotes":""},"categories":[1],"tags":[],"class_list":["post-14197","post","type-post","status-publish","format-standard","has-post-thumbnail","hentry","category-uncategorized"],"acf":[],"yoast_head":"<!-- This site is optimized with the Yoast SEO plugin v27.1.1 - https:\/\/yoast.com\/product\/yoast-seo-wordpress\/ -->\n<title>BAJ Valpo invita al lanzamiento de escritur territorial 2022 - Valpara\u00ed\u00adso Creativo<\/title>\n<meta name=\"robots\" content=\"index, follow, max-snippet:-1, max-image-preview:large, max-video-preview:-1\" \/>\n<link rel=\"canonical\" href=\"https:\/\/dev.antudigital.cl\/sites\/vc\/baj-valpo-invita-al-lanzamiento-de-escritur-territorial-2022\/\" \/>\n<meta property=\"og:locale\" content=\"es_ES\" \/>\n<meta property=\"og:type\" content=\"article\" \/>\n<meta property=\"og:title\" content=\"BAJ Valpo invita al lanzamiento de escritur territorial 2022 - Valpara\u00ed\u00adso Creativo\" \/>\n<meta property=\"og:description\" content=\"El 5to Laboratorio de Escritura Territorial, espacio dedicado a la investigaci\u00f3n y creaci\u00f3n literaria de&nbsp;Balmaceda Arte Joven Valpara\u00edso, presentar\u00e1 una nueva edici\u00f3n de su libro compilado junto a textos de lxs participantes del a\u00f1o 2022, espacio desarrollado durante seis meses en nuestra sede. El libro editado por el escritor y coordinador, Crist\u00f3bal Gaete, ser\u00e1 lanzado [&hellip;]\" \/>\n<meta property=\"og:url\" content=\"https:\/\/dev.antudigital.cl\/sites\/vc\/baj-valpo-invita-al-lanzamiento-de-escritur-territorial-2022\/\" \/>\n<meta property=\"og:site_name\" content=\"Valpara\u00ed\u00adso Creativo\" \/>\n<meta property=\"article:published_time\" content=\"2023-04-19T15:41:49+00:00\" \/>\n<meta property=\"article:modified_time\" content=\"2023-04-19T15:41:54+00:00\" \/>\n<meta property=\"og:image\" content=\"https:\/\/dev.antudigital.cl\/sites\/vc\/wp-content\/uploads\/2023\/04\/LANZAMIENTO-LET-LIBRO-2023-BANNER-1024x578.png\" \/>\n\t<meta property=\"og:image:width\" content=\"1024\" \/>\n\t<meta property=\"og:image:height\" content=\"578\" \/>\n\t<meta property=\"og:image:type\" content=\"image\/png\" \/>\n<meta name=\"author\" content=\"Valpara\u00edso Creativo\" \/>\n<meta name=\"twitter:card\" content=\"summary_large_image\" \/>\n<meta name=\"twitter:label1\" content=\"Escrito por\" \/>\n\t<meta name=\"twitter:data1\" content=\"Valpara\u00edso Creativo\" \/>\n\t<meta name=\"twitter:label2\" content=\"Tiempo de lectura\" \/>\n\t<meta name=\"twitter:data2\" content=\"2 minutos\" \/>\n<script type=\"application\/ld+json\" class=\"yoast-schema-graph\">{\"@context\":\"https:\/\/schema.org\",\"@graph\":[{\"@type\":\"Article\",\"@id\":\"https:\/\/dev.antudigital.cl\/sites\/vc\/baj-valpo-invita-al-lanzamiento-de-escritur-territorial-2022\/#article\",\"isPartOf\":{\"@id\":\"https:\/\/dev.antudigital.cl\/sites\/vc\/baj-valpo-invita-al-lanzamiento-de-escritur-territorial-2022\/\"},\"author\":{\"name\":\"Valpara\u00edso Creativo\",\"@id\":\"https:\/\/dev.antudigital.cl\/sites\/vc\/#\/schema\/person\/c2b9da8dd545e27166fc5ab232837318\"},\"headline\":\"BAJ Valpo invita al lanzamiento de escritur territorial 2022\",\"datePublished\":\"2023-04-19T15:41:49+00:00\",\"dateModified\":\"2023-04-19T15:41:54+00:00\",\"mainEntityOfPage\":{\"@id\":\"https:\/\/dev.antudigital.cl\/sites\/vc\/baj-valpo-invita-al-lanzamiento-de-escritur-territorial-2022\/\"},\"wordCount\":270,\"commentCount\":0,\"image\":{\"@id\":\"https:\/\/dev.antudigital.cl\/sites\/vc\/baj-valpo-invita-al-lanzamiento-de-escritur-territorial-2022\/#primaryimage\"},\"thumbnailUrl\":\"https:\/\/dev.antudigital.cl\/sites\/vc\/wp-content\/uploads\/2023\/04\/LANZAMIENTO-LET-LIBRO-2023-BANNER.png\",\"articleSection\":[\"Uncategorized\"],\"inLanguage\":\"es\",\"potentialAction\":[{\"@type\":\"CommentAction\",\"name\":\"Comment\",\"target\":[\"https:\/\/dev.antudigital.cl\/sites\/vc\/baj-valpo-invita-al-lanzamiento-de-escritur-territorial-2022\/#respond\"]}]},{\"@type\":\"WebPage\",\"@id\":\"https:\/\/dev.antudigital.cl\/sites\/vc\/baj-valpo-invita-al-lanzamiento-de-escritur-territorial-2022\/\",\"url\":\"https:\/\/dev.antudigital.cl\/sites\/vc\/baj-valpo-invita-al-lanzamiento-de-escritur-territorial-2022\/\",\"name\":\"BAJ Valpo invita al lanzamiento de escritur territorial 2022 - Valpara\u00ed\u00adso Creativo\",\"isPartOf\":{\"@id\":\"https:\/\/dev.antudigital.cl\/sites\/vc\/#website\"},\"primaryImageOfPage\":{\"@id\":\"https:\/\/dev.antudigital.cl\/sites\/vc\/baj-valpo-invita-al-lanzamiento-de-escritur-territorial-2022\/#primaryimage\"},\"image\":{\"@id\":\"https:\/\/dev.antudigital.cl\/sites\/vc\/baj-valpo-invita-al-lanzamiento-de-escritur-territorial-2022\/#primaryimage\"},\"thumbnailUrl\":\"https:\/\/dev.antudigital.cl\/sites\/vc\/wp-content\/uploads\/2023\/04\/LANZAMIENTO-LET-LIBRO-2023-BANNER.png\",\"datePublished\":\"2023-04-19T15:41:49+00:00\",\"dateModified\":\"2023-04-19T15:41:54+00:00\",\"author\":{\"@id\":\"https:\/\/dev.antudigital.cl\/sites\/vc\/#\/schema\/person\/c2b9da8dd545e27166fc5ab232837318\"},\"breadcrumb\":{\"@id\":\"https:\/\/dev.antudigital.cl\/sites\/vc\/baj-valpo-invita-al-lanzamiento-de-escritur-territorial-2022\/#breadcrumb\"},\"inLanguage\":\"es\",\"potentialAction\":[{\"@type\":\"ReadAction\",\"target\":[\"https:\/\/dev.antudigital.cl\/sites\/vc\/baj-valpo-invita-al-lanzamiento-de-escritur-territorial-2022\/\"]}]},{\"@type\":\"ImageObject\",\"inLanguage\":\"es\",\"@id\":\"https:\/\/dev.antudigital.cl\/sites\/vc\/baj-valpo-invita-al-lanzamiento-de-escritur-territorial-2022\/#primaryimage\",\"url\":\"https:\/\/dev.antudigital.cl\/sites\/vc\/wp-content\/uploads\/2023\/04\/LANZAMIENTO-LET-LIBRO-2023-BANNER.png\",\"contentUrl\":\"https:\/\/dev.antudigital.cl\/sites\/vc\/wp-content\/uploads\/2023\/04\/LANZAMIENTO-LET-LIBRO-2023-BANNER.png\",\"width\":1450,\"height\":818},{\"@type\":\"BreadcrumbList\",\"@id\":\"https:\/\/dev.antudigital.cl\/sites\/vc\/baj-valpo-invita-al-lanzamiento-de-escritur-territorial-2022\/#breadcrumb\",\"itemListElement\":[{\"@type\":\"ListItem\",\"position\":1,\"name\":\"Home\",\"item\":\"https:\/\/dev.antudigital.cl\/sites\/vc\/\"},{\"@type\":\"ListItem\",\"position\":2,\"name\":\"BAJ Valpo invita al lanzamiento de escritur territorial 2022\"}]},{\"@type\":\"WebSite\",\"@id\":\"https:\/\/dev.antudigital.cl\/sites\/vc\/#website\",\"url\":\"https:\/\/dev.antudigital.cl\/sites\/vc\/\",\"name\":\"Valpara\u00ed\u00adso Creativo\",\"description\":\"\",\"potentialAction\":[{\"@type\":\"SearchAction\",\"target\":{\"@type\":\"EntryPoint\",\"urlTemplate\":\"https:\/\/dev.antudigital.cl\/sites\/vc\/?s={search_term_string}\"},\"query-input\":{\"@type\":\"PropertyValueSpecification\",\"valueRequired\":true,\"valueName\":\"search_term_string\"}}],\"inLanguage\":\"es\"},{\"@type\":\"Person\",\"@id\":\"https:\/\/dev.antudigital.cl\/sites\/vc\/#\/schema\/person\/c2b9da8dd545e27166fc5ab232837318\",\"name\":\"Valpara\u00edso Creativo\",\"description\":\"Periodista de cultura en la Regi\u00f3n de Valpara\u00edso.\",\"url\":\"https:\/\/dev.antudigital.cl\/sites\/vc\/author\/valpoadmin\/\"}]}<\/script>\n<!-- \/ Yoast SEO plugin. -->","yoast_head_json":{"title":"BAJ Valpo invita al lanzamiento de escritur territorial 2022 - Valpara\u00ed\u00adso Creativo","robots":{"index":"index","follow":"follow","max-snippet":"max-snippet:-1","max-image-preview":"max-image-preview:large","max-video-preview":"max-video-preview:-1"},"canonical":"https:\/\/dev.antudigital.cl\/sites\/vc\/baj-valpo-invita-al-lanzamiento-de-escritur-territorial-2022\/","og_locale":"es_ES","og_type":"article","og_title":"BAJ Valpo invita al lanzamiento de escritur territorial 2022 - Valpara\u00ed\u00adso Creativo","og_description":"El 5to Laboratorio de Escritura Territorial, espacio dedicado a la investigaci\u00f3n y creaci\u00f3n literaria de&nbsp;Balmaceda Arte Joven Valpara\u00edso, presentar\u00e1 una nueva edici\u00f3n de su libro compilado junto a textos de lxs participantes del a\u00f1o 2022, espacio desarrollado durante seis meses en nuestra sede. El libro editado por el escritor y coordinador, Crist\u00f3bal Gaete, ser\u00e1 lanzado [&hellip;]","og_url":"https:\/\/dev.antudigital.cl\/sites\/vc\/baj-valpo-invita-al-lanzamiento-de-escritur-territorial-2022\/","og_site_name":"Valpara\u00ed\u00adso Creativo","article_published_time":"2023-04-19T15:41:49+00:00","article_modified_time":"2023-04-19T15:41:54+00:00","og_image":[{"width":1024,"height":578,"url":"https:\/\/dev.antudigital.cl\/sites\/vc\/wp-content\/uploads\/2023\/04\/LANZAMIENTO-LET-LIBRO-2023-BANNER-1024x578.png","type":"image\/png"}],"author":"Valpara\u00edso Creativo","twitter_card":"summary_large_image","twitter_misc":{"Escrito por":"Valpara\u00edso Creativo","Tiempo de lectura":"2 minutos"},"schema":{"@context":"https:\/\/schema.org","@graph":[{"@type":"Article","@id":"https:\/\/dev.antudigital.cl\/sites\/vc\/baj-valpo-invita-al-lanzamiento-de-escritur-territorial-2022\/#article","isPartOf":{"@id":"https:\/\/dev.antudigital.cl\/sites\/vc\/baj-valpo-invita-al-lanzamiento-de-escritur-territorial-2022\/"},"author":{"name":"Valpara\u00edso Creativo","@id":"https:\/\/dev.antudigital.cl\/sites\/vc\/#\/schema\/person\/c2b9da8dd545e27166fc5ab232837318"},"headline":"BAJ Valpo invita al lanzamiento de escritur territorial 2022","datePublished":"2023-04-19T15:41:49+00:00","dateModified":"2023-04-19T15:41:54+00:00","mainEntityOfPage":{"@id":"https:\/\/dev.antudigital.cl\/sites\/vc\/baj-valpo-invita-al-lanzamiento-de-escritur-territorial-2022\/"},"wordCount":270,"commentCount":0,"image":{"@id":"https:\/\/dev.antudigital.cl\/sites\/vc\/baj-valpo-invita-al-lanzamiento-de-escritur-territorial-2022\/#primaryimage"},"thumbnailUrl":"https:\/\/dev.antudigital.cl\/sites\/vc\/wp-content\/uploads\/2023\/04\/LANZAMIENTO-LET-LIBRO-2023-BANNER.png","articleSection":["Uncategorized"],"inLanguage":"es","potentialAction":[{"@type":"CommentAction","name":"Comment","target":["https:\/\/dev.antudigital.cl\/sites\/vc\/baj-valpo-invita-al-lanzamiento-de-escritur-territorial-2022\/#respond"]}]},{"@type":"WebPage","@id":"https:\/\/dev.antudigital.cl\/sites\/vc\/baj-valpo-invita-al-lanzamiento-de-escritur-territorial-2022\/","url":"https:\/\/dev.antudigital.cl\/sites\/vc\/baj-valpo-invita-al-lanzamiento-de-escritur-territorial-2022\/","name":"BAJ Valpo invita al lanzamiento de escritur territorial 2022 - Valpara\u00ed\u00adso Creativo","isPartOf":{"@id":"https:\/\/dev.antudigital.cl\/sites\/vc\/#website"},"primaryImageOfPage":{"@id":"https:\/\/dev.antudigital.cl\/sites\/vc\/baj-valpo-invita-al-lanzamiento-de-escritur-territorial-2022\/#primaryimage"},"image":{"@id":"https:\/\/dev.antudigital.cl\/sites\/vc\/baj-valpo-invita-al-lanzamiento-de-escritur-territorial-2022\/#primaryimage"},"thumbnailUrl":"https:\/\/dev.antudigital.cl\/sites\/vc\/wp-content\/uploads\/2023\/04\/LANZAMIENTO-LET-LIBRO-2023-BANNER.png","datePublished":"2023-04-19T15:41:49+00:00","dateModified":"2023-04-19T15:41:54+00:00","author":{"@id":"https:\/\/dev.antudigital.cl\/sites\/vc\/#\/schema\/person\/c2b9da8dd545e27166fc5ab232837318"},"breadcrumb":{"@id":"https:\/\/dev.antudigital.cl\/sites\/vc\/baj-valpo-invita-al-lanzamiento-de-escritur-territorial-2022\/#breadcrumb"},"inLanguage":"es","potentialAction":[{"@type":"ReadAction","target":["https:\/\/dev.antudigital.cl\/sites\/vc\/baj-valpo-invita-al-lanzamiento-de-escritur-territorial-2022\/"]}]},{"@type":"ImageObject","inLanguage":"es","@id":"https:\/\/dev.antudigital.cl\/sites\/vc\/baj-valpo-invita-al-lanzamiento-de-escritur-territorial-2022\/#primaryimage","url":"https:\/\/dev.antudigital.cl\/sites\/vc\/wp-content\/uploads\/2023\/04\/LANZAMIENTO-LET-LIBRO-2023-BANNER.png","contentUrl":"https:\/\/dev.antudigital.cl\/sites\/vc\/wp-content\/uploads\/2023\/04\/LANZAMIENTO-LET-LIBRO-2023-BANNER.png","width":1450,"height":818},{"@type":"BreadcrumbList","@id":"https:\/\/dev.antudigital.cl\/sites\/vc\/baj-valpo-invita-al-lanzamiento-de-escritur-territorial-2022\/#breadcrumb","itemListElement":[{"@type":"ListItem","position":1,"name":"Home","item":"https:\/\/dev.antudigital.cl\/sites\/vc\/"},{"@type":"ListItem","position":2,"name":"BAJ Valpo invita al lanzamiento de escritur territorial 2022"}]},{"@type":"WebSite","@id":"https:\/\/dev.antudigital.cl\/sites\/vc\/#website","url":"https:\/\/dev.antudigital.cl\/sites\/vc\/","name":"Valpara\u00ed\u00adso Creativo","description":"","potentialAction":[{"@type":"SearchAction","target":{"@type":"EntryPoint","urlTemplate":"https:\/\/dev.antudigital.cl\/sites\/vc\/?s={search_term_string}"},"query-input":{"@type":"PropertyValueSpecification","valueRequired":true,"valueName":"search_term_string"}}],"inLanguage":"es"},{"@type":"Person","@id":"https:\/\/dev.antudigital.cl\/sites\/vc\/#\/schema\/person\/c2b9da8dd545e27166fc5ab232837318","name":"Valpara\u00edso Creativo","description":"Periodista de cultura en la Regi\u00f3n de Valpara\u00edso.","url":"https:\/\/dev.antudigital.cl\/sites\/vc\/author\/valpoadmin\/"}]}},"_links":{"self":[{"href":"https:\/\/dev.antudigital.cl\/sites\/vc\/wp-json\/wp\/v2\/posts\/14197","targetHints":{"allow":["GET"]}}],"collection":[{"href":"https:\/\/dev.antudigital.cl\/sites\/vc\/wp-json\/wp\/v2\/posts"}],"about":[{"href":"https:\/\/dev.antudigital.cl\/sites\/vc\/wp-json\/wp\/v2\/types\/post"}],"author":[{"embeddable":true,"href":"https:\/\/dev.antudigital.cl\/sites\/vc\/wp-json\/wp\/v2\/users\/1"}],"replies":[{"embeddable":true,"href":"https:\/\/dev.antudigital.cl\/sites\/vc\/wp-json\/wp\/v2\/comments?post=14197"}],"version-history":[{"count":1,"href":"https:\/\/dev.antudigital.cl\/sites\/vc\/wp-json\/wp\/v2\/posts\/14197\/revisions"}],"predecessor-version":[{"id":14200,"href":"https:\/\/dev.antudigital.cl\/sites\/vc\/wp-json\/wp\/v2\/posts\/14197\/revisions\/14200"}],"wp:featuredmedia":[{"embeddable":true,"href":"https:\/\/dev.antudigital.cl\/sites\/vc\/wp-json\/wp\/v2\/media\/14199"}],"wp:attachment":[{"href":"https:\/\/dev.antudigital.cl\/sites\/vc\/wp-json\/wp\/v2\/media?parent=14197"}],"wp:term":[{"taxonomy":"category","embeddable":true,"href":"https:\/\/dev.antudigital.cl\/sites\/vc\/wp-json\/wp\/v2\/categories?post=14197"},{"taxonomy":"post_tag","embeddable":true,"href":"https:\/\/dev.antudigital.cl\/sites\/vc\/wp-json\/wp\/v2\/tags?post=14197"}],"curies":[{"name":"wp","href":"https:\/\/api.w.org\/{rel}","templated":true}]}}