{"id":14201,"date":"2023-04-19T17:11:52","date_gmt":"2023-04-19T17:11:52","guid":{"rendered":"https:\/\/www.valparaisocreativo.cl\/?p=14201"},"modified":"2023-04-19T17:12:03","modified_gmt":"2023-04-19T17:12:03","slug":"actividades-semana-17-al-23-de-abril-en-el-parque-cultural-de-valparaiso","status":"publish","type":"post","link":"https:\/\/dev.antudigital.cl\/sites\/vc\/actividades-semana-17-al-23-de-abril-en-el-parque-cultural-de-valparaiso\/","title":{"rendered":"Actividades semana 17 al 23 de abril en el Parque Cultural de Valpara\u00edso"},"content":{"rendered":"\n<p><strong>Jueves 20 de abril:<\/strong><\/p>\n\n\n\n<p><strong>16:00 hrs.:<\/strong><strong> \u00abENCUENTRO: LIBROS, MEMORIAS Y DERECHOS HUMANOS\u201d&nbsp;<\/strong><\/p>\n\n\n\n<p>En el marco de la conmemoraci\u00f3n del D\u00eda Internacional de Libro, este jueves 20 de abril la Sede Regional Valpara\u00edso del Instituto Nacional de Derechos Humanos junto con Arpilleras Sitios y Memoria Valpara\u00edso y el Parque Cultural de Valpara\u00edso invitan al \u201cEncuentro: Libros, Memoria y Derechos Humanos\u201d. Esta actividad tiene como objetivo reconocer el rol hist\u00f3rico del libro para el fortalecimiento de la democracia y los derechos humanos.<\/p>\n\n\n\n<p>La actividad comenzar\u00e1 a las 16:00 hrs., con una exposici\u00f3n de libros de la editorial Quimant\u00fa y de arpilleras. Posteriormente, a las 18:00 hrs. se realizar\u00e1 el conversatorio<br>\u201cPol\u00edticas p\u00fablicas para la democratizaci\u00f3n del libro en Chile\u201d, el cual contar\u00e1 con expositores de la editorial Quimant\u00fa, la Red de Bibliotecas Populares, Editorial RIL y la Biblioteca Nacional. Adem\u00e1s, contaremos con la participaci\u00f3n especial del Taller Arpilleras, Sitios y Memoria de Valpara\u00edso.<\/p>\n\n\n\n<p><strong>D\u00f3nde<\/strong>: Sala de Lectura<\/p>\n\n\n\n<p><strong>Cuando:<\/strong> Jueves 20 de abril.<\/p>\n\n\n\n<p><strong>Hora:<\/strong> Exposici\u00f3n 16:00 hrs.<\/p>\n\n\n\n<p><strong>Conversatorio: <\/strong>18:00 hrs.<\/p>\n\n\n\n<p><strong>Panel:<\/strong><\/p>\n\n\n\n<p>-Isabel Molina: Investigadora \u201cQuimant\u00fa: 50 a\u00f1os de la revoluci\u00f3n de los libros\u201d<\/p>\n\n\n\n<p>-Mario Ramos: Editorial Quimant\u00fa II<\/p>\n\n\n\n<p>-Jaime Armijo: Editorial Quimant\u00fa I<\/p>\n\n\n\n<p>-Gislaine Barr\u00eda: Red de Bibliotecas populares<\/p>\n\n\n\n<p>-Ernesto Guajardo: Editorial RIL<\/p>\n\n\n\n<p>-Modera: Arpilleras, Sitios y Memoria Valpara\u00edso<\/p>\n\n\n\n<figure class=\"wp-block-image size-large\"><img fetchpriority=\"high\" decoding=\"async\" width=\"791\" height=\"1024\" src=\"https:\/\/www.valparaisocreativo.cl\/wp-content\/uploads\/2023\/04\/afiche-791x1024.jpeg\" alt=\"\" class=\"wp-image-14202\" srcset=\"https:\/\/dev.antudigital.cl\/sites\/vc\/wp-content\/uploads\/2023\/04\/afiche-791x1024.jpeg 791w, https:\/\/dev.antudigital.cl\/sites\/vc\/wp-content\/uploads\/2023\/04\/afiche-232x300.jpeg 232w, https:\/\/dev.antudigital.cl\/sites\/vc\/wp-content\/uploads\/2023\/04\/afiche-768x994.jpeg 768w, https:\/\/dev.antudigital.cl\/sites\/vc\/wp-content\/uploads\/2023\/04\/afiche-1187x1536.jpeg 1187w, https:\/\/dev.antudigital.cl\/sites\/vc\/wp-content\/uploads\/2023\/04\/afiche-1080x1398.jpeg 1080w, https:\/\/dev.antudigital.cl\/sites\/vc\/wp-content\/uploads\/2023\/04\/afiche-980x1269.jpeg 980w, https:\/\/dev.antudigital.cl\/sites\/vc\/wp-content\/uploads\/2023\/04\/afiche-480x621.jpeg 480w, https:\/\/dev.antudigital.cl\/sites\/vc\/wp-content\/uploads\/2023\/04\/afiche.jpeg 1236w\" sizes=\"(max-width: 791px) 100vw, 791px\" \/><\/figure>\n\n\n\n<p><strong>Viernes 21 de abril:<\/strong><\/p>\n\n\n\n<p><strong>18:00 HRS.: <\/strong><strong>EXHIBICI\u00d3N PEL\u00cdCULA \u201cPUNTO DE ENCUENTRO\u201d<\/strong><\/p>\n\n\n\n<p>La pel\u00edcula que se estrena en cines este 20 de abril llega al Parque Cultural de Valpara\u00edso en <strong>funci\u00f3n gratuita.<\/strong><\/p>\n\n\n\n<p>\u201cPunto de Encuentro\u201d nos revela el proceso \u00edntimo de Alfredo y Paulina, dos cineastas que intentan filmar una pel\u00edcula para reconstruir lo que vivieron sus padres en Villa Grimaldi, un emblem\u00e1tico centro de tortura de la dictadura de Pinochet.<\/p>\n\n\n\n<p>Sus padres forjaron una profunda amistad compartiendo una celda en ese lugar, pero solo uno sobrevivi\u00f3, el otro es hasta hoy un desaparecido. Ambos cineastas involucran a sus familias en los ensayos y el rodaje con los actores, suman a Silvia Vera, viuda del padre desaparecido y Luis Costa, sobreviviente de la Villa. Juntos revelan tras las c\u00e1maras las consecuencias de esta historia en tres generaciones: en los padres y madres que sobrevivieron, en las contradicciones de los realizadores como hijos; y en la mirada ingenua de los m\u00e1s peque\u00f1os, que son testigos de este ejercicio de memoria familiar, que revela los matices de una herencia y las huellas emocionales de lo que pas\u00f3.<\/p>\n\n\n\n<p>Este proyecto \u00edntimo y familiar cruza memorias, derechos humanos y el recurso de la puesta en escena para reconstruir esas memorias, y as\u00ed articular una conversaci\u00f3n inter-generacional que 50 a\u00f1os despu\u00e9s a\u00fan est\u00e1 pendiente.<\/p>\n\n\n\n<p>Posterior a la exhibici\u00f3n se realizar\u00e1 un espacio de conversaci\u00f3n con Paulina Costa, Luis Costa y Silvia Vera, parte del reparto y la producci\u00f3n del galardonado film.<\/p>\n\n\n\n<p><strong>D\u00f3nde<\/strong>: Teatro Parque Cultural de Valpara\u00edso<\/p>\n\n\n\n<p><strong>Cu\u00e1ndo: <\/strong>viernes 21 de abril<\/p>\n\n\n\n<p><strong>Hora:<\/strong> 18:00 hrs.<\/p>\n\n\n\n<p><strong>S\u00e1bado 22 de abril:<\/strong><\/p>\n\n\n\n<p><strong>11:00 a 18:00 hrs.<\/strong><strong> ENCUENTRO \u201cREVOLUCI\u00d3N DE LA MODA 2023\u201d<\/strong><\/p>\n\n\n\n<p>El Encuentro \u00abRevoluci\u00f3n de la Moda 2023\u00bb es una actividad organizada por <strong>Upclyclers Chile<\/strong> con la colaboraci\u00f3n del <strong>Parque Cultural de Valpara\u00edso y<\/strong> <strong>Huila Creatividad Colaborativa<\/strong>. El evento congrega a creativxs del \u00abupcycling\u00bb, quienes trabajan reutilizando materiales de desecho o residuos, transform\u00e1ndolos en productos nuevos y de mayor valor.&nbsp;<\/p>\n\n\n\n<p>La instancia busca compartir alternativas para vivir de manera m\u00e1s consciente, identificando las diversas maneras de reutilizar materiales en desuso, a trav\u00e9s de diferentes acciones, tales como: talleres educativos, intercambio de ropa, taller de reparaci\u00f3n, feria de hacedores, exposici\u00f3n sobre procesos creativos, artivismo y diversas intervenciones que nos llaman a reflexionar sobre las pr\u00e1cticas sostenibles que podemos integrar a nuestra vida cotidiana, y a la vez visibilizando a las y los profesionales que, a trav\u00e9s de su trabajo, promueven la reutilizaci\u00f3n textil.<\/p>\n\n\n\n<p>\u00ab<em>Desarrollamos nuestro quehacer utilizando materialidades ya existentes provenientes tanto de la pos producci\u00f3n como del Pre y Pos consumo de la industria textil en Chile. A trav\u00e9s de nuestras expresiones creativas, le damos un vuelco evitando que sean desechos. El Dise\u00f1o, la Moda\/Indumentaria, las Artes, la Educaci\u00f3n y las Manualidades son nuestras EXPRESIONES CREATIVAS,&nbsp; todas entrelazables y no jerarquizables. Reconocemos el valor de cada expresi\u00f3n en s\u00ed misma, por lo que estamos siempre con la mente abierta para conocer y descubrir alguna otra<\/em>\u00ab, Upcyclers Chile.<\/p>\n\n\n\n<p>\u00bfCu\u00e1ndo?: S\u00e1bado 22 de abril<\/p>\n\n\n\n<p>\u00bfD\u00f3nde?: Terraza segundo piso Edificio Difusi\u00f3n, Explanada y Sala Lectura, Parque Cultural de Valpara\u00edso<\/p>\n\n\n\n<p>\u00bfHorario?: 11:00 a 18:00 hrs<\/p>\n\n\n\n<p>A continuaci\u00f3n, te dejamos el programa detallado del encuentro:<\/p>\n\n\n\n<ul class=\"wp-block-list\">\n<li><strong>Sala Lectura<\/strong>. Exposici\u00f3n de im\u00e1genes y procesos de 11:00<strong> a 18:00 hrs.<\/strong><\/li>\n\n\n\n<li><strong>Explanada (frontis Difusi\u00f3n)<\/strong>\n<ul class=\"wp-block-list\">\n<li>Talleres. <strong>11:00 a 17:30 hrs<\/strong>\n<ul class=\"wp-block-list\">\n<li>Taller para la infancia.&nbsp;<\/li>\n\n\n\n<li>Talleres express de reutilizaci\u00f3n de poleras, horario continuo. Aporte voluntario desde $500 \/ materiales incluidos.<\/li>\n\n\n\n<li>Taller para aprender t\u00e9cnicas de reparaci\u00f3n manual visible. Horario continuo (trae tu prenda), aporte voluntario m\u00ednimo $4000 \/ materiales incluidos.<\/li>\n\n\n\n<li>Taller de Bisuter\u00eda textil. Horario continuo. Aporte voluntario m\u00ednimo $1000 \/ materiales incluidos.<\/li>\n<\/ul>\n<\/li>\n\n\n\n<li>Stand de reparaciones \u00a1Trae lo que quieras reparar! Listado de precios m\u00ednimos seg\u00fan arreglo.&nbsp; <strong>11:00 a 18:00 hrs<\/strong><\/li>\n\n\n\n<li>Intercambio de ropa de segunda mano. Se recibir\u00e1 ropa en buen estado que se revisar\u00e1 y se le dar\u00e1 un valor, el cual aplicar\u00e1 como descuento para llevar cualquier prenda que est\u00e9 exhibida en los colgadores. Los valores de las prendas exhibidas ser\u00e1n desde los $1.000 a $10.000.-&nbsp; &nbsp; <strong>11:00 a 18:00 hrs.<\/strong><\/li>\n\n\n\n<li>Estaci\u00f3n de estampado textil.&nbsp; <strong>11:00 a 18:00 hrs&nbsp;<\/strong><\/li>\n\n\n\n<li>Artivismo\n<ul class=\"wp-block-list\">\n<li>Lienzo Colaborativo a cargo de Braulio <strong>11:00 a 18:00 hrs&nbsp;<\/strong><\/li>\n\n\n\n<li>Performance art\u00edstica <strong>17:00 a 18:00 hrs<\/strong><\/li>\n\n\n\n<li>Conversatorio: a cargo de Javi, quien guiar\u00e1 la conversaci\u00f3n hacia experiencias en torno a la moda y el textil. <strong>16:00 a 17:30<\/strong><\/li>\n<\/ul>\n<\/li>\n<\/ul>\n<\/li>\n\n\n\n<li><strong>Terraza segundo piso, Edificio Difusi\u00f3n. 11:00 a 18:00 hrs&nbsp;<\/strong>\n<ul class=\"wp-block-list\">\n<li>Feria: (ventas): Colectivos de hacedores locales exhiben y venden sus productos en torno a la moda y el dise\u00f1o.<\/li>\n<\/ul>\n<\/li>\n<\/ul>\n\n\n\n<p>El Encuentro \u00abRevoluci\u00f3n de la Moda 2023\u00bb se enmarca en las actividades que el PCdV realiza en el \u00e1mbito de <strong>Cultura y Sostenibilidad<\/strong>.<\/p>\n\n\n\n<figure class=\"wp-block-image size-large\"><img decoding=\"async\" width=\"1024\" height=\"1024\" src=\"https:\/\/www.valparaisocreativo.cl\/wp-content\/uploads\/2023\/04\/Revolucion-de-la-moda-2023_Mesa-de-trabajo-1-copia-2-1024x1024.jpg\" alt=\"\" class=\"wp-image-14204\" srcset=\"https:\/\/dev.antudigital.cl\/sites\/vc\/wp-content\/uploads\/2023\/04\/Revolucion-de-la-moda-2023_Mesa-de-trabajo-1-copia-2-1024x1024.jpg 1024w, https:\/\/dev.antudigital.cl\/sites\/vc\/wp-content\/uploads\/2023\/04\/Revolucion-de-la-moda-2023_Mesa-de-trabajo-1-copia-2-300x300.jpg 300w, https:\/\/dev.antudigital.cl\/sites\/vc\/wp-content\/uploads\/2023\/04\/Revolucion-de-la-moda-2023_Mesa-de-trabajo-1-copia-2-150x150.jpg 150w, https:\/\/dev.antudigital.cl\/sites\/vc\/wp-content\/uploads\/2023\/04\/Revolucion-de-la-moda-2023_Mesa-de-trabajo-1-copia-2-768x768.jpg 768w, https:\/\/dev.antudigital.cl\/sites\/vc\/wp-content\/uploads\/2023\/04\/Revolucion-de-la-moda-2023_Mesa-de-trabajo-1-copia-2-1536x1536.jpg 1536w, https:\/\/dev.antudigital.cl\/sites\/vc\/wp-content\/uploads\/2023\/04\/Revolucion-de-la-moda-2023_Mesa-de-trabajo-1-copia-2-2048x2048.jpg 2048w, https:\/\/dev.antudigital.cl\/sites\/vc\/wp-content\/uploads\/2023\/04\/Revolucion-de-la-moda-2023_Mesa-de-trabajo-1-copia-2-1080x1080.jpg 1080w, https:\/\/dev.antudigital.cl\/sites\/vc\/wp-content\/uploads\/2023\/04\/Revolucion-de-la-moda-2023_Mesa-de-trabajo-1-copia-2-1280x1280.jpg 1280w, https:\/\/dev.antudigital.cl\/sites\/vc\/wp-content\/uploads\/2023\/04\/Revolucion-de-la-moda-2023_Mesa-de-trabajo-1-copia-2-980x980.jpg 980w, https:\/\/dev.antudigital.cl\/sites\/vc\/wp-content\/uploads\/2023\/04\/Revolucion-de-la-moda-2023_Mesa-de-trabajo-1-copia-2-480x480.jpg 480w\" sizes=\"(max-width: 1024px) 100vw, 1024px\" \/><\/figure>\n\n\n\n<p><strong>S\u00e1bado 22 y domingo 23<\/strong><\/p>\n\n\n\n<p>15:00 hrs.:<strong> PICNIC DE LIBROS<\/strong><\/p>\n\n\n\n<p>Durante todos los fines de semana del mes de abril, el Parque Cultural de Valpara\u00edso junto con la Coordinaci\u00f3n Regional de Bibliotecas P\u00fablicas de Valpara\u00edso realizar\u00e1n el \u201cPicnic de Libros\u201d, actividad familiar enmarcada en el Mes del Libro, con el fin de incentivar la lectura en toda la familia.<\/p>\n\n\n\n<p>En la instancia se contempla la entrega de canastos con cuentos cortos, c\u00f3mics, un men\u00fa literario, entre otros objetos, con el fin de que ni\u00f1os, ni\u00f1as y j\u00f3venes, junto a sus familias puedan llevar a cabo la lectura del material en la explanada del Parque.&nbsp;<\/p>\n\n\n\n<p><strong>Domingo 23<\/strong><\/p>\n\n\n\n<p>12:00 hrs.: <strong>ENCUENTRO \u201cDETONADAS\u201d<\/strong><\/p>\n\n\n\n<p>Encuentro Detonadas es una iniciativa que tiene como objetivo visibilizar proyectos de mujeres y disidencias, otorgar herramientas de formaci\u00f3n, potenciar el comercio circular del territorio y&nbsp; generar conversaci\u00f3n sobre temas contingentes al que hacer del arte en el contexto actual.<\/p>\n\n\n\n<p>Consta de talleres formativos gratuitos, como iluminaci\u00f3n de escenarios, t\u00e9cnica de escenarios y formulaci\u00f3n de proyectos. En esta primera versi\u00f3n se busca invitar a las mujeres y disidencias a estos oficios en el arte y el medio musical. Las clases est\u00e1n siendo impartidas en el Centro de Extensi\u00f3n, Centex (Plaza Sotomayor) y el Parque cultural de Valpara\u00edso,&nbsp;<\/p>\n\n\n\n<p>El ciclo formativo finaliza este domingo 23 de abril en el Teatro del Parque Cultural, donde los y las participantes podr\u00e1n poner en pr\u00e1ctica los conocimientos adquiridos en una jornada de conciertos, a partir del mediod\u00eda. La entrada es liberada.<\/p>\n\n\n\n<p>Artistas como Pascuala Ilabaca, Aura Bae, La Deyabu, Masquem\u00fasica, At\u00f3mika Selecta, Reptila, Gata Engrif\u00e1, Casandra Paz y Makary Flow se presentar\u00e1n en los dos escenarios de este encuentro que, adem\u00e1s, contar\u00e1 con la animaci\u00f3n de dos porte\u00f1as del Stand Up: Caru Garz\u00f3n, quien estar\u00e1 en el escenario del teatro, y Jana Giner, en escenario exterior.<\/p>\n\n\n\n<p>Se sum\u00f3 a esta actividad la productora \u00daltima, que se encargar\u00e1 de los Dj set y de la feria disidente, en donde podr\u00e1n encontrar distintos emprendimientos locales. Por otra parte, la jornada contar\u00e1 con una intervenci\u00f3n de la artista y muralista An\u00eds, quien presentar\u00e1 una pieza de arte a gran escala.<\/p>\n\n\n\n<p>\u00a1Por m\u00e1s mujeres y disidencias en el escenario y detr\u00e1s del escenario!<\/p>\n\n\n\n<p><\/p>\n","protected":false},"excerpt":{"rendered":"<p>Jueves 20 de abril: 16:00 hrs.: \u00abENCUENTRO: LIBROS, MEMORIAS Y DERECHOS HUMANOS\u201d&nbsp; En el marco de la conmemoraci\u00f3n del D\u00eda Internacional de Libro, este jueves 20 de abril la Sede Regional Valpara\u00edso del Instituto Nacional de Derechos Humanos junto con Arpilleras Sitios y Memoria Valpara\u00edso y el Parque Cultural de Valpara\u00edso invitan al \u201cEncuentro: Libros, [&hellip;]<\/p>\n","protected":false},"author":1,"featured_media":14203,"comment_status":"open","ping_status":"closed","sticky":false,"template":"","format":"standard","meta":{"_acf_changed":false,"footnotes":""},"categories":[1],"tags":[],"class_list":["post-14201","post","type-post","status-publish","format-standard","has-post-thumbnail","hentry","category-uncategorized"],"acf":[],"yoast_head":"<!-- This site is optimized with the Yoast SEO plugin v27.1.1 - https:\/\/yoast.com\/product\/yoast-seo-wordpress\/ -->\n<title>Actividades semana 17 al 23 de abril en el Parque Cultural de Valpara\u00edso - Valpara\u00ed\u00adso Creativo<\/title>\n<meta name=\"robots\" content=\"index, follow, max-snippet:-1, max-image-preview:large, max-video-preview:-1\" \/>\n<link rel=\"canonical\" href=\"https:\/\/dev.antudigital.cl\/sites\/vc\/actividades-semana-17-al-23-de-abril-en-el-parque-cultural-de-valparaiso\/\" \/>\n<meta property=\"og:locale\" content=\"es_ES\" \/>\n<meta property=\"og:type\" content=\"article\" \/>\n<meta property=\"og:title\" content=\"Actividades semana 17 al 23 de abril en el Parque Cultural de Valpara\u00edso - Valpara\u00ed\u00adso Creativo\" \/>\n<meta property=\"og:description\" content=\"Jueves 20 de abril: 16:00 hrs.: \u00abENCUENTRO: LIBROS, MEMORIAS Y DERECHOS HUMANOS\u201d&nbsp; En el marco de la conmemoraci\u00f3n del D\u00eda Internacional de Libro, este jueves 20 de abril la Sede Regional Valpara\u00edso del Instituto Nacional de Derechos Humanos junto con Arpilleras Sitios y Memoria Valpara\u00edso y el Parque Cultural de Valpara\u00edso invitan al \u201cEncuentro: Libros, [&hellip;]\" \/>\n<meta property=\"og:url\" content=\"https:\/\/dev.antudigital.cl\/sites\/vc\/actividades-semana-17-al-23-de-abril-en-el-parque-cultural-de-valparaiso\/\" \/>\n<meta property=\"og:site_name\" content=\"Valpara\u00ed\u00adso Creativo\" \/>\n<meta property=\"article:published_time\" content=\"2023-04-19T17:11:52+00:00\" \/>\n<meta property=\"article:modified_time\" content=\"2023-04-19T17:12:03+00:00\" \/>\n<meta property=\"og:image\" content=\"https:\/\/dev.antudigital.cl\/sites\/vc\/wp-content\/uploads\/2023\/04\/Picnic_de_libros_2023_IG_01.jpg\" \/>\n\t<meta property=\"og:image:width\" content=\"1201\" \/>\n\t<meta property=\"og:image:height\" content=\"1201\" \/>\n\t<meta property=\"og:image:type\" content=\"image\/jpeg\" \/>\n<meta name=\"author\" content=\"Valpara\u00edso Creativo\" \/>\n<meta name=\"twitter:card\" content=\"summary_large_image\" \/>\n<meta name=\"twitter:label1\" content=\"Escrito por\" \/>\n\t<meta name=\"twitter:data1\" content=\"Valpara\u00edso Creativo\" \/>\n\t<meta name=\"twitter:label2\" content=\"Tiempo de lectura\" \/>\n\t<meta name=\"twitter:data2\" content=\"7 minutos\" \/>\n<script type=\"application\/ld+json\" class=\"yoast-schema-graph\">{\"@context\":\"https:\/\/schema.org\",\"@graph\":[{\"@type\":\"Article\",\"@id\":\"https:\/\/dev.antudigital.cl\/sites\/vc\/actividades-semana-17-al-23-de-abril-en-el-parque-cultural-de-valparaiso\/#article\",\"isPartOf\":{\"@id\":\"https:\/\/dev.antudigital.cl\/sites\/vc\/actividades-semana-17-al-23-de-abril-en-el-parque-cultural-de-valparaiso\/\"},\"author\":{\"name\":\"Valpara\u00edso Creativo\",\"@id\":\"https:\/\/dev.antudigital.cl\/sites\/vc\/#\/schema\/person\/c2b9da8dd545e27166fc5ab232837318\"},\"headline\":\"Actividades semana 17 al 23 de abril en el Parque Cultural de Valpara\u00edso\",\"datePublished\":\"2023-04-19T17:11:52+00:00\",\"dateModified\":\"2023-04-19T17:12:03+00:00\",\"mainEntityOfPage\":{\"@id\":\"https:\/\/dev.antudigital.cl\/sites\/vc\/actividades-semana-17-al-23-de-abril-en-el-parque-cultural-de-valparaiso\/\"},\"wordCount\":1420,\"commentCount\":0,\"image\":{\"@id\":\"https:\/\/dev.antudigital.cl\/sites\/vc\/actividades-semana-17-al-23-de-abril-en-el-parque-cultural-de-valparaiso\/#primaryimage\"},\"thumbnailUrl\":\"https:\/\/dev.antudigital.cl\/sites\/vc\/wp-content\/uploads\/2023\/04\/Picnic_de_libros_2023_IG_01.jpg\",\"articleSection\":[\"Uncategorized\"],\"inLanguage\":\"es\",\"potentialAction\":[{\"@type\":\"CommentAction\",\"name\":\"Comment\",\"target\":[\"https:\/\/dev.antudigital.cl\/sites\/vc\/actividades-semana-17-al-23-de-abril-en-el-parque-cultural-de-valparaiso\/#respond\"]}]},{\"@type\":\"WebPage\",\"@id\":\"https:\/\/dev.antudigital.cl\/sites\/vc\/actividades-semana-17-al-23-de-abril-en-el-parque-cultural-de-valparaiso\/\",\"url\":\"https:\/\/dev.antudigital.cl\/sites\/vc\/actividades-semana-17-al-23-de-abril-en-el-parque-cultural-de-valparaiso\/\",\"name\":\"Actividades semana 17 al 23 de abril en el Parque Cultural de Valpara\u00edso - Valpara\u00ed\u00adso Creativo\",\"isPartOf\":{\"@id\":\"https:\/\/dev.antudigital.cl\/sites\/vc\/#website\"},\"primaryImageOfPage\":{\"@id\":\"https:\/\/dev.antudigital.cl\/sites\/vc\/actividades-semana-17-al-23-de-abril-en-el-parque-cultural-de-valparaiso\/#primaryimage\"},\"image\":{\"@id\":\"https:\/\/dev.antudigital.cl\/sites\/vc\/actividades-semana-17-al-23-de-abril-en-el-parque-cultural-de-valparaiso\/#primaryimage\"},\"thumbnailUrl\":\"https:\/\/dev.antudigital.cl\/sites\/vc\/wp-content\/uploads\/2023\/04\/Picnic_de_libros_2023_IG_01.jpg\",\"datePublished\":\"2023-04-19T17:11:52+00:00\",\"dateModified\":\"2023-04-19T17:12:03+00:00\",\"author\":{\"@id\":\"https:\/\/dev.antudigital.cl\/sites\/vc\/#\/schema\/person\/c2b9da8dd545e27166fc5ab232837318\"},\"breadcrumb\":{\"@id\":\"https:\/\/dev.antudigital.cl\/sites\/vc\/actividades-semana-17-al-23-de-abril-en-el-parque-cultural-de-valparaiso\/#breadcrumb\"},\"inLanguage\":\"es\",\"potentialAction\":[{\"@type\":\"ReadAction\",\"target\":[\"https:\/\/dev.antudigital.cl\/sites\/vc\/actividades-semana-17-al-23-de-abril-en-el-parque-cultural-de-valparaiso\/\"]}]},{\"@type\":\"ImageObject\",\"inLanguage\":\"es\",\"@id\":\"https:\/\/dev.antudigital.cl\/sites\/vc\/actividades-semana-17-al-23-de-abril-en-el-parque-cultural-de-valparaiso\/#primaryimage\",\"url\":\"https:\/\/dev.antudigital.cl\/sites\/vc\/wp-content\/uploads\/2023\/04\/Picnic_de_libros_2023_IG_01.jpg\",\"contentUrl\":\"https:\/\/dev.antudigital.cl\/sites\/vc\/wp-content\/uploads\/2023\/04\/Picnic_de_libros_2023_IG_01.jpg\",\"width\":1201,\"height\":1201},{\"@type\":\"BreadcrumbList\",\"@id\":\"https:\/\/dev.antudigital.cl\/sites\/vc\/actividades-semana-17-al-23-de-abril-en-el-parque-cultural-de-valparaiso\/#breadcrumb\",\"itemListElement\":[{\"@type\":\"ListItem\",\"position\":1,\"name\":\"Home\",\"item\":\"https:\/\/dev.antudigital.cl\/sites\/vc\/\"},{\"@type\":\"ListItem\",\"position\":2,\"name\":\"Actividades semana 17 al 23 de abril en el Parque Cultural de Valpara\u00edso\"}]},{\"@type\":\"WebSite\",\"@id\":\"https:\/\/dev.antudigital.cl\/sites\/vc\/#website\",\"url\":\"https:\/\/dev.antudigital.cl\/sites\/vc\/\",\"name\":\"Valpara\u00ed\u00adso Creativo\",\"description\":\"\",\"potentialAction\":[{\"@type\":\"SearchAction\",\"target\":{\"@type\":\"EntryPoint\",\"urlTemplate\":\"https:\/\/dev.antudigital.cl\/sites\/vc\/?s={search_term_string}\"},\"query-input\":{\"@type\":\"PropertyValueSpecification\",\"valueRequired\":true,\"valueName\":\"search_term_string\"}}],\"inLanguage\":\"es\"},{\"@type\":\"Person\",\"@id\":\"https:\/\/dev.antudigital.cl\/sites\/vc\/#\/schema\/person\/c2b9da8dd545e27166fc5ab232837318\",\"name\":\"Valpara\u00edso Creativo\",\"description\":\"Periodista de cultura en la Regi\u00f3n de Valpara\u00edso.\",\"url\":\"https:\/\/dev.antudigital.cl\/sites\/vc\/author\/valpoadmin\/\"}]}<\/script>\n<!-- \/ Yoast SEO plugin. -->","yoast_head_json":{"title":"Actividades semana 17 al 23 de abril en el Parque Cultural de Valpara\u00edso - Valpara\u00ed\u00adso Creativo","robots":{"index":"index","follow":"follow","max-snippet":"max-snippet:-1","max-image-preview":"max-image-preview:large","max-video-preview":"max-video-preview:-1"},"canonical":"https:\/\/dev.antudigital.cl\/sites\/vc\/actividades-semana-17-al-23-de-abril-en-el-parque-cultural-de-valparaiso\/","og_locale":"es_ES","og_type":"article","og_title":"Actividades semana 17 al 23 de abril en el Parque Cultural de Valpara\u00edso - Valpara\u00ed\u00adso Creativo","og_description":"Jueves 20 de abril: 16:00 hrs.: \u00abENCUENTRO: LIBROS, MEMORIAS Y DERECHOS HUMANOS\u201d&nbsp; En el marco de la conmemoraci\u00f3n del D\u00eda Internacional de Libro, este jueves 20 de abril la Sede Regional Valpara\u00edso del Instituto Nacional de Derechos Humanos junto con Arpilleras Sitios y Memoria Valpara\u00edso y el Parque Cultural de Valpara\u00edso invitan al \u201cEncuentro: Libros, [&hellip;]","og_url":"https:\/\/dev.antudigital.cl\/sites\/vc\/actividades-semana-17-al-23-de-abril-en-el-parque-cultural-de-valparaiso\/","og_site_name":"Valpara\u00ed\u00adso Creativo","article_published_time":"2023-04-19T17:11:52+00:00","article_modified_time":"2023-04-19T17:12:03+00:00","og_image":[{"width":1201,"height":1201,"url":"https:\/\/dev.antudigital.cl\/sites\/vc\/wp-content\/uploads\/2023\/04\/Picnic_de_libros_2023_IG_01.jpg","type":"image\/jpeg"}],"author":"Valpara\u00edso Creativo","twitter_card":"summary_large_image","twitter_misc":{"Escrito por":"Valpara\u00edso Creativo","Tiempo de lectura":"7 minutos"},"schema":{"@context":"https:\/\/schema.org","@graph":[{"@type":"Article","@id":"https:\/\/dev.antudigital.cl\/sites\/vc\/actividades-semana-17-al-23-de-abril-en-el-parque-cultural-de-valparaiso\/#article","isPartOf":{"@id":"https:\/\/dev.antudigital.cl\/sites\/vc\/actividades-semana-17-al-23-de-abril-en-el-parque-cultural-de-valparaiso\/"},"author":{"name":"Valpara\u00edso Creativo","@id":"https:\/\/dev.antudigital.cl\/sites\/vc\/#\/schema\/person\/c2b9da8dd545e27166fc5ab232837318"},"headline":"Actividades semana 17 al 23 de abril en el Parque Cultural de Valpara\u00edso","datePublished":"2023-04-19T17:11:52+00:00","dateModified":"2023-04-19T17:12:03+00:00","mainEntityOfPage":{"@id":"https:\/\/dev.antudigital.cl\/sites\/vc\/actividades-semana-17-al-23-de-abril-en-el-parque-cultural-de-valparaiso\/"},"wordCount":1420,"commentCount":0,"image":{"@id":"https:\/\/dev.antudigital.cl\/sites\/vc\/actividades-semana-17-al-23-de-abril-en-el-parque-cultural-de-valparaiso\/#primaryimage"},"thumbnailUrl":"https:\/\/dev.antudigital.cl\/sites\/vc\/wp-content\/uploads\/2023\/04\/Picnic_de_libros_2023_IG_01.jpg","articleSection":["Uncategorized"],"inLanguage":"es","potentialAction":[{"@type":"CommentAction","name":"Comment","target":["https:\/\/dev.antudigital.cl\/sites\/vc\/actividades-semana-17-al-23-de-abril-en-el-parque-cultural-de-valparaiso\/#respond"]}]},{"@type":"WebPage","@id":"https:\/\/dev.antudigital.cl\/sites\/vc\/actividades-semana-17-al-23-de-abril-en-el-parque-cultural-de-valparaiso\/","url":"https:\/\/dev.antudigital.cl\/sites\/vc\/actividades-semana-17-al-23-de-abril-en-el-parque-cultural-de-valparaiso\/","name":"Actividades semana 17 al 23 de abril en el Parque Cultural de Valpara\u00edso - Valpara\u00ed\u00adso Creativo","isPartOf":{"@id":"https:\/\/dev.antudigital.cl\/sites\/vc\/#website"},"primaryImageOfPage":{"@id":"https:\/\/dev.antudigital.cl\/sites\/vc\/actividades-semana-17-al-23-de-abril-en-el-parque-cultural-de-valparaiso\/#primaryimage"},"image":{"@id":"https:\/\/dev.antudigital.cl\/sites\/vc\/actividades-semana-17-al-23-de-abril-en-el-parque-cultural-de-valparaiso\/#primaryimage"},"thumbnailUrl":"https:\/\/dev.antudigital.cl\/sites\/vc\/wp-content\/uploads\/2023\/04\/Picnic_de_libros_2023_IG_01.jpg","datePublished":"2023-04-19T17:11:52+00:00","dateModified":"2023-04-19T17:12:03+00:00","author":{"@id":"https:\/\/dev.antudigital.cl\/sites\/vc\/#\/schema\/person\/c2b9da8dd545e27166fc5ab232837318"},"breadcrumb":{"@id":"https:\/\/dev.antudigital.cl\/sites\/vc\/actividades-semana-17-al-23-de-abril-en-el-parque-cultural-de-valparaiso\/#breadcrumb"},"inLanguage":"es","potentialAction":[{"@type":"ReadAction","target":["https:\/\/dev.antudigital.cl\/sites\/vc\/actividades-semana-17-al-23-de-abril-en-el-parque-cultural-de-valparaiso\/"]}]},{"@type":"ImageObject","inLanguage":"es","@id":"https:\/\/dev.antudigital.cl\/sites\/vc\/actividades-semana-17-al-23-de-abril-en-el-parque-cultural-de-valparaiso\/#primaryimage","url":"https:\/\/dev.antudigital.cl\/sites\/vc\/wp-content\/uploads\/2023\/04\/Picnic_de_libros_2023_IG_01.jpg","contentUrl":"https:\/\/dev.antudigital.cl\/sites\/vc\/wp-content\/uploads\/2023\/04\/Picnic_de_libros_2023_IG_01.jpg","width":1201,"height":1201},{"@type":"BreadcrumbList","@id":"https:\/\/dev.antudigital.cl\/sites\/vc\/actividades-semana-17-al-23-de-abril-en-el-parque-cultural-de-valparaiso\/#breadcrumb","itemListElement":[{"@type":"ListItem","position":1,"name":"Home","item":"https:\/\/dev.antudigital.cl\/sites\/vc\/"},{"@type":"ListItem","position":2,"name":"Actividades semana 17 al 23 de abril en el Parque Cultural de Valpara\u00edso"}]},{"@type":"WebSite","@id":"https:\/\/dev.antudigital.cl\/sites\/vc\/#website","url":"https:\/\/dev.antudigital.cl\/sites\/vc\/","name":"Valpara\u00ed\u00adso Creativo","description":"","potentialAction":[{"@type":"SearchAction","target":{"@type":"EntryPoint","urlTemplate":"https:\/\/dev.antudigital.cl\/sites\/vc\/?s={search_term_string}"},"query-input":{"@type":"PropertyValueSpecification","valueRequired":true,"valueName":"search_term_string"}}],"inLanguage":"es"},{"@type":"Person","@id":"https:\/\/dev.antudigital.cl\/sites\/vc\/#\/schema\/person\/c2b9da8dd545e27166fc5ab232837318","name":"Valpara\u00edso Creativo","description":"Periodista de cultura en la Regi\u00f3n de Valpara\u00edso.","url":"https:\/\/dev.antudigital.cl\/sites\/vc\/author\/valpoadmin\/"}]}},"_links":{"self":[{"href":"https:\/\/dev.antudigital.cl\/sites\/vc\/wp-json\/wp\/v2\/posts\/14201","targetHints":{"allow":["GET"]}}],"collection":[{"href":"https:\/\/dev.antudigital.cl\/sites\/vc\/wp-json\/wp\/v2\/posts"}],"about":[{"href":"https:\/\/dev.antudigital.cl\/sites\/vc\/wp-json\/wp\/v2\/types\/post"}],"author":[{"embeddable":true,"href":"https:\/\/dev.antudigital.cl\/sites\/vc\/wp-json\/wp\/v2\/users\/1"}],"replies":[{"embeddable":true,"href":"https:\/\/dev.antudigital.cl\/sites\/vc\/wp-json\/wp\/v2\/comments?post=14201"}],"version-history":[{"count":1,"href":"https:\/\/dev.antudigital.cl\/sites\/vc\/wp-json\/wp\/v2\/posts\/14201\/revisions"}],"predecessor-version":[{"id":14205,"href":"https:\/\/dev.antudigital.cl\/sites\/vc\/wp-json\/wp\/v2\/posts\/14201\/revisions\/14205"}],"wp:featuredmedia":[{"embeddable":true,"href":"https:\/\/dev.antudigital.cl\/sites\/vc\/wp-json\/wp\/v2\/media\/14203"}],"wp:attachment":[{"href":"https:\/\/dev.antudigital.cl\/sites\/vc\/wp-json\/wp\/v2\/media?parent=14201"}],"wp:term":[{"taxonomy":"category","embeddable":true,"href":"https:\/\/dev.antudigital.cl\/sites\/vc\/wp-json\/wp\/v2\/categories?post=14201"},{"taxonomy":"post_tag","embeddable":true,"href":"https:\/\/dev.antudigital.cl\/sites\/vc\/wp-json\/wp\/v2\/tags?post=14201"}],"curies":[{"name":"wp","href":"https:\/\/api.w.org\/{rel}","templated":true}]}}