{"id":14206,"date":"2023-04-19T17:27:52","date_gmt":"2023-04-19T17:27:52","guid":{"rendered":"https:\/\/www.valparaisocreativo.cl\/?p=14206"},"modified":"2023-04-19T17:27:58","modified_gmt":"2023-04-19T17:27:58","slug":"beau-is-afraid-la-ultima-pelicula-de-ari-aster-se-estrena-en-insomnia-teatro-condell","status":"publish","type":"post","link":"https:\/\/dev.antudigital.cl\/sites\/vc\/beau-is-afraid-la-ultima-pelicula-de-ari-aster-se-estrena-en-insomnia-teatro-condell\/","title":{"rendered":"Beau is afraid: la \u00faltima pel\u00edcula de Ari Aster se estrena en INSOMNIA Teatro Condell"},"content":{"rendered":"\n<p>Este jueves 20 de abril a las 21:30 hrs. se estrena \u201cBeau is afraid\u201d la angustiante \u00faltima pel\u00edcula del director Ari Aster que irrumpe en la pantalla grande de la mano de Joaqu\u00edn Phoenix, quien encarna a Beau, un hombre extremadamente nervioso que tendr\u00e1 que enfrentarse a sus miedos y paranoias al aventurarse en una \u00e9pica odisea. \u00bfQui\u00e9n podr\u00eda pensar que el trayecto hasta la casa de tu madre pod\u00eda ser tan escalofriante? Pues Beau, que nunca conoci\u00f3 a su padre y tiene una tensa relaci\u00f3n con su madre, debe retornar a su antigua casa cuando su madre muere, lo que despertar\u00e1 elementos sobrenaturales que lo atormentar\u00e1n en el camino. Junto a Joaquin Pheonix, se suman al elenco Patti LuPone, Amy Ryan, Nathan Lane, Denis M\u00e9nochet, Parker Posey y Stephen McKinley.<\/p>\n\n\n\n<figure class=\"wp-block-image size-large\"><img fetchpriority=\"high\" decoding=\"async\" width=\"1024\" height=\"576\" src=\"https:\/\/www.valparaisocreativo.cl\/wp-content\/uploads\/2023\/04\/Trailer-de-Beau-is-Afraid-1024x576.jpg\" alt=\"\" class=\"wp-image-14208\" srcset=\"https:\/\/dev.antudigital.cl\/sites\/vc\/wp-content\/uploads\/2023\/04\/Trailer-de-Beau-is-Afraid-1024x576.jpg 1024w, https:\/\/dev.antudigital.cl\/sites\/vc\/wp-content\/uploads\/2023\/04\/Trailer-de-Beau-is-Afraid-300x169.jpg 300w, https:\/\/dev.antudigital.cl\/sites\/vc\/wp-content\/uploads\/2023\/04\/Trailer-de-Beau-is-Afraid-768x432.jpg 768w, https:\/\/dev.antudigital.cl\/sites\/vc\/wp-content\/uploads\/2023\/04\/Trailer-de-Beau-is-Afraid-1080x608.jpg 1080w, https:\/\/dev.antudigital.cl\/sites\/vc\/wp-content\/uploads\/2023\/04\/Trailer-de-Beau-is-Afraid-980x551.jpg 980w, https:\/\/dev.antudigital.cl\/sites\/vc\/wp-content\/uploads\/2023\/04\/Trailer-de-Beau-is-Afraid-480x270.jpg 480w, https:\/\/dev.antudigital.cl\/sites\/vc\/wp-content\/uploads\/2023\/04\/Trailer-de-Beau-is-Afraid.jpg 1200w\" sizes=\"(max-width: 1024px) 100vw, 1024px\" \/><\/figure>\n\n\n\n<p>Cabe destacar que los artistas y animadores chilenos Crist\u00f3bal Le\u00f3n y Joaqu\u00edn Coci\u00f1a (La Casa Lobo) tuvieron una importante participaci\u00f3n para una secuencia dentro de \u201cBeau is Afraid\u201d en la que el protagonista se sumerge en un mundo animado. Ari Aster vio \u201cLa casa lobo\u201d y le gust\u00f3, adem\u00e1s fue productor ejecutivo del cortometraje \u201cLos Huesos\u201d, una pieza inquietante sobre la fundaci\u00f3n del Estado de Chile, y gracias a esta experiencia convoc\u00f3 a los animadores Le\u00f3n y Coci\u00f1a quienes trabajaron durante la pandemia, enviaron su material para ser integrado en Canad\u00e1 y EEUU.<\/p>\n\n\n\n<p>Para Leonardo Torres, Beau is afraid se trata de uno de los estrenos m\u00e1s importantes del a\u00f1o: \u201ccuando cre\u00edmos que era imposible, Ari Aster vuelve a sorprendernos con una historia inclasificable, que te lleva por muchos estados y tiene muchas capas de lectura. Beau is afraid es una pel\u00edcula con un ambiente inquietante, aunque t\u00e9cnicamente no es de terror, incomoda al espectador y lo mantiene con altos niveles de ansiedad. Adem\u00e1s, es una pel\u00edcula donde Aster habla de su cultura, se siente muy cercana a la tradici\u00f3n jud\u00eda del realizador, aunque ya en sus otras pel\u00edculas ocupa como t\u00f3pico los dramas familiares, en Beau is afraid, el planteamiento del director se siente mucho m\u00e1s personal. No podemos dejar de decir, que los toques de comedia negra son desarrollados adem\u00e1s magistralmente a trav\u00e9s de la interpretaci\u00f3n de Joaqu\u00edn Phoenix\u201d.<\/p>\n\n\n\n<p>Adem\u00e1s de su fecha de estreno, \u201cBeau is afraid\u201d se proyectar\u00e1 los d\u00edas viernes 21 (21:30), s\u00e1bado 22 (21:30), domingo 23 (20:00) y mi\u00e9rcoles 26 (20:30). Las entradas se pueden adquirir de manera presencial en la boleter\u00eda ubicada en Condell 1585, Valpara\u00edso. Para m\u00e1s informaci\u00f3n, visita&nbsp;<a href=\"http:\/\/www.insomniacine.cl\/\" target=\"_blank\" rel=\"noreferrer noopener\">www.insomniacine.cl<\/a>.<\/p>\n\n\n\n<figure class=\"wp-block-image size-large\"><img decoding=\"async\" width=\"1024\" height=\"684\" src=\"https:\/\/www.valparaisocreativo.cl\/wp-content\/uploads\/2023\/04\/Beau-1024x684.jpg\" alt=\"\" class=\"wp-image-14209\" srcset=\"https:\/\/dev.antudigital.cl\/sites\/vc\/wp-content\/uploads\/2023\/04\/Beau-1024x684.jpg 1024w, https:\/\/dev.antudigital.cl\/sites\/vc\/wp-content\/uploads\/2023\/04\/Beau-300x200.jpg 300w, https:\/\/dev.antudigital.cl\/sites\/vc\/wp-content\/uploads\/2023\/04\/Beau-768x513.jpg 768w, https:\/\/dev.antudigital.cl\/sites\/vc\/wp-content\/uploads\/2023\/04\/Beau-1080x721.jpg 1080w, https:\/\/dev.antudigital.cl\/sites\/vc\/wp-content\/uploads\/2023\/04\/Beau-980x654.jpg 980w, https:\/\/dev.antudigital.cl\/sites\/vc\/wp-content\/uploads\/2023\/04\/Beau-480x320.jpg 480w, https:\/\/dev.antudigital.cl\/sites\/vc\/wp-content\/uploads\/2023\/04\/Beau.jpg 1200w\" sizes=\"(max-width: 1024px) 100vw, 1024px\" \/><\/figure>\n","protected":false},"excerpt":{"rendered":"<p>Este jueves 20 de abril a las 21:30 hrs. se estrena \u201cBeau is afraid\u201d la angustiante \u00faltima pel\u00edcula del director Ari Aster que irrumpe en la pantalla grande de la mano de Joaqu\u00edn Phoenix, quien encarna a Beau, un hombre extremadamente nervioso que tendr\u00e1 que enfrentarse a sus miedos y paranoias al aventurarse en una [&hellip;]<\/p>\n","protected":false},"author":1,"featured_media":14211,"comment_status":"open","ping_status":"closed","sticky":false,"template":"","format":"standard","meta":{"_acf_changed":false,"footnotes":""},"categories":[8],"tags":[],"class_list":["post-14206","post","type-post","status-publish","format-standard","has-post-thumbnail","hentry","category-noticia"],"acf":[],"yoast_head":"<!-- This site is optimized with the Yoast SEO plugin v27.1.1 - https:\/\/yoast.com\/product\/yoast-seo-wordpress\/ -->\n<title>Beau is afraid: la \u00faltima pel\u00edcula de Ari Aster se estrena en INSOMNIA Teatro Condell - Valpara\u00ed\u00adso Creativo<\/title>\n<meta name=\"robots\" content=\"index, follow, max-snippet:-1, max-image-preview:large, max-video-preview:-1\" \/>\n<link rel=\"canonical\" href=\"https:\/\/dev.antudigital.cl\/sites\/vc\/beau-is-afraid-la-ultima-pelicula-de-ari-aster-se-estrena-en-insomnia-teatro-condell\/\" \/>\n<meta property=\"og:locale\" content=\"es_ES\" \/>\n<meta property=\"og:type\" content=\"article\" \/>\n<meta property=\"og:title\" content=\"Beau is afraid: la \u00faltima pel\u00edcula de Ari Aster se estrena en INSOMNIA Teatro Condell - Valpara\u00ed\u00adso Creativo\" \/>\n<meta property=\"og:description\" content=\"Este jueves 20 de abril a las 21:30 hrs. se estrena \u201cBeau is afraid\u201d la angustiante \u00faltima pel\u00edcula del director Ari Aster que irrumpe en la pantalla grande de la mano de Joaqu\u00edn Phoenix, quien encarna a Beau, un hombre extremadamente nervioso que tendr\u00e1 que enfrentarse a sus miedos y paranoias al aventurarse en una [&hellip;]\" \/>\n<meta property=\"og:url\" content=\"https:\/\/dev.antudigital.cl\/sites\/vc\/beau-is-afraid-la-ultima-pelicula-de-ari-aster-se-estrena-en-insomnia-teatro-condell\/\" \/>\n<meta property=\"og:site_name\" content=\"Valpara\u00ed\u00adso Creativo\" \/>\n<meta property=\"article:published_time\" content=\"2023-04-19T17:27:52+00:00\" \/>\n<meta property=\"article:modified_time\" content=\"2023-04-19T17:27:58+00:00\" \/>\n<meta property=\"og:image\" content=\"https:\/\/dev.antudigital.cl\/sites\/vc\/wp-content\/uploads\/2023\/04\/Beau-is-afraid.jpeg\" \/>\n\t<meta property=\"og:image:width\" content=\"1000\" \/>\n\t<meta property=\"og:image:height\" content=\"422\" \/>\n\t<meta property=\"og:image:type\" content=\"image\/jpeg\" \/>\n<meta name=\"author\" content=\"Valpara\u00edso Creativo\" \/>\n<meta name=\"twitter:card\" content=\"summary_large_image\" \/>\n<meta name=\"twitter:label1\" content=\"Escrito por\" \/>\n\t<meta name=\"twitter:data1\" content=\"Valpara\u00edso Creativo\" \/>\n\t<meta name=\"twitter:label2\" content=\"Tiempo de lectura\" \/>\n\t<meta name=\"twitter:data2\" content=\"3 minutos\" \/>\n<script type=\"application\/ld+json\" class=\"yoast-schema-graph\">{\"@context\":\"https:\/\/schema.org\",\"@graph\":[{\"@type\":\"Article\",\"@id\":\"https:\/\/dev.antudigital.cl\/sites\/vc\/beau-is-afraid-la-ultima-pelicula-de-ari-aster-se-estrena-en-insomnia-teatro-condell\/#article\",\"isPartOf\":{\"@id\":\"https:\/\/dev.antudigital.cl\/sites\/vc\/beau-is-afraid-la-ultima-pelicula-de-ari-aster-se-estrena-en-insomnia-teatro-condell\/\"},\"author\":{\"name\":\"Valpara\u00edso Creativo\",\"@id\":\"https:\/\/dev.antudigital.cl\/sites\/vc\/#\/schema\/person\/c2b9da8dd545e27166fc5ab232837318\"},\"headline\":\"Beau is afraid: la \u00faltima pel\u00edcula de Ari Aster se estrena en INSOMNIA Teatro Condell\",\"datePublished\":\"2023-04-19T17:27:52+00:00\",\"dateModified\":\"2023-04-19T17:27:58+00:00\",\"mainEntityOfPage\":{\"@id\":\"https:\/\/dev.antudigital.cl\/sites\/vc\/beau-is-afraid-la-ultima-pelicula-de-ari-aster-se-estrena-en-insomnia-teatro-condell\/\"},\"wordCount\":458,\"commentCount\":0,\"image\":{\"@id\":\"https:\/\/dev.antudigital.cl\/sites\/vc\/beau-is-afraid-la-ultima-pelicula-de-ari-aster-se-estrena-en-insomnia-teatro-condell\/#primaryimage\"},\"thumbnailUrl\":\"https:\/\/dev.antudigital.cl\/sites\/vc\/wp-content\/uploads\/2023\/04\/Beau-is-afraid.jpeg\",\"articleSection\":[\"Noticia\"],\"inLanguage\":\"es\",\"potentialAction\":[{\"@type\":\"CommentAction\",\"name\":\"Comment\",\"target\":[\"https:\/\/dev.antudigital.cl\/sites\/vc\/beau-is-afraid-la-ultima-pelicula-de-ari-aster-se-estrena-en-insomnia-teatro-condell\/#respond\"]}]},{\"@type\":\"WebPage\",\"@id\":\"https:\/\/dev.antudigital.cl\/sites\/vc\/beau-is-afraid-la-ultima-pelicula-de-ari-aster-se-estrena-en-insomnia-teatro-condell\/\",\"url\":\"https:\/\/dev.antudigital.cl\/sites\/vc\/beau-is-afraid-la-ultima-pelicula-de-ari-aster-se-estrena-en-insomnia-teatro-condell\/\",\"name\":\"Beau is afraid: la \u00faltima pel\u00edcula de Ari Aster se estrena en INSOMNIA Teatro Condell - Valpara\u00ed\u00adso Creativo\",\"isPartOf\":{\"@id\":\"https:\/\/dev.antudigital.cl\/sites\/vc\/#website\"},\"primaryImageOfPage\":{\"@id\":\"https:\/\/dev.antudigital.cl\/sites\/vc\/beau-is-afraid-la-ultima-pelicula-de-ari-aster-se-estrena-en-insomnia-teatro-condell\/#primaryimage\"},\"image\":{\"@id\":\"https:\/\/dev.antudigital.cl\/sites\/vc\/beau-is-afraid-la-ultima-pelicula-de-ari-aster-se-estrena-en-insomnia-teatro-condell\/#primaryimage\"},\"thumbnailUrl\":\"https:\/\/dev.antudigital.cl\/sites\/vc\/wp-content\/uploads\/2023\/04\/Beau-is-afraid.jpeg\",\"datePublished\":\"2023-04-19T17:27:52+00:00\",\"dateModified\":\"2023-04-19T17:27:58+00:00\",\"author\":{\"@id\":\"https:\/\/dev.antudigital.cl\/sites\/vc\/#\/schema\/person\/c2b9da8dd545e27166fc5ab232837318\"},\"breadcrumb\":{\"@id\":\"https:\/\/dev.antudigital.cl\/sites\/vc\/beau-is-afraid-la-ultima-pelicula-de-ari-aster-se-estrena-en-insomnia-teatro-condell\/#breadcrumb\"},\"inLanguage\":\"es\",\"potentialAction\":[{\"@type\":\"ReadAction\",\"target\":[\"https:\/\/dev.antudigital.cl\/sites\/vc\/beau-is-afraid-la-ultima-pelicula-de-ari-aster-se-estrena-en-insomnia-teatro-condell\/\"]}]},{\"@type\":\"ImageObject\",\"inLanguage\":\"es\",\"@id\":\"https:\/\/dev.antudigital.cl\/sites\/vc\/beau-is-afraid-la-ultima-pelicula-de-ari-aster-se-estrena-en-insomnia-teatro-condell\/#primaryimage\",\"url\":\"https:\/\/dev.antudigital.cl\/sites\/vc\/wp-content\/uploads\/2023\/04\/Beau-is-afraid.jpeg\",\"contentUrl\":\"https:\/\/dev.antudigital.cl\/sites\/vc\/wp-content\/uploads\/2023\/04\/Beau-is-afraid.jpeg\",\"width\":1000,\"height\":422},{\"@type\":\"BreadcrumbList\",\"@id\":\"https:\/\/dev.antudigital.cl\/sites\/vc\/beau-is-afraid-la-ultima-pelicula-de-ari-aster-se-estrena-en-insomnia-teatro-condell\/#breadcrumb\",\"itemListElement\":[{\"@type\":\"ListItem\",\"position\":1,\"name\":\"Home\",\"item\":\"https:\/\/dev.antudigital.cl\/sites\/vc\/\"},{\"@type\":\"ListItem\",\"position\":2,\"name\":\"Beau is afraid: la \u00faltima pel\u00edcula de Ari Aster se estrena en INSOMNIA Teatro Condell\"}]},{\"@type\":\"WebSite\",\"@id\":\"https:\/\/dev.antudigital.cl\/sites\/vc\/#website\",\"url\":\"https:\/\/dev.antudigital.cl\/sites\/vc\/\",\"name\":\"Valpara\u00ed\u00adso Creativo\",\"description\":\"\",\"potentialAction\":[{\"@type\":\"SearchAction\",\"target\":{\"@type\":\"EntryPoint\",\"urlTemplate\":\"https:\/\/dev.antudigital.cl\/sites\/vc\/?s={search_term_string}\"},\"query-input\":{\"@type\":\"PropertyValueSpecification\",\"valueRequired\":true,\"valueName\":\"search_term_string\"}}],\"inLanguage\":\"es\"},{\"@type\":\"Person\",\"@id\":\"https:\/\/dev.antudigital.cl\/sites\/vc\/#\/schema\/person\/c2b9da8dd545e27166fc5ab232837318\",\"name\":\"Valpara\u00edso Creativo\",\"description\":\"Periodista de cultura en la Regi\u00f3n de Valpara\u00edso.\",\"url\":\"https:\/\/dev.antudigital.cl\/sites\/vc\/author\/valpoadmin\/\"}]}<\/script>\n<!-- \/ Yoast SEO plugin. -->","yoast_head_json":{"title":"Beau is afraid: la \u00faltima pel\u00edcula de Ari Aster se estrena en INSOMNIA Teatro Condell - Valpara\u00ed\u00adso Creativo","robots":{"index":"index","follow":"follow","max-snippet":"max-snippet:-1","max-image-preview":"max-image-preview:large","max-video-preview":"max-video-preview:-1"},"canonical":"https:\/\/dev.antudigital.cl\/sites\/vc\/beau-is-afraid-la-ultima-pelicula-de-ari-aster-se-estrena-en-insomnia-teatro-condell\/","og_locale":"es_ES","og_type":"article","og_title":"Beau is afraid: la \u00faltima pel\u00edcula de Ari Aster se estrena en INSOMNIA Teatro Condell - Valpara\u00ed\u00adso Creativo","og_description":"Este jueves 20 de abril a las 21:30 hrs. se estrena \u201cBeau is afraid\u201d la angustiante \u00faltima pel\u00edcula del director Ari Aster que irrumpe en la pantalla grande de la mano de Joaqu\u00edn Phoenix, quien encarna a Beau, un hombre extremadamente nervioso que tendr\u00e1 que enfrentarse a sus miedos y paranoias al aventurarse en una [&hellip;]","og_url":"https:\/\/dev.antudigital.cl\/sites\/vc\/beau-is-afraid-la-ultima-pelicula-de-ari-aster-se-estrena-en-insomnia-teatro-condell\/","og_site_name":"Valpara\u00ed\u00adso Creativo","article_published_time":"2023-04-19T17:27:52+00:00","article_modified_time":"2023-04-19T17:27:58+00:00","og_image":[{"width":1000,"height":422,"url":"https:\/\/dev.antudigital.cl\/sites\/vc\/wp-content\/uploads\/2023\/04\/Beau-is-afraid.jpeg","type":"image\/jpeg"}],"author":"Valpara\u00edso Creativo","twitter_card":"summary_large_image","twitter_misc":{"Escrito por":"Valpara\u00edso Creativo","Tiempo de lectura":"3 minutos"},"schema":{"@context":"https:\/\/schema.org","@graph":[{"@type":"Article","@id":"https:\/\/dev.antudigital.cl\/sites\/vc\/beau-is-afraid-la-ultima-pelicula-de-ari-aster-se-estrena-en-insomnia-teatro-condell\/#article","isPartOf":{"@id":"https:\/\/dev.antudigital.cl\/sites\/vc\/beau-is-afraid-la-ultima-pelicula-de-ari-aster-se-estrena-en-insomnia-teatro-condell\/"},"author":{"name":"Valpara\u00edso Creativo","@id":"https:\/\/dev.antudigital.cl\/sites\/vc\/#\/schema\/person\/c2b9da8dd545e27166fc5ab232837318"},"headline":"Beau is afraid: la \u00faltima pel\u00edcula de Ari Aster se estrena en INSOMNIA Teatro Condell","datePublished":"2023-04-19T17:27:52+00:00","dateModified":"2023-04-19T17:27:58+00:00","mainEntityOfPage":{"@id":"https:\/\/dev.antudigital.cl\/sites\/vc\/beau-is-afraid-la-ultima-pelicula-de-ari-aster-se-estrena-en-insomnia-teatro-condell\/"},"wordCount":458,"commentCount":0,"image":{"@id":"https:\/\/dev.antudigital.cl\/sites\/vc\/beau-is-afraid-la-ultima-pelicula-de-ari-aster-se-estrena-en-insomnia-teatro-condell\/#primaryimage"},"thumbnailUrl":"https:\/\/dev.antudigital.cl\/sites\/vc\/wp-content\/uploads\/2023\/04\/Beau-is-afraid.jpeg","articleSection":["Noticia"],"inLanguage":"es","potentialAction":[{"@type":"CommentAction","name":"Comment","target":["https:\/\/dev.antudigital.cl\/sites\/vc\/beau-is-afraid-la-ultima-pelicula-de-ari-aster-se-estrena-en-insomnia-teatro-condell\/#respond"]}]},{"@type":"WebPage","@id":"https:\/\/dev.antudigital.cl\/sites\/vc\/beau-is-afraid-la-ultima-pelicula-de-ari-aster-se-estrena-en-insomnia-teatro-condell\/","url":"https:\/\/dev.antudigital.cl\/sites\/vc\/beau-is-afraid-la-ultima-pelicula-de-ari-aster-se-estrena-en-insomnia-teatro-condell\/","name":"Beau is afraid: la \u00faltima pel\u00edcula de Ari Aster se estrena en INSOMNIA Teatro Condell - Valpara\u00ed\u00adso Creativo","isPartOf":{"@id":"https:\/\/dev.antudigital.cl\/sites\/vc\/#website"},"primaryImageOfPage":{"@id":"https:\/\/dev.antudigital.cl\/sites\/vc\/beau-is-afraid-la-ultima-pelicula-de-ari-aster-se-estrena-en-insomnia-teatro-condell\/#primaryimage"},"image":{"@id":"https:\/\/dev.antudigital.cl\/sites\/vc\/beau-is-afraid-la-ultima-pelicula-de-ari-aster-se-estrena-en-insomnia-teatro-condell\/#primaryimage"},"thumbnailUrl":"https:\/\/dev.antudigital.cl\/sites\/vc\/wp-content\/uploads\/2023\/04\/Beau-is-afraid.jpeg","datePublished":"2023-04-19T17:27:52+00:00","dateModified":"2023-04-19T17:27:58+00:00","author":{"@id":"https:\/\/dev.antudigital.cl\/sites\/vc\/#\/schema\/person\/c2b9da8dd545e27166fc5ab232837318"},"breadcrumb":{"@id":"https:\/\/dev.antudigital.cl\/sites\/vc\/beau-is-afraid-la-ultima-pelicula-de-ari-aster-se-estrena-en-insomnia-teatro-condell\/#breadcrumb"},"inLanguage":"es","potentialAction":[{"@type":"ReadAction","target":["https:\/\/dev.antudigital.cl\/sites\/vc\/beau-is-afraid-la-ultima-pelicula-de-ari-aster-se-estrena-en-insomnia-teatro-condell\/"]}]},{"@type":"ImageObject","inLanguage":"es","@id":"https:\/\/dev.antudigital.cl\/sites\/vc\/beau-is-afraid-la-ultima-pelicula-de-ari-aster-se-estrena-en-insomnia-teatro-condell\/#primaryimage","url":"https:\/\/dev.antudigital.cl\/sites\/vc\/wp-content\/uploads\/2023\/04\/Beau-is-afraid.jpeg","contentUrl":"https:\/\/dev.antudigital.cl\/sites\/vc\/wp-content\/uploads\/2023\/04\/Beau-is-afraid.jpeg","width":1000,"height":422},{"@type":"BreadcrumbList","@id":"https:\/\/dev.antudigital.cl\/sites\/vc\/beau-is-afraid-la-ultima-pelicula-de-ari-aster-se-estrena-en-insomnia-teatro-condell\/#breadcrumb","itemListElement":[{"@type":"ListItem","position":1,"name":"Home","item":"https:\/\/dev.antudigital.cl\/sites\/vc\/"},{"@type":"ListItem","position":2,"name":"Beau is afraid: la \u00faltima pel\u00edcula de Ari Aster se estrena en INSOMNIA Teatro Condell"}]},{"@type":"WebSite","@id":"https:\/\/dev.antudigital.cl\/sites\/vc\/#website","url":"https:\/\/dev.antudigital.cl\/sites\/vc\/","name":"Valpara\u00ed\u00adso Creativo","description":"","potentialAction":[{"@type":"SearchAction","target":{"@type":"EntryPoint","urlTemplate":"https:\/\/dev.antudigital.cl\/sites\/vc\/?s={search_term_string}"},"query-input":{"@type":"PropertyValueSpecification","valueRequired":true,"valueName":"search_term_string"}}],"inLanguage":"es"},{"@type":"Person","@id":"https:\/\/dev.antudigital.cl\/sites\/vc\/#\/schema\/person\/c2b9da8dd545e27166fc5ab232837318","name":"Valpara\u00edso Creativo","description":"Periodista de cultura en la Regi\u00f3n de Valpara\u00edso.","url":"https:\/\/dev.antudigital.cl\/sites\/vc\/author\/valpoadmin\/"}]}},"_links":{"self":[{"href":"https:\/\/dev.antudigital.cl\/sites\/vc\/wp-json\/wp\/v2\/posts\/14206","targetHints":{"allow":["GET"]}}],"collection":[{"href":"https:\/\/dev.antudigital.cl\/sites\/vc\/wp-json\/wp\/v2\/posts"}],"about":[{"href":"https:\/\/dev.antudigital.cl\/sites\/vc\/wp-json\/wp\/v2\/types\/post"}],"author":[{"embeddable":true,"href":"https:\/\/dev.antudigital.cl\/sites\/vc\/wp-json\/wp\/v2\/users\/1"}],"replies":[{"embeddable":true,"href":"https:\/\/dev.antudigital.cl\/sites\/vc\/wp-json\/wp\/v2\/comments?post=14206"}],"version-history":[{"count":3,"href":"https:\/\/dev.antudigital.cl\/sites\/vc\/wp-json\/wp\/v2\/posts\/14206\/revisions"}],"predecessor-version":[{"id":14212,"href":"https:\/\/dev.antudigital.cl\/sites\/vc\/wp-json\/wp\/v2\/posts\/14206\/revisions\/14212"}],"wp:featuredmedia":[{"embeddable":true,"href":"https:\/\/dev.antudigital.cl\/sites\/vc\/wp-json\/wp\/v2\/media\/14211"}],"wp:attachment":[{"href":"https:\/\/dev.antudigital.cl\/sites\/vc\/wp-json\/wp\/v2\/media?parent=14206"}],"wp:term":[{"taxonomy":"category","embeddable":true,"href":"https:\/\/dev.antudigital.cl\/sites\/vc\/wp-json\/wp\/v2\/categories?post=14206"},{"taxonomy":"post_tag","embeddable":true,"href":"https:\/\/dev.antudigital.cl\/sites\/vc\/wp-json\/wp\/v2\/tags?post=14206"}],"curies":[{"name":"wp","href":"https:\/\/api.w.org\/{rel}","templated":true}]}}