{"id":15670,"date":"2023-06-06T02:43:45","date_gmt":"2023-06-06T02:43:45","guid":{"rendered":"https:\/\/www.valparaisocreativo.cl\/?p=15670"},"modified":"2023-06-06T02:50:07","modified_gmt":"2023-06-06T02:50:07","slug":"la-medicion-de-impacto-como-herramienta-para-transformar-el-turismo-en-el-territorio","status":"publish","type":"post","link":"https:\/\/dev.antudigital.cl\/sites\/vc\/la-medicion-de-impacto-como-herramienta-para-transformar-el-turismo-en-el-territorio\/","title":{"rendered":"La medici\u00f3n de impacto como herramienta para transformar el turismo en el territorio"},"content":{"rendered":"\n<p><em>Por: Valentinne Rudolphy<\/em><\/p>\n\n\n\n<p><em>Fotograf\u00edas de: Corporaci\u00f3n Regional de Turismo.<\/em><\/p>\n\n\n\n<p>Durante el verano, se llev\u00f3 a cabo un ambicioso proyecto de medici\u00f3n de impacto de diferentes eventos musicales. El primero fue Rock\u00f3dromo, seguido del Festival del Huaso de Olmu\u00e9, y finalmente el Festival Internacional de la Canci\u00f3n de Vi\u00f1a del Mar.<\/p>\n\n\n\n<p>Todo comenz\u00f3 debido al inter\u00e9s mutuo por medir las actividades masivas con impacto tur\u00edstico, buscando replicar el modelo de \u00abturismo musical\u00bb que se ha implementado y transparentado. As\u00ed naci\u00f3 Valpomedido, un servicio de medici\u00f3n de impacto tur\u00edstico de eventos masivos culturales, iniciativa que reuni\u00f3 a diversos actores a trav\u00e9s de la herramienta Conecta y Colabor de Corfo: Evento Medido, la Corporaci\u00f3n Regional de Turismo, Mapoteca, Valpara\u00edso Creativo de CORFO y el Municipio de Vi\u00f1a del Mar.<\/p>\n\n\n\n<figure class=\"wp-block-image size-full\"><img fetchpriority=\"high\" decoding=\"async\" width=\"960\" height=\"720\" src=\"https:\/\/www.valparaisocreativo.cl\/wp-content\/uploads\/2023\/06\/WhatsApp-Image-2023-03-02-at-16.00.24-1.jpeg\" alt=\"\" class=\"wp-image-15674\" srcset=\"https:\/\/dev.antudigital.cl\/sites\/vc\/wp-content\/uploads\/2023\/06\/WhatsApp-Image-2023-03-02-at-16.00.24-1.jpeg 960w, https:\/\/dev.antudigital.cl\/sites\/vc\/wp-content\/uploads\/2023\/06\/WhatsApp-Image-2023-03-02-at-16.00.24-1-300x225.jpeg 300w, https:\/\/dev.antudigital.cl\/sites\/vc\/wp-content\/uploads\/2023\/06\/WhatsApp-Image-2023-03-02-at-16.00.24-1-768x576.jpeg 768w, https:\/\/dev.antudigital.cl\/sites\/vc\/wp-content\/uploads\/2023\/06\/WhatsApp-Image-2023-03-02-at-16.00.24-1-510x382.jpeg 510w, https:\/\/dev.antudigital.cl\/sites\/vc\/wp-content\/uploads\/2023\/06\/WhatsApp-Image-2023-03-02-at-16.00.24-1-480x360.jpeg 480w, https:\/\/dev.antudigital.cl\/sites\/vc\/wp-content\/uploads\/2023\/06\/WhatsApp-Image-2023-03-02-at-16.00.24-1-24x18.jpeg 24w, https:\/\/dev.antudigital.cl\/sites\/vc\/wp-content\/uploads\/2023\/06\/WhatsApp-Image-2023-03-02-at-16.00.24-1-36x27.jpeg 36w, https:\/\/dev.antudigital.cl\/sites\/vc\/wp-content\/uploads\/2023\/06\/WhatsApp-Image-2023-03-02-at-16.00.24-1-48x36.jpeg 48w\" sizes=\"(max-width: 960px) 100vw, 960px\" \/><\/figure>\n\n\n\n<p>Seg\u00fan F\u00e9lix Barros, de Evento Medido, esta colaboraci\u00f3n surgi\u00f3 debido a los intereses compartidos de ambas partes: \u00abTanto Evento Medido como la Corporaci\u00f3n ten\u00edamos inter\u00e9s en realizar una colaboraci\u00f3n para medir el impacto de los eventos masivos en la Regi\u00f3n de Valpara\u00edso. Decidimos profundizar en los indicadores econ\u00f3micos\u00bb.<\/p>\n\n\n\n<p>Evento Medido lleva a\u00f1os dedic\u00e1ndose al desarrollo de servicios de medici\u00f3n de eventos. F\u00e9lix afirma: \u00abHemos medido 115 jornadas de 28 proyectos de 15 clientes, eventos que han generado un impacto econ\u00f3mico de 35 millones de d\u00f3lares en el territorio nacional\u00bb.<\/p>\n\n\n\n<figure class=\"wp-block-image size-large\"><img decoding=\"async\" width=\"1024\" height=\"768\" src=\"https:\/\/www.valparaisocreativo.cl\/wp-content\/uploads\/2023\/06\/WhatsApp-Image-2023-03-02-at-16.00.24-2-1024x768.jpeg\" alt=\"\" class=\"wp-image-15675\" srcset=\"https:\/\/dev.antudigital.cl\/sites\/vc\/wp-content\/uploads\/2023\/06\/WhatsApp-Image-2023-03-02-at-16.00.24-2-1024x768.jpeg 1024w, https:\/\/dev.antudigital.cl\/sites\/vc\/wp-content\/uploads\/2023\/06\/WhatsApp-Image-2023-03-02-at-16.00.24-2-300x225.jpeg 300w, https:\/\/dev.antudigital.cl\/sites\/vc\/wp-content\/uploads\/2023\/06\/WhatsApp-Image-2023-03-02-at-16.00.24-2-768x576.jpeg 768w, https:\/\/dev.antudigital.cl\/sites\/vc\/wp-content\/uploads\/2023\/06\/WhatsApp-Image-2023-03-02-at-16.00.24-2-1536x1152.jpeg 1536w, https:\/\/dev.antudigital.cl\/sites\/vc\/wp-content\/uploads\/2023\/06\/WhatsApp-Image-2023-03-02-at-16.00.24-2-510x382.jpeg 510w, https:\/\/dev.antudigital.cl\/sites\/vc\/wp-content\/uploads\/2023\/06\/WhatsApp-Image-2023-03-02-at-16.00.24-2-1080x810.jpeg 1080w, https:\/\/dev.antudigital.cl\/sites\/vc\/wp-content\/uploads\/2023\/06\/WhatsApp-Image-2023-03-02-at-16.00.24-2-1280x960.jpeg 1280w, https:\/\/dev.antudigital.cl\/sites\/vc\/wp-content\/uploads\/2023\/06\/WhatsApp-Image-2023-03-02-at-16.00.24-2-980x735.jpeg 980w, https:\/\/dev.antudigital.cl\/sites\/vc\/wp-content\/uploads\/2023\/06\/WhatsApp-Image-2023-03-02-at-16.00.24-2-480x360.jpeg 480w, https:\/\/dev.antudigital.cl\/sites\/vc\/wp-content\/uploads\/2023\/06\/WhatsApp-Image-2023-03-02-at-16.00.24-2-24x18.jpeg 24w, https:\/\/dev.antudigital.cl\/sites\/vc\/wp-content\/uploads\/2023\/06\/WhatsApp-Image-2023-03-02-at-16.00.24-2-36x27.jpeg 36w, https:\/\/dev.antudigital.cl\/sites\/vc\/wp-content\/uploads\/2023\/06\/WhatsApp-Image-2023-03-02-at-16.00.24-2-48x36.jpeg 48w, https:\/\/dev.antudigital.cl\/sites\/vc\/wp-content\/uploads\/2023\/06\/WhatsApp-Image-2023-03-02-at-16.00.24-2.jpeg 1600w\" sizes=\"(max-width: 1024px) 100vw, 1024px\" \/><\/figure>\n\n\n\n<p>Fue el Coordinador de nuestro programa, Mauricio Cifuentes, uno de los actores que propici\u00f3 la vinculaci\u00f3n. Francisco Godoy, Gerente de la Corporaci\u00f3n Regional de Turismo, menciona las inquietudes que compart\u00edan: \u00abTenemos un plan estrat\u00e9gico de desarrollo en el cual una de las necesidades m\u00e1s importantes era precisamente evaluar la rentabilidad de cada evento para tomar decisiones informadas. Necesit\u00e1bamos datos m\u00e1s detallados\u00bb.<\/p>\n\n\n\n<p>Con los fondos obtenidos a trav\u00e9s del programa Conecta y Colabora, se llevaron a cabo encuestas digitales para recopilar informaci\u00f3n y contrastar resultados, desarrollando un mecanismo para analizar datos relevantes para el sector tur\u00edstico del evento.<\/p>\n\n\n\n<figure class=\"wp-block-image size-full\"><img decoding=\"async\" width=\"750\" height=\"500\" src=\"https:\/\/www.valparaisocreativo.cl\/wp-content\/uploads\/2023\/06\/ValpoMedido2.jpeg\" alt=\"\" class=\"wp-image-15672\" srcset=\"https:\/\/dev.antudigital.cl\/sites\/vc\/wp-content\/uploads\/2023\/06\/ValpoMedido2.jpeg 750w, https:\/\/dev.antudigital.cl\/sites\/vc\/wp-content\/uploads\/2023\/06\/ValpoMedido2-300x200.jpeg 300w, https:\/\/dev.antudigital.cl\/sites\/vc\/wp-content\/uploads\/2023\/06\/ValpoMedido2-480x320.jpeg 480w, https:\/\/dev.antudigital.cl\/sites\/vc\/wp-content\/uploads\/2023\/06\/ValpoMedido2-24x16.jpeg 24w, https:\/\/dev.antudigital.cl\/sites\/vc\/wp-content\/uploads\/2023\/06\/ValpoMedido2-36x24.jpeg 36w, https:\/\/dev.antudigital.cl\/sites\/vc\/wp-content\/uploads\/2023\/06\/ValpoMedido2-48x32.jpeg 48w\" sizes=\"(max-width: 750px) 100vw, 750px\" \/><\/figure>\n\n\n\n<p>El objetivo era analizar c\u00f3mo el Festival, en este caso, afecta a la econom\u00eda local y cu\u00e1l es su huella de carbono, entre otros indicadores, con el fin de tomar decisiones m\u00e1s efectivas desde el sector tur\u00edstico de Vi\u00f1a del Mar. Seg\u00fan Francisco Godoy: \u00abEs muy importante poder justificar las inversiones que se realizan en turismo, especialmente en eventos, ya que muchas veces las mediciones son poco precisas. Los eventos programados son una de las razones por las que las personas visitan la Regi\u00f3n, pero normalmente no sabemos c\u00f3mo funcionan\u00bb.<\/p>\n\n\n\n<p>Algunos de los indicadores evaluados incluyeron el tipo de alojamiento utilizado, el medio de transporte elegido y el gasto promedio de los asistentes. Es importante destacar que se eligi\u00f3 el caso especial del Festival de Vi\u00f1a del Mar debido a su gran afluencia y alcance, para analizar su relaci\u00f3n real con la comuna y c\u00f3mo se traduce ese impacto. Diariamente, aproximadamente 12 mil personas asisten al espect\u00e1culo y migran especialmente a Vi\u00f1a del Mar.<\/p>\n\n\n\n<figure class=\"wp-block-image size-large\"><img loading=\"lazy\" decoding=\"async\" width=\"1024\" height=\"768\" src=\"https:\/\/www.valparaisocreativo.cl\/wp-content\/uploads\/2023\/06\/WhatsApp-Image-2023-03-02-at-16.00.21-1024x768.jpeg\" alt=\"\" class=\"wp-image-15673\" srcset=\"https:\/\/dev.antudigital.cl\/sites\/vc\/wp-content\/uploads\/2023\/06\/WhatsApp-Image-2023-03-02-at-16.00.21-1024x768.jpeg 1024w, https:\/\/dev.antudigital.cl\/sites\/vc\/wp-content\/uploads\/2023\/06\/WhatsApp-Image-2023-03-02-at-16.00.21-300x225.jpeg 300w, https:\/\/dev.antudigital.cl\/sites\/vc\/wp-content\/uploads\/2023\/06\/WhatsApp-Image-2023-03-02-at-16.00.21-768x576.jpeg 768w, https:\/\/dev.antudigital.cl\/sites\/vc\/wp-content\/uploads\/2023\/06\/WhatsApp-Image-2023-03-02-at-16.00.21-1536x1152.jpeg 1536w, https:\/\/dev.antudigital.cl\/sites\/vc\/wp-content\/uploads\/2023\/06\/WhatsApp-Image-2023-03-02-at-16.00.21-510x382.jpeg 510w, https:\/\/dev.antudigital.cl\/sites\/vc\/wp-content\/uploads\/2023\/06\/WhatsApp-Image-2023-03-02-at-16.00.21-1080x810.jpeg 1080w, https:\/\/dev.antudigital.cl\/sites\/vc\/wp-content\/uploads\/2023\/06\/WhatsApp-Image-2023-03-02-at-16.00.21-1280x960.jpeg 1280w, https:\/\/dev.antudigital.cl\/sites\/vc\/wp-content\/uploads\/2023\/06\/WhatsApp-Image-2023-03-02-at-16.00.21-980x735.jpeg 980w, https:\/\/dev.antudigital.cl\/sites\/vc\/wp-content\/uploads\/2023\/06\/WhatsApp-Image-2023-03-02-at-16.00.21-480x360.jpeg 480w, https:\/\/dev.antudigital.cl\/sites\/vc\/wp-content\/uploads\/2023\/06\/WhatsApp-Image-2023-03-02-at-16.00.21-24x18.jpeg 24w, https:\/\/dev.antudigital.cl\/sites\/vc\/wp-content\/uploads\/2023\/06\/WhatsApp-Image-2023-03-02-at-16.00.21-36x27.jpeg 36w, https:\/\/dev.antudigital.cl\/sites\/vc\/wp-content\/uploads\/2023\/06\/WhatsApp-Image-2023-03-02-at-16.00.21-48x36.jpeg 48w, https:\/\/dev.antudigital.cl\/sites\/vc\/wp-content\/uploads\/2023\/06\/WhatsApp-Image-2023-03-02-at-16.00.21.jpeg 1600w\" sizes=\"(max-width: 1024px) 100vw, 1024px\" \/><\/figure>\n\n\n\n<p>Ricardo Catal\u00e1n, de Evento Medido, menciona que este proyecto piloto se llev\u00f3 a cabo tanto en Rock\u00f3dromo como en el Festival del Huaso de Olmu\u00e9 y el Festival de Vi\u00f1a del Mar.<\/p>\n\n\n\n<p>Ricardo se\u00f1ala: \u00abSobre todo cuando se trata de eventos gratuitos, es dif\u00edcil saber si se est\u00e1n cumpliendo los objetivos y si hay un retorno positivo de la inversi\u00f3n, y eso es lo que vamos a validar. Para lograrlo, es necesario contar con una medici\u00f3n de impacto estandarizada y confiable, y comparar los eventos para identificar fortalezas y debilidades\u00bb. Eso comparando a Rock\u00f3dromo con los otros dos festivales y las respuestas obtenidas.<\/p>\n\n\n\n<figure class=\"wp-block-image size-large\"><img loading=\"lazy\" decoding=\"async\" width=\"1024\" height=\"585\" src=\"https:\/\/www.valparaisocreativo.cl\/wp-content\/uploads\/2023\/06\/ValpoMedido-1024x585.jpeg\" alt=\"\" class=\"wp-image-15671\" srcset=\"https:\/\/dev.antudigital.cl\/sites\/vc\/wp-content\/uploads\/2023\/06\/ValpoMedido-1024x585.jpeg 1024w, https:\/\/dev.antudigital.cl\/sites\/vc\/wp-content\/uploads\/2023\/06\/ValpoMedido-300x171.jpeg 300w, https:\/\/dev.antudigital.cl\/sites\/vc\/wp-content\/uploads\/2023\/06\/ValpoMedido-768x438.jpeg 768w, https:\/\/dev.antudigital.cl\/sites\/vc\/wp-content\/uploads\/2023\/06\/ValpoMedido-1080x617.jpeg 1080w, https:\/\/dev.antudigital.cl\/sites\/vc\/wp-content\/uploads\/2023\/06\/ValpoMedido-980x559.jpeg 980w, https:\/\/dev.antudigital.cl\/sites\/vc\/wp-content\/uploads\/2023\/06\/ValpoMedido-480x274.jpeg 480w, https:\/\/dev.antudigital.cl\/sites\/vc\/wp-content\/uploads\/2023\/06\/ValpoMedido-24x14.jpeg 24w, https:\/\/dev.antudigital.cl\/sites\/vc\/wp-content\/uploads\/2023\/06\/ValpoMedido-36x21.jpeg 36w, https:\/\/dev.antudigital.cl\/sites\/vc\/wp-content\/uploads\/2023\/06\/ValpoMedido-48x27.jpeg 48w, https:\/\/dev.antudigital.cl\/sites\/vc\/wp-content\/uploads\/2023\/06\/ValpoMedido.jpeg 1200w\" sizes=\"(max-width: 1024px) 100vw, 1024px\" \/><\/figure>\n\n\n\n<p>\u00abAmbos Olmu\u00e9 y Vi\u00f1a son eventos enormes con una producci\u00f3n completamente diferente a la de Rock\u00f3dromo, especialmente porque son eventos pagados. Tienen un p\u00fablico m\u00e1s exigente, y eso se reflej\u00f3 en los resultados\u00bb, agrega Catal\u00e1n desde Evento Medido.<\/p>\n\n\n\n<p>En particular, este trabajo se llev\u00f3 a cabo en colaboraci\u00f3n con la Corporaci\u00f3n Cultural de Vi\u00f1a del Mar, con quienes se coordin\u00f3 todo el proceso para realizar las encuestas y obtener los resultados.<\/p>\n\n\n\n<p>Valpomedido es una propuesta innovadora que, aunque es la primera vez que se utiliza en un evento de esta magnitud, facilita herramientas para tomar decisiones a los sectores involucrados y mejorar la calidad de vida de los ciudadanos. Una iniciativa que ha demostrado poder medir el impacto que tienen estas instancias para el territorio: en el caso del turismo, de los servicios, de la hoteler\u00eda y el comercio, entre otros. Adem\u00e1s de la medici\u00f3n de la huella de carbono de los usuarios.<\/p>\n\n\n\n<p>\u00abYa con los resultados, se pueden evaluar puntos como el financiamiento, la toma de decisiones, y ojal\u00e1 encadenar el entretenimiento con el turismo\u00bb, agrega F\u00e9lix Barros, con la idea de que este trabajo resulte en nuevas colaboraciones y acciones m\u00e1s estrat\u00e9gicas.<\/p>\n","protected":false},"excerpt":{"rendered":"<p>Por: Valentinne Rudolphy Fotograf\u00edas de: Corporaci\u00f3n Regional de Turismo. Durante el verano, se llev\u00f3 a cabo un ambicioso proyecto de medici\u00f3n de impacto de diferentes eventos musicales. El primero fue Rock\u00f3dromo, seguido del Festival del Huaso de Olmu\u00e9, y finalmente el Festival Internacional de la Canci\u00f3n de Vi\u00f1a del Mar. Todo comenz\u00f3 debido al inter\u00e9s [&hellip;]<\/p>\n","protected":false},"author":1,"featured_media":15676,"comment_status":"open","ping_status":"closed","sticky":false,"template":"","format":"standard","meta":{"_acf_changed":false,"footnotes":""},"categories":[218],"tags":[],"class_list":["post-15670","post","type-post","status-publish","format-standard","has-post-thumbnail","hentry","category-blog"],"acf":[],"yoast_head":"<!-- This site is optimized with the Yoast SEO plugin v27.1.1 - https:\/\/yoast.com\/product\/yoast-seo-wordpress\/ -->\n<title>La medici\u00f3n de impacto como herramienta para transformar el turismo en el territorio - Valpara\u00ed\u00adso Creativo<\/title>\n<meta name=\"robots\" content=\"index, follow, max-snippet:-1, max-image-preview:large, max-video-preview:-1\" \/>\n<link rel=\"canonical\" href=\"https:\/\/dev.antudigital.cl\/sites\/vc\/la-medicion-de-impacto-como-herramienta-para-transformar-el-turismo-en-el-territorio\/\" \/>\n<meta property=\"og:locale\" content=\"es_ES\" \/>\n<meta property=\"og:type\" content=\"article\" \/>\n<meta property=\"og:title\" content=\"La medici\u00f3n de impacto como herramienta para transformar el turismo en el territorio - Valpara\u00ed\u00adso Creativo\" \/>\n<meta property=\"og:description\" content=\"Por: Valentinne Rudolphy Fotograf\u00edas de: Corporaci\u00f3n Regional de Turismo. Durante el verano, se llev\u00f3 a cabo un ambicioso proyecto de medici\u00f3n de impacto de diferentes eventos musicales. El primero fue Rock\u00f3dromo, seguido del Festival del Huaso de Olmu\u00e9, y finalmente el Festival Internacional de la Canci\u00f3n de Vi\u00f1a del Mar. Todo comenz\u00f3 debido al inter\u00e9s [&hellip;]\" \/>\n<meta property=\"og:url\" content=\"https:\/\/dev.antudigital.cl\/sites\/vc\/la-medicion-de-impacto-como-herramienta-para-transformar-el-turismo-en-el-territorio\/\" \/>\n<meta property=\"og:site_name\" content=\"Valpara\u00ed\u00adso Creativo\" \/>\n<meta property=\"article:published_time\" content=\"2023-06-06T02:43:45+00:00\" \/>\n<meta property=\"article:modified_time\" content=\"2023-06-06T02:50:07+00:00\" \/>\n<meta property=\"og:image\" content=\"https:\/\/dev.antudigital.cl\/sites\/vc\/wp-content\/uploads\/2023\/06\/WhatsApp-Image-2023-03-02-at-16.00.24.jpeg\" \/>\n\t<meta property=\"og:image:width\" content=\"1024\" \/>\n\t<meta property=\"og:image:height\" content=\"768\" \/>\n\t<meta property=\"og:image:type\" content=\"image\/jpeg\" \/>\n<meta name=\"author\" content=\"Valpara\u00edso Creativo\" \/>\n<meta name=\"twitter:card\" content=\"summary_large_image\" \/>\n<meta name=\"twitter:label1\" content=\"Escrito por\" \/>\n\t<meta name=\"twitter:data1\" content=\"Valpara\u00edso Creativo\" \/>\n\t<meta name=\"twitter:label2\" content=\"Tiempo de lectura\" \/>\n\t<meta name=\"twitter:data2\" content=\"5 minutos\" \/>\n<script type=\"application\/ld+json\" class=\"yoast-schema-graph\">{\"@context\":\"https:\/\/schema.org\",\"@graph\":[{\"@type\":\"Article\",\"@id\":\"https:\/\/dev.antudigital.cl\/sites\/vc\/la-medicion-de-impacto-como-herramienta-para-transformar-el-turismo-en-el-territorio\/#article\",\"isPartOf\":{\"@id\":\"https:\/\/dev.antudigital.cl\/sites\/vc\/la-medicion-de-impacto-como-herramienta-para-transformar-el-turismo-en-el-territorio\/\"},\"author\":{\"name\":\"Valpara\u00edso Creativo\",\"@id\":\"https:\/\/dev.antudigital.cl\/sites\/vc\/#\/schema\/person\/c2b9da8dd545e27166fc5ab232837318\"},\"headline\":\"La medici\u00f3n de impacto como herramienta para transformar el turismo en el territorio\",\"datePublished\":\"2023-06-06T02:43:45+00:00\",\"dateModified\":\"2023-06-06T02:50:07+00:00\",\"mainEntityOfPage\":{\"@id\":\"https:\/\/dev.antudigital.cl\/sites\/vc\/la-medicion-de-impacto-como-herramienta-para-transformar-el-turismo-en-el-territorio\/\"},\"wordCount\":860,\"commentCount\":0,\"image\":{\"@id\":\"https:\/\/dev.antudigital.cl\/sites\/vc\/la-medicion-de-impacto-como-herramienta-para-transformar-el-turismo-en-el-territorio\/#primaryimage\"},\"thumbnailUrl\":\"https:\/\/dev.antudigital.cl\/sites\/vc\/wp-content\/uploads\/2023\/06\/WhatsApp-Image-2023-03-02-at-16.00.24.jpeg\",\"articleSection\":[\"Blog\"],\"inLanguage\":\"es\",\"potentialAction\":[{\"@type\":\"CommentAction\",\"name\":\"Comment\",\"target\":[\"https:\/\/dev.antudigital.cl\/sites\/vc\/la-medicion-de-impacto-como-herramienta-para-transformar-el-turismo-en-el-territorio\/#respond\"]}]},{\"@type\":\"WebPage\",\"@id\":\"https:\/\/dev.antudigital.cl\/sites\/vc\/la-medicion-de-impacto-como-herramienta-para-transformar-el-turismo-en-el-territorio\/\",\"url\":\"https:\/\/dev.antudigital.cl\/sites\/vc\/la-medicion-de-impacto-como-herramienta-para-transformar-el-turismo-en-el-territorio\/\",\"name\":\"La medici\u00f3n de impacto como herramienta para transformar el turismo en el territorio - Valpara\u00ed\u00adso Creativo\",\"isPartOf\":{\"@id\":\"https:\/\/dev.antudigital.cl\/sites\/vc\/#website\"},\"primaryImageOfPage\":{\"@id\":\"https:\/\/dev.antudigital.cl\/sites\/vc\/la-medicion-de-impacto-como-herramienta-para-transformar-el-turismo-en-el-territorio\/#primaryimage\"},\"image\":{\"@id\":\"https:\/\/dev.antudigital.cl\/sites\/vc\/la-medicion-de-impacto-como-herramienta-para-transformar-el-turismo-en-el-territorio\/#primaryimage\"},\"thumbnailUrl\":\"https:\/\/dev.antudigital.cl\/sites\/vc\/wp-content\/uploads\/2023\/06\/WhatsApp-Image-2023-03-02-at-16.00.24.jpeg\",\"datePublished\":\"2023-06-06T02:43:45+00:00\",\"dateModified\":\"2023-06-06T02:50:07+00:00\",\"author\":{\"@id\":\"https:\/\/dev.antudigital.cl\/sites\/vc\/#\/schema\/person\/c2b9da8dd545e27166fc5ab232837318\"},\"breadcrumb\":{\"@id\":\"https:\/\/dev.antudigital.cl\/sites\/vc\/la-medicion-de-impacto-como-herramienta-para-transformar-el-turismo-en-el-territorio\/#breadcrumb\"},\"inLanguage\":\"es\",\"potentialAction\":[{\"@type\":\"ReadAction\",\"target\":[\"https:\/\/dev.antudigital.cl\/sites\/vc\/la-medicion-de-impacto-como-herramienta-para-transformar-el-turismo-en-el-territorio\/\"]}]},{\"@type\":\"ImageObject\",\"inLanguage\":\"es\",\"@id\":\"https:\/\/dev.antudigital.cl\/sites\/vc\/la-medicion-de-impacto-como-herramienta-para-transformar-el-turismo-en-el-territorio\/#primaryimage\",\"url\":\"https:\/\/dev.antudigital.cl\/sites\/vc\/wp-content\/uploads\/2023\/06\/WhatsApp-Image-2023-03-02-at-16.00.24.jpeg\",\"contentUrl\":\"https:\/\/dev.antudigital.cl\/sites\/vc\/wp-content\/uploads\/2023\/06\/WhatsApp-Image-2023-03-02-at-16.00.24.jpeg\",\"width\":1024,\"height\":768},{\"@type\":\"BreadcrumbList\",\"@id\":\"https:\/\/dev.antudigital.cl\/sites\/vc\/la-medicion-de-impacto-como-herramienta-para-transformar-el-turismo-en-el-territorio\/#breadcrumb\",\"itemListElement\":[{\"@type\":\"ListItem\",\"position\":1,\"name\":\"Home\",\"item\":\"https:\/\/dev.antudigital.cl\/sites\/vc\/\"},{\"@type\":\"ListItem\",\"position\":2,\"name\":\"La medici\u00f3n de impacto como herramienta para transformar el turismo en el territorio\"}]},{\"@type\":\"WebSite\",\"@id\":\"https:\/\/dev.antudigital.cl\/sites\/vc\/#website\",\"url\":\"https:\/\/dev.antudigital.cl\/sites\/vc\/\",\"name\":\"Valpara\u00ed\u00adso Creativo\",\"description\":\"\",\"potentialAction\":[{\"@type\":\"SearchAction\",\"target\":{\"@type\":\"EntryPoint\",\"urlTemplate\":\"https:\/\/dev.antudigital.cl\/sites\/vc\/?s={search_term_string}\"},\"query-input\":{\"@type\":\"PropertyValueSpecification\",\"valueRequired\":true,\"valueName\":\"search_term_string\"}}],\"inLanguage\":\"es\"},{\"@type\":\"Person\",\"@id\":\"https:\/\/dev.antudigital.cl\/sites\/vc\/#\/schema\/person\/c2b9da8dd545e27166fc5ab232837318\",\"name\":\"Valpara\u00edso Creativo\",\"description\":\"Periodista de cultura en la Regi\u00f3n de Valpara\u00edso.\",\"url\":\"https:\/\/dev.antudigital.cl\/sites\/vc\/author\/valpoadmin\/\"}]}<\/script>\n<!-- \/ Yoast SEO plugin. -->","yoast_head_json":{"title":"La medici\u00f3n de impacto como herramienta para transformar el turismo en el territorio - Valpara\u00ed\u00adso Creativo","robots":{"index":"index","follow":"follow","max-snippet":"max-snippet:-1","max-image-preview":"max-image-preview:large","max-video-preview":"max-video-preview:-1"},"canonical":"https:\/\/dev.antudigital.cl\/sites\/vc\/la-medicion-de-impacto-como-herramienta-para-transformar-el-turismo-en-el-territorio\/","og_locale":"es_ES","og_type":"article","og_title":"La medici\u00f3n de impacto como herramienta para transformar el turismo en el territorio - Valpara\u00ed\u00adso Creativo","og_description":"Por: Valentinne Rudolphy Fotograf\u00edas de: Corporaci\u00f3n Regional de Turismo. Durante el verano, se llev\u00f3 a cabo un ambicioso proyecto de medici\u00f3n de impacto de diferentes eventos musicales. El primero fue Rock\u00f3dromo, seguido del Festival del Huaso de Olmu\u00e9, y finalmente el Festival Internacional de la Canci\u00f3n de Vi\u00f1a del Mar. Todo comenz\u00f3 debido al inter\u00e9s [&hellip;]","og_url":"https:\/\/dev.antudigital.cl\/sites\/vc\/la-medicion-de-impacto-como-herramienta-para-transformar-el-turismo-en-el-territorio\/","og_site_name":"Valpara\u00ed\u00adso Creativo","article_published_time":"2023-06-06T02:43:45+00:00","article_modified_time":"2023-06-06T02:50:07+00:00","og_image":[{"width":1024,"height":768,"url":"https:\/\/dev.antudigital.cl\/sites\/vc\/wp-content\/uploads\/2023\/06\/WhatsApp-Image-2023-03-02-at-16.00.24.jpeg","type":"image\/jpeg"}],"author":"Valpara\u00edso Creativo","twitter_card":"summary_large_image","twitter_misc":{"Escrito por":"Valpara\u00edso Creativo","Tiempo de lectura":"5 minutos"},"schema":{"@context":"https:\/\/schema.org","@graph":[{"@type":"Article","@id":"https:\/\/dev.antudigital.cl\/sites\/vc\/la-medicion-de-impacto-como-herramienta-para-transformar-el-turismo-en-el-territorio\/#article","isPartOf":{"@id":"https:\/\/dev.antudigital.cl\/sites\/vc\/la-medicion-de-impacto-como-herramienta-para-transformar-el-turismo-en-el-territorio\/"},"author":{"name":"Valpara\u00edso Creativo","@id":"https:\/\/dev.antudigital.cl\/sites\/vc\/#\/schema\/person\/c2b9da8dd545e27166fc5ab232837318"},"headline":"La medici\u00f3n de impacto como herramienta para transformar el turismo en el territorio","datePublished":"2023-06-06T02:43:45+00:00","dateModified":"2023-06-06T02:50:07+00:00","mainEntityOfPage":{"@id":"https:\/\/dev.antudigital.cl\/sites\/vc\/la-medicion-de-impacto-como-herramienta-para-transformar-el-turismo-en-el-territorio\/"},"wordCount":860,"commentCount":0,"image":{"@id":"https:\/\/dev.antudigital.cl\/sites\/vc\/la-medicion-de-impacto-como-herramienta-para-transformar-el-turismo-en-el-territorio\/#primaryimage"},"thumbnailUrl":"https:\/\/dev.antudigital.cl\/sites\/vc\/wp-content\/uploads\/2023\/06\/WhatsApp-Image-2023-03-02-at-16.00.24.jpeg","articleSection":["Blog"],"inLanguage":"es","potentialAction":[{"@type":"CommentAction","name":"Comment","target":["https:\/\/dev.antudigital.cl\/sites\/vc\/la-medicion-de-impacto-como-herramienta-para-transformar-el-turismo-en-el-territorio\/#respond"]}]},{"@type":"WebPage","@id":"https:\/\/dev.antudigital.cl\/sites\/vc\/la-medicion-de-impacto-como-herramienta-para-transformar-el-turismo-en-el-territorio\/","url":"https:\/\/dev.antudigital.cl\/sites\/vc\/la-medicion-de-impacto-como-herramienta-para-transformar-el-turismo-en-el-territorio\/","name":"La medici\u00f3n de impacto como herramienta para transformar el turismo en el territorio - Valpara\u00ed\u00adso Creativo","isPartOf":{"@id":"https:\/\/dev.antudigital.cl\/sites\/vc\/#website"},"primaryImageOfPage":{"@id":"https:\/\/dev.antudigital.cl\/sites\/vc\/la-medicion-de-impacto-como-herramienta-para-transformar-el-turismo-en-el-territorio\/#primaryimage"},"image":{"@id":"https:\/\/dev.antudigital.cl\/sites\/vc\/la-medicion-de-impacto-como-herramienta-para-transformar-el-turismo-en-el-territorio\/#primaryimage"},"thumbnailUrl":"https:\/\/dev.antudigital.cl\/sites\/vc\/wp-content\/uploads\/2023\/06\/WhatsApp-Image-2023-03-02-at-16.00.24.jpeg","datePublished":"2023-06-06T02:43:45+00:00","dateModified":"2023-06-06T02:50:07+00:00","author":{"@id":"https:\/\/dev.antudigital.cl\/sites\/vc\/#\/schema\/person\/c2b9da8dd545e27166fc5ab232837318"},"breadcrumb":{"@id":"https:\/\/dev.antudigital.cl\/sites\/vc\/la-medicion-de-impacto-como-herramienta-para-transformar-el-turismo-en-el-territorio\/#breadcrumb"},"inLanguage":"es","potentialAction":[{"@type":"ReadAction","target":["https:\/\/dev.antudigital.cl\/sites\/vc\/la-medicion-de-impacto-como-herramienta-para-transformar-el-turismo-en-el-territorio\/"]}]},{"@type":"ImageObject","inLanguage":"es","@id":"https:\/\/dev.antudigital.cl\/sites\/vc\/la-medicion-de-impacto-como-herramienta-para-transformar-el-turismo-en-el-territorio\/#primaryimage","url":"https:\/\/dev.antudigital.cl\/sites\/vc\/wp-content\/uploads\/2023\/06\/WhatsApp-Image-2023-03-02-at-16.00.24.jpeg","contentUrl":"https:\/\/dev.antudigital.cl\/sites\/vc\/wp-content\/uploads\/2023\/06\/WhatsApp-Image-2023-03-02-at-16.00.24.jpeg","width":1024,"height":768},{"@type":"BreadcrumbList","@id":"https:\/\/dev.antudigital.cl\/sites\/vc\/la-medicion-de-impacto-como-herramienta-para-transformar-el-turismo-en-el-territorio\/#breadcrumb","itemListElement":[{"@type":"ListItem","position":1,"name":"Home","item":"https:\/\/dev.antudigital.cl\/sites\/vc\/"},{"@type":"ListItem","position":2,"name":"La medici\u00f3n de impacto como herramienta para transformar el turismo en el territorio"}]},{"@type":"WebSite","@id":"https:\/\/dev.antudigital.cl\/sites\/vc\/#website","url":"https:\/\/dev.antudigital.cl\/sites\/vc\/","name":"Valpara\u00ed\u00adso Creativo","description":"","potentialAction":[{"@type":"SearchAction","target":{"@type":"EntryPoint","urlTemplate":"https:\/\/dev.antudigital.cl\/sites\/vc\/?s={search_term_string}"},"query-input":{"@type":"PropertyValueSpecification","valueRequired":true,"valueName":"search_term_string"}}],"inLanguage":"es"},{"@type":"Person","@id":"https:\/\/dev.antudigital.cl\/sites\/vc\/#\/schema\/person\/c2b9da8dd545e27166fc5ab232837318","name":"Valpara\u00edso Creativo","description":"Periodista de cultura en la Regi\u00f3n de Valpara\u00edso.","url":"https:\/\/dev.antudigital.cl\/sites\/vc\/author\/valpoadmin\/"}]}},"_links":{"self":[{"href":"https:\/\/dev.antudigital.cl\/sites\/vc\/wp-json\/wp\/v2\/posts\/15670","targetHints":{"allow":["GET"]}}],"collection":[{"href":"https:\/\/dev.antudigital.cl\/sites\/vc\/wp-json\/wp\/v2\/posts"}],"about":[{"href":"https:\/\/dev.antudigital.cl\/sites\/vc\/wp-json\/wp\/v2\/types\/post"}],"author":[{"embeddable":true,"href":"https:\/\/dev.antudigital.cl\/sites\/vc\/wp-json\/wp\/v2\/users\/1"}],"replies":[{"embeddable":true,"href":"https:\/\/dev.antudigital.cl\/sites\/vc\/wp-json\/wp\/v2\/comments?post=15670"}],"version-history":[{"count":3,"href":"https:\/\/dev.antudigital.cl\/sites\/vc\/wp-json\/wp\/v2\/posts\/15670\/revisions"}],"predecessor-version":[{"id":15680,"href":"https:\/\/dev.antudigital.cl\/sites\/vc\/wp-json\/wp\/v2\/posts\/15670\/revisions\/15680"}],"wp:featuredmedia":[{"embeddable":true,"href":"https:\/\/dev.antudigital.cl\/sites\/vc\/wp-json\/wp\/v2\/media\/15676"}],"wp:attachment":[{"href":"https:\/\/dev.antudigital.cl\/sites\/vc\/wp-json\/wp\/v2\/media?parent=15670"}],"wp:term":[{"taxonomy":"category","embeddable":true,"href":"https:\/\/dev.antudigital.cl\/sites\/vc\/wp-json\/wp\/v2\/categories?post=15670"},{"taxonomy":"post_tag","embeddable":true,"href":"https:\/\/dev.antudigital.cl\/sites\/vc\/wp-json\/wp\/v2\/tags?post=15670"}],"curies":[{"name":"wp","href":"https:\/\/api.w.org\/{rel}","templated":true}]}}