{"id":15693,"date":"2023-06-13T00:43:38","date_gmt":"2023-06-13T00:43:38","guid":{"rendered":"https:\/\/www.valparaisocreativo.cl\/?p=15693"},"modified":"2023-06-13T00:43:44","modified_gmt":"2023-06-13T00:43:44","slug":"valentina-peralta-estrena-nuevo-sencillo","status":"publish","type":"post","link":"https:\/\/dev.antudigital.cl\/sites\/vc\/valentina-peralta-estrena-nuevo-sencillo\/","title":{"rendered":"Valentina Peralta estrena nuevo sencillo"},"content":{"rendered":"\n<p>Autor\u00eda distintiva, delicadeza y autoafirmaci\u00f3n se funden en <strong>\u00abMejor\u00bb<\/strong>, una canci\u00f3n que habla sobre superar relaciones desafiantes y aspirar a un vuelo personal crecedor. El o\u00eddo se sorprende con c\u00f3mo la voz de su compositora, Valentina Peralta, va aliada de una sugerente interpretaci\u00f3n al piano, capaz de marcar los \u00e9nfasis de su mensaje y, a la vez, tejer una c\u00e1lida ambientaci\u00f3n para entregarlo.<\/p>\n\n\n\n<p><strong>\u00abMejor\u00bb <\/strong>contin\u00faa una sucesi\u00f3n de interesantes lanzamientos que la cantautora nacida en Coquimbo, habitante de \u00d1uble y Valpara\u00edso nutrida en estos a\u00f1os por frecuentes viajes por M\u00e9xico y largas estad\u00edas en el sur de Chile. viene trabajando y difundiendo de la mano del sello M\u00fasicadelSur a un ritmo constante desde 2020. Se trata de un giro respecto a sus grabaciones previas (\u00abDe tu mano\u00bb,&nbsp; \u00abNoche\u00bb, \u00abTelar\u00bb), las que hasta ahora mostraban capas electr\u00f3nicas y observaciones de orientaci\u00f3n colectiva. El nuevo tema de Valentina Peralta ocupa instrumentos org\u00e1nicos (adem\u00e1s del piano y cuarteto de cuerdas en arreglos trabajados junto al compositor y productor musical Javier Cornejo, en un hilado de timbres coherente con un contenido que apunta a lo introspectivo.&nbsp;<\/p>\n\n\n\n<p>\u00abMe parece que abrirse a hablar de amor desde mi propia autobiograf\u00eda es un gesto necesario y muy revolucionario, que me conecta de una forma honesta con quienes me escuchan\u00bb.<\/p>\n\n\n\n<p>Autodefinida como una \u00abartesana de canciones\u00bb, en Valentina la creaci\u00f3n es sobre todo trabajo y conexi\u00f3n popular, y no un podio desde el cual buscar figuraci\u00f3n. Persistente autogestora, su labor en la composici\u00f3n, grabaciones e interpretaci\u00f3n en vivo es, dice, parte de un oficio que en su entorno la acerca a la cotidianeidad de quienes laboran en los muelles o el comercio.&nbsp; Es un espacio inusual que enlaza inspiraci\u00f3n y tradici\u00f3n, respeto y orgullo. <em>\u00abYo decidir\u00e9 si caer o volar\u00bb<\/em>, es uno de los versos de \u00abMejor\u00bb. Al fin, sus decisiones creativas sugieren en s\u00ed mismas una identidad inspiradora.&nbsp;<\/p>\n\n\n\n<p>Texto por Marisol Garc\u00eda.<\/p>\n","protected":false},"excerpt":{"rendered":"<p>Autor\u00eda distintiva, delicadeza y autoafirmaci\u00f3n se funden en \u00abMejor\u00bb, una canci\u00f3n que habla sobre superar relaciones desafiantes y aspirar a un vuelo personal crecedor. El o\u00eddo se sorprende con c\u00f3mo la voz de su compositora, Valentina Peralta, va aliada de una sugerente interpretaci\u00f3n al piano, capaz de marcar los \u00e9nfasis de su mensaje y, a [&hellip;]<\/p>\n","protected":false},"author":1,"featured_media":15694,"comment_status":"open","ping_status":"closed","sticky":false,"template":"","format":"standard","meta":{"_acf_changed":false,"footnotes":""},"categories":[1],"tags":[],"class_list":["post-15693","post","type-post","status-publish","format-standard","has-post-thumbnail","hentry","category-uncategorized"],"acf":[],"yoast_head":"<!-- This site is optimized with the Yoast SEO plugin v27.1.1 - https:\/\/yoast.com\/product\/yoast-seo-wordpress\/ -->\n<title>Valentina Peralta estrena nuevo sencillo - Valpara\u00ed\u00adso Creativo<\/title>\n<meta name=\"robots\" content=\"index, follow, max-snippet:-1, max-image-preview:large, max-video-preview:-1\" \/>\n<link rel=\"canonical\" href=\"https:\/\/dev.antudigital.cl\/sites\/vc\/valentina-peralta-estrena-nuevo-sencillo\/\" \/>\n<meta property=\"og:locale\" content=\"es_ES\" \/>\n<meta property=\"og:type\" content=\"article\" \/>\n<meta property=\"og:title\" content=\"Valentina Peralta estrena nuevo sencillo - Valpara\u00ed\u00adso Creativo\" \/>\n<meta property=\"og:description\" content=\"Autor\u00eda distintiva, delicadeza y autoafirmaci\u00f3n se funden en \u00abMejor\u00bb, una canci\u00f3n que habla sobre superar relaciones desafiantes y aspirar a un vuelo personal crecedor. El o\u00eddo se sorprende con c\u00f3mo la voz de su compositora, Valentina Peralta, va aliada de una sugerente interpretaci\u00f3n al piano, capaz de marcar los \u00e9nfasis de su mensaje y, a [&hellip;]\" \/>\n<meta property=\"og:url\" content=\"https:\/\/dev.antudigital.cl\/sites\/vc\/valentina-peralta-estrena-nuevo-sencillo\/\" \/>\n<meta property=\"og:site_name\" content=\"Valpara\u00ed\u00adso Creativo\" \/>\n<meta property=\"article:published_time\" content=\"2023-06-13T00:43:38+00:00\" \/>\n<meta property=\"article:modified_time\" content=\"2023-06-13T00:43:44+00:00\" \/>\n<meta property=\"og:image\" content=\"https:\/\/dev.antudigital.cl\/sites\/vc\/wp-content\/uploads\/2023\/06\/VALENTINA-P_MEJOR-2400X2400.jpg\" \/>\n\t<meta property=\"og:image:width\" content=\"2400\" \/>\n\t<meta property=\"og:image:height\" content=\"2400\" \/>\n\t<meta property=\"og:image:type\" content=\"image\/jpeg\" \/>\n<meta name=\"author\" content=\"Valpara\u00edso Creativo\" \/>\n<meta name=\"twitter:card\" content=\"summary_large_image\" \/>\n<meta name=\"twitter:label1\" content=\"Escrito por\" \/>\n\t<meta name=\"twitter:data1\" content=\"Valpara\u00edso Creativo\" \/>\n\t<meta name=\"twitter:label2\" content=\"Tiempo de lectura\" \/>\n\t<meta name=\"twitter:data2\" content=\"2 minutos\" \/>\n<script type=\"application\/ld+json\" class=\"yoast-schema-graph\">{\"@context\":\"https:\/\/schema.org\",\"@graph\":[{\"@type\":\"Article\",\"@id\":\"https:\/\/dev.antudigital.cl\/sites\/vc\/valentina-peralta-estrena-nuevo-sencillo\/#article\",\"isPartOf\":{\"@id\":\"https:\/\/dev.antudigital.cl\/sites\/vc\/valentina-peralta-estrena-nuevo-sencillo\/\"},\"author\":{\"name\":\"Valpara\u00edso Creativo\",\"@id\":\"https:\/\/dev.antudigital.cl\/sites\/vc\/#\/schema\/person\/c2b9da8dd545e27166fc5ab232837318\"},\"headline\":\"Valentina Peralta estrena nuevo sencillo\",\"datePublished\":\"2023-06-13T00:43:38+00:00\",\"dateModified\":\"2023-06-13T00:43:44+00:00\",\"mainEntityOfPage\":{\"@id\":\"https:\/\/dev.antudigital.cl\/sites\/vc\/valentina-peralta-estrena-nuevo-sencillo\/\"},\"wordCount\":351,\"commentCount\":0,\"image\":{\"@id\":\"https:\/\/dev.antudigital.cl\/sites\/vc\/valentina-peralta-estrena-nuevo-sencillo\/#primaryimage\"},\"thumbnailUrl\":\"https:\/\/dev.antudigital.cl\/sites\/vc\/wp-content\/uploads\/2023\/06\/VALENTINA-P_MEJOR-2400X2400.jpg\",\"articleSection\":[\"Uncategorized\"],\"inLanguage\":\"es\",\"potentialAction\":[{\"@type\":\"CommentAction\",\"name\":\"Comment\",\"target\":[\"https:\/\/dev.antudigital.cl\/sites\/vc\/valentina-peralta-estrena-nuevo-sencillo\/#respond\"]}]},{\"@type\":\"WebPage\",\"@id\":\"https:\/\/dev.antudigital.cl\/sites\/vc\/valentina-peralta-estrena-nuevo-sencillo\/\",\"url\":\"https:\/\/dev.antudigital.cl\/sites\/vc\/valentina-peralta-estrena-nuevo-sencillo\/\",\"name\":\"Valentina Peralta estrena nuevo sencillo - Valpara\u00ed\u00adso Creativo\",\"isPartOf\":{\"@id\":\"https:\/\/dev.antudigital.cl\/sites\/vc\/#website\"},\"primaryImageOfPage\":{\"@id\":\"https:\/\/dev.antudigital.cl\/sites\/vc\/valentina-peralta-estrena-nuevo-sencillo\/#primaryimage\"},\"image\":{\"@id\":\"https:\/\/dev.antudigital.cl\/sites\/vc\/valentina-peralta-estrena-nuevo-sencillo\/#primaryimage\"},\"thumbnailUrl\":\"https:\/\/dev.antudigital.cl\/sites\/vc\/wp-content\/uploads\/2023\/06\/VALENTINA-P_MEJOR-2400X2400.jpg\",\"datePublished\":\"2023-06-13T00:43:38+00:00\",\"dateModified\":\"2023-06-13T00:43:44+00:00\",\"author\":{\"@id\":\"https:\/\/dev.antudigital.cl\/sites\/vc\/#\/schema\/person\/c2b9da8dd545e27166fc5ab232837318\"},\"breadcrumb\":{\"@id\":\"https:\/\/dev.antudigital.cl\/sites\/vc\/valentina-peralta-estrena-nuevo-sencillo\/#breadcrumb\"},\"inLanguage\":\"es\",\"potentialAction\":[{\"@type\":\"ReadAction\",\"target\":[\"https:\/\/dev.antudigital.cl\/sites\/vc\/valentina-peralta-estrena-nuevo-sencillo\/\"]}]},{\"@type\":\"ImageObject\",\"inLanguage\":\"es\",\"@id\":\"https:\/\/dev.antudigital.cl\/sites\/vc\/valentina-peralta-estrena-nuevo-sencillo\/#primaryimage\",\"url\":\"https:\/\/dev.antudigital.cl\/sites\/vc\/wp-content\/uploads\/2023\/06\/VALENTINA-P_MEJOR-2400X2400.jpg\",\"contentUrl\":\"https:\/\/dev.antudigital.cl\/sites\/vc\/wp-content\/uploads\/2023\/06\/VALENTINA-P_MEJOR-2400X2400.jpg\",\"width\":2400,\"height\":2400},{\"@type\":\"BreadcrumbList\",\"@id\":\"https:\/\/dev.antudigital.cl\/sites\/vc\/valentina-peralta-estrena-nuevo-sencillo\/#breadcrumb\",\"itemListElement\":[{\"@type\":\"ListItem\",\"position\":1,\"name\":\"Home\",\"item\":\"https:\/\/dev.antudigital.cl\/sites\/vc\/\"},{\"@type\":\"ListItem\",\"position\":2,\"name\":\"Valentina Peralta estrena nuevo sencillo\"}]},{\"@type\":\"WebSite\",\"@id\":\"https:\/\/dev.antudigital.cl\/sites\/vc\/#website\",\"url\":\"https:\/\/dev.antudigital.cl\/sites\/vc\/\",\"name\":\"Valpara\u00ed\u00adso Creativo\",\"description\":\"\",\"potentialAction\":[{\"@type\":\"SearchAction\",\"target\":{\"@type\":\"EntryPoint\",\"urlTemplate\":\"https:\/\/dev.antudigital.cl\/sites\/vc\/?s={search_term_string}\"},\"query-input\":{\"@type\":\"PropertyValueSpecification\",\"valueRequired\":true,\"valueName\":\"search_term_string\"}}],\"inLanguage\":\"es\"},{\"@type\":\"Person\",\"@id\":\"https:\/\/dev.antudigital.cl\/sites\/vc\/#\/schema\/person\/c2b9da8dd545e27166fc5ab232837318\",\"name\":\"Valpara\u00edso Creativo\",\"description\":\"Periodista de cultura en la Regi\u00f3n de Valpara\u00edso.\",\"url\":\"https:\/\/dev.antudigital.cl\/sites\/vc\/author\/valpoadmin\/\"}]}<\/script>\n<!-- \/ Yoast SEO plugin. -->","yoast_head_json":{"title":"Valentina Peralta estrena nuevo sencillo - Valpara\u00ed\u00adso Creativo","robots":{"index":"index","follow":"follow","max-snippet":"max-snippet:-1","max-image-preview":"max-image-preview:large","max-video-preview":"max-video-preview:-1"},"canonical":"https:\/\/dev.antudigital.cl\/sites\/vc\/valentina-peralta-estrena-nuevo-sencillo\/","og_locale":"es_ES","og_type":"article","og_title":"Valentina Peralta estrena nuevo sencillo - Valpara\u00ed\u00adso Creativo","og_description":"Autor\u00eda distintiva, delicadeza y autoafirmaci\u00f3n se funden en \u00abMejor\u00bb, una canci\u00f3n que habla sobre superar relaciones desafiantes y aspirar a un vuelo personal crecedor. El o\u00eddo se sorprende con c\u00f3mo la voz de su compositora, Valentina Peralta, va aliada de una sugerente interpretaci\u00f3n al piano, capaz de marcar los \u00e9nfasis de su mensaje y, a [&hellip;]","og_url":"https:\/\/dev.antudigital.cl\/sites\/vc\/valentina-peralta-estrena-nuevo-sencillo\/","og_site_name":"Valpara\u00ed\u00adso Creativo","article_published_time":"2023-06-13T00:43:38+00:00","article_modified_time":"2023-06-13T00:43:44+00:00","og_image":[{"width":2400,"height":2400,"url":"https:\/\/dev.antudigital.cl\/sites\/vc\/wp-content\/uploads\/2023\/06\/VALENTINA-P_MEJOR-2400X2400.jpg","type":"image\/jpeg"}],"author":"Valpara\u00edso Creativo","twitter_card":"summary_large_image","twitter_misc":{"Escrito por":"Valpara\u00edso Creativo","Tiempo de lectura":"2 minutos"},"schema":{"@context":"https:\/\/schema.org","@graph":[{"@type":"Article","@id":"https:\/\/dev.antudigital.cl\/sites\/vc\/valentina-peralta-estrena-nuevo-sencillo\/#article","isPartOf":{"@id":"https:\/\/dev.antudigital.cl\/sites\/vc\/valentina-peralta-estrena-nuevo-sencillo\/"},"author":{"name":"Valpara\u00edso Creativo","@id":"https:\/\/dev.antudigital.cl\/sites\/vc\/#\/schema\/person\/c2b9da8dd545e27166fc5ab232837318"},"headline":"Valentina Peralta estrena nuevo sencillo","datePublished":"2023-06-13T00:43:38+00:00","dateModified":"2023-06-13T00:43:44+00:00","mainEntityOfPage":{"@id":"https:\/\/dev.antudigital.cl\/sites\/vc\/valentina-peralta-estrena-nuevo-sencillo\/"},"wordCount":351,"commentCount":0,"image":{"@id":"https:\/\/dev.antudigital.cl\/sites\/vc\/valentina-peralta-estrena-nuevo-sencillo\/#primaryimage"},"thumbnailUrl":"https:\/\/dev.antudigital.cl\/sites\/vc\/wp-content\/uploads\/2023\/06\/VALENTINA-P_MEJOR-2400X2400.jpg","articleSection":["Uncategorized"],"inLanguage":"es","potentialAction":[{"@type":"CommentAction","name":"Comment","target":["https:\/\/dev.antudigital.cl\/sites\/vc\/valentina-peralta-estrena-nuevo-sencillo\/#respond"]}]},{"@type":"WebPage","@id":"https:\/\/dev.antudigital.cl\/sites\/vc\/valentina-peralta-estrena-nuevo-sencillo\/","url":"https:\/\/dev.antudigital.cl\/sites\/vc\/valentina-peralta-estrena-nuevo-sencillo\/","name":"Valentina Peralta estrena nuevo sencillo - Valpara\u00ed\u00adso Creativo","isPartOf":{"@id":"https:\/\/dev.antudigital.cl\/sites\/vc\/#website"},"primaryImageOfPage":{"@id":"https:\/\/dev.antudigital.cl\/sites\/vc\/valentina-peralta-estrena-nuevo-sencillo\/#primaryimage"},"image":{"@id":"https:\/\/dev.antudigital.cl\/sites\/vc\/valentina-peralta-estrena-nuevo-sencillo\/#primaryimage"},"thumbnailUrl":"https:\/\/dev.antudigital.cl\/sites\/vc\/wp-content\/uploads\/2023\/06\/VALENTINA-P_MEJOR-2400X2400.jpg","datePublished":"2023-06-13T00:43:38+00:00","dateModified":"2023-06-13T00:43:44+00:00","author":{"@id":"https:\/\/dev.antudigital.cl\/sites\/vc\/#\/schema\/person\/c2b9da8dd545e27166fc5ab232837318"},"breadcrumb":{"@id":"https:\/\/dev.antudigital.cl\/sites\/vc\/valentina-peralta-estrena-nuevo-sencillo\/#breadcrumb"},"inLanguage":"es","potentialAction":[{"@type":"ReadAction","target":["https:\/\/dev.antudigital.cl\/sites\/vc\/valentina-peralta-estrena-nuevo-sencillo\/"]}]},{"@type":"ImageObject","inLanguage":"es","@id":"https:\/\/dev.antudigital.cl\/sites\/vc\/valentina-peralta-estrena-nuevo-sencillo\/#primaryimage","url":"https:\/\/dev.antudigital.cl\/sites\/vc\/wp-content\/uploads\/2023\/06\/VALENTINA-P_MEJOR-2400X2400.jpg","contentUrl":"https:\/\/dev.antudigital.cl\/sites\/vc\/wp-content\/uploads\/2023\/06\/VALENTINA-P_MEJOR-2400X2400.jpg","width":2400,"height":2400},{"@type":"BreadcrumbList","@id":"https:\/\/dev.antudigital.cl\/sites\/vc\/valentina-peralta-estrena-nuevo-sencillo\/#breadcrumb","itemListElement":[{"@type":"ListItem","position":1,"name":"Home","item":"https:\/\/dev.antudigital.cl\/sites\/vc\/"},{"@type":"ListItem","position":2,"name":"Valentina Peralta estrena nuevo sencillo"}]},{"@type":"WebSite","@id":"https:\/\/dev.antudigital.cl\/sites\/vc\/#website","url":"https:\/\/dev.antudigital.cl\/sites\/vc\/","name":"Valpara\u00ed\u00adso Creativo","description":"","potentialAction":[{"@type":"SearchAction","target":{"@type":"EntryPoint","urlTemplate":"https:\/\/dev.antudigital.cl\/sites\/vc\/?s={search_term_string}"},"query-input":{"@type":"PropertyValueSpecification","valueRequired":true,"valueName":"search_term_string"}}],"inLanguage":"es"},{"@type":"Person","@id":"https:\/\/dev.antudigital.cl\/sites\/vc\/#\/schema\/person\/c2b9da8dd545e27166fc5ab232837318","name":"Valpara\u00edso Creativo","description":"Periodista de cultura en la Regi\u00f3n de Valpara\u00edso.","url":"https:\/\/dev.antudigital.cl\/sites\/vc\/author\/valpoadmin\/"}]}},"_links":{"self":[{"href":"https:\/\/dev.antudigital.cl\/sites\/vc\/wp-json\/wp\/v2\/posts\/15693","targetHints":{"allow":["GET"]}}],"collection":[{"href":"https:\/\/dev.antudigital.cl\/sites\/vc\/wp-json\/wp\/v2\/posts"}],"about":[{"href":"https:\/\/dev.antudigital.cl\/sites\/vc\/wp-json\/wp\/v2\/types\/post"}],"author":[{"embeddable":true,"href":"https:\/\/dev.antudigital.cl\/sites\/vc\/wp-json\/wp\/v2\/users\/1"}],"replies":[{"embeddable":true,"href":"https:\/\/dev.antudigital.cl\/sites\/vc\/wp-json\/wp\/v2\/comments?post=15693"}],"version-history":[{"count":1,"href":"https:\/\/dev.antudigital.cl\/sites\/vc\/wp-json\/wp\/v2\/posts\/15693\/revisions"}],"predecessor-version":[{"id":15695,"href":"https:\/\/dev.antudigital.cl\/sites\/vc\/wp-json\/wp\/v2\/posts\/15693\/revisions\/15695"}],"wp:featuredmedia":[{"embeddable":true,"href":"https:\/\/dev.antudigital.cl\/sites\/vc\/wp-json\/wp\/v2\/media\/15694"}],"wp:attachment":[{"href":"https:\/\/dev.antudigital.cl\/sites\/vc\/wp-json\/wp\/v2\/media?parent=15693"}],"wp:term":[{"taxonomy":"category","embeddable":true,"href":"https:\/\/dev.antudigital.cl\/sites\/vc\/wp-json\/wp\/v2\/categories?post=15693"},{"taxonomy":"post_tag","embeddable":true,"href":"https:\/\/dev.antudigital.cl\/sites\/vc\/wp-json\/wp\/v2\/tags?post=15693"}],"curies":[{"name":"wp","href":"https:\/\/api.w.org\/{rel}","templated":true}]}}