{"id":15696,"date":"2023-06-13T00:57:55","date_gmt":"2023-06-13T00:57:55","guid":{"rendered":"https:\/\/www.valparaisocreativo.cl\/?p=15696"},"modified":"2023-06-13T00:58:01","modified_gmt":"2023-06-13T00:58:01","slug":"friolento-llega-a-valparaiso","status":"publish","type":"post","link":"https:\/\/dev.antudigital.cl\/sites\/vc\/friolento-llega-a-valparaiso\/","title":{"rendered":"FrioLento llega a Valpara\u00edso"},"content":{"rendered":"\n<p>La banda penquista llega a Valpara\u00edso, despu\u00e9s de dar el salto a nivel global con Perreo Post-Punk. Su versi\u00f3n de \u201cBichota\u201d se convirti\u00f3 en un hit viral que los ha llevado a presentarse en Per\u00fa, M\u00e9xico, Espa\u00f1a y Argentina s\u00f3lo en los \u00faltimos 12 meses.<\/p>\n\n\n\n<p>En 2023 ya presentaron \u201cBlin Blin\u201d, el primer single de su nuevo disco y est\u00e1n proyectando su efervescente carrera m\u00e1s all\u00e1 del hype. Ya en el primer semestre anotaron presencias en los festivales Lollapalooza Chile y Argentina, Ceremonia (MEX) y BBK (Espa\u00f1a).<\/p>\n\n\n\n<p>Ahora UVAS Producciones los trae a<a href=\"https:\/\/www.instagram.com\/espacio_prat\/\"> Espacio Prat<\/a><\/p>\n\n\n\n<p>&#x1f449; Domingo 25 junio 18:00 hrs.<br>Prat 659 Valpara\u00edso<br>Entradas v\u00eda passline.com<\/p>\n\n\n\n<p>Puedes comprarlas en el siguiente link:<a href=\"https:\/\/www.passline.com\/eventos\/friolento-en-valparaiso\"> https:\/\/www.passline.com\/eventos\/friolento-en-valparaiso <\/a><br>Y sin recargo al whatsapp +56991597907<\/p>\n\n\n\n<p><a href=\"https:\/\/www.instagram.com\/friolentomusica\/\">@friolentomusica<\/a><br><a href=\"https:\/\/www.instagram.com\/uvasproducciones\/\">@uvasproducciones<\/a><br><a href=\"https:\/\/www.instagram.com\/mojobookingcl\/\">@mojobookingcl<\/a><br><a href=\"https:\/\/www.instagram.com\/valpoalegrediseno\/\">@valpoalegrediseno<\/a><br><a href=\"https:\/\/www.instagram.com\/vlpoinfo\/\">@vlpoinfo<\/a><br><a href=\"https:\/\/www.instagram.com\/radiorara_\/\">@radiorara_<\/a><br><a href=\"https:\/\/www.instagram.com\/espacio_prat\/\">@espacio_prat<\/a><\/p>\n\n\n\n<figure class=\"wp-block-image size-full\"><img fetchpriority=\"high\" decoding=\"async\" width=\"668\" height=\"669\" src=\"https:\/\/www.valparaisocreativo.cl\/wp-content\/uploads\/2023\/06\/Captura-de-Pantalla-2023-06-12-a-las-19.56.27.png\" alt=\"\" class=\"wp-image-15697\" srcset=\"https:\/\/dev.antudigital.cl\/sites\/vc\/wp-content\/uploads\/2023\/06\/Captura-de-Pantalla-2023-06-12-a-las-19.56.27.png 668w, https:\/\/dev.antudigital.cl\/sites\/vc\/wp-content\/uploads\/2023\/06\/Captura-de-Pantalla-2023-06-12-a-las-19.56.27-300x300.png 300w, https:\/\/dev.antudigital.cl\/sites\/vc\/wp-content\/uploads\/2023\/06\/Captura-de-Pantalla-2023-06-12-a-las-19.56.27-150x150.png 150w, https:\/\/dev.antudigital.cl\/sites\/vc\/wp-content\/uploads\/2023\/06\/Captura-de-Pantalla-2023-06-12-a-las-19.56.27-480x481.png 480w, https:\/\/dev.antudigital.cl\/sites\/vc\/wp-content\/uploads\/2023\/06\/Captura-de-Pantalla-2023-06-12-a-las-19.56.27-24x24.png 24w, https:\/\/dev.antudigital.cl\/sites\/vc\/wp-content\/uploads\/2023\/06\/Captura-de-Pantalla-2023-06-12-a-las-19.56.27-36x36.png 36w, https:\/\/dev.antudigital.cl\/sites\/vc\/wp-content\/uploads\/2023\/06\/Captura-de-Pantalla-2023-06-12-a-las-19.56.27-48x48.png 48w\" sizes=\"(max-width: 668px) 100vw, 668px\" \/><\/figure>\n","protected":false},"excerpt":{"rendered":"<p>La banda penquista llega a Valpara\u00edso, despu\u00e9s de dar el salto a nivel global con Perreo Post-Punk. Su versi\u00f3n de \u201cBichota\u201d se convirti\u00f3 en un hit viral que los ha llevado a presentarse en Per\u00fa, M\u00e9xico, Espa\u00f1a y Argentina s\u00f3lo en los \u00faltimos 12 meses. En 2023 ya presentaron \u201cBlin Blin\u201d, el primer single de [&hellip;]<\/p>\n","protected":false},"author":1,"featured_media":15698,"comment_status":"open","ping_status":"closed","sticky":false,"template":"","format":"standard","meta":{"_acf_changed":false,"footnotes":""},"categories":[1],"tags":[],"class_list":["post-15696","post","type-post","status-publish","format-standard","has-post-thumbnail","hentry","category-uncategorized"],"acf":[],"yoast_head":"<!-- This site is optimized with the Yoast SEO plugin v27.1.1 - https:\/\/yoast.com\/product\/yoast-seo-wordpress\/ -->\n<title>FrioLento llega a Valpara\u00edso - Valpara\u00ed\u00adso Creativo<\/title>\n<meta name=\"robots\" content=\"index, follow, max-snippet:-1, max-image-preview:large, max-video-preview:-1\" \/>\n<link rel=\"canonical\" href=\"https:\/\/dev.antudigital.cl\/sites\/vc\/friolento-llega-a-valparaiso\/\" \/>\n<meta property=\"og:locale\" content=\"es_ES\" \/>\n<meta property=\"og:type\" content=\"article\" \/>\n<meta property=\"og:title\" content=\"FrioLento llega a Valpara\u00edso - Valpara\u00ed\u00adso Creativo\" \/>\n<meta property=\"og:description\" content=\"La banda penquista llega a Valpara\u00edso, despu\u00e9s de dar el salto a nivel global con Perreo Post-Punk. Su versi\u00f3n de \u201cBichota\u201d se convirti\u00f3 en un hit viral que los ha llevado a presentarse en Per\u00fa, M\u00e9xico, Espa\u00f1a y Argentina s\u00f3lo en los \u00faltimos 12 meses. En 2023 ya presentaron \u201cBlin Blin\u201d, el primer single de [&hellip;]\" \/>\n<meta property=\"og:url\" content=\"https:\/\/dev.antudigital.cl\/sites\/vc\/friolento-llega-a-valparaiso\/\" \/>\n<meta property=\"og:site_name\" content=\"Valpara\u00ed\u00adso Creativo\" \/>\n<meta property=\"article:published_time\" content=\"2023-06-13T00:57:55+00:00\" \/>\n<meta property=\"article:modified_time\" content=\"2023-06-13T00:58:01+00:00\" \/>\n<meta property=\"og:image\" content=\"https:\/\/dev.antudigital.cl\/sites\/vc\/wp-content\/uploads\/2023\/06\/friolento.jpeg\" \/>\n\t<meta property=\"og:image:width\" content=\"1200\" \/>\n\t<meta property=\"og:image:height\" content=\"675\" \/>\n\t<meta property=\"og:image:type\" content=\"image\/jpeg\" \/>\n<meta name=\"author\" content=\"Valpara\u00edso Creativo\" \/>\n<meta name=\"twitter:card\" content=\"summary_large_image\" \/>\n<meta name=\"twitter:label1\" content=\"Escrito por\" \/>\n\t<meta name=\"twitter:data1\" content=\"Valpara\u00edso Creativo\" \/>\n\t<meta name=\"twitter:label2\" content=\"Tiempo de lectura\" \/>\n\t<meta name=\"twitter:data2\" content=\"1 minuto\" \/>\n<script type=\"application\/ld+json\" class=\"yoast-schema-graph\">{\"@context\":\"https:\/\/schema.org\",\"@graph\":[{\"@type\":\"Article\",\"@id\":\"https:\/\/dev.antudigital.cl\/sites\/vc\/friolento-llega-a-valparaiso\/#article\",\"isPartOf\":{\"@id\":\"https:\/\/dev.antudigital.cl\/sites\/vc\/friolento-llega-a-valparaiso\/\"},\"author\":{\"name\":\"Valpara\u00edso Creativo\",\"@id\":\"https:\/\/dev.antudigital.cl\/sites\/vc\/#\/schema\/person\/c2b9da8dd545e27166fc5ab232837318\"},\"headline\":\"FrioLento llega a Valpara\u00edso\",\"datePublished\":\"2023-06-13T00:57:55+00:00\",\"dateModified\":\"2023-06-13T00:58:01+00:00\",\"mainEntityOfPage\":{\"@id\":\"https:\/\/dev.antudigital.cl\/sites\/vc\/friolento-llega-a-valparaiso\/\"},\"wordCount\":144,\"commentCount\":0,\"image\":{\"@id\":\"https:\/\/dev.antudigital.cl\/sites\/vc\/friolento-llega-a-valparaiso\/#primaryimage\"},\"thumbnailUrl\":\"https:\/\/dev.antudigital.cl\/sites\/vc\/wp-content\/uploads\/2023\/06\/friolento.jpeg\",\"articleSection\":[\"Uncategorized\"],\"inLanguage\":\"es\",\"potentialAction\":[{\"@type\":\"CommentAction\",\"name\":\"Comment\",\"target\":[\"https:\/\/dev.antudigital.cl\/sites\/vc\/friolento-llega-a-valparaiso\/#respond\"]}]},{\"@type\":\"WebPage\",\"@id\":\"https:\/\/dev.antudigital.cl\/sites\/vc\/friolento-llega-a-valparaiso\/\",\"url\":\"https:\/\/dev.antudigital.cl\/sites\/vc\/friolento-llega-a-valparaiso\/\",\"name\":\"FrioLento llega a Valpara\u00edso - Valpara\u00ed\u00adso Creativo\",\"isPartOf\":{\"@id\":\"https:\/\/dev.antudigital.cl\/sites\/vc\/#website\"},\"primaryImageOfPage\":{\"@id\":\"https:\/\/dev.antudigital.cl\/sites\/vc\/friolento-llega-a-valparaiso\/#primaryimage\"},\"image\":{\"@id\":\"https:\/\/dev.antudigital.cl\/sites\/vc\/friolento-llega-a-valparaiso\/#primaryimage\"},\"thumbnailUrl\":\"https:\/\/dev.antudigital.cl\/sites\/vc\/wp-content\/uploads\/2023\/06\/friolento.jpeg\",\"datePublished\":\"2023-06-13T00:57:55+00:00\",\"dateModified\":\"2023-06-13T00:58:01+00:00\",\"author\":{\"@id\":\"https:\/\/dev.antudigital.cl\/sites\/vc\/#\/schema\/person\/c2b9da8dd545e27166fc5ab232837318\"},\"breadcrumb\":{\"@id\":\"https:\/\/dev.antudigital.cl\/sites\/vc\/friolento-llega-a-valparaiso\/#breadcrumb\"},\"inLanguage\":\"es\",\"potentialAction\":[{\"@type\":\"ReadAction\",\"target\":[\"https:\/\/dev.antudigital.cl\/sites\/vc\/friolento-llega-a-valparaiso\/\"]}]},{\"@type\":\"ImageObject\",\"inLanguage\":\"es\",\"@id\":\"https:\/\/dev.antudigital.cl\/sites\/vc\/friolento-llega-a-valparaiso\/#primaryimage\",\"url\":\"https:\/\/dev.antudigital.cl\/sites\/vc\/wp-content\/uploads\/2023\/06\/friolento.jpeg\",\"contentUrl\":\"https:\/\/dev.antudigital.cl\/sites\/vc\/wp-content\/uploads\/2023\/06\/friolento.jpeg\",\"width\":1200,\"height\":675},{\"@type\":\"BreadcrumbList\",\"@id\":\"https:\/\/dev.antudigital.cl\/sites\/vc\/friolento-llega-a-valparaiso\/#breadcrumb\",\"itemListElement\":[{\"@type\":\"ListItem\",\"position\":1,\"name\":\"Home\",\"item\":\"https:\/\/dev.antudigital.cl\/sites\/vc\/\"},{\"@type\":\"ListItem\",\"position\":2,\"name\":\"FrioLento llega a Valpara\u00edso\"}]},{\"@type\":\"WebSite\",\"@id\":\"https:\/\/dev.antudigital.cl\/sites\/vc\/#website\",\"url\":\"https:\/\/dev.antudigital.cl\/sites\/vc\/\",\"name\":\"Valpara\u00ed\u00adso Creativo\",\"description\":\"\",\"potentialAction\":[{\"@type\":\"SearchAction\",\"target\":{\"@type\":\"EntryPoint\",\"urlTemplate\":\"https:\/\/dev.antudigital.cl\/sites\/vc\/?s={search_term_string}\"},\"query-input\":{\"@type\":\"PropertyValueSpecification\",\"valueRequired\":true,\"valueName\":\"search_term_string\"}}],\"inLanguage\":\"es\"},{\"@type\":\"Person\",\"@id\":\"https:\/\/dev.antudigital.cl\/sites\/vc\/#\/schema\/person\/c2b9da8dd545e27166fc5ab232837318\",\"name\":\"Valpara\u00edso Creativo\",\"description\":\"Periodista de cultura en la Regi\u00f3n de Valpara\u00edso.\",\"url\":\"https:\/\/dev.antudigital.cl\/sites\/vc\/author\/valpoadmin\/\"}]}<\/script>\n<!-- \/ Yoast SEO plugin. -->","yoast_head_json":{"title":"FrioLento llega a Valpara\u00edso - Valpara\u00ed\u00adso Creativo","robots":{"index":"index","follow":"follow","max-snippet":"max-snippet:-1","max-image-preview":"max-image-preview:large","max-video-preview":"max-video-preview:-1"},"canonical":"https:\/\/dev.antudigital.cl\/sites\/vc\/friolento-llega-a-valparaiso\/","og_locale":"es_ES","og_type":"article","og_title":"FrioLento llega a Valpara\u00edso - Valpara\u00ed\u00adso Creativo","og_description":"La banda penquista llega a Valpara\u00edso, despu\u00e9s de dar el salto a nivel global con Perreo Post-Punk. Su versi\u00f3n de \u201cBichota\u201d se convirti\u00f3 en un hit viral que los ha llevado a presentarse en Per\u00fa, M\u00e9xico, Espa\u00f1a y Argentina s\u00f3lo en los \u00faltimos 12 meses. En 2023 ya presentaron \u201cBlin Blin\u201d, el primer single de [&hellip;]","og_url":"https:\/\/dev.antudigital.cl\/sites\/vc\/friolento-llega-a-valparaiso\/","og_site_name":"Valpara\u00ed\u00adso Creativo","article_published_time":"2023-06-13T00:57:55+00:00","article_modified_time":"2023-06-13T00:58:01+00:00","og_image":[{"width":1200,"height":675,"url":"https:\/\/dev.antudigital.cl\/sites\/vc\/wp-content\/uploads\/2023\/06\/friolento.jpeg","type":"image\/jpeg"}],"author":"Valpara\u00edso Creativo","twitter_card":"summary_large_image","twitter_misc":{"Escrito por":"Valpara\u00edso Creativo","Tiempo de lectura":"1 minuto"},"schema":{"@context":"https:\/\/schema.org","@graph":[{"@type":"Article","@id":"https:\/\/dev.antudigital.cl\/sites\/vc\/friolento-llega-a-valparaiso\/#article","isPartOf":{"@id":"https:\/\/dev.antudigital.cl\/sites\/vc\/friolento-llega-a-valparaiso\/"},"author":{"name":"Valpara\u00edso Creativo","@id":"https:\/\/dev.antudigital.cl\/sites\/vc\/#\/schema\/person\/c2b9da8dd545e27166fc5ab232837318"},"headline":"FrioLento llega a Valpara\u00edso","datePublished":"2023-06-13T00:57:55+00:00","dateModified":"2023-06-13T00:58:01+00:00","mainEntityOfPage":{"@id":"https:\/\/dev.antudigital.cl\/sites\/vc\/friolento-llega-a-valparaiso\/"},"wordCount":144,"commentCount":0,"image":{"@id":"https:\/\/dev.antudigital.cl\/sites\/vc\/friolento-llega-a-valparaiso\/#primaryimage"},"thumbnailUrl":"https:\/\/dev.antudigital.cl\/sites\/vc\/wp-content\/uploads\/2023\/06\/friolento.jpeg","articleSection":["Uncategorized"],"inLanguage":"es","potentialAction":[{"@type":"CommentAction","name":"Comment","target":["https:\/\/dev.antudigital.cl\/sites\/vc\/friolento-llega-a-valparaiso\/#respond"]}]},{"@type":"WebPage","@id":"https:\/\/dev.antudigital.cl\/sites\/vc\/friolento-llega-a-valparaiso\/","url":"https:\/\/dev.antudigital.cl\/sites\/vc\/friolento-llega-a-valparaiso\/","name":"FrioLento llega a Valpara\u00edso - Valpara\u00ed\u00adso Creativo","isPartOf":{"@id":"https:\/\/dev.antudigital.cl\/sites\/vc\/#website"},"primaryImageOfPage":{"@id":"https:\/\/dev.antudigital.cl\/sites\/vc\/friolento-llega-a-valparaiso\/#primaryimage"},"image":{"@id":"https:\/\/dev.antudigital.cl\/sites\/vc\/friolento-llega-a-valparaiso\/#primaryimage"},"thumbnailUrl":"https:\/\/dev.antudigital.cl\/sites\/vc\/wp-content\/uploads\/2023\/06\/friolento.jpeg","datePublished":"2023-06-13T00:57:55+00:00","dateModified":"2023-06-13T00:58:01+00:00","author":{"@id":"https:\/\/dev.antudigital.cl\/sites\/vc\/#\/schema\/person\/c2b9da8dd545e27166fc5ab232837318"},"breadcrumb":{"@id":"https:\/\/dev.antudigital.cl\/sites\/vc\/friolento-llega-a-valparaiso\/#breadcrumb"},"inLanguage":"es","potentialAction":[{"@type":"ReadAction","target":["https:\/\/dev.antudigital.cl\/sites\/vc\/friolento-llega-a-valparaiso\/"]}]},{"@type":"ImageObject","inLanguage":"es","@id":"https:\/\/dev.antudigital.cl\/sites\/vc\/friolento-llega-a-valparaiso\/#primaryimage","url":"https:\/\/dev.antudigital.cl\/sites\/vc\/wp-content\/uploads\/2023\/06\/friolento.jpeg","contentUrl":"https:\/\/dev.antudigital.cl\/sites\/vc\/wp-content\/uploads\/2023\/06\/friolento.jpeg","width":1200,"height":675},{"@type":"BreadcrumbList","@id":"https:\/\/dev.antudigital.cl\/sites\/vc\/friolento-llega-a-valparaiso\/#breadcrumb","itemListElement":[{"@type":"ListItem","position":1,"name":"Home","item":"https:\/\/dev.antudigital.cl\/sites\/vc\/"},{"@type":"ListItem","position":2,"name":"FrioLento llega a Valpara\u00edso"}]},{"@type":"WebSite","@id":"https:\/\/dev.antudigital.cl\/sites\/vc\/#website","url":"https:\/\/dev.antudigital.cl\/sites\/vc\/","name":"Valpara\u00ed\u00adso Creativo","description":"","potentialAction":[{"@type":"SearchAction","target":{"@type":"EntryPoint","urlTemplate":"https:\/\/dev.antudigital.cl\/sites\/vc\/?s={search_term_string}"},"query-input":{"@type":"PropertyValueSpecification","valueRequired":true,"valueName":"search_term_string"}}],"inLanguage":"es"},{"@type":"Person","@id":"https:\/\/dev.antudigital.cl\/sites\/vc\/#\/schema\/person\/c2b9da8dd545e27166fc5ab232837318","name":"Valpara\u00edso Creativo","description":"Periodista de cultura en la Regi\u00f3n de Valpara\u00edso.","url":"https:\/\/dev.antudigital.cl\/sites\/vc\/author\/valpoadmin\/"}]}},"_links":{"self":[{"href":"https:\/\/dev.antudigital.cl\/sites\/vc\/wp-json\/wp\/v2\/posts\/15696","targetHints":{"allow":["GET"]}}],"collection":[{"href":"https:\/\/dev.antudigital.cl\/sites\/vc\/wp-json\/wp\/v2\/posts"}],"about":[{"href":"https:\/\/dev.antudigital.cl\/sites\/vc\/wp-json\/wp\/v2\/types\/post"}],"author":[{"embeddable":true,"href":"https:\/\/dev.antudigital.cl\/sites\/vc\/wp-json\/wp\/v2\/users\/1"}],"replies":[{"embeddable":true,"href":"https:\/\/dev.antudigital.cl\/sites\/vc\/wp-json\/wp\/v2\/comments?post=15696"}],"version-history":[{"count":1,"href":"https:\/\/dev.antudigital.cl\/sites\/vc\/wp-json\/wp\/v2\/posts\/15696\/revisions"}],"predecessor-version":[{"id":15699,"href":"https:\/\/dev.antudigital.cl\/sites\/vc\/wp-json\/wp\/v2\/posts\/15696\/revisions\/15699"}],"wp:featuredmedia":[{"embeddable":true,"href":"https:\/\/dev.antudigital.cl\/sites\/vc\/wp-json\/wp\/v2\/media\/15698"}],"wp:attachment":[{"href":"https:\/\/dev.antudigital.cl\/sites\/vc\/wp-json\/wp\/v2\/media?parent=15696"}],"wp:term":[{"taxonomy":"category","embeddable":true,"href":"https:\/\/dev.antudigital.cl\/sites\/vc\/wp-json\/wp\/v2\/categories?post=15696"},{"taxonomy":"post_tag","embeddable":true,"href":"https:\/\/dev.antudigital.cl\/sites\/vc\/wp-json\/wp\/v2\/tags?post=15696"}],"curies":[{"name":"wp","href":"https:\/\/api.w.org\/{rel}","templated":true}]}}