{"id":15700,"date":"2023-06-13T01:06:21","date_gmt":"2023-06-13T01:06:21","guid":{"rendered":"https:\/\/www.valparaisocreativo.cl\/?p=15700"},"modified":"2023-06-13T01:06:28","modified_gmt":"2023-06-13T01:06:28","slug":"red-de-salas-de-cine-celebra-en-junio-con-programacion-gratuita-a-nivel-nacional","status":"publish","type":"post","link":"https:\/\/dev.antudigital.cl\/sites\/vc\/red-de-salas-de-cine-celebra-en-junio-con-programacion-gratuita-a-nivel-nacional\/","title":{"rendered":"Red de Salas de Cine celebra en junio con programaci\u00f3n gratuita a nivel nacional"},"content":{"rendered":"\n<p>Con el prop\u00f3sito de reunir nuevamente a las personas en los cines locales, el\u00a0<strong>Mes de la Red de Salas de Cine<\/strong>\u00a0tendr\u00e1 su primera versi\u00f3n este 2023 durante todo junio. Ser\u00e1n 30 t\u00edtulos nacionales e internacionales con exhibiciones completamente gratuitas para el p\u00fablico los que circular\u00e1n en los espacios inscritos a la actividad de sur a norte, contemplando un total de 187 funciones distribuidas en 17 salas de cine del pa\u00eds.<\/p>\n\n\n\n<p>En la Regi\u00f3n de Valpara\u00edso se encuentran en el Centro Cultural de San Antonio y en Insomnia Teatro Condell.<\/p>\n\n\n\n<p>La celebraci\u00f3n se extender\u00e1 del 1 al 30 de junio para promover la importancia social y cultural de los espacios de exhibici\u00f3n a lo largo del pa\u00eds que, en el caso de la Red Salas de Cine (fundada en 2017), hoy abarca desde Arica a Coyhaique y re\u00fane a salas independientes, centros culturales y cines locales de variada l\u00ednea program\u00e1tica y perfiles de p\u00fablicos.<\/p>\n\n\n\n<p>Por eso, la cartelera contempla pel\u00edculas internacionales, producci\u00f3n nacional, cine familiar, no-ficci\u00f3n, animadas e incluso funciones con accesibilidad universal de t\u00edtulos chilenos de la \u00faltima d\u00e9cada.<\/p>\n\n\n\n<p>Se trata de un hito in\u00e9dito en el circuito nacional de salas de cine, posible gracias a un convenio para la reactivaci\u00f3n del sector financiado por el Ministerio de las Culturas, las Artes y el Patrimonio. Teresita Ugarte, coordinadora general de la asociaci\u00f3n gremial, se\u00f1al\u00f3 que \u201dser\u00e1 la primera vez que se conjugan estos elementos: una programaci\u00f3n diversa y adem\u00e1s gratuita, que recorre casi todas las regiones del pa\u00eds y a lo largo de todo un mes, dando la posibilidad de derribar varias barreras de acceso entre las personas y las salas de su propia comuna\u201d.<\/p>\n\n\n\n<p>Los espacios que componen la Red de Salas de Cine de Chile son el Centro Mb2 de Arica; Espacio Akana de Iquique; Esquina Retornable de Antofagasta; Butaca Regional de La Serena; Casa Verde de Los Andes; Insomnia \u2013 Teatro Condell de Valpara\u00edso; el Centro Cultural de San Antonio; Sala K de Santiago y Maip\u00fa; la Cineteca Nacional de Chile; el Centro Arte Alameda de Santiago; la Sala Nemesio de La Reina; la Sala EXT UCM de Talca; Sala Cinec\u00f3n de Constituci\u00f3n; el Cine Club UACh de Valdivia; Menos 1 Cine de Puerto Varas; Casa del Arte Diego Rivera de Puerto Montt; y el Centro Cultural Coyhaique.<\/p>\n\n\n\n<p><a href=\"https:\/\/static.redsalasdecine.cl\/files\/PROGRAMA-2023_MES-RED-SALAS-CINE-CHILE.pdf\">Revisa el programa por sala aqu\u00ed<\/a><\/p>\n\n\n\n<p>Fuente: El Mostrador \/ Red Salas de Cine<\/p>\n\n\n\n<figure class=\"wp-block-image size-full\"><img fetchpriority=\"high\" decoding=\"async\" width=\"612\" height=\"606\" src=\"https:\/\/www.valparaisocreativo.cl\/wp-content\/uploads\/2023\/06\/Captura-de-Pantalla-2023-06-12-a-las-21.03.47.png\" alt=\"\" class=\"wp-image-15702\" srcset=\"https:\/\/dev.antudigital.cl\/sites\/vc\/wp-content\/uploads\/2023\/06\/Captura-de-Pantalla-2023-06-12-a-las-21.03.47.png 612w, https:\/\/dev.antudigital.cl\/sites\/vc\/wp-content\/uploads\/2023\/06\/Captura-de-Pantalla-2023-06-12-a-las-21.03.47-300x297.png 300w, https:\/\/dev.antudigital.cl\/sites\/vc\/wp-content\/uploads\/2023\/06\/Captura-de-Pantalla-2023-06-12-a-las-21.03.47-150x150.png 150w, https:\/\/dev.antudigital.cl\/sites\/vc\/wp-content\/uploads\/2023\/06\/Captura-de-Pantalla-2023-06-12-a-las-21.03.47-480x475.png 480w, https:\/\/dev.antudigital.cl\/sites\/vc\/wp-content\/uploads\/2023\/06\/Captura-de-Pantalla-2023-06-12-a-las-21.03.47-24x24.png 24w, https:\/\/dev.antudigital.cl\/sites\/vc\/wp-content\/uploads\/2023\/06\/Captura-de-Pantalla-2023-06-12-a-las-21.03.47-36x36.png 36w, https:\/\/dev.antudigital.cl\/sites\/vc\/wp-content\/uploads\/2023\/06\/Captura-de-Pantalla-2023-06-12-a-las-21.03.47-48x48.png 48w\" sizes=\"(max-width: 612px) 100vw, 612px\" \/><\/figure>\n","protected":false},"excerpt":{"rendered":"<p>Con el prop\u00f3sito de reunir nuevamente a las personas en los cines locales, el\u00a0Mes de la Red de Salas de Cine\u00a0tendr\u00e1 su primera versi\u00f3n este 2023 durante todo junio. Ser\u00e1n 30 t\u00edtulos nacionales e internacionales con exhibiciones completamente gratuitas para el p\u00fablico los que circular\u00e1n en los espacios inscritos a la actividad de sur a [&hellip;]<\/p>\n","protected":false},"author":1,"featured_media":15701,"comment_status":"open","ping_status":"closed","sticky":false,"template":"","format":"standard","meta":{"_acf_changed":false,"footnotes":""},"categories":[1],"tags":[],"class_list":["post-15700","post","type-post","status-publish","format-standard","has-post-thumbnail","hentry","category-uncategorized"],"acf":[],"yoast_head":"<!-- This site is optimized with the Yoast SEO plugin v27.1.1 - https:\/\/yoast.com\/product\/yoast-seo-wordpress\/ -->\n<title>Red de Salas de Cine celebra en junio con programaci\u00f3n gratuita a nivel nacional - Valpara\u00ed\u00adso Creativo<\/title>\n<meta name=\"robots\" content=\"index, follow, max-snippet:-1, max-image-preview:large, max-video-preview:-1\" \/>\n<link rel=\"canonical\" href=\"https:\/\/dev.antudigital.cl\/sites\/vc\/red-de-salas-de-cine-celebra-en-junio-con-programacion-gratuita-a-nivel-nacional\/\" \/>\n<meta property=\"og:locale\" content=\"es_ES\" \/>\n<meta property=\"og:type\" content=\"article\" \/>\n<meta property=\"og:title\" content=\"Red de Salas de Cine celebra en junio con programaci\u00f3n gratuita a nivel nacional - Valpara\u00ed\u00adso Creativo\" \/>\n<meta property=\"og:description\" content=\"Con el prop\u00f3sito de reunir nuevamente a las personas en los cines locales, el\u00a0Mes de la Red de Salas de Cine\u00a0tendr\u00e1 su primera versi\u00f3n este 2023 durante todo junio. Ser\u00e1n 30 t\u00edtulos nacionales e internacionales con exhibiciones completamente gratuitas para el p\u00fablico los que circular\u00e1n en los espacios inscritos a la actividad de sur a [&hellip;]\" \/>\n<meta property=\"og:url\" content=\"https:\/\/dev.antudigital.cl\/sites\/vc\/red-de-salas-de-cine-celebra-en-junio-con-programacion-gratuita-a-nivel-nacional\/\" \/>\n<meta property=\"og:site_name\" content=\"Valpara\u00ed\u00adso Creativo\" \/>\n<meta property=\"article:published_time\" content=\"2023-06-13T01:06:21+00:00\" \/>\n<meta property=\"article:modified_time\" content=\"2023-06-13T01:06:28+00:00\" \/>\n<meta property=\"og:image\" content=\"https:\/\/dev.antudigital.cl\/sites\/vc\/wp-content\/uploads\/2023\/06\/Captura-de-Pantalla-2023-06-12-a-las-21.03.52.png\" \/>\n\t<meta property=\"og:image:width\" content=\"603\" \/>\n\t<meta property=\"og:image:height\" content=\"363\" \/>\n\t<meta property=\"og:image:type\" content=\"image\/png\" \/>\n<meta name=\"author\" content=\"Valpara\u00edso Creativo\" \/>\n<meta name=\"twitter:card\" content=\"summary_large_image\" \/>\n<meta name=\"twitter:label1\" content=\"Escrito por\" \/>\n\t<meta name=\"twitter:data1\" content=\"Valpara\u00edso Creativo\" \/>\n\t<meta name=\"twitter:label2\" content=\"Tiempo de lectura\" \/>\n\t<meta name=\"twitter:data2\" content=\"3 minutos\" \/>\n<script type=\"application\/ld+json\" class=\"yoast-schema-graph\">{\"@context\":\"https:\/\/schema.org\",\"@graph\":[{\"@type\":\"Article\",\"@id\":\"https:\/\/dev.antudigital.cl\/sites\/vc\/red-de-salas-de-cine-celebra-en-junio-con-programacion-gratuita-a-nivel-nacional\/#article\",\"isPartOf\":{\"@id\":\"https:\/\/dev.antudigital.cl\/sites\/vc\/red-de-salas-de-cine-celebra-en-junio-con-programacion-gratuita-a-nivel-nacional\/\"},\"author\":{\"name\":\"Valpara\u00edso Creativo\",\"@id\":\"https:\/\/dev.antudigital.cl\/sites\/vc\/#\/schema\/person\/c2b9da8dd545e27166fc5ab232837318\"},\"headline\":\"Red de Salas de Cine celebra en junio con programaci\u00f3n gratuita a nivel nacional\",\"datePublished\":\"2023-06-13T01:06:21+00:00\",\"dateModified\":\"2023-06-13T01:06:28+00:00\",\"mainEntityOfPage\":{\"@id\":\"https:\/\/dev.antudigital.cl\/sites\/vc\/red-de-salas-de-cine-celebra-en-junio-con-programacion-gratuita-a-nivel-nacional\/\"},\"wordCount\":433,\"commentCount\":0,\"image\":{\"@id\":\"https:\/\/dev.antudigital.cl\/sites\/vc\/red-de-salas-de-cine-celebra-en-junio-con-programacion-gratuita-a-nivel-nacional\/#primaryimage\"},\"thumbnailUrl\":\"https:\/\/dev.antudigital.cl\/sites\/vc\/wp-content\/uploads\/2023\/06\/Captura-de-Pantalla-2023-06-12-a-las-21.03.52.png\",\"articleSection\":[\"Uncategorized\"],\"inLanguage\":\"es\",\"potentialAction\":[{\"@type\":\"CommentAction\",\"name\":\"Comment\",\"target\":[\"https:\/\/dev.antudigital.cl\/sites\/vc\/red-de-salas-de-cine-celebra-en-junio-con-programacion-gratuita-a-nivel-nacional\/#respond\"]}]},{\"@type\":\"WebPage\",\"@id\":\"https:\/\/dev.antudigital.cl\/sites\/vc\/red-de-salas-de-cine-celebra-en-junio-con-programacion-gratuita-a-nivel-nacional\/\",\"url\":\"https:\/\/dev.antudigital.cl\/sites\/vc\/red-de-salas-de-cine-celebra-en-junio-con-programacion-gratuita-a-nivel-nacional\/\",\"name\":\"Red de Salas de Cine celebra en junio con programaci\u00f3n gratuita a nivel nacional - Valpara\u00ed\u00adso Creativo\",\"isPartOf\":{\"@id\":\"https:\/\/dev.antudigital.cl\/sites\/vc\/#website\"},\"primaryImageOfPage\":{\"@id\":\"https:\/\/dev.antudigital.cl\/sites\/vc\/red-de-salas-de-cine-celebra-en-junio-con-programacion-gratuita-a-nivel-nacional\/#primaryimage\"},\"image\":{\"@id\":\"https:\/\/dev.antudigital.cl\/sites\/vc\/red-de-salas-de-cine-celebra-en-junio-con-programacion-gratuita-a-nivel-nacional\/#primaryimage\"},\"thumbnailUrl\":\"https:\/\/dev.antudigital.cl\/sites\/vc\/wp-content\/uploads\/2023\/06\/Captura-de-Pantalla-2023-06-12-a-las-21.03.52.png\",\"datePublished\":\"2023-06-13T01:06:21+00:00\",\"dateModified\":\"2023-06-13T01:06:28+00:00\",\"author\":{\"@id\":\"https:\/\/dev.antudigital.cl\/sites\/vc\/#\/schema\/person\/c2b9da8dd545e27166fc5ab232837318\"},\"breadcrumb\":{\"@id\":\"https:\/\/dev.antudigital.cl\/sites\/vc\/red-de-salas-de-cine-celebra-en-junio-con-programacion-gratuita-a-nivel-nacional\/#breadcrumb\"},\"inLanguage\":\"es\",\"potentialAction\":[{\"@type\":\"ReadAction\",\"target\":[\"https:\/\/dev.antudigital.cl\/sites\/vc\/red-de-salas-de-cine-celebra-en-junio-con-programacion-gratuita-a-nivel-nacional\/\"]}]},{\"@type\":\"ImageObject\",\"inLanguage\":\"es\",\"@id\":\"https:\/\/dev.antudigital.cl\/sites\/vc\/red-de-salas-de-cine-celebra-en-junio-con-programacion-gratuita-a-nivel-nacional\/#primaryimage\",\"url\":\"https:\/\/dev.antudigital.cl\/sites\/vc\/wp-content\/uploads\/2023\/06\/Captura-de-Pantalla-2023-06-12-a-las-21.03.52.png\",\"contentUrl\":\"https:\/\/dev.antudigital.cl\/sites\/vc\/wp-content\/uploads\/2023\/06\/Captura-de-Pantalla-2023-06-12-a-las-21.03.52.png\",\"width\":603,\"height\":363},{\"@type\":\"BreadcrumbList\",\"@id\":\"https:\/\/dev.antudigital.cl\/sites\/vc\/red-de-salas-de-cine-celebra-en-junio-con-programacion-gratuita-a-nivel-nacional\/#breadcrumb\",\"itemListElement\":[{\"@type\":\"ListItem\",\"position\":1,\"name\":\"Home\",\"item\":\"https:\/\/dev.antudigital.cl\/sites\/vc\/\"},{\"@type\":\"ListItem\",\"position\":2,\"name\":\"Red de Salas de Cine celebra en junio con programaci\u00f3n gratuita a nivel nacional\"}]},{\"@type\":\"WebSite\",\"@id\":\"https:\/\/dev.antudigital.cl\/sites\/vc\/#website\",\"url\":\"https:\/\/dev.antudigital.cl\/sites\/vc\/\",\"name\":\"Valpara\u00ed\u00adso Creativo\",\"description\":\"\",\"potentialAction\":[{\"@type\":\"SearchAction\",\"target\":{\"@type\":\"EntryPoint\",\"urlTemplate\":\"https:\/\/dev.antudigital.cl\/sites\/vc\/?s={search_term_string}\"},\"query-input\":{\"@type\":\"PropertyValueSpecification\",\"valueRequired\":true,\"valueName\":\"search_term_string\"}}],\"inLanguage\":\"es\"},{\"@type\":\"Person\",\"@id\":\"https:\/\/dev.antudigital.cl\/sites\/vc\/#\/schema\/person\/c2b9da8dd545e27166fc5ab232837318\",\"name\":\"Valpara\u00edso Creativo\",\"description\":\"Periodista de cultura en la Regi\u00f3n de Valpara\u00edso.\",\"url\":\"https:\/\/dev.antudigital.cl\/sites\/vc\/author\/valpoadmin\/\"}]}<\/script>\n<!-- \/ Yoast SEO plugin. -->","yoast_head_json":{"title":"Red de Salas de Cine celebra en junio con programaci\u00f3n gratuita a nivel nacional - Valpara\u00ed\u00adso Creativo","robots":{"index":"index","follow":"follow","max-snippet":"max-snippet:-1","max-image-preview":"max-image-preview:large","max-video-preview":"max-video-preview:-1"},"canonical":"https:\/\/dev.antudigital.cl\/sites\/vc\/red-de-salas-de-cine-celebra-en-junio-con-programacion-gratuita-a-nivel-nacional\/","og_locale":"es_ES","og_type":"article","og_title":"Red de Salas de Cine celebra en junio con programaci\u00f3n gratuita a nivel nacional - Valpara\u00ed\u00adso Creativo","og_description":"Con el prop\u00f3sito de reunir nuevamente a las personas en los cines locales, el\u00a0Mes de la Red de Salas de Cine\u00a0tendr\u00e1 su primera versi\u00f3n este 2023 durante todo junio. Ser\u00e1n 30 t\u00edtulos nacionales e internacionales con exhibiciones completamente gratuitas para el p\u00fablico los que circular\u00e1n en los espacios inscritos a la actividad de sur a [&hellip;]","og_url":"https:\/\/dev.antudigital.cl\/sites\/vc\/red-de-salas-de-cine-celebra-en-junio-con-programacion-gratuita-a-nivel-nacional\/","og_site_name":"Valpara\u00ed\u00adso Creativo","article_published_time":"2023-06-13T01:06:21+00:00","article_modified_time":"2023-06-13T01:06:28+00:00","og_image":[{"width":603,"height":363,"url":"https:\/\/dev.antudigital.cl\/sites\/vc\/wp-content\/uploads\/2023\/06\/Captura-de-Pantalla-2023-06-12-a-las-21.03.52.png","type":"image\/png"}],"author":"Valpara\u00edso Creativo","twitter_card":"summary_large_image","twitter_misc":{"Escrito por":"Valpara\u00edso Creativo","Tiempo de lectura":"3 minutos"},"schema":{"@context":"https:\/\/schema.org","@graph":[{"@type":"Article","@id":"https:\/\/dev.antudigital.cl\/sites\/vc\/red-de-salas-de-cine-celebra-en-junio-con-programacion-gratuita-a-nivel-nacional\/#article","isPartOf":{"@id":"https:\/\/dev.antudigital.cl\/sites\/vc\/red-de-salas-de-cine-celebra-en-junio-con-programacion-gratuita-a-nivel-nacional\/"},"author":{"name":"Valpara\u00edso Creativo","@id":"https:\/\/dev.antudigital.cl\/sites\/vc\/#\/schema\/person\/c2b9da8dd545e27166fc5ab232837318"},"headline":"Red de Salas de Cine celebra en junio con programaci\u00f3n gratuita a nivel nacional","datePublished":"2023-06-13T01:06:21+00:00","dateModified":"2023-06-13T01:06:28+00:00","mainEntityOfPage":{"@id":"https:\/\/dev.antudigital.cl\/sites\/vc\/red-de-salas-de-cine-celebra-en-junio-con-programacion-gratuita-a-nivel-nacional\/"},"wordCount":433,"commentCount":0,"image":{"@id":"https:\/\/dev.antudigital.cl\/sites\/vc\/red-de-salas-de-cine-celebra-en-junio-con-programacion-gratuita-a-nivel-nacional\/#primaryimage"},"thumbnailUrl":"https:\/\/dev.antudigital.cl\/sites\/vc\/wp-content\/uploads\/2023\/06\/Captura-de-Pantalla-2023-06-12-a-las-21.03.52.png","articleSection":["Uncategorized"],"inLanguage":"es","potentialAction":[{"@type":"CommentAction","name":"Comment","target":["https:\/\/dev.antudigital.cl\/sites\/vc\/red-de-salas-de-cine-celebra-en-junio-con-programacion-gratuita-a-nivel-nacional\/#respond"]}]},{"@type":"WebPage","@id":"https:\/\/dev.antudigital.cl\/sites\/vc\/red-de-salas-de-cine-celebra-en-junio-con-programacion-gratuita-a-nivel-nacional\/","url":"https:\/\/dev.antudigital.cl\/sites\/vc\/red-de-salas-de-cine-celebra-en-junio-con-programacion-gratuita-a-nivel-nacional\/","name":"Red de Salas de Cine celebra en junio con programaci\u00f3n gratuita a nivel nacional - Valpara\u00ed\u00adso Creativo","isPartOf":{"@id":"https:\/\/dev.antudigital.cl\/sites\/vc\/#website"},"primaryImageOfPage":{"@id":"https:\/\/dev.antudigital.cl\/sites\/vc\/red-de-salas-de-cine-celebra-en-junio-con-programacion-gratuita-a-nivel-nacional\/#primaryimage"},"image":{"@id":"https:\/\/dev.antudigital.cl\/sites\/vc\/red-de-salas-de-cine-celebra-en-junio-con-programacion-gratuita-a-nivel-nacional\/#primaryimage"},"thumbnailUrl":"https:\/\/dev.antudigital.cl\/sites\/vc\/wp-content\/uploads\/2023\/06\/Captura-de-Pantalla-2023-06-12-a-las-21.03.52.png","datePublished":"2023-06-13T01:06:21+00:00","dateModified":"2023-06-13T01:06:28+00:00","author":{"@id":"https:\/\/dev.antudigital.cl\/sites\/vc\/#\/schema\/person\/c2b9da8dd545e27166fc5ab232837318"},"breadcrumb":{"@id":"https:\/\/dev.antudigital.cl\/sites\/vc\/red-de-salas-de-cine-celebra-en-junio-con-programacion-gratuita-a-nivel-nacional\/#breadcrumb"},"inLanguage":"es","potentialAction":[{"@type":"ReadAction","target":["https:\/\/dev.antudigital.cl\/sites\/vc\/red-de-salas-de-cine-celebra-en-junio-con-programacion-gratuita-a-nivel-nacional\/"]}]},{"@type":"ImageObject","inLanguage":"es","@id":"https:\/\/dev.antudigital.cl\/sites\/vc\/red-de-salas-de-cine-celebra-en-junio-con-programacion-gratuita-a-nivel-nacional\/#primaryimage","url":"https:\/\/dev.antudigital.cl\/sites\/vc\/wp-content\/uploads\/2023\/06\/Captura-de-Pantalla-2023-06-12-a-las-21.03.52.png","contentUrl":"https:\/\/dev.antudigital.cl\/sites\/vc\/wp-content\/uploads\/2023\/06\/Captura-de-Pantalla-2023-06-12-a-las-21.03.52.png","width":603,"height":363},{"@type":"BreadcrumbList","@id":"https:\/\/dev.antudigital.cl\/sites\/vc\/red-de-salas-de-cine-celebra-en-junio-con-programacion-gratuita-a-nivel-nacional\/#breadcrumb","itemListElement":[{"@type":"ListItem","position":1,"name":"Home","item":"https:\/\/dev.antudigital.cl\/sites\/vc\/"},{"@type":"ListItem","position":2,"name":"Red de Salas de Cine celebra en junio con programaci\u00f3n gratuita a nivel nacional"}]},{"@type":"WebSite","@id":"https:\/\/dev.antudigital.cl\/sites\/vc\/#website","url":"https:\/\/dev.antudigital.cl\/sites\/vc\/","name":"Valpara\u00ed\u00adso Creativo","description":"","potentialAction":[{"@type":"SearchAction","target":{"@type":"EntryPoint","urlTemplate":"https:\/\/dev.antudigital.cl\/sites\/vc\/?s={search_term_string}"},"query-input":{"@type":"PropertyValueSpecification","valueRequired":true,"valueName":"search_term_string"}}],"inLanguage":"es"},{"@type":"Person","@id":"https:\/\/dev.antudigital.cl\/sites\/vc\/#\/schema\/person\/c2b9da8dd545e27166fc5ab232837318","name":"Valpara\u00edso Creativo","description":"Periodista de cultura en la Regi\u00f3n de Valpara\u00edso.","url":"https:\/\/dev.antudigital.cl\/sites\/vc\/author\/valpoadmin\/"}]}},"_links":{"self":[{"href":"https:\/\/dev.antudigital.cl\/sites\/vc\/wp-json\/wp\/v2\/posts\/15700","targetHints":{"allow":["GET"]}}],"collection":[{"href":"https:\/\/dev.antudigital.cl\/sites\/vc\/wp-json\/wp\/v2\/posts"}],"about":[{"href":"https:\/\/dev.antudigital.cl\/sites\/vc\/wp-json\/wp\/v2\/types\/post"}],"author":[{"embeddable":true,"href":"https:\/\/dev.antudigital.cl\/sites\/vc\/wp-json\/wp\/v2\/users\/1"}],"replies":[{"embeddable":true,"href":"https:\/\/dev.antudigital.cl\/sites\/vc\/wp-json\/wp\/v2\/comments?post=15700"}],"version-history":[{"count":1,"href":"https:\/\/dev.antudigital.cl\/sites\/vc\/wp-json\/wp\/v2\/posts\/15700\/revisions"}],"predecessor-version":[{"id":15703,"href":"https:\/\/dev.antudigital.cl\/sites\/vc\/wp-json\/wp\/v2\/posts\/15700\/revisions\/15703"}],"wp:featuredmedia":[{"embeddable":true,"href":"https:\/\/dev.antudigital.cl\/sites\/vc\/wp-json\/wp\/v2\/media\/15701"}],"wp:attachment":[{"href":"https:\/\/dev.antudigital.cl\/sites\/vc\/wp-json\/wp\/v2\/media?parent=15700"}],"wp:term":[{"taxonomy":"category","embeddable":true,"href":"https:\/\/dev.antudigital.cl\/sites\/vc\/wp-json\/wp\/v2\/categories?post=15700"},{"taxonomy":"post_tag","embeddable":true,"href":"https:\/\/dev.antudigital.cl\/sites\/vc\/wp-json\/wp\/v2\/tags?post=15700"}],"curies":[{"name":"wp","href":"https:\/\/api.w.org\/{rel}","templated":true}]}}