{"id":15704,"date":"2023-06-13T01:16:48","date_gmt":"2023-06-13T01:16:48","guid":{"rendered":"https:\/\/www.valparaisocreativo.cl\/?p=15704"},"modified":"2023-06-13T01:16:57","modified_gmt":"2023-06-13T01:16:57","slug":"lanzamiento-espejos-de-ary-malaver","status":"publish","type":"post","link":"https:\/\/dev.antudigital.cl\/sites\/vc\/lanzamiento-espejos-de-ary-malaver\/","title":{"rendered":"Lanzamiento \u00abEspejos\u00bb de Ary Malaver"},"content":{"rendered":"\n<p><a href=\"https:\/\/www.instagram.com\/fce_valpo\/\">FCE Manuel Rojas<\/a> y Valpara\u00edso Ediciones les invitan a la presentaci\u00f3n del libro Espejos de <a href=\"https:\/\/www.instagram.com\/arymalaver\/?hl=es\">Ary Malaver<\/a> &#x1f4da;<\/p>\n\n\n\n<p><strong>Ary Malaver.\u00a0<\/strong>Nacido en Per\u00fa, Ary Malaver es tambi\u00e9n escritor y docente universitario. Antes de obtener el grado de doctor en Estudios Hisp\u00e1nicos, se decant\u00f3, entre otros, por los senderos de la psi-colog\u00eda, la educaci\u00f3n y el trabajo social. El minimalismo en sus distintas manifestaciones es uno de sus temas de inter\u00e9s. Sus libros\u00a0<em>La brevedad como po\u00e9tica<\/em>\u00a0(2019) e\u00a0<em>Incidentes\u00a0<\/em>(2019) son reflejo de lo anterior. Actualmente es profesor en los Estados Unidos.\u00a0<em>Espejos<\/em>\u00a0es su segundo libro de ficci\u00f3n.<\/p>\n\n\n\n<p>&#x2b50; Presentan &#x2b50;<br>&#x1f4da; la escritora <a href=\"https:\/\/www.instagram.com\/pauli_bermudez_valdebenito\/\">Paulina Berm\u00fadez<\/a><br>&#x1f4da; la periodista <a href=\"https:\/\/www.instagram.com\/sedicevalontin\/\">Val Rudophy<\/a><\/p>\n\n\n\n<p>Les esperamos este viernes 16 de junio a las 18.00 en &#x1f4cd;FCE Manuel Rojas, Paseo Yugoslavo\u00a0<a href=\"https:\/\/www.instagram.com\/explore\/tags\/176\/\">#176<\/a>, Cerro Alegre, Valpara\u00edso.<\/p>\n\n\n\n<figure class=\"wp-block-image size-full\"><img fetchpriority=\"high\" decoding=\"async\" width=\"611\" height=\"611\" src=\"https:\/\/www.valparaisocreativo.cl\/wp-content\/uploads\/2023\/06\/Captura-de-Pantalla-2023-06-12-a-las-21.08.10.png\" alt=\"\" class=\"wp-image-15705\" srcset=\"https:\/\/dev.antudigital.cl\/sites\/vc\/wp-content\/uploads\/2023\/06\/Captura-de-Pantalla-2023-06-12-a-las-21.08.10.png 611w, https:\/\/dev.antudigital.cl\/sites\/vc\/wp-content\/uploads\/2023\/06\/Captura-de-Pantalla-2023-06-12-a-las-21.08.10-300x300.png 300w, https:\/\/dev.antudigital.cl\/sites\/vc\/wp-content\/uploads\/2023\/06\/Captura-de-Pantalla-2023-06-12-a-las-21.08.10-150x150.png 150w, https:\/\/dev.antudigital.cl\/sites\/vc\/wp-content\/uploads\/2023\/06\/Captura-de-Pantalla-2023-06-12-a-las-21.08.10-480x480.png 480w, https:\/\/dev.antudigital.cl\/sites\/vc\/wp-content\/uploads\/2023\/06\/Captura-de-Pantalla-2023-06-12-a-las-21.08.10-24x24.png 24w, https:\/\/dev.antudigital.cl\/sites\/vc\/wp-content\/uploads\/2023\/06\/Captura-de-Pantalla-2023-06-12-a-las-21.08.10-36x36.png 36w, https:\/\/dev.antudigital.cl\/sites\/vc\/wp-content\/uploads\/2023\/06\/Captura-de-Pantalla-2023-06-12-a-las-21.08.10-48x48.png 48w\" sizes=\"(max-width: 611px) 100vw, 611px\" \/><\/figure>\n","protected":false},"excerpt":{"rendered":"<p>FCE Manuel Rojas y Valpara\u00edso Ediciones les invitan a la presentaci\u00f3n del libro Espejos de Ary Malaver &#x1f4da; Ary Malaver.\u00a0Nacido en Per\u00fa, Ary Malaver es tambi\u00e9n escritor y docente universitario. Antes de obtener el grado de doctor en Estudios Hisp\u00e1nicos, se decant\u00f3, entre otros, por los senderos de la psi-colog\u00eda, la educaci\u00f3n y el trabajo [&hellip;]<\/p>\n","protected":false},"author":1,"featured_media":15706,"comment_status":"open","ping_status":"closed","sticky":false,"template":"","format":"standard","meta":{"_acf_changed":false,"footnotes":""},"categories":[1],"tags":[],"class_list":["post-15704","post","type-post","status-publish","format-standard","has-post-thumbnail","hentry","category-uncategorized"],"acf":[],"yoast_head":"<!-- This site is optimized with the Yoast SEO plugin v27.1.1 - https:\/\/yoast.com\/product\/yoast-seo-wordpress\/ -->\n<title>Lanzamiento &quot;Espejos&quot; de Ary Malaver - Valpara\u00ed\u00adso Creativo<\/title>\n<meta name=\"robots\" content=\"index, follow, max-snippet:-1, max-image-preview:large, max-video-preview:-1\" \/>\n<link rel=\"canonical\" href=\"https:\/\/dev.antudigital.cl\/sites\/vc\/lanzamiento-espejos-de-ary-malaver\/\" \/>\n<meta property=\"og:locale\" content=\"es_ES\" \/>\n<meta property=\"og:type\" content=\"article\" \/>\n<meta property=\"og:title\" content=\"Lanzamiento &quot;Espejos&quot; de Ary Malaver - Valpara\u00ed\u00adso Creativo\" \/>\n<meta property=\"og:description\" content=\"FCE Manuel Rojas y Valpara\u00edso Ediciones les invitan a la presentaci\u00f3n del libro Espejos de Ary Malaver &#x1f4da; Ary Malaver.\u00a0Nacido en Per\u00fa, Ary Malaver es tambi\u00e9n escritor y docente universitario. Antes de obtener el grado de doctor en Estudios Hisp\u00e1nicos, se decant\u00f3, entre otros, por los senderos de la psi-colog\u00eda, la educaci\u00f3n y el trabajo [&hellip;]\" \/>\n<meta property=\"og:url\" content=\"https:\/\/dev.antudigital.cl\/sites\/vc\/lanzamiento-espejos-de-ary-malaver\/\" \/>\n<meta property=\"og:site_name\" content=\"Valpara\u00ed\u00adso Creativo\" \/>\n<meta property=\"article:published_time\" content=\"2023-06-13T01:16:48+00:00\" \/>\n<meta property=\"article:modified_time\" content=\"2023-06-13T01:16:57+00:00\" \/>\n<meta property=\"og:image\" content=\"https:\/\/dev.antudigital.cl\/sites\/vc\/wp-content\/uploads\/2023\/06\/292189235_3220940368180229_18995467845559468_n-1.jpeg\" \/>\n\t<meta property=\"og:image:width\" content=\"475\" \/>\n\t<meta property=\"og:image:height\" content=\"350\" \/>\n\t<meta property=\"og:image:type\" content=\"image\/jpeg\" \/>\n<meta name=\"author\" content=\"Valpara\u00edso Creativo\" \/>\n<meta name=\"twitter:card\" content=\"summary_large_image\" \/>\n<meta name=\"twitter:label1\" content=\"Escrito por\" \/>\n\t<meta name=\"twitter:data1\" content=\"Valpara\u00edso Creativo\" \/>\n\t<meta name=\"twitter:label2\" content=\"Tiempo de lectura\" \/>\n\t<meta name=\"twitter:data2\" content=\"1 minuto\" \/>\n<script type=\"application\/ld+json\" class=\"yoast-schema-graph\">{\"@context\":\"https:\/\/schema.org\",\"@graph\":[{\"@type\":\"Article\",\"@id\":\"https:\/\/dev.antudigital.cl\/sites\/vc\/lanzamiento-espejos-de-ary-malaver\/#article\",\"isPartOf\":{\"@id\":\"https:\/\/dev.antudigital.cl\/sites\/vc\/lanzamiento-espejos-de-ary-malaver\/\"},\"author\":{\"name\":\"Valpara\u00edso Creativo\",\"@id\":\"https:\/\/dev.antudigital.cl\/sites\/vc\/#\/schema\/person\/c2b9da8dd545e27166fc5ab232837318\"},\"headline\":\"Lanzamiento \u00abEspejos\u00bb de Ary Malaver\",\"datePublished\":\"2023-06-13T01:16:48+00:00\",\"dateModified\":\"2023-06-13T01:16:57+00:00\",\"mainEntityOfPage\":{\"@id\":\"https:\/\/dev.antudigital.cl\/sites\/vc\/lanzamiento-espejos-de-ary-malaver\/\"},\"wordCount\":154,\"commentCount\":0,\"image\":{\"@id\":\"https:\/\/dev.antudigital.cl\/sites\/vc\/lanzamiento-espejos-de-ary-malaver\/#primaryimage\"},\"thumbnailUrl\":\"https:\/\/dev.antudigital.cl\/sites\/vc\/wp-content\/uploads\/2023\/06\/292189235_3220940368180229_18995467845559468_n-1.jpeg\",\"articleSection\":[\"Uncategorized\"],\"inLanguage\":\"es\",\"potentialAction\":[{\"@type\":\"CommentAction\",\"name\":\"Comment\",\"target\":[\"https:\/\/dev.antudigital.cl\/sites\/vc\/lanzamiento-espejos-de-ary-malaver\/#respond\"]}]},{\"@type\":\"WebPage\",\"@id\":\"https:\/\/dev.antudigital.cl\/sites\/vc\/lanzamiento-espejos-de-ary-malaver\/\",\"url\":\"https:\/\/dev.antudigital.cl\/sites\/vc\/lanzamiento-espejos-de-ary-malaver\/\",\"name\":\"Lanzamiento \\\"Espejos\\\" de Ary Malaver - Valpara\u00ed\u00adso Creativo\",\"isPartOf\":{\"@id\":\"https:\/\/dev.antudigital.cl\/sites\/vc\/#website\"},\"primaryImageOfPage\":{\"@id\":\"https:\/\/dev.antudigital.cl\/sites\/vc\/lanzamiento-espejos-de-ary-malaver\/#primaryimage\"},\"image\":{\"@id\":\"https:\/\/dev.antudigital.cl\/sites\/vc\/lanzamiento-espejos-de-ary-malaver\/#primaryimage\"},\"thumbnailUrl\":\"https:\/\/dev.antudigital.cl\/sites\/vc\/wp-content\/uploads\/2023\/06\/292189235_3220940368180229_18995467845559468_n-1.jpeg\",\"datePublished\":\"2023-06-13T01:16:48+00:00\",\"dateModified\":\"2023-06-13T01:16:57+00:00\",\"author\":{\"@id\":\"https:\/\/dev.antudigital.cl\/sites\/vc\/#\/schema\/person\/c2b9da8dd545e27166fc5ab232837318\"},\"breadcrumb\":{\"@id\":\"https:\/\/dev.antudigital.cl\/sites\/vc\/lanzamiento-espejos-de-ary-malaver\/#breadcrumb\"},\"inLanguage\":\"es\",\"potentialAction\":[{\"@type\":\"ReadAction\",\"target\":[\"https:\/\/dev.antudigital.cl\/sites\/vc\/lanzamiento-espejos-de-ary-malaver\/\"]}]},{\"@type\":\"ImageObject\",\"inLanguage\":\"es\",\"@id\":\"https:\/\/dev.antudigital.cl\/sites\/vc\/lanzamiento-espejos-de-ary-malaver\/#primaryimage\",\"url\":\"https:\/\/dev.antudigital.cl\/sites\/vc\/wp-content\/uploads\/2023\/06\/292189235_3220940368180229_18995467845559468_n-1.jpeg\",\"contentUrl\":\"https:\/\/dev.antudigital.cl\/sites\/vc\/wp-content\/uploads\/2023\/06\/292189235_3220940368180229_18995467845559468_n-1.jpeg\",\"width\":475,\"height\":350},{\"@type\":\"BreadcrumbList\",\"@id\":\"https:\/\/dev.antudigital.cl\/sites\/vc\/lanzamiento-espejos-de-ary-malaver\/#breadcrumb\",\"itemListElement\":[{\"@type\":\"ListItem\",\"position\":1,\"name\":\"Home\",\"item\":\"https:\/\/dev.antudigital.cl\/sites\/vc\/\"},{\"@type\":\"ListItem\",\"position\":2,\"name\":\"Lanzamiento \u00abEspejos\u00bb de Ary Malaver\"}]},{\"@type\":\"WebSite\",\"@id\":\"https:\/\/dev.antudigital.cl\/sites\/vc\/#website\",\"url\":\"https:\/\/dev.antudigital.cl\/sites\/vc\/\",\"name\":\"Valpara\u00ed\u00adso Creativo\",\"description\":\"\",\"potentialAction\":[{\"@type\":\"SearchAction\",\"target\":{\"@type\":\"EntryPoint\",\"urlTemplate\":\"https:\/\/dev.antudigital.cl\/sites\/vc\/?s={search_term_string}\"},\"query-input\":{\"@type\":\"PropertyValueSpecification\",\"valueRequired\":true,\"valueName\":\"search_term_string\"}}],\"inLanguage\":\"es\"},{\"@type\":\"Person\",\"@id\":\"https:\/\/dev.antudigital.cl\/sites\/vc\/#\/schema\/person\/c2b9da8dd545e27166fc5ab232837318\",\"name\":\"Valpara\u00edso Creativo\",\"description\":\"Periodista de cultura en la Regi\u00f3n de Valpara\u00edso.\",\"url\":\"https:\/\/dev.antudigital.cl\/sites\/vc\/author\/valpoadmin\/\"}]}<\/script>\n<!-- \/ Yoast SEO plugin. -->","yoast_head_json":{"title":"Lanzamiento \"Espejos\" de Ary Malaver - Valpara\u00ed\u00adso Creativo","robots":{"index":"index","follow":"follow","max-snippet":"max-snippet:-1","max-image-preview":"max-image-preview:large","max-video-preview":"max-video-preview:-1"},"canonical":"https:\/\/dev.antudigital.cl\/sites\/vc\/lanzamiento-espejos-de-ary-malaver\/","og_locale":"es_ES","og_type":"article","og_title":"Lanzamiento \"Espejos\" de Ary Malaver - Valpara\u00ed\u00adso Creativo","og_description":"FCE Manuel Rojas y Valpara\u00edso Ediciones les invitan a la presentaci\u00f3n del libro Espejos de Ary Malaver &#x1f4da; Ary Malaver.\u00a0Nacido en Per\u00fa, Ary Malaver es tambi\u00e9n escritor y docente universitario. Antes de obtener el grado de doctor en Estudios Hisp\u00e1nicos, se decant\u00f3, entre otros, por los senderos de la psi-colog\u00eda, la educaci\u00f3n y el trabajo [&hellip;]","og_url":"https:\/\/dev.antudigital.cl\/sites\/vc\/lanzamiento-espejos-de-ary-malaver\/","og_site_name":"Valpara\u00ed\u00adso Creativo","article_published_time":"2023-06-13T01:16:48+00:00","article_modified_time":"2023-06-13T01:16:57+00:00","og_image":[{"width":475,"height":350,"url":"https:\/\/dev.antudigital.cl\/sites\/vc\/wp-content\/uploads\/2023\/06\/292189235_3220940368180229_18995467845559468_n-1.jpeg","type":"image\/jpeg"}],"author":"Valpara\u00edso Creativo","twitter_card":"summary_large_image","twitter_misc":{"Escrito por":"Valpara\u00edso Creativo","Tiempo de lectura":"1 minuto"},"schema":{"@context":"https:\/\/schema.org","@graph":[{"@type":"Article","@id":"https:\/\/dev.antudigital.cl\/sites\/vc\/lanzamiento-espejos-de-ary-malaver\/#article","isPartOf":{"@id":"https:\/\/dev.antudigital.cl\/sites\/vc\/lanzamiento-espejos-de-ary-malaver\/"},"author":{"name":"Valpara\u00edso Creativo","@id":"https:\/\/dev.antudigital.cl\/sites\/vc\/#\/schema\/person\/c2b9da8dd545e27166fc5ab232837318"},"headline":"Lanzamiento \u00abEspejos\u00bb de Ary Malaver","datePublished":"2023-06-13T01:16:48+00:00","dateModified":"2023-06-13T01:16:57+00:00","mainEntityOfPage":{"@id":"https:\/\/dev.antudigital.cl\/sites\/vc\/lanzamiento-espejos-de-ary-malaver\/"},"wordCount":154,"commentCount":0,"image":{"@id":"https:\/\/dev.antudigital.cl\/sites\/vc\/lanzamiento-espejos-de-ary-malaver\/#primaryimage"},"thumbnailUrl":"https:\/\/dev.antudigital.cl\/sites\/vc\/wp-content\/uploads\/2023\/06\/292189235_3220940368180229_18995467845559468_n-1.jpeg","articleSection":["Uncategorized"],"inLanguage":"es","potentialAction":[{"@type":"CommentAction","name":"Comment","target":["https:\/\/dev.antudigital.cl\/sites\/vc\/lanzamiento-espejos-de-ary-malaver\/#respond"]}]},{"@type":"WebPage","@id":"https:\/\/dev.antudigital.cl\/sites\/vc\/lanzamiento-espejos-de-ary-malaver\/","url":"https:\/\/dev.antudigital.cl\/sites\/vc\/lanzamiento-espejos-de-ary-malaver\/","name":"Lanzamiento \"Espejos\" de Ary Malaver - Valpara\u00ed\u00adso Creativo","isPartOf":{"@id":"https:\/\/dev.antudigital.cl\/sites\/vc\/#website"},"primaryImageOfPage":{"@id":"https:\/\/dev.antudigital.cl\/sites\/vc\/lanzamiento-espejos-de-ary-malaver\/#primaryimage"},"image":{"@id":"https:\/\/dev.antudigital.cl\/sites\/vc\/lanzamiento-espejos-de-ary-malaver\/#primaryimage"},"thumbnailUrl":"https:\/\/dev.antudigital.cl\/sites\/vc\/wp-content\/uploads\/2023\/06\/292189235_3220940368180229_18995467845559468_n-1.jpeg","datePublished":"2023-06-13T01:16:48+00:00","dateModified":"2023-06-13T01:16:57+00:00","author":{"@id":"https:\/\/dev.antudigital.cl\/sites\/vc\/#\/schema\/person\/c2b9da8dd545e27166fc5ab232837318"},"breadcrumb":{"@id":"https:\/\/dev.antudigital.cl\/sites\/vc\/lanzamiento-espejos-de-ary-malaver\/#breadcrumb"},"inLanguage":"es","potentialAction":[{"@type":"ReadAction","target":["https:\/\/dev.antudigital.cl\/sites\/vc\/lanzamiento-espejos-de-ary-malaver\/"]}]},{"@type":"ImageObject","inLanguage":"es","@id":"https:\/\/dev.antudigital.cl\/sites\/vc\/lanzamiento-espejos-de-ary-malaver\/#primaryimage","url":"https:\/\/dev.antudigital.cl\/sites\/vc\/wp-content\/uploads\/2023\/06\/292189235_3220940368180229_18995467845559468_n-1.jpeg","contentUrl":"https:\/\/dev.antudigital.cl\/sites\/vc\/wp-content\/uploads\/2023\/06\/292189235_3220940368180229_18995467845559468_n-1.jpeg","width":475,"height":350},{"@type":"BreadcrumbList","@id":"https:\/\/dev.antudigital.cl\/sites\/vc\/lanzamiento-espejos-de-ary-malaver\/#breadcrumb","itemListElement":[{"@type":"ListItem","position":1,"name":"Home","item":"https:\/\/dev.antudigital.cl\/sites\/vc\/"},{"@type":"ListItem","position":2,"name":"Lanzamiento \u00abEspejos\u00bb de Ary Malaver"}]},{"@type":"WebSite","@id":"https:\/\/dev.antudigital.cl\/sites\/vc\/#website","url":"https:\/\/dev.antudigital.cl\/sites\/vc\/","name":"Valpara\u00ed\u00adso Creativo","description":"","potentialAction":[{"@type":"SearchAction","target":{"@type":"EntryPoint","urlTemplate":"https:\/\/dev.antudigital.cl\/sites\/vc\/?s={search_term_string}"},"query-input":{"@type":"PropertyValueSpecification","valueRequired":true,"valueName":"search_term_string"}}],"inLanguage":"es"},{"@type":"Person","@id":"https:\/\/dev.antudigital.cl\/sites\/vc\/#\/schema\/person\/c2b9da8dd545e27166fc5ab232837318","name":"Valpara\u00edso Creativo","description":"Periodista de cultura en la Regi\u00f3n de Valpara\u00edso.","url":"https:\/\/dev.antudigital.cl\/sites\/vc\/author\/valpoadmin\/"}]}},"_links":{"self":[{"href":"https:\/\/dev.antudigital.cl\/sites\/vc\/wp-json\/wp\/v2\/posts\/15704","targetHints":{"allow":["GET"]}}],"collection":[{"href":"https:\/\/dev.antudigital.cl\/sites\/vc\/wp-json\/wp\/v2\/posts"}],"about":[{"href":"https:\/\/dev.antudigital.cl\/sites\/vc\/wp-json\/wp\/v2\/types\/post"}],"author":[{"embeddable":true,"href":"https:\/\/dev.antudigital.cl\/sites\/vc\/wp-json\/wp\/v2\/users\/1"}],"replies":[{"embeddable":true,"href":"https:\/\/dev.antudigital.cl\/sites\/vc\/wp-json\/wp\/v2\/comments?post=15704"}],"version-history":[{"count":1,"href":"https:\/\/dev.antudigital.cl\/sites\/vc\/wp-json\/wp\/v2\/posts\/15704\/revisions"}],"predecessor-version":[{"id":15707,"href":"https:\/\/dev.antudigital.cl\/sites\/vc\/wp-json\/wp\/v2\/posts\/15704\/revisions\/15707"}],"wp:featuredmedia":[{"embeddable":true,"href":"https:\/\/dev.antudigital.cl\/sites\/vc\/wp-json\/wp\/v2\/media\/15706"}],"wp:attachment":[{"href":"https:\/\/dev.antudigital.cl\/sites\/vc\/wp-json\/wp\/v2\/media?parent=15704"}],"wp:term":[{"taxonomy":"category","embeddable":true,"href":"https:\/\/dev.antudigital.cl\/sites\/vc\/wp-json\/wp\/v2\/categories?post=15704"},{"taxonomy":"post_tag","embeddable":true,"href":"https:\/\/dev.antudigital.cl\/sites\/vc\/wp-json\/wp\/v2\/tags?post=15704"}],"curies":[{"name":"wp","href":"https:\/\/api.w.org\/{rel}","templated":true}]}}