{"id":15708,"date":"2023-06-13T01:21:32","date_gmt":"2023-06-13T01:21:32","guid":{"rendered":"https:\/\/www.valparaisocreativo.cl\/?p=15708"},"modified":"2023-06-13T01:21:39","modified_gmt":"2023-06-13T01:21:39","slug":"descubre-la-cartelera-de-junio-de-trotamundos-terraza","status":"publish","type":"post","link":"https:\/\/dev.antudigital.cl\/sites\/vc\/descubre-la-cartelera-de-junio-de-trotamundos-terraza\/","title":{"rendered":"Descubre la cartelera de Junio de Trotamundos Terraza"},"content":{"rendered":"\n<p>Como siempre, Trotamundos Terraza tiene una nutrida programaci\u00f3n de humor y m\u00fasica tanto nacional como internacional. Ya partieron el mes, no te pierdas lo que queda de junio en La Joyita de Quilpu\u00e9.<\/p>\n\n\n\n<p>Comenzamos la mitad de a\u00f1o con m\u00e1s m\u00fasica, fiestas y humor! &#x1f929;&#x1f64c;&#x1f3fb;&#x1f399;&#xfe0f; seguimos descentralizando&nbsp;<a href=\"https:\/\/www.instagram.com\/explore\/tags\/dequilpu%C3%A9palmundo\/\">#dequilpu\u00e9palmundo<\/a>&nbsp;&#x1f680;<\/p>\n\n\n\n<p>Las entradas para los shows est\u00e1n disponibles en <a href=\"HTTP:\/\/linktr.ee\/trotaquilpue\">linktr.ee\/trotaquilpue<\/a> &#x1f3ab;<\/p>\n\n\n\n<p><a href=\"https:\/\/www.instagram.com\/quiqueneiraoficial\/\">@quiqueneiraoficial<\/a><\/p>\n\n\n\n<p><a href=\"https:\/\/www.instagram.com\/adrianylosdadosnegrosok\/\">@adrianylosdadosnegrosok<\/a><\/p>\n\n\n\n<p><a href=\"https:\/\/www.instagram.com\/kingkongclick\/\">@kingkongclick<\/a><\/p>\n\n\n\n<p><a href=\"https:\/\/www.instagram.com\/asesfalsos\/\">@asesfalsos<\/a><\/p>\n\n\n\n<p><a href=\"https:\/\/www.instagram.com\/el_cruce\/\">@el_cruce<\/a><\/p>\n\n\n\n<p><a href=\"https:\/\/www.instagram.com\/alejo_silva_rock\/\">@alejo_silva_rock<\/a><\/p>\n\n\n\n<p><a href=\"https:\/\/www.instagram.com\/el_cruce\/\">@el_cruce<\/a><\/p>\n\n\n\n<p><a href=\"https:\/\/www.instagram.com\/molobanda\/\">@molobanda<\/a><\/p>\n\n\n\n<p><a href=\"https:\/\/www.instagram.com\/lacombotortuga\/\">@lacombotortuga<\/a><\/p>\n\n\n\n<p><a href=\"https:\/\/www.instagram.com\/mauricioredoles\/\">@mauricioredoles<\/a><\/p>\n\n\n\n<p><a href=\"https:\/\/www.instagram.com\/bandaconmocion\/\">@bandaconmocion<\/a><\/p>\n\n\n\n<p><a href=\"https:\/\/www.instagram.com\/mandracula_lasangredelrock\/\">@mandracula_lasangredelrock<\/a><\/p>\n\n\n\n<p><a href=\"https:\/\/www.instagram.com\/lamanowacha\/\">@lamanowacha<\/a><\/p>\n\n\n\n<p><a href=\"https:\/\/www.instagram.com\/sobrinosdelavilla\/\">@sobrinosdelavilla<\/a><\/p>\n\n\n\n<p><a href=\"https:\/\/www.instagram.com\/elgrupitodeatras.oficial\/\">@elgrupitodeatras.oficial<\/a><\/p>\n\n\n\n<p><a href=\"https:\/\/www.instagram.com\/mauriciopalmahunt\/\">@mauriciopalmahunt<\/a><\/p>\n\n\n\n<p><a href=\"https:\/\/www.instagram.com\/djnicolemedina\/\">@djnicolemedina<\/a><\/p>\n\n\n\n<p><a href=\"https:\/\/www.instagram.com\/garyaguilar\/\">@garyaguilar<\/a><\/p>\n\n\n\n<p><a href=\"https:\/\/www.instagram.com\/djfats\/\">@djfats<\/a><\/p>\n\n\n\n<p><a href=\"https:\/\/www.instagram.com\/vjcarlosacosta\/\">@vjcarlosacosta<\/a><\/p>\n\n\n\n<p><a href=\"https:\/\/www.instagram.com\/aranda_victor\/\">@aranda_victor<\/a><\/p>\n\n\n\n<p><a href=\"https:\/\/www.instagram.com\/ethan_lesterdj\/\">@ethan_lesterdj<\/a><\/p>\n\n\n\n<p><a href=\"https:\/\/www.instagram.com\/kanzerebro\/\">@kanzerebro<\/a><\/p>\n\n\n\n<p><a href=\"https:\/\/www.instagram.com\/djmooho\/\">@djmooho<\/a><\/p>\n\n\n\n<p><a href=\"https:\/\/www.instagram.com\/michel_feliu\/\">@michel_feliu<\/a><\/p>\n\n\n\n<p>L@s esperamos<\/p>\n","protected":false},"excerpt":{"rendered":"<p>Como siempre, Trotamundos Terraza tiene una nutrida programaci\u00f3n de humor y m\u00fasica tanto nacional como internacional. Ya partieron el mes, no te pierdas lo que queda de junio en La Joyita de Quilpu\u00e9. Comenzamos la mitad de a\u00f1o con m\u00e1s m\u00fasica, fiestas y humor! &#x1f929;&#x1f64c;&#x1f3fb;&#x1f399;&#xfe0f; seguimos descentralizando&nbsp;#dequilpu\u00e9palmundo&nbsp;&#x1f680; Las entradas para los shows est\u00e1n disponibles en [&hellip;]<\/p>\n","protected":false},"author":1,"featured_media":15709,"comment_status":"open","ping_status":"closed","sticky":false,"template":"","format":"standard","meta":{"_acf_changed":false,"footnotes":""},"categories":[1],"tags":[],"class_list":["post-15708","post","type-post","status-publish","format-standard","has-post-thumbnail","hentry","category-uncategorized"],"acf":[],"yoast_head":"<!-- This site is optimized with the Yoast SEO plugin v27.1.1 - https:\/\/yoast.com\/product\/yoast-seo-wordpress\/ -->\n<title>Descubre la cartelera de Junio de Trotamundos Terraza - Valpara\u00ed\u00adso Creativo<\/title>\n<meta name=\"robots\" content=\"index, follow, max-snippet:-1, max-image-preview:large, max-video-preview:-1\" \/>\n<link rel=\"canonical\" href=\"https:\/\/dev.antudigital.cl\/sites\/vc\/descubre-la-cartelera-de-junio-de-trotamundos-terraza\/\" \/>\n<meta property=\"og:locale\" content=\"es_ES\" \/>\n<meta property=\"og:type\" content=\"article\" \/>\n<meta property=\"og:title\" content=\"Descubre la cartelera de Junio de Trotamundos Terraza - Valpara\u00ed\u00adso Creativo\" \/>\n<meta property=\"og:description\" content=\"Como siempre, Trotamundos Terraza tiene una nutrida programaci\u00f3n de humor y m\u00fasica tanto nacional como internacional. Ya partieron el mes, no te pierdas lo que queda de junio en La Joyita de Quilpu\u00e9. Comenzamos la mitad de a\u00f1o con m\u00e1s m\u00fasica, fiestas y humor! &#x1f929;&#x1f64c;&#x1f3fb;&#x1f399;&#xfe0f; seguimos descentralizando&nbsp;#dequilpu\u00e9palmundo&nbsp;&#x1f680; Las entradas para los shows est\u00e1n disponibles en [&hellip;]\" \/>\n<meta property=\"og:url\" content=\"https:\/\/dev.antudigital.cl\/sites\/vc\/descubre-la-cartelera-de-junio-de-trotamundos-terraza\/\" \/>\n<meta property=\"og:site_name\" content=\"Valpara\u00ed\u00adso Creativo\" \/>\n<meta property=\"article:published_time\" content=\"2023-06-13T01:21:32+00:00\" \/>\n<meta property=\"article:modified_time\" content=\"2023-06-13T01:21:39+00:00\" \/>\n<meta property=\"og:image\" content=\"https:\/\/dev.antudigital.cl\/sites\/vc\/wp-content\/uploads\/2023\/06\/Captura-de-Pantalla-2023-06-12-a-las-21.17.38.png\" \/>\n\t<meta property=\"og:image:width\" content=\"606\" \/>\n\t<meta property=\"og:image:height\" content=\"605\" \/>\n\t<meta property=\"og:image:type\" content=\"image\/png\" \/>\n<meta name=\"author\" content=\"Valpara\u00edso Creativo\" \/>\n<meta name=\"twitter:card\" content=\"summary_large_image\" \/>\n<meta name=\"twitter:label1\" content=\"Escrito por\" \/>\n\t<meta name=\"twitter:data1\" content=\"Valpara\u00edso Creativo\" \/>\n\t<meta name=\"twitter:label2\" content=\"Tiempo de lectura\" \/>\n\t<meta name=\"twitter:data2\" content=\"1 minuto\" \/>\n<script type=\"application\/ld+json\" class=\"yoast-schema-graph\">{\"@context\":\"https:\/\/schema.org\",\"@graph\":[{\"@type\":\"Article\",\"@id\":\"https:\/\/dev.antudigital.cl\/sites\/vc\/descubre-la-cartelera-de-junio-de-trotamundos-terraza\/#article\",\"isPartOf\":{\"@id\":\"https:\/\/dev.antudigital.cl\/sites\/vc\/descubre-la-cartelera-de-junio-de-trotamundos-terraza\/\"},\"author\":{\"name\":\"Valpara\u00edso Creativo\",\"@id\":\"https:\/\/dev.antudigital.cl\/sites\/vc\/#\/schema\/person\/c2b9da8dd545e27166fc5ab232837318\"},\"headline\":\"Descubre la cartelera de Junio de Trotamundos Terraza\",\"datePublished\":\"2023-06-13T01:21:32+00:00\",\"dateModified\":\"2023-06-13T01:21:39+00:00\",\"mainEntityOfPage\":{\"@id\":\"https:\/\/dev.antudigital.cl\/sites\/vc\/descubre-la-cartelera-de-junio-de-trotamundos-terraza\/\"},\"wordCount\":129,\"commentCount\":0,\"image\":{\"@id\":\"https:\/\/dev.antudigital.cl\/sites\/vc\/descubre-la-cartelera-de-junio-de-trotamundos-terraza\/#primaryimage\"},\"thumbnailUrl\":\"https:\/\/dev.antudigital.cl\/sites\/vc\/wp-content\/uploads\/2023\/06\/Captura-de-Pantalla-2023-06-12-a-las-21.17.38.png\",\"articleSection\":[\"Uncategorized\"],\"inLanguage\":\"es\",\"potentialAction\":[{\"@type\":\"CommentAction\",\"name\":\"Comment\",\"target\":[\"https:\/\/dev.antudigital.cl\/sites\/vc\/descubre-la-cartelera-de-junio-de-trotamundos-terraza\/#respond\"]}]},{\"@type\":\"WebPage\",\"@id\":\"https:\/\/dev.antudigital.cl\/sites\/vc\/descubre-la-cartelera-de-junio-de-trotamundos-terraza\/\",\"url\":\"https:\/\/dev.antudigital.cl\/sites\/vc\/descubre-la-cartelera-de-junio-de-trotamundos-terraza\/\",\"name\":\"Descubre la cartelera de Junio de Trotamundos Terraza - Valpara\u00ed\u00adso Creativo\",\"isPartOf\":{\"@id\":\"https:\/\/dev.antudigital.cl\/sites\/vc\/#website\"},\"primaryImageOfPage\":{\"@id\":\"https:\/\/dev.antudigital.cl\/sites\/vc\/descubre-la-cartelera-de-junio-de-trotamundos-terraza\/#primaryimage\"},\"image\":{\"@id\":\"https:\/\/dev.antudigital.cl\/sites\/vc\/descubre-la-cartelera-de-junio-de-trotamundos-terraza\/#primaryimage\"},\"thumbnailUrl\":\"https:\/\/dev.antudigital.cl\/sites\/vc\/wp-content\/uploads\/2023\/06\/Captura-de-Pantalla-2023-06-12-a-las-21.17.38.png\",\"datePublished\":\"2023-06-13T01:21:32+00:00\",\"dateModified\":\"2023-06-13T01:21:39+00:00\",\"author\":{\"@id\":\"https:\/\/dev.antudigital.cl\/sites\/vc\/#\/schema\/person\/c2b9da8dd545e27166fc5ab232837318\"},\"breadcrumb\":{\"@id\":\"https:\/\/dev.antudigital.cl\/sites\/vc\/descubre-la-cartelera-de-junio-de-trotamundos-terraza\/#breadcrumb\"},\"inLanguage\":\"es\",\"potentialAction\":[{\"@type\":\"ReadAction\",\"target\":[\"https:\/\/dev.antudigital.cl\/sites\/vc\/descubre-la-cartelera-de-junio-de-trotamundos-terraza\/\"]}]},{\"@type\":\"ImageObject\",\"inLanguage\":\"es\",\"@id\":\"https:\/\/dev.antudigital.cl\/sites\/vc\/descubre-la-cartelera-de-junio-de-trotamundos-terraza\/#primaryimage\",\"url\":\"https:\/\/dev.antudigital.cl\/sites\/vc\/wp-content\/uploads\/2023\/06\/Captura-de-Pantalla-2023-06-12-a-las-21.17.38.png\",\"contentUrl\":\"https:\/\/dev.antudigital.cl\/sites\/vc\/wp-content\/uploads\/2023\/06\/Captura-de-Pantalla-2023-06-12-a-las-21.17.38.png\",\"width\":606,\"height\":605},{\"@type\":\"BreadcrumbList\",\"@id\":\"https:\/\/dev.antudigital.cl\/sites\/vc\/descubre-la-cartelera-de-junio-de-trotamundos-terraza\/#breadcrumb\",\"itemListElement\":[{\"@type\":\"ListItem\",\"position\":1,\"name\":\"Home\",\"item\":\"https:\/\/dev.antudigital.cl\/sites\/vc\/\"},{\"@type\":\"ListItem\",\"position\":2,\"name\":\"Descubre la cartelera de Junio de Trotamundos Terraza\"}]},{\"@type\":\"WebSite\",\"@id\":\"https:\/\/dev.antudigital.cl\/sites\/vc\/#website\",\"url\":\"https:\/\/dev.antudigital.cl\/sites\/vc\/\",\"name\":\"Valpara\u00ed\u00adso Creativo\",\"description\":\"\",\"potentialAction\":[{\"@type\":\"SearchAction\",\"target\":{\"@type\":\"EntryPoint\",\"urlTemplate\":\"https:\/\/dev.antudigital.cl\/sites\/vc\/?s={search_term_string}\"},\"query-input\":{\"@type\":\"PropertyValueSpecification\",\"valueRequired\":true,\"valueName\":\"search_term_string\"}}],\"inLanguage\":\"es\"},{\"@type\":\"Person\",\"@id\":\"https:\/\/dev.antudigital.cl\/sites\/vc\/#\/schema\/person\/c2b9da8dd545e27166fc5ab232837318\",\"name\":\"Valpara\u00edso Creativo\",\"description\":\"Periodista de cultura en la Regi\u00f3n de Valpara\u00edso.\",\"url\":\"https:\/\/dev.antudigital.cl\/sites\/vc\/author\/valpoadmin\/\"}]}<\/script>\n<!-- \/ Yoast SEO plugin. -->","yoast_head_json":{"title":"Descubre la cartelera de Junio de Trotamundos Terraza - Valpara\u00ed\u00adso Creativo","robots":{"index":"index","follow":"follow","max-snippet":"max-snippet:-1","max-image-preview":"max-image-preview:large","max-video-preview":"max-video-preview:-1"},"canonical":"https:\/\/dev.antudigital.cl\/sites\/vc\/descubre-la-cartelera-de-junio-de-trotamundos-terraza\/","og_locale":"es_ES","og_type":"article","og_title":"Descubre la cartelera de Junio de Trotamundos Terraza - Valpara\u00ed\u00adso Creativo","og_description":"Como siempre, Trotamundos Terraza tiene una nutrida programaci\u00f3n de humor y m\u00fasica tanto nacional como internacional. Ya partieron el mes, no te pierdas lo que queda de junio en La Joyita de Quilpu\u00e9. Comenzamos la mitad de a\u00f1o con m\u00e1s m\u00fasica, fiestas y humor! &#x1f929;&#x1f64c;&#x1f3fb;&#x1f399;&#xfe0f; seguimos descentralizando&nbsp;#dequilpu\u00e9palmundo&nbsp;&#x1f680; Las entradas para los shows est\u00e1n disponibles en [&hellip;]","og_url":"https:\/\/dev.antudigital.cl\/sites\/vc\/descubre-la-cartelera-de-junio-de-trotamundos-terraza\/","og_site_name":"Valpara\u00ed\u00adso Creativo","article_published_time":"2023-06-13T01:21:32+00:00","article_modified_time":"2023-06-13T01:21:39+00:00","og_image":[{"width":606,"height":605,"url":"https:\/\/dev.antudigital.cl\/sites\/vc\/wp-content\/uploads\/2023\/06\/Captura-de-Pantalla-2023-06-12-a-las-21.17.38.png","type":"image\/png"}],"author":"Valpara\u00edso Creativo","twitter_card":"summary_large_image","twitter_misc":{"Escrito por":"Valpara\u00edso Creativo","Tiempo de lectura":"1 minuto"},"schema":{"@context":"https:\/\/schema.org","@graph":[{"@type":"Article","@id":"https:\/\/dev.antudigital.cl\/sites\/vc\/descubre-la-cartelera-de-junio-de-trotamundos-terraza\/#article","isPartOf":{"@id":"https:\/\/dev.antudigital.cl\/sites\/vc\/descubre-la-cartelera-de-junio-de-trotamundos-terraza\/"},"author":{"name":"Valpara\u00edso Creativo","@id":"https:\/\/dev.antudigital.cl\/sites\/vc\/#\/schema\/person\/c2b9da8dd545e27166fc5ab232837318"},"headline":"Descubre la cartelera de Junio de Trotamundos Terraza","datePublished":"2023-06-13T01:21:32+00:00","dateModified":"2023-06-13T01:21:39+00:00","mainEntityOfPage":{"@id":"https:\/\/dev.antudigital.cl\/sites\/vc\/descubre-la-cartelera-de-junio-de-trotamundos-terraza\/"},"wordCount":129,"commentCount":0,"image":{"@id":"https:\/\/dev.antudigital.cl\/sites\/vc\/descubre-la-cartelera-de-junio-de-trotamundos-terraza\/#primaryimage"},"thumbnailUrl":"https:\/\/dev.antudigital.cl\/sites\/vc\/wp-content\/uploads\/2023\/06\/Captura-de-Pantalla-2023-06-12-a-las-21.17.38.png","articleSection":["Uncategorized"],"inLanguage":"es","potentialAction":[{"@type":"CommentAction","name":"Comment","target":["https:\/\/dev.antudigital.cl\/sites\/vc\/descubre-la-cartelera-de-junio-de-trotamundos-terraza\/#respond"]}]},{"@type":"WebPage","@id":"https:\/\/dev.antudigital.cl\/sites\/vc\/descubre-la-cartelera-de-junio-de-trotamundos-terraza\/","url":"https:\/\/dev.antudigital.cl\/sites\/vc\/descubre-la-cartelera-de-junio-de-trotamundos-terraza\/","name":"Descubre la cartelera de Junio de Trotamundos Terraza - Valpara\u00ed\u00adso Creativo","isPartOf":{"@id":"https:\/\/dev.antudigital.cl\/sites\/vc\/#website"},"primaryImageOfPage":{"@id":"https:\/\/dev.antudigital.cl\/sites\/vc\/descubre-la-cartelera-de-junio-de-trotamundos-terraza\/#primaryimage"},"image":{"@id":"https:\/\/dev.antudigital.cl\/sites\/vc\/descubre-la-cartelera-de-junio-de-trotamundos-terraza\/#primaryimage"},"thumbnailUrl":"https:\/\/dev.antudigital.cl\/sites\/vc\/wp-content\/uploads\/2023\/06\/Captura-de-Pantalla-2023-06-12-a-las-21.17.38.png","datePublished":"2023-06-13T01:21:32+00:00","dateModified":"2023-06-13T01:21:39+00:00","author":{"@id":"https:\/\/dev.antudigital.cl\/sites\/vc\/#\/schema\/person\/c2b9da8dd545e27166fc5ab232837318"},"breadcrumb":{"@id":"https:\/\/dev.antudigital.cl\/sites\/vc\/descubre-la-cartelera-de-junio-de-trotamundos-terraza\/#breadcrumb"},"inLanguage":"es","potentialAction":[{"@type":"ReadAction","target":["https:\/\/dev.antudigital.cl\/sites\/vc\/descubre-la-cartelera-de-junio-de-trotamundos-terraza\/"]}]},{"@type":"ImageObject","inLanguage":"es","@id":"https:\/\/dev.antudigital.cl\/sites\/vc\/descubre-la-cartelera-de-junio-de-trotamundos-terraza\/#primaryimage","url":"https:\/\/dev.antudigital.cl\/sites\/vc\/wp-content\/uploads\/2023\/06\/Captura-de-Pantalla-2023-06-12-a-las-21.17.38.png","contentUrl":"https:\/\/dev.antudigital.cl\/sites\/vc\/wp-content\/uploads\/2023\/06\/Captura-de-Pantalla-2023-06-12-a-las-21.17.38.png","width":606,"height":605},{"@type":"BreadcrumbList","@id":"https:\/\/dev.antudigital.cl\/sites\/vc\/descubre-la-cartelera-de-junio-de-trotamundos-terraza\/#breadcrumb","itemListElement":[{"@type":"ListItem","position":1,"name":"Home","item":"https:\/\/dev.antudigital.cl\/sites\/vc\/"},{"@type":"ListItem","position":2,"name":"Descubre la cartelera de Junio de Trotamundos Terraza"}]},{"@type":"WebSite","@id":"https:\/\/dev.antudigital.cl\/sites\/vc\/#website","url":"https:\/\/dev.antudigital.cl\/sites\/vc\/","name":"Valpara\u00ed\u00adso Creativo","description":"","potentialAction":[{"@type":"SearchAction","target":{"@type":"EntryPoint","urlTemplate":"https:\/\/dev.antudigital.cl\/sites\/vc\/?s={search_term_string}"},"query-input":{"@type":"PropertyValueSpecification","valueRequired":true,"valueName":"search_term_string"}}],"inLanguage":"es"},{"@type":"Person","@id":"https:\/\/dev.antudigital.cl\/sites\/vc\/#\/schema\/person\/c2b9da8dd545e27166fc5ab232837318","name":"Valpara\u00edso Creativo","description":"Periodista de cultura en la Regi\u00f3n de Valpara\u00edso.","url":"https:\/\/dev.antudigital.cl\/sites\/vc\/author\/valpoadmin\/"}]}},"_links":{"self":[{"href":"https:\/\/dev.antudigital.cl\/sites\/vc\/wp-json\/wp\/v2\/posts\/15708","targetHints":{"allow":["GET"]}}],"collection":[{"href":"https:\/\/dev.antudigital.cl\/sites\/vc\/wp-json\/wp\/v2\/posts"}],"about":[{"href":"https:\/\/dev.antudigital.cl\/sites\/vc\/wp-json\/wp\/v2\/types\/post"}],"author":[{"embeddable":true,"href":"https:\/\/dev.antudigital.cl\/sites\/vc\/wp-json\/wp\/v2\/users\/1"}],"replies":[{"embeddable":true,"href":"https:\/\/dev.antudigital.cl\/sites\/vc\/wp-json\/wp\/v2\/comments?post=15708"}],"version-history":[{"count":1,"href":"https:\/\/dev.antudigital.cl\/sites\/vc\/wp-json\/wp\/v2\/posts\/15708\/revisions"}],"predecessor-version":[{"id":15710,"href":"https:\/\/dev.antudigital.cl\/sites\/vc\/wp-json\/wp\/v2\/posts\/15708\/revisions\/15710"}],"wp:featuredmedia":[{"embeddable":true,"href":"https:\/\/dev.antudigital.cl\/sites\/vc\/wp-json\/wp\/v2\/media\/15709"}],"wp:attachment":[{"href":"https:\/\/dev.antudigital.cl\/sites\/vc\/wp-json\/wp\/v2\/media?parent=15708"}],"wp:term":[{"taxonomy":"category","embeddable":true,"href":"https:\/\/dev.antudigital.cl\/sites\/vc\/wp-json\/wp\/v2\/categories?post=15708"},{"taxonomy":"post_tag","embeddable":true,"href":"https:\/\/dev.antudigital.cl\/sites\/vc\/wp-json\/wp\/v2\/tags?post=15708"}],"curies":[{"name":"wp","href":"https:\/\/api.w.org\/{rel}","templated":true}]}}