{"id":15717,"date":"2023-06-13T02:49:25","date_gmt":"2023-06-13T02:49:25","guid":{"rendered":"https:\/\/www.valparaisocreativo.cl\/?p=15717"},"modified":"2023-06-13T02:49:31","modified_gmt":"2023-06-13T02:49:31","slug":"el-valor-del-patrimonio-ferroviario","status":"publish","type":"post","link":"https:\/\/dev.antudigital.cl\/sites\/vc\/el-valor-del-patrimonio-ferroviario\/","title":{"rendered":"El valor del patrimonio ferroviario"},"content":{"rendered":"\n<p><em>Por: Valentinne Rudolphy<\/em><\/p>\n\n\n\n<p><em>Fotograf\u00edas de: Trenzando<\/em><\/p>\n\n\n\n<p>Trenzando nace desde la necesidad de volver a poner en valor el patrimonio ferroviario que tenemos disponible y lo que es posible con dichas capacidades. Este proyecto se define como una plataforma de cooperaci\u00f3n territorial, que usa como base el sistema ferroviario existente para crear oportunidades de desarrollo en territorios no metropolitanos de algunas regiones, y es as\u00ed como sucede en ciertas comunas de la Regi\u00f3n de Valpara\u00edso.<\/p>\n\n\n\n<p>Tal como ellos mencionan, existen en el pa\u00eds m\u00e1s de 3.000 kil\u00f3metros de v\u00edas f\u00e9rreas, que hoy se usan principalmente para el transporte de carga, por lo que Trenzando propone reactivar este patrimonio con la infraestructura que ya est\u00e1, esto incluye m\u00e1s de 170 estaciones entre el norte, centro y sur de Chile.<\/p>\n\n\n\n<p>Con esto apuestan por la descentralizaci\u00f3n a trav\u00e9s de iniciativas culturales y de gesti\u00f3n territorial, a trav\u00e9s de una \u201cNave\u201d, que est\u00e1 compuesta por vagones que permiten presentaciones, exposiciones, ferias y m\u00e1s.<\/p>\n\n\n\n<p>En palabras de su creadora Daniela Guti\u00e9rrez, esta inquietud parte a ra\u00edz de: \u201cPor una parte, la magnitud de este patrimonio ferroviario tangible e intangible; y por otra el estado de deterioro en que se encuentra y eso se conjuga con el aislamiento y la visible desigualdad de oportunidades en las localidades que se fundador alrededor de este sistema, que no son metropolitanas\u201d.\u00a0<\/p>\n\n\n\n<figure class=\"wp-block-image size-large\"><img fetchpriority=\"high\" decoding=\"async\" width=\"1024\" height=\"1024\" src=\"https:\/\/www.valparaisocreativo.cl\/wp-content\/uploads\/2023\/06\/315976888_3070659036559563_5174038930563566641_n-1024x1024.jpeg\" alt=\"\" class=\"wp-image-15720\" srcset=\"https:\/\/dev.antudigital.cl\/sites\/vc\/wp-content\/uploads\/2023\/06\/315976888_3070659036559563_5174038930563566641_n-1024x1024.jpeg 1024w, https:\/\/dev.antudigital.cl\/sites\/vc\/wp-content\/uploads\/2023\/06\/315976888_3070659036559563_5174038930563566641_n-300x300.jpeg 300w, https:\/\/dev.antudigital.cl\/sites\/vc\/wp-content\/uploads\/2023\/06\/315976888_3070659036559563_5174038930563566641_n-150x150.jpeg 150w, https:\/\/dev.antudigital.cl\/sites\/vc\/wp-content\/uploads\/2023\/06\/315976888_3070659036559563_5174038930563566641_n-768x768.jpeg 768w, https:\/\/dev.antudigital.cl\/sites\/vc\/wp-content\/uploads\/2023\/06\/315976888_3070659036559563_5174038930563566641_n-1080x1080.jpeg 1080w, https:\/\/dev.antudigital.cl\/sites\/vc\/wp-content\/uploads\/2023\/06\/315976888_3070659036559563_5174038930563566641_n-1280x1280.jpeg 1280w, https:\/\/dev.antudigital.cl\/sites\/vc\/wp-content\/uploads\/2023\/06\/315976888_3070659036559563_5174038930563566641_n-980x980.jpeg 980w, https:\/\/dev.antudigital.cl\/sites\/vc\/wp-content\/uploads\/2023\/06\/315976888_3070659036559563_5174038930563566641_n-480x480.jpeg 480w, https:\/\/dev.antudigital.cl\/sites\/vc\/wp-content\/uploads\/2023\/06\/315976888_3070659036559563_5174038930563566641_n-24x24.jpeg 24w, https:\/\/dev.antudigital.cl\/sites\/vc\/wp-content\/uploads\/2023\/06\/315976888_3070659036559563_5174038930563566641_n-36x36.jpeg 36w, https:\/\/dev.antudigital.cl\/sites\/vc\/wp-content\/uploads\/2023\/06\/315976888_3070659036559563_5174038930563566641_n-48x48.jpeg 48w, https:\/\/dev.antudigital.cl\/sites\/vc\/wp-content\/uploads\/2023\/06\/315976888_3070659036559563_5174038930563566641_n.jpeg 1440w\" sizes=\"(max-width: 1024px) 100vw, 1024px\" \/><\/figure>\n\n\n\n<p>Todo surgi\u00f3 \u201cA partir del proyecto de mi tesis de arquitectura, donde comenc\u00e9 a incursionar con patrimonio ferroviario y me encontr\u00e9 con esta extensi\u00f3n de la red que se manten\u00eda vigente por el transporte de carga\u201d. Este tremendo bien con gran nivel de deterioro llam\u00f3 la atenci\u00f3n de Daniela y quiso rescatar esta red que fue clave en la historia de Chile, hoy, obsoleta.<\/p>\n\n\n\n<p>Esta idea comenz\u00f3 a desarrollarse el 2010, sin embargo el 2018 fue su primera salida a terreno. En estas itinerancias, donde a trav\u00e9s de la Nave hacen residencias en diversos puntos que tengan estaci\u00f3n ferroviaria o acceso a las v\u00edas, se instalan y estudian su quehacer en conjunto con la comunidad para responder tambi\u00e9n a sus intereses y necesidades.<\/p>\n\n\n\n<p>Daniela agrega que su prop\u00f3sito es \u201cPoder generar oportunidades de desarrollo a trav\u00e9s del sistema ferroviario como medio de intercambio de bienes sociales como un catalizador de comunidad e identidad colectiva\u201d. Es as\u00ed como realizaron su primera residencia que fue en San Rosendo, Regi\u00f3n del Biob\u00edo.<\/p>\n\n\n\n<p>\u201cFue entonces que pudimos comprobar la oportunidad que otorga estar trabajando con el patrimonio ferroviario y est\u00e1 muy ligado a la identidad comunitaria, y la recepci\u00f3n se hace mucho m\u00e1s org\u00e1nica y se hace f\u00e1cil establecer v\u00ednculos con la comunidad al estar trabajando con algo bastante transversal: el anhelo de recuperar esos espacios\u201d, asegura Daniela.<\/p>\n\n\n\n<p>De esta manera volvemos a c\u00f3mo construyen sus actividades con las comunidades: esto sucede junto con las mismas, en un taller de codise\u00f1o que se tiene con dirigentes, vecinos y vecinas en el cual se hace un diagn\u00f3stico participativo que les permite dise\u00f1ar esta programaci\u00f3n conjunta, lo que les hace una especie de mediadores.<\/p>\n\n\n\n<p>Los territorios en los que logran estar presentes actualmente son: San Rosendo &#8211; Yumbel &#8211; Rucapequ\u00e9n &#8211; Rungue &#8211; Llay Llay &#8211; Ocoa\u00a0<\/p>\n\n\n\n<figure class=\"wp-block-image size-full\"><img decoding=\"async\" width=\"976\" height=\"511\" src=\"https:\/\/www.valparaisocreativo.cl\/wp-content\/uploads\/2023\/06\/Trenzando-2.png\" alt=\"\" class=\"wp-image-15719\" srcset=\"https:\/\/dev.antudigital.cl\/sites\/vc\/wp-content\/uploads\/2023\/06\/Trenzando-2.png 976w, https:\/\/dev.antudigital.cl\/sites\/vc\/wp-content\/uploads\/2023\/06\/Trenzando-2-300x157.png 300w, https:\/\/dev.antudigital.cl\/sites\/vc\/wp-content\/uploads\/2023\/06\/Trenzando-2-768x402.png 768w, https:\/\/dev.antudigital.cl\/sites\/vc\/wp-content\/uploads\/2023\/06\/Trenzando-2-480x251.png 480w, https:\/\/dev.antudigital.cl\/sites\/vc\/wp-content\/uploads\/2023\/06\/Trenzando-2-24x13.png 24w, https:\/\/dev.antudigital.cl\/sites\/vc\/wp-content\/uploads\/2023\/06\/Trenzando-2-36x19.png 36w, https:\/\/dev.antudigital.cl\/sites\/vc\/wp-content\/uploads\/2023\/06\/Trenzando-2-48x25.png 48w\" sizes=\"(max-width: 976px) 100vw, 976px\" \/><\/figure>\n\n\n\n<p>Con respecto al impacto que Daniela puede observar sobre Trenzando, menciona que \u201cLo que hemos podido medir es que hay un aumento de participaci\u00f3n en organizaciones comunitarias. Entre mayor sentido de pertenencia tiene un lugar es mayor su desarrollo sostenible y este estudio nos dio luces de c\u00f3mo se vinculan en este sentido\u201d.<\/p>\n\n\n\n<p>\u201cDe manera tangencial hay un impulso por rehabilitar los espacios\u201d, reafirma.<\/p>\n\n\n\n<p>Tomando en consideraci\u00f3n lo anterior, \u201cTrenzando por una parte impulsa la rehabilitaci\u00f3n de estaciones ferroviarias generando v\u00ednculos y propiciando herramientas y facilitando infraestructura itinerante, que es la Nave, para generar intercambio y colaboraci\u00f3n entre la l\u00ednea del tren\u201d.<\/p>\n\n\n\n<p>Previo a trenzando hab\u00eda un anhelo latente por recuperar estas infraestructuras abandonadas, pues se convierten en focos de problem\u00e1ticas para los y las vecinas, es algo que la comunidad requiere. Trenzando de alguna forma viene a darle una mano a esa comunidad para darle una nueva vida a esos espacios y poner en valor ese patrimonio tan importante en t\u00e9rminos hist\u00f3ricos y culturales. \u201cLos ayudamos a articular algo m\u00e1s tangible\u201d, agrega su creadora.<\/p>\n\n\n\n<p>Hoy estas comunidades, algunas, han extendido su trabajo con Trenzando o incluso al respecto de la recuperaci\u00f3n de los espacios ferroviarios abandonados, gestiones que se van asesorando tambi\u00e9n de la mano de Trenzando, en cierto nivel. Por ejemplo, Llay Llay tiene un trabajo con la Municipalidad local, tambi\u00e9n se dan pasos con Ocoa, Rungue, y a San Rosendo se le apoy\u00f3 pero siguen en una etapa inicial. Este es un proyecto de largo aliento.<\/p>\n\n\n\n<p>Junto a Daniela, hay un equipo interdisciplinario que se entrelaza con diversas organizaciones, \u201cSomos mediadores y articuladores de fuerzas y entidades que buscan concretar prop\u00f3sitos. La red basal son las empresas ferroviarias como FEPASA, EFE , universidades y el MINCAP. Es una red p\u00fablico, privada, nacional, regional y comunal\u201d.<\/p>\n\n\n\n<p>En cuanto a su quehacer, continuar\u00e1n el acompa\u00f1amiento, en especial en los casos mencionados de Ocoa y Rungue, para sus respectivos proyectos de rehabilitaci\u00f3n. Tambi\u00e9n hay todo un revuelo y expectativa con respecto al anuncio y proyecto del nuevo tren en la Regi\u00f3n de Valpara\u00edso, lo que puede dar una segunda vida a estos espacios e infraestructura que tanta importancia tienen a\u00fan.&nbsp;<\/p>\n\n\n\n<p>Adem\u00e1s \u201cEstamos preparando una itinerancia que ser\u00e1 de agosto a octubre, donde pasaremos por las seis localidades, que se llamar\u00e1 El Tren de la Memoria, a prop\u00f3sito de la conmemoraci\u00f3n de los 50 a\u00f1os del Golpe, demostrando que para el mundo ferroviario la dictadura fue un momento crucial, y aprovechar este momento de conmemoraci\u00f3n para remarcar aquello\u201d.<\/p>\n\n\n\n<p><\/p>\n\n\n\n<p>M\u00e1s informaci\u00f3n en <a href=\"https:\/\/www.trenzando.com\/\">Trenzando.com<\/a><\/p>\n","protected":false},"excerpt":{"rendered":"<p>Por: Valentinne Rudolphy Fotograf\u00edas de: Trenzando Trenzando nace desde la necesidad de volver a poner en valor el patrimonio ferroviario que tenemos disponible y lo que es posible con dichas capacidades. Este proyecto se define como una plataforma de cooperaci\u00f3n territorial, que usa como base el sistema ferroviario existente para crear oportunidades de desarrollo en [&hellip;]<\/p>\n","protected":false},"author":1,"featured_media":15718,"comment_status":"open","ping_status":"closed","sticky":false,"template":"","format":"standard","meta":{"_acf_changed":false,"footnotes":""},"categories":[218],"tags":[],"class_list":["post-15717","post","type-post","status-publish","format-standard","has-post-thumbnail","hentry","category-blog"],"acf":[],"yoast_head":"<!-- This site is optimized with the Yoast SEO plugin v27.1.1 - https:\/\/yoast.com\/product\/yoast-seo-wordpress\/ -->\n<title>El valor del patrimonio ferroviario - Valpara\u00ed\u00adso Creativo<\/title>\n<meta name=\"robots\" content=\"index, follow, max-snippet:-1, max-image-preview:large, max-video-preview:-1\" \/>\n<link rel=\"canonical\" href=\"https:\/\/dev.antudigital.cl\/sites\/vc\/el-valor-del-patrimonio-ferroviario\/\" \/>\n<meta property=\"og:locale\" content=\"es_ES\" \/>\n<meta property=\"og:type\" content=\"article\" \/>\n<meta property=\"og:title\" content=\"El valor del patrimonio ferroviario - Valpara\u00ed\u00adso Creativo\" \/>\n<meta property=\"og:description\" content=\"Por: Valentinne Rudolphy Fotograf\u00edas de: Trenzando Trenzando nace desde la necesidad de volver a poner en valor el patrimonio ferroviario que tenemos disponible y lo que es posible con dichas capacidades. Este proyecto se define como una plataforma de cooperaci\u00f3n territorial, que usa como base el sistema ferroviario existente para crear oportunidades de desarrollo en [&hellip;]\" \/>\n<meta property=\"og:url\" content=\"https:\/\/dev.antudigital.cl\/sites\/vc\/el-valor-del-patrimonio-ferroviario\/\" \/>\n<meta property=\"og:site_name\" content=\"Valpara\u00ed\u00adso Creativo\" \/>\n<meta property=\"article:published_time\" content=\"2023-06-13T02:49:25+00:00\" \/>\n<meta property=\"article:modified_time\" content=\"2023-06-13T02:49:31+00:00\" \/>\n<meta property=\"og:image\" content=\"https:\/\/dev.antudigital.cl\/sites\/vc\/wp-content\/uploads\/2023\/06\/Trenzando.jpeg\" \/>\n\t<meta property=\"og:image:width\" content=\"1500\" \/>\n\t<meta property=\"og:image:height\" content=\"1001\" \/>\n\t<meta property=\"og:image:type\" content=\"image\/jpeg\" \/>\n<meta name=\"author\" content=\"Valpara\u00edso Creativo\" \/>\n<meta name=\"twitter:card\" content=\"summary_large_image\" \/>\n<meta name=\"twitter:label1\" content=\"Escrito por\" \/>\n\t<meta name=\"twitter:data1\" content=\"Valpara\u00edso Creativo\" \/>\n\t<meta name=\"twitter:label2\" content=\"Tiempo de lectura\" \/>\n\t<meta name=\"twitter:data2\" content=\"5 minutos\" \/>\n<script type=\"application\/ld+json\" class=\"yoast-schema-graph\">{\"@context\":\"https:\/\/schema.org\",\"@graph\":[{\"@type\":\"Article\",\"@id\":\"https:\/\/dev.antudigital.cl\/sites\/vc\/el-valor-del-patrimonio-ferroviario\/#article\",\"isPartOf\":{\"@id\":\"https:\/\/dev.antudigital.cl\/sites\/vc\/el-valor-del-patrimonio-ferroviario\/\"},\"author\":{\"name\":\"Valpara\u00edso Creativo\",\"@id\":\"https:\/\/dev.antudigital.cl\/sites\/vc\/#\/schema\/person\/c2b9da8dd545e27166fc5ab232837318\"},\"headline\":\"El valor del patrimonio ferroviario\",\"datePublished\":\"2023-06-13T02:49:25+00:00\",\"dateModified\":\"2023-06-13T02:49:31+00:00\",\"mainEntityOfPage\":{\"@id\":\"https:\/\/dev.antudigital.cl\/sites\/vc\/el-valor-del-patrimonio-ferroviario\/\"},\"wordCount\":1015,\"commentCount\":0,\"image\":{\"@id\":\"https:\/\/dev.antudigital.cl\/sites\/vc\/el-valor-del-patrimonio-ferroviario\/#primaryimage\"},\"thumbnailUrl\":\"https:\/\/dev.antudigital.cl\/sites\/vc\/wp-content\/uploads\/2023\/06\/Trenzando.jpeg\",\"articleSection\":[\"Blog\"],\"inLanguage\":\"es\",\"potentialAction\":[{\"@type\":\"CommentAction\",\"name\":\"Comment\",\"target\":[\"https:\/\/dev.antudigital.cl\/sites\/vc\/el-valor-del-patrimonio-ferroviario\/#respond\"]}]},{\"@type\":\"WebPage\",\"@id\":\"https:\/\/dev.antudigital.cl\/sites\/vc\/el-valor-del-patrimonio-ferroviario\/\",\"url\":\"https:\/\/dev.antudigital.cl\/sites\/vc\/el-valor-del-patrimonio-ferroviario\/\",\"name\":\"El valor del patrimonio ferroviario - Valpara\u00ed\u00adso Creativo\",\"isPartOf\":{\"@id\":\"https:\/\/dev.antudigital.cl\/sites\/vc\/#website\"},\"primaryImageOfPage\":{\"@id\":\"https:\/\/dev.antudigital.cl\/sites\/vc\/el-valor-del-patrimonio-ferroviario\/#primaryimage\"},\"image\":{\"@id\":\"https:\/\/dev.antudigital.cl\/sites\/vc\/el-valor-del-patrimonio-ferroviario\/#primaryimage\"},\"thumbnailUrl\":\"https:\/\/dev.antudigital.cl\/sites\/vc\/wp-content\/uploads\/2023\/06\/Trenzando.jpeg\",\"datePublished\":\"2023-06-13T02:49:25+00:00\",\"dateModified\":\"2023-06-13T02:49:31+00:00\",\"author\":{\"@id\":\"https:\/\/dev.antudigital.cl\/sites\/vc\/#\/schema\/person\/c2b9da8dd545e27166fc5ab232837318\"},\"breadcrumb\":{\"@id\":\"https:\/\/dev.antudigital.cl\/sites\/vc\/el-valor-del-patrimonio-ferroviario\/#breadcrumb\"},\"inLanguage\":\"es\",\"potentialAction\":[{\"@type\":\"ReadAction\",\"target\":[\"https:\/\/dev.antudigital.cl\/sites\/vc\/el-valor-del-patrimonio-ferroviario\/\"]}]},{\"@type\":\"ImageObject\",\"inLanguage\":\"es\",\"@id\":\"https:\/\/dev.antudigital.cl\/sites\/vc\/el-valor-del-patrimonio-ferroviario\/#primaryimage\",\"url\":\"https:\/\/dev.antudigital.cl\/sites\/vc\/wp-content\/uploads\/2023\/06\/Trenzando.jpeg\",\"contentUrl\":\"https:\/\/dev.antudigital.cl\/sites\/vc\/wp-content\/uploads\/2023\/06\/Trenzando.jpeg\",\"width\":1500,\"height\":1001},{\"@type\":\"BreadcrumbList\",\"@id\":\"https:\/\/dev.antudigital.cl\/sites\/vc\/el-valor-del-patrimonio-ferroviario\/#breadcrumb\",\"itemListElement\":[{\"@type\":\"ListItem\",\"position\":1,\"name\":\"Home\",\"item\":\"https:\/\/dev.antudigital.cl\/sites\/vc\/\"},{\"@type\":\"ListItem\",\"position\":2,\"name\":\"El valor del patrimonio ferroviario\"}]},{\"@type\":\"WebSite\",\"@id\":\"https:\/\/dev.antudigital.cl\/sites\/vc\/#website\",\"url\":\"https:\/\/dev.antudigital.cl\/sites\/vc\/\",\"name\":\"Valpara\u00ed\u00adso Creativo\",\"description\":\"\",\"potentialAction\":[{\"@type\":\"SearchAction\",\"target\":{\"@type\":\"EntryPoint\",\"urlTemplate\":\"https:\/\/dev.antudigital.cl\/sites\/vc\/?s={search_term_string}\"},\"query-input\":{\"@type\":\"PropertyValueSpecification\",\"valueRequired\":true,\"valueName\":\"search_term_string\"}}],\"inLanguage\":\"es\"},{\"@type\":\"Person\",\"@id\":\"https:\/\/dev.antudigital.cl\/sites\/vc\/#\/schema\/person\/c2b9da8dd545e27166fc5ab232837318\",\"name\":\"Valpara\u00edso Creativo\",\"description\":\"Periodista de cultura en la Regi\u00f3n de Valpara\u00edso.\",\"url\":\"https:\/\/dev.antudigital.cl\/sites\/vc\/author\/valpoadmin\/\"}]}<\/script>\n<!-- \/ Yoast SEO plugin. -->","yoast_head_json":{"title":"El valor del patrimonio ferroviario - Valpara\u00ed\u00adso Creativo","robots":{"index":"index","follow":"follow","max-snippet":"max-snippet:-1","max-image-preview":"max-image-preview:large","max-video-preview":"max-video-preview:-1"},"canonical":"https:\/\/dev.antudigital.cl\/sites\/vc\/el-valor-del-patrimonio-ferroviario\/","og_locale":"es_ES","og_type":"article","og_title":"El valor del patrimonio ferroviario - Valpara\u00ed\u00adso Creativo","og_description":"Por: Valentinne Rudolphy Fotograf\u00edas de: Trenzando Trenzando nace desde la necesidad de volver a poner en valor el patrimonio ferroviario que tenemos disponible y lo que es posible con dichas capacidades. Este proyecto se define como una plataforma de cooperaci\u00f3n territorial, que usa como base el sistema ferroviario existente para crear oportunidades de desarrollo en [&hellip;]","og_url":"https:\/\/dev.antudigital.cl\/sites\/vc\/el-valor-del-patrimonio-ferroviario\/","og_site_name":"Valpara\u00ed\u00adso Creativo","article_published_time":"2023-06-13T02:49:25+00:00","article_modified_time":"2023-06-13T02:49:31+00:00","og_image":[{"width":1500,"height":1001,"url":"https:\/\/dev.antudigital.cl\/sites\/vc\/wp-content\/uploads\/2023\/06\/Trenzando.jpeg","type":"image\/jpeg"}],"author":"Valpara\u00edso Creativo","twitter_card":"summary_large_image","twitter_misc":{"Escrito por":"Valpara\u00edso Creativo","Tiempo de lectura":"5 minutos"},"schema":{"@context":"https:\/\/schema.org","@graph":[{"@type":"Article","@id":"https:\/\/dev.antudigital.cl\/sites\/vc\/el-valor-del-patrimonio-ferroviario\/#article","isPartOf":{"@id":"https:\/\/dev.antudigital.cl\/sites\/vc\/el-valor-del-patrimonio-ferroviario\/"},"author":{"name":"Valpara\u00edso Creativo","@id":"https:\/\/dev.antudigital.cl\/sites\/vc\/#\/schema\/person\/c2b9da8dd545e27166fc5ab232837318"},"headline":"El valor del patrimonio ferroviario","datePublished":"2023-06-13T02:49:25+00:00","dateModified":"2023-06-13T02:49:31+00:00","mainEntityOfPage":{"@id":"https:\/\/dev.antudigital.cl\/sites\/vc\/el-valor-del-patrimonio-ferroviario\/"},"wordCount":1015,"commentCount":0,"image":{"@id":"https:\/\/dev.antudigital.cl\/sites\/vc\/el-valor-del-patrimonio-ferroviario\/#primaryimage"},"thumbnailUrl":"https:\/\/dev.antudigital.cl\/sites\/vc\/wp-content\/uploads\/2023\/06\/Trenzando.jpeg","articleSection":["Blog"],"inLanguage":"es","potentialAction":[{"@type":"CommentAction","name":"Comment","target":["https:\/\/dev.antudigital.cl\/sites\/vc\/el-valor-del-patrimonio-ferroviario\/#respond"]}]},{"@type":"WebPage","@id":"https:\/\/dev.antudigital.cl\/sites\/vc\/el-valor-del-patrimonio-ferroviario\/","url":"https:\/\/dev.antudigital.cl\/sites\/vc\/el-valor-del-patrimonio-ferroviario\/","name":"El valor del patrimonio ferroviario - Valpara\u00ed\u00adso Creativo","isPartOf":{"@id":"https:\/\/dev.antudigital.cl\/sites\/vc\/#website"},"primaryImageOfPage":{"@id":"https:\/\/dev.antudigital.cl\/sites\/vc\/el-valor-del-patrimonio-ferroviario\/#primaryimage"},"image":{"@id":"https:\/\/dev.antudigital.cl\/sites\/vc\/el-valor-del-patrimonio-ferroviario\/#primaryimage"},"thumbnailUrl":"https:\/\/dev.antudigital.cl\/sites\/vc\/wp-content\/uploads\/2023\/06\/Trenzando.jpeg","datePublished":"2023-06-13T02:49:25+00:00","dateModified":"2023-06-13T02:49:31+00:00","author":{"@id":"https:\/\/dev.antudigital.cl\/sites\/vc\/#\/schema\/person\/c2b9da8dd545e27166fc5ab232837318"},"breadcrumb":{"@id":"https:\/\/dev.antudigital.cl\/sites\/vc\/el-valor-del-patrimonio-ferroviario\/#breadcrumb"},"inLanguage":"es","potentialAction":[{"@type":"ReadAction","target":["https:\/\/dev.antudigital.cl\/sites\/vc\/el-valor-del-patrimonio-ferroviario\/"]}]},{"@type":"ImageObject","inLanguage":"es","@id":"https:\/\/dev.antudigital.cl\/sites\/vc\/el-valor-del-patrimonio-ferroviario\/#primaryimage","url":"https:\/\/dev.antudigital.cl\/sites\/vc\/wp-content\/uploads\/2023\/06\/Trenzando.jpeg","contentUrl":"https:\/\/dev.antudigital.cl\/sites\/vc\/wp-content\/uploads\/2023\/06\/Trenzando.jpeg","width":1500,"height":1001},{"@type":"BreadcrumbList","@id":"https:\/\/dev.antudigital.cl\/sites\/vc\/el-valor-del-patrimonio-ferroviario\/#breadcrumb","itemListElement":[{"@type":"ListItem","position":1,"name":"Home","item":"https:\/\/dev.antudigital.cl\/sites\/vc\/"},{"@type":"ListItem","position":2,"name":"El valor del patrimonio ferroviario"}]},{"@type":"WebSite","@id":"https:\/\/dev.antudigital.cl\/sites\/vc\/#website","url":"https:\/\/dev.antudigital.cl\/sites\/vc\/","name":"Valpara\u00ed\u00adso Creativo","description":"","potentialAction":[{"@type":"SearchAction","target":{"@type":"EntryPoint","urlTemplate":"https:\/\/dev.antudigital.cl\/sites\/vc\/?s={search_term_string}"},"query-input":{"@type":"PropertyValueSpecification","valueRequired":true,"valueName":"search_term_string"}}],"inLanguage":"es"},{"@type":"Person","@id":"https:\/\/dev.antudigital.cl\/sites\/vc\/#\/schema\/person\/c2b9da8dd545e27166fc5ab232837318","name":"Valpara\u00edso Creativo","description":"Periodista de cultura en la Regi\u00f3n de Valpara\u00edso.","url":"https:\/\/dev.antudigital.cl\/sites\/vc\/author\/valpoadmin\/"}]}},"_links":{"self":[{"href":"https:\/\/dev.antudigital.cl\/sites\/vc\/wp-json\/wp\/v2\/posts\/15717","targetHints":{"allow":["GET"]}}],"collection":[{"href":"https:\/\/dev.antudigital.cl\/sites\/vc\/wp-json\/wp\/v2\/posts"}],"about":[{"href":"https:\/\/dev.antudigital.cl\/sites\/vc\/wp-json\/wp\/v2\/types\/post"}],"author":[{"embeddable":true,"href":"https:\/\/dev.antudigital.cl\/sites\/vc\/wp-json\/wp\/v2\/users\/1"}],"replies":[{"embeddable":true,"href":"https:\/\/dev.antudigital.cl\/sites\/vc\/wp-json\/wp\/v2\/comments?post=15717"}],"version-history":[{"count":1,"href":"https:\/\/dev.antudigital.cl\/sites\/vc\/wp-json\/wp\/v2\/posts\/15717\/revisions"}],"predecessor-version":[{"id":15721,"href":"https:\/\/dev.antudigital.cl\/sites\/vc\/wp-json\/wp\/v2\/posts\/15717\/revisions\/15721"}],"wp:featuredmedia":[{"embeddable":true,"href":"https:\/\/dev.antudigital.cl\/sites\/vc\/wp-json\/wp\/v2\/media\/15718"}],"wp:attachment":[{"href":"https:\/\/dev.antudigital.cl\/sites\/vc\/wp-json\/wp\/v2\/media?parent=15717"}],"wp:term":[{"taxonomy":"category","embeddable":true,"href":"https:\/\/dev.antudigital.cl\/sites\/vc\/wp-json\/wp\/v2\/categories?post=15717"},{"taxonomy":"post_tag","embeddable":true,"href":"https:\/\/dev.antudigital.cl\/sites\/vc\/wp-json\/wp\/v2\/tags?post=15717"}],"curies":[{"name":"wp","href":"https:\/\/api.w.org\/{rel}","templated":true}]}}